{"id":4641,"date":"2019-03-02T11:23:00","date_gmt":"2019-03-02T10:23:00","guid":{"rendered":"https:\/\/www.asajacyl.com\/avila\/?p=4641"},"modified":"2019-03-04T12:57:43","modified_gmt":"2019-03-04T11:57:43","slug":"asaja-organiza-lunes-barco-avila-una-conferencia-agraria-futuro-la-pac","status":"publish","type":"post","link":"https:\/\/www.asajacyl.com\/avila\/asaja-avila-informa\/asaja-organiza-lunes-barco-avila-una-conferencia-agraria-futuro-la-pac","title":{"rendered":"ASAJA organiza el lunes en El Barco de \u00c1vila una conferencia agraria sobre el futuro de la PAC"},"content":{"rendered":"<p><strong>La organizaci\u00f3n agraria contar\u00e1 con la participaci\u00f3n de Pedro Medina, director general de Pol\u00edtica Agraria Comunitaria de la Junta de Castilla y Le\u00f3n<\/strong><\/p>\n<p>La Asociaci\u00f3n Agraria <em>J\u00f3venes Agricultores<\/em> (ASAJA) de \u00c1vila organiza una conferencia agraria sobre el futuro de la PAC m\u00e1s all\u00e1 de 2020, para analizar precisamente el horizonte que se abre a partir de ahora a los ganaderos y agricultores de la provincia y los pasos que a\u00fan se deben de seguir desde las instancias europeas, nacionales y regionales para su puesta a punto.<\/p>\n<p>Se trata de una jornada abierta a todos los ganaderos y agricultores de la provincia que analizar\u00e1 pormenorizadamente un tema de vital importancia para el sector. Tendr\u00e1 lugar el pr\u00f3ximo lunes d\u00eda 4 de marzo, a partir de las 11:00 horas, en el cine-teatro \u201cLagasca\u201d de la localidad abulense de El Barco de \u00c1vila.<\/p>\n<p>Contar\u00e1 con la participaci\u00f3n de Pedro Medina, director general de Pol\u00edtica Agraria Comunitaria de la Junta de Castilla y Le\u00f3n, que informar\u00e1 a los asistentes de las \u00faltimas noticias sobre la futura PAC. Junto a \u00e9l estar\u00e1n los t\u00e9cnicos de ASAJA Roberto Chapinal, Ana Blanco y David Gonz\u00e1lez, liderados por su presidente provincial, Joaqu\u00edn Antonio Pino. Todos ellos resolver\u00e1n las dudas que tengan los asistentes a esta conferencia agraria.<\/p>\n<p>La jornada ser\u00e1 clausurada por el presidente regional de ASAJA Castilla y Le\u00f3n, Donaciano Dujo.<\/p>\n<p>Desde la organizaci\u00f3n agraria recuerdan a los agricultores y ganaderos la importancia de estar bien informado y rodearse de profesionales.<\/p>\n<p><strong><u>LUNES, 4 de marzo de 2019, 11:00 horas.\u00a0Cine-Teatro \u2018Lagasca\u2019 de EL BARCO DE \u00c1VILA<\/u><\/strong><\/p>\n<p>&nbsp;<\/p>\n","protected":false},"excerpt":{"rendered":"<p>La organizaci\u00f3n agraria contar\u00e1 con la participaci\u00f3n de Pedro Medina, director general de Pol\u00edtica Agraria Comunitaria de la Junta de Castilla y Le\u00f3n La Asociaci\u00f3n Agraria J\u00f3venes Agricultores (ASAJA) de \u00c1vila organiza una conferencia agraria sobre el futuro de la PAC m\u00e1s all\u00e1 de 2020, para analizar precisamente el horizonte que se abre a partir [&hellip;]<\/p>\n","protected":false},"author":6,"featured_media":4642,"comment_status":"open","ping_status":"open","sticky":false,"template":"","format":"standard","meta":{"footnotes":""},"categories":[8,18],"tags":[],"yoast_head":"<!-- This site is optimized with the Yoast SEO plugin v24.5 - https:\/\/yoast.com\/wordpress\/plugins\/seo\/ -->\n<title>ASAJA organiza el lunes en El Barco de \u00c1vila una conferencia agraria sobre el futuro de la PAC - ASAJA \u00c1vila<\/title>\n<meta name=\"description\" content=\"La organizaci\u00f3n agraria contar\u00e1 con la participaci\u00f3n de Pedro Medina, director general de Pol\u00edtica Agraria Comunitaria de la Junta de Castilla y Le\u00f3n La\" \/>\n<meta name=\"robots\" content=\"index, follow, max-snippet:-1, max-image-preview:large, max-video-preview:-1\" \/>\n<link rel=\"canonical\" href=\"https:\/\/www.asajacyl.com\/avila\/asaja-avila-informa\/asaja-organiza-lunes-barco-avila-una-conferencia-agraria-futuro-la-pac\" \/>\n<meta property=\"og:locale\" content=\"es_ES\" \/>\n<meta property=\"og:type\" content=\"article\" \/>\n<meta property=\"og:title\" content=\"ASAJA organiza el lunes en El Barco de \u00c1vila una conferencia agraria sobre el futuro de la PAC - ASAJA \u00c1vila\" \/>\n<meta property=\"og:description\" content=\"La organizaci\u00f3n agraria contar\u00e1 con la participaci\u00f3n de Pedro Medina, director general de Pol\u00edtica Agraria Comunitaria de la Junta de Castilla y Le\u00f3n La\" \/>\n<meta property=\"og:url\" content=\"https:\/\/www.asajacyl.com\/avila\/asaja-avila-informa\/asaja-organiza-lunes-barco-avila-una-conferencia-agraria-futuro-la-pac\" \/>\n<meta property=\"og:site_name\" content=\"ASAJA \u00c1vila\" \/>\n<meta property=\"article:published_time\" content=\"2019-03-02T10:23:00+00:00\" \/>\n<meta property=\"article:modified_time\" content=\"2019-03-04T11:57:43+00:00\" \/>\n<meta property=\"og:image\" content=\"https:\/\/www.asajacyl.com\/avila\/wp-content\/uploads\/sites\/4\/2019\/03\/FOTO-JORNADA-2017-ASAJA-EL-BARCO-DE-\u00c1VILA.jpg\" \/>\n\t<meta property=\"og:image:width\" content=\"1600\" \/>\n\t<meta property=\"og:image:height\" content=\"1200\" \/>\n\t<meta property=\"og:image:type\" content=\"image\/jpeg\" \/>\n<meta name=\"author\" content=\"Joaqu\u00edn\" \/>\n<meta name=\"twitter:card\" content=\"summary_large_image\" \/>\n<meta name=\"twitter:label1\" content=\"Escrito por\" \/>\n\t<meta name=\"twitter:data1\" content=\"Joaqu\u00edn\" \/>\n\t<meta name=\"twitter:label2\" content=\"Tiempo de lectura\" \/>\n\t<meta name=\"twitter:data2\" content=\"1 minuto\" \/>\n<script type=\"application\/ld+json\" class=\"yoast-schema-graph\">{\"@context\":\"https:\/\/schema.org\",\"@graph\":[{\"@type\":\"WebPage\",\"@id\":\"https:\/\/www.asajacyl.com\/avila\/asaja-avila-informa\/asaja-organiza-lunes-barco-avila-una-conferencia-agraria-futuro-la-pac\",\"url\":\"https:\/\/www.asajacyl.com\/avila\/asaja-avila-informa\/asaja-organiza-lunes-barco-avila-una-conferencia-agraria-futuro-la-pac\",\"name\":\"ASAJA organiza el lunes en El Barco de \u00c1vila una conferencia agraria sobre el futuro de la PAC - ASAJA \u00c1vila\",\"isPartOf\":{\"@id\":\"https:\/\/www.asajacyl.com\/avila\/#website\"},\"primaryImageOfPage\":{\"@id\":\"https:\/\/www.asajacyl.com\/avila\/asaja-avila-informa\/asaja-organiza-lunes-barco-avila-una-conferencia-agraria-futuro-la-pac#primaryimage\"},\"image\":{\"@id\":\"https:\/\/www.asajacyl.com\/avila\/asaja-avila-informa\/asaja-organiza-lunes-barco-avila-una-conferencia-agraria-futuro-la-pac#primaryimage\"},\"thumbnailUrl\":\"https:\/\/www.asajacyl.com\/avila\/wp-content\/uploads\/sites\/4\/2019\/03\/FOTO-JORNADA-2017-ASAJA-EL-BARCO-DE-\u00c1VILA.jpg\",\"datePublished\":\"2019-03-02T10:23:00+00:00\",\"dateModified\":\"2019-03-04T11:57:43+00:00\",\"author\":{\"@id\":\"https:\/\/www.asajacyl.com\/avila\/#\/schema\/person\/daf3c5c7d3afd005798ec283b78826ed\"},\"description\":\"La organizaci\u00f3n agraria contar\u00e1 con la participaci\u00f3n de Pedro Medina, director general de Pol\u00edtica Agraria Comunitaria de la Junta de Castilla y Le\u00f3n La\",\"breadcrumb\":{\"@id\":\"https:\/\/www.asajacyl.com\/avila\/asaja-avila-informa\/asaja-organiza-lunes-barco-avila-una-conferencia-agraria-futuro-la-pac#breadcrumb\"},\"inLanguage\":\"es\",\"potentialAction\":[{\"@type\":\"ReadAction\",\"target\":[\"https:\/\/www.asajacyl.com\/avila\/asaja-avila-informa\/asaja-organiza-lunes-barco-avila-una-conferencia-agraria-futuro-la-pac\"]}]},{\"@type\":\"ImageObject\",\"inLanguage\":\"es\",\"@id\":\"https:\/\/www.asajacyl.com\/avila\/asaja-avila-informa\/asaja-organiza-lunes-barco-avila-una-conferencia-agraria-futuro-la-pac#primaryimage\",\"url\":\"https:\/\/www.asajacyl.com\/avila\/wp-content\/uploads\/sites\/4\/2019\/03\/FOTO-JORNADA-2017-ASAJA-EL-BARCO-DE-\u00c1VILA.jpg\",\"contentUrl\":\"https:\/\/www.asajacyl.com\/avila\/wp-content\/uploads\/sites\/4\/2019\/03\/FOTO-JORNADA-2017-ASAJA-EL-BARCO-DE-\u00c1VILA.jpg\",\"width\":1600,\"height\":1200},{\"@type\":\"BreadcrumbList\",\"@id\":\"https:\/\/www.asajacyl.com\/avila\/asaja-avila-informa\/asaja-organiza-lunes-barco-avila-una-conferencia-agraria-futuro-la-pac#breadcrumb\",\"itemListElement\":[{\"@type\":\"ListItem\",\"position\":1,\"name\":\"Portada\",\"item\":\"https:\/\/www.asajacyl.com\/avila\/\"},{\"@type\":\"ListItem\",\"position\":2,\"name\":\"ASAJA organiza el lunes en El Barco de \u00c1vila una conferencia agraria sobre el futuro de la PAC\"}]},{\"@type\":\"WebSite\",\"@id\":\"https:\/\/www.asajacyl.com\/avila\/#website\",\"url\":\"https:\/\/www.asajacyl.com\/avila\/\",\"name\":\"ASAJA \u00c1vila\",\"description\":\"Otro sitio m\u00e1s de Provincias ASAJA Castilla y Le\u00f3n\",\"potentialAction\":[{\"@type\":\"SearchAction\",\"target\":{\"@type\":\"EntryPoint\",\"urlTemplate\":\"https:\/\/www.asajacyl.com\/avila\/?s={search_term_string}\"},\"query-input\":{\"@type\":\"PropertyValueSpecification\",\"valueRequired\":true,\"valueName\":\"search_term_string\"}}],\"inLanguage\":\"es\"},{\"@type\":\"Person\",\"@id\":\"https:\/\/www.asajacyl.com\/avila\/#\/schema\/person\/daf3c5c7d3afd005798ec283b78826ed\",\"name\":\"Joaqu\u00edn\",\"image\":{\"@type\":\"ImageObject\",\"inLanguage\":\"es\",\"@id\":\"https:\/\/www.asajacyl.com\/avila\/#\/schema\/person\/image\/\",\"url\":\"https:\/\/secure.gravatar.com\/avatar\/8a87f10166ff5a8a3b0c21a125bc069d?s=96&d=mm&r=g\",\"contentUrl\":\"https:\/\/secure.gravatar.com\/avatar\/8a87f10166ff5a8a3b0c21a125bc069d?s=96&d=mm&r=g\",\"caption\":\"Joaqu\u00edn\"},\"url\":\"https:\/\/www.asajacyl.com\/avila\/author\/joaquinap\"}]}<\/script>\n<!-- \/ Yoast SEO plugin. -->","yoast_head_json":{"title":"ASAJA organiza el lunes en El Barco de \u00c1vila una conferencia agraria sobre el futuro de la PAC - ASAJA \u00c1vila","description":"La organizaci\u00f3n agraria contar\u00e1 con la participaci\u00f3n de Pedro Medina, director general de Pol\u00edtica Agraria Comunitaria de la Junta de Castilla y Le\u00f3n La","robots":{"index":"index","follow":"follow","max-snippet":"max-snippet:-1","max-image-preview":"max-image-preview:large","max-video-preview":"max-video-preview:-1"},"canonical":"https:\/\/www.asajacyl.com\/avila\/asaja-avila-informa\/asaja-organiza-lunes-barco-avila-una-conferencia-agraria-futuro-la-pac","og_locale":"es_ES","og_type":"article","og_title":"ASAJA organiza el lunes en El Barco de \u00c1vila una conferencia agraria sobre el futuro de la PAC - ASAJA \u00c1vila","og_description":"La organizaci\u00f3n agraria contar\u00e1 con la participaci\u00f3n de Pedro Medina, director general de Pol\u00edtica Agraria Comunitaria de la Junta de Castilla y Le\u00f3n La","og_url":"https:\/\/www.asajacyl.com\/avila\/asaja-avila-informa\/asaja-organiza-lunes-barco-avila-una-conferencia-agraria-futuro-la-pac","og_site_name":"ASAJA \u00c1vila","article_published_time":"2019-03-02T10:23:00+00:00","article_modified_time":"2019-03-04T11:57:43+00:00","og_image":[{"width":1600,"height":1200,"url":"https:\/\/www.asajacyl.com\/avila\/wp-content\/uploads\/sites\/4\/2019\/03\/FOTO-JORNADA-2017-ASAJA-EL-BARCO-DE-\u00c1VILA.jpg","type":"image\/jpeg"}],"author":"Joaqu\u00edn","twitter_card":"summary_large_image","twitter_misc":{"Escrito por":"Joaqu\u00edn","Tiempo de lectura":"1 minuto"},"schema":{"@context":"https:\/\/schema.org","@graph":[{"@type":"WebPage","@id":"https:\/\/www.asajacyl.com\/avila\/asaja-avila-informa\/asaja-organiza-lunes-barco-avila-una-conferencia-agraria-futuro-la-pac","url":"https:\/\/www.asajacyl.com\/avila\/asaja-avila-informa\/asaja-organiza-lunes-barco-avila-una-conferencia-agraria-futuro-la-pac","name":"ASAJA organiza el lunes en El Barco de \u00c1vila una conferencia agraria sobre el futuro de la PAC - ASAJA \u00c1vila","isPartOf":{"@id":"https:\/\/www.asajacyl.com\/avila\/#website"},"primaryImageOfPage":{"@id":"https:\/\/www.asajacyl.com\/avila\/asaja-avila-informa\/asaja-organiza-lunes-barco-avila-una-conferencia-agraria-futuro-la-pac#primaryimage"},"image":{"@id":"https:\/\/www.asajacyl.com\/avila\/asaja-avila-informa\/asaja-organiza-lunes-barco-avila-una-conferencia-agraria-futuro-la-pac#primaryimage"},"thumbnailUrl":"https:\/\/www.asajacyl.com\/avila\/wp-content\/uploads\/sites\/4\/2019\/03\/FOTO-JORNADA-2017-ASAJA-EL-BARCO-DE-\u00c1VILA.jpg","datePublished":"2019-03-02T10:23:00+00:00","dateModified":"2019-03-04T11:57:43+00:00","author":{"@id":"https:\/\/www.asajacyl.com\/avila\/#\/schema\/person\/daf3c5c7d3afd005798ec283b78826ed"},"description":"La organizaci\u00f3n agraria contar\u00e1 con la participaci\u00f3n de Pedro Medina, director general de Pol\u00edtica Agraria Comunitaria de la Junta de Castilla y Le\u00f3n La","breadcrumb":{"@id":"https:\/\/www.asajacyl.com\/avila\/asaja-avila-informa\/asaja-organiza-lunes-barco-avila-una-conferencia-agraria-futuro-la-pac#breadcrumb"},"inLanguage":"es","potentialAction":[{"@type":"ReadAction","target":["https:\/\/www.asajacyl.com\/avila\/asaja-avila-informa\/asaja-organiza-lunes-barco-avila-una-conferencia-agraria-futuro-la-pac"]}]},{"@type":"ImageObject","inLanguage":"es","@id":"https:\/\/www.asajacyl.com\/avila\/asaja-avila-informa\/asaja-organiza-lunes-barco-avila-una-conferencia-agraria-futuro-la-pac#primaryimage","url":"https:\/\/www.asajacyl.com\/avila\/wp-content\/uploads\/sites\/4\/2019\/03\/FOTO-JORNADA-2017-ASAJA-EL-BARCO-DE-\u00c1VILA.jpg","contentUrl":"https:\/\/www.asajacyl.com\/avila\/wp-content\/uploads\/sites\/4\/2019\/03\/FOTO-JORNADA-2017-ASAJA-EL-BARCO-DE-\u00c1VILA.jpg","width":1600,"height":1200},{"@type":"BreadcrumbList","@id":"https:\/\/www.asajacyl.com\/avila\/asaja-avila-informa\/asaja-organiza-lunes-barco-avila-una-conferencia-agraria-futuro-la-pac#breadcrumb","itemListElement":[{"@type":"ListItem","position":1,"name":"Portada","item":"https:\/\/www.asajacyl.com\/avila\/"},{"@type":"ListItem","position":2,"name":"ASAJA organiza el lunes en El Barco de \u00c1vila una conferencia agraria sobre el futuro de la PAC"}]},{"@type":"WebSite","@id":"https:\/\/www.asajacyl.com\/avila\/#website","url":"https:\/\/www.asajacyl.com\/avila\/","name":"ASAJA \u00c1vila","description":"Otro sitio m\u00e1s de Provincias ASAJA Castilla y Le\u00f3n","potentialAction":[{"@type":"SearchAction","target":{"@type":"EntryPoint","urlTemplate":"https:\/\/www.asajacyl.com\/avila\/?s={search_term_string}"},"query-input":{"@type":"PropertyValueSpecification","valueRequired":true,"valueName":"search_term_string"}}],"inLanguage":"es"},{"@type":"Person","@id":"https:\/\/www.asajacyl.com\/avila\/#\/schema\/person\/daf3c5c7d3afd005798ec283b78826ed","name":"Joaqu\u00edn","image":{"@type":"ImageObject","inLanguage":"es","@id":"https:\/\/www.asajacyl.com\/avila\/#\/schema\/person\/image\/","url":"https:\/\/secure.gravatar.com\/avatar\/8a87f10166ff5a8a3b0c21a125bc069d?s=96&d=mm&r=g","contentUrl":"https:\/\/secure.gravatar.com\/avatar\/8a87f10166ff5a8a3b0c21a125bc069d?s=96&d=mm&r=g","caption":"Joaqu\u00edn"},"url":"https:\/\/www.asajacyl.com\/avila\/author\/joaquinap"}]}},"_links":{"self":[{"href":"https:\/\/www.asajacyl.com\/avila\/wp-json\/wp\/v2\/posts\/4641"}],"collection":[{"href":"https:\/\/www.asajacyl.com\/avila\/wp-json\/wp\/v2\/posts"}],"about":[{"href":"https:\/\/www.asajacyl.com\/avila\/wp-json\/wp\/v2\/types\/post"}],"author":[{"embeddable":true,"href":"https:\/\/www.asajacyl.com\/avila\/wp-json\/wp\/v2\/users\/6"}],"replies":[{"embeddable":true,"href":"https:\/\/www.asajacyl.com\/avila\/wp-json\/wp\/v2\/comments?post=4641"}],"version-history":[{"count":2,"href":"https:\/\/www.asajacyl.com\/avila\/wp-json\/wp\/v2\/posts\/4641\/revisions"}],"predecessor-version":[{"id":4645,"href":"https:\/\/www.asajacyl.com\/avila\/wp-json\/wp\/v2\/posts\/4641\/revisions\/4645"}],"wp:featuredmedia":[{"embeddable":true,"href":"https:\/\/www.asajacyl.com\/avila\/wp-json\/wp\/v2\/media\/4642"}],"wp:attachment":[{"href":"https:\/\/www.asajacyl.com\/avila\/wp-json\/wp\/v2\/media?parent=4641"}],"wp:term":[{"taxonomy":"category","embeddable":true,"href":"https:\/\/www.asajacyl.com\/avila\/wp-json\/wp\/v2\/categories?post=4641"},{"taxonomy":"post_tag","embeddable":true,"href":"https:\/\/www.asajacyl.com\/avila\/wp-json\/wp\/v2\/tags?post=4641"}],"curies":[{"name":"wp","href":"https:\/\/api.w.org\/{rel}","templated":true}]}}