{"id":4676,"date":"2019-03-07T12:15:56","date_gmt":"2019-03-07T11:15:56","guid":{"rendered":"https:\/\/www.asajacyl.com\/avila\/?p=4676"},"modified":"2019-03-07T12:17:48","modified_gmt":"2019-03-07T11:17:48","slug":"lonja-semana-del-4-marzo-2019","status":"publish","type":"post","link":"https:\/\/www.asajacyl.com\/avila\/asaja-avila-informa\/lonja-semana-del-4-marzo-2019","title":{"rendered":"Lonja, semana del 4 de marzo de 2019"},"content":{"rendered":"<p>Iniciamos de nuevo en esta nueva temporada con el repaso semanal a los mercados agrarios de la Comunidad para conocer las cotizaciones de las mesas de ganado y cereales.<\/p>\n<p>LONJA AGROPECUARIA DE SALAMANCA<br \/>\nMesa de cereales<\/p>\n<p>TRIGO BLANDO 199\u20ac\/Tn<br \/>\nCEBADA 175\u20ac\/Tn<br \/>\nCENTENO 165\u20ac\/Tn<br \/>\nMA\u00cdZ 182\u20ac\/Tn<br \/>\nAVENA 164\u20ac\/Tn<\/p>\n<p>PAJA<br \/>\nPaquete grande 50 \u20ac\/Tn =<\/p>\n<p>Precios con variaciones con respecto a los de la cotizaci\u00f3n de la semana pasada encontramos en la mesa de cereales de la lonja agropecuaria de Salamanca. El trigo blando baja en esta ocasi\u00f3n a 199 euros por tonelada, la cebada baja su precio hasta situarse en 175 euros. Bajada podemos observar tambi\u00e9n en el precio del centeno, quedando en 165 euros por tonelada. Donde encontramos tambi\u00e9n bajada es en el ma\u00edz con un importe de 182 euros.<br \/>\nPor su parte, la avena es la \u00fanica que mantiene su precio hasta quedarse en 164 euros por tonelada. El paquete de paja grande se mantiene con respecto a la \u00faltima quincena, qued\u00e1ndose en los 50 euros.<\/p>\n<p>LONJA AGROPECUARIA DE SEGOVIA<\/p>\n<p>Mesa del porcino blanco<\/p>\n<p>CERDO SELECTO 1,15\u20ac\/Kg vivo<br \/>\nCERDO NORMAL 1,14\u20ac Kg vivo<br \/>\nCERDO GRASO 1,28\u20ac Kg vivo<br \/>\nCOCHINILLO 29 \u20ac\/unidad<\/p>\n<p>En la Mesa del Porcino Blanco de la Lonja de Segovia hay variaciones en las cotizaciones. De este modo, nos encontramos a 1,15 \u20ac por kilo vivo el cerdo selecto, bajando su precio de la cotizaci\u00f3n anterior, 1.14 \u20ac por kilo vivo el cerdo normal, sube el precio y 1,28\u20ac por kilo vivo el cerdo graso, que tambi\u00e9n sube. El precio que tampoco var\u00eda, es el del cochinillo, quedando a 29 euros por unidad.<\/p>\n<p>LONJA AGROPECUARIA DE SALAMANCA<\/p>\n<p>Mesa del porcino ib\u00e9rico<\/p>\n<p>BELLOTA 100% IB 3,30 \u20ac\/Kg vivo<br \/>\nBELLOTA 75% IB 3,20 \u20ac\/Kg vivo<br \/>\nBELLOTA 50% IB 3,10 \u20ac\/Kg vivo<br \/>\nCEBO DE CAMPO 1,96 \u20ac\/Kg vivo<br \/>\nCEBO 1,86 \u20ac\/Kg vivo<\/p>\n<p>En la Mesa del Porcino Ib\u00e9rico de la Lonja de Salamanca el de bellota 100 por cien ib\u00e9rico cotiza a 3,30 euros el kilo vivo. El de bellota del 75, est\u00e1 en 3,20 euros el kilo vivo y el de 50 por ciento, a 3,10. Repetici\u00f3n del precio con respecto a la semana anterior en el cebo de campo, quedando en 1,96 euros por kilo vivo, y bajada en el cebo qued\u00e1ndose en 1,86 euros por kilo vivo.<\/p>\n<p>LONJA AGROPECUARIA DE SALAMANCA<\/p>\n<p>Mesa de Ovino<\/p>\n<p>LECHAZO 3,35 \u20ac\/Kg vivo<br \/>\n(de 13 a 15 kg)<\/p>\n<p>CORDERO 2,65 \u20ac\/Kg vivo<br \/>\n(de 19 a 23 kg)<\/p>\n<p>Y tambi\u00e9n en Salamanca, esta vez hay repetici\u00f3n en la mesa del ovino. Esta semana se registra un precio para el lechazo de 13 a 15 kilos de 3,35 euros, no variando su cuant\u00eda con respecto a d\u00edas pasados. Repetici\u00f3n tambi\u00e9n en el cordero de 19 a 23 kilos, cotizando a 2,65 euros el kilo vivo.<\/p>\n<p>MERCADO DE GANADOS DE TALAVERA DE LA REINA<\/p>\n<p>Cabrito lechal 4,20 \u20ac\/Kg vivo<br \/>\n(entre 7 y 10 kg)<\/p>\n<p>La carne de cabrito nos deja, una repetici\u00f3n de precio de este producto en el Mercado de Ganados de Talavera de la Reina cotizando a 4,20 euros por kilo vivo, debido al poco movimiento existente.<\/p>\n<p>LONJA AGROPECUARIA DE SALAMANCA<\/p>\n<p>Mesa de vacuno<\/p>\n<p>BOVINO DE CARNE 4,04\/Kg canal<br \/>\n(Menor de 12 meses)<\/p>\n<p>TERNERAS 4,11\u20ac\/Kg canal<br \/>\n(Mayor de 12 meses)<\/p>\n<p>A\u00d1OJOS 3,93 \u20ac\/Kg canal<\/p>\n<p>NOVILLOS 2,49 \u20ac\/Kg canal<\/p>\n<p>En la l\u00ednea de otros productos de la Lonja de Salamanca, la Mesa de Vacuno se presenta sin variaciones en todos los productos. Es el caso del bovino de carne cotiza a 4,04, igual valor que la semana anterior, las terneras por su parte se mantienen tambi\u00e9n en su precio, qued\u00e1ndose en 4,11 euros. Por otro lado, los a\u00f1ojos cotizan a 3,93 euros, igualando el valor anterior y los novillos, a 2,49 euros el kilo\/canal, tambi\u00e9n en este caso, repetici\u00f3n con respecto a la cotizaci\u00f3n anterior.<\/p>\n","protected":false},"excerpt":{"rendered":"<p>Iniciamos de nuevo en esta nueva temporada con el repaso semanal a los mercados agrarios de la Comunidad para conocer las cotizaciones de las mesas de ganado y cereales. LONJA AGROPECUARIA DE SALAMANCA Mesa de cereales TRIGO BLANDO 199\u20ac\/Tn CEBADA 175\u20ac\/Tn CENTENO 165\u20ac\/Tn MA\u00cdZ 182\u20ac\/Tn AVENA 164\u20ac\/Tn PAJA Paquete grande 50 \u20ac\/Tn = Precios con [&hellip;]<\/p>\n","protected":false},"author":6,"featured_media":3351,"comment_status":"open","ping_status":"open","sticky":false,"template":"","format":"standard","meta":{"footnotes":""},"categories":[8,44,45],"tags":[],"yoast_head":"<!-- This site is optimized with the Yoast SEO plugin v24.5 - https:\/\/yoast.com\/wordpress\/plugins\/seo\/ -->\n<title>Lonja, semana del 4 de marzo de 2019 - ASAJA \u00c1vila<\/title>\n<meta name=\"description\" content=\"Iniciamos de nuevo en esta nueva temporada con el repaso semanal a los mercados agrarios de la Comunidad para conocer las cotizaciones de las mesas de\" \/>\n<meta name=\"robots\" content=\"index, follow, max-snippet:-1, max-image-preview:large, max-video-preview:-1\" \/>\n<link rel=\"canonical\" href=\"https:\/\/www.asajacyl.com\/avila\/asaja-avila-informa\/lonja-semana-del-4-marzo-2019\" \/>\n<meta property=\"og:locale\" content=\"es_ES\" \/>\n<meta property=\"og:type\" content=\"article\" \/>\n<meta property=\"og:title\" content=\"Lonja, semana del 4 de marzo de 2019 - ASAJA \u00c1vila\" \/>\n<meta property=\"og:description\" content=\"Iniciamos de nuevo en esta nueva temporada con el repaso semanal a los mercados agrarios de la Comunidad para conocer las cotizaciones de las mesas de\" \/>\n<meta property=\"og:url\" content=\"https:\/\/www.asajacyl.com\/avila\/asaja-avila-informa\/lonja-semana-del-4-marzo-2019\" \/>\n<meta property=\"og:site_name\" content=\"ASAJA \u00c1vila\" \/>\n<meta property=\"article:published_time\" content=\"2019-03-07T11:15:56+00:00\" \/>\n<meta property=\"article:modified_time\" content=\"2019-03-07T11:17:48+00:00\" \/>\n<meta property=\"og:image\" content=\"https:\/\/www.asajacyl.com\/avila\/wp-content\/uploads\/sites\/4\/2018\/02\/LONJAS_ASAJA.jpg\" \/>\n\t<meta property=\"og:image:width\" content=\"1570\" \/>\n\t<meta property=\"og:image:height\" content=\"916\" \/>\n\t<meta property=\"og:image:type\" content=\"image\/jpeg\" \/>\n<meta name=\"author\" content=\"Joaqu\u00edn\" \/>\n<meta name=\"twitter:card\" content=\"summary_large_image\" \/>\n<meta name=\"twitter:label1\" content=\"Escrito por\" \/>\n\t<meta name=\"twitter:data1\" content=\"Joaqu\u00edn\" \/>\n\t<meta name=\"twitter:label2\" content=\"Tiempo de lectura\" \/>\n\t<meta name=\"twitter:data2\" content=\"3 minutos\" \/>\n<script type=\"application\/ld+json\" class=\"yoast-schema-graph\">{\"@context\":\"https:\/\/schema.org\",\"@graph\":[{\"@type\":\"WebPage\",\"@id\":\"https:\/\/www.asajacyl.com\/avila\/asaja-avila-informa\/lonja-semana-del-4-marzo-2019\",\"url\":\"https:\/\/www.asajacyl.com\/avila\/asaja-avila-informa\/lonja-semana-del-4-marzo-2019\",\"name\":\"Lonja, semana del 4 de marzo de 2019 - ASAJA \u00c1vila\",\"isPartOf\":{\"@id\":\"https:\/\/www.asajacyl.com\/avila\/#website\"},\"primaryImageOfPage\":{\"@id\":\"https:\/\/www.asajacyl.com\/avila\/asaja-avila-informa\/lonja-semana-del-4-marzo-2019#primaryimage\"},\"image\":{\"@id\":\"https:\/\/www.asajacyl.com\/avila\/asaja-avila-informa\/lonja-semana-del-4-marzo-2019#primaryimage\"},\"thumbnailUrl\":\"https:\/\/www.asajacyl.com\/avila\/wp-content\/uploads\/sites\/4\/2018\/02\/LONJAS_ASAJA.jpg\",\"datePublished\":\"2019-03-07T11:15:56+00:00\",\"dateModified\":\"2019-03-07T11:17:48+00:00\",\"author\":{\"@id\":\"https:\/\/www.asajacyl.com\/avila\/#\/schema\/person\/daf3c5c7d3afd005798ec283b78826ed\"},\"description\":\"Iniciamos de nuevo en esta nueva temporada con el repaso semanal a los mercados agrarios de la Comunidad para conocer las cotizaciones de las mesas de\",\"breadcrumb\":{\"@id\":\"https:\/\/www.asajacyl.com\/avila\/asaja-avila-informa\/lonja-semana-del-4-marzo-2019#breadcrumb\"},\"inLanguage\":\"es\",\"potentialAction\":[{\"@type\":\"ReadAction\",\"target\":[\"https:\/\/www.asajacyl.com\/avila\/asaja-avila-informa\/lonja-semana-del-4-marzo-2019\"]}]},{\"@type\":\"ImageObject\",\"inLanguage\":\"es\",\"@id\":\"https:\/\/www.asajacyl.com\/avila\/asaja-avila-informa\/lonja-semana-del-4-marzo-2019#primaryimage\",\"url\":\"https:\/\/www.asajacyl.com\/avila\/wp-content\/uploads\/sites\/4\/2018\/02\/LONJAS_ASAJA.jpg\",\"contentUrl\":\"https:\/\/www.asajacyl.com\/avila\/wp-content\/uploads\/sites\/4\/2018\/02\/LONJAS_ASAJA.jpg\",\"width\":1570,\"height\":916},{\"@type\":\"BreadcrumbList\",\"@id\":\"https:\/\/www.asajacyl.com\/avila\/asaja-avila-informa\/lonja-semana-del-4-marzo-2019#breadcrumb\",\"itemListElement\":[{\"@type\":\"ListItem\",\"position\":1,\"name\":\"Portada\",\"item\":\"https:\/\/www.asajacyl.com\/avila\/\"},{\"@type\":\"ListItem\",\"position\":2,\"name\":\"Lonja, semana del 4 de marzo de 2019\"}]},{\"@type\":\"WebSite\",\"@id\":\"https:\/\/www.asajacyl.com\/avila\/#website\",\"url\":\"https:\/\/www.asajacyl.com\/avila\/\",\"name\":\"ASAJA \u00c1vila\",\"description\":\"Otro sitio m\u00e1s de Provincias ASAJA Castilla y Le\u00f3n\",\"potentialAction\":[{\"@type\":\"SearchAction\",\"target\":{\"@type\":\"EntryPoint\",\"urlTemplate\":\"https:\/\/www.asajacyl.com\/avila\/?s={search_term_string}\"},\"query-input\":{\"@type\":\"PropertyValueSpecification\",\"valueRequired\":true,\"valueName\":\"search_term_string\"}}],\"inLanguage\":\"es\"},{\"@type\":\"Person\",\"@id\":\"https:\/\/www.asajacyl.com\/avila\/#\/schema\/person\/daf3c5c7d3afd005798ec283b78826ed\",\"name\":\"Joaqu\u00edn\",\"image\":{\"@type\":\"ImageObject\",\"inLanguage\":\"es\",\"@id\":\"https:\/\/www.asajacyl.com\/avila\/#\/schema\/person\/image\/\",\"url\":\"https:\/\/secure.gravatar.com\/avatar\/8a87f10166ff5a8a3b0c21a125bc069d?s=96&d=mm&r=g\",\"contentUrl\":\"https:\/\/secure.gravatar.com\/avatar\/8a87f10166ff5a8a3b0c21a125bc069d?s=96&d=mm&r=g\",\"caption\":\"Joaqu\u00edn\"},\"url\":\"https:\/\/www.asajacyl.com\/avila\/author\/joaquinap\"}]}<\/script>\n<!-- \/ Yoast SEO plugin. -->","yoast_head_json":{"title":"Lonja, semana del 4 de marzo de 2019 - ASAJA \u00c1vila","description":"Iniciamos de nuevo en esta nueva temporada con el repaso semanal a los mercados agrarios de la Comunidad para conocer las cotizaciones de las mesas de","robots":{"index":"index","follow":"follow","max-snippet":"max-snippet:-1","max-image-preview":"max-image-preview:large","max-video-preview":"max-video-preview:-1"},"canonical":"https:\/\/www.asajacyl.com\/avila\/asaja-avila-informa\/lonja-semana-del-4-marzo-2019","og_locale":"es_ES","og_type":"article","og_title":"Lonja, semana del 4 de marzo de 2019 - ASAJA \u00c1vila","og_description":"Iniciamos de nuevo en esta nueva temporada con el repaso semanal a los mercados agrarios de la Comunidad para conocer las cotizaciones de las mesas de","og_url":"https:\/\/www.asajacyl.com\/avila\/asaja-avila-informa\/lonja-semana-del-4-marzo-2019","og_site_name":"ASAJA \u00c1vila","article_published_time":"2019-03-07T11:15:56+00:00","article_modified_time":"2019-03-07T11:17:48+00:00","og_image":[{"width":1570,"height":916,"url":"https:\/\/www.asajacyl.com\/avila\/wp-content\/uploads\/sites\/4\/2018\/02\/LONJAS_ASAJA.jpg","type":"image\/jpeg"}],"author":"Joaqu\u00edn","twitter_card":"summary_large_image","twitter_misc":{"Escrito por":"Joaqu\u00edn","Tiempo de lectura":"3 minutos"},"schema":{"@context":"https:\/\/schema.org","@graph":[{"@type":"WebPage","@id":"https:\/\/www.asajacyl.com\/avila\/asaja-avila-informa\/lonja-semana-del-4-marzo-2019","url":"https:\/\/www.asajacyl.com\/avila\/asaja-avila-informa\/lonja-semana-del-4-marzo-2019","name":"Lonja, semana del 4 de marzo de 2019 - ASAJA \u00c1vila","isPartOf":{"@id":"https:\/\/www.asajacyl.com\/avila\/#website"},"primaryImageOfPage":{"@id":"https:\/\/www.asajacyl.com\/avila\/asaja-avila-informa\/lonja-semana-del-4-marzo-2019#primaryimage"},"image":{"@id":"https:\/\/www.asajacyl.com\/avila\/asaja-avila-informa\/lonja-semana-del-4-marzo-2019#primaryimage"},"thumbnailUrl":"https:\/\/www.asajacyl.com\/avila\/wp-content\/uploads\/sites\/4\/2018\/02\/LONJAS_ASAJA.jpg","datePublished":"2019-03-07T11:15:56+00:00","dateModified":"2019-03-07T11:17:48+00:00","author":{"@id":"https:\/\/www.asajacyl.com\/avila\/#\/schema\/person\/daf3c5c7d3afd005798ec283b78826ed"},"description":"Iniciamos de nuevo en esta nueva temporada con el repaso semanal a los mercados agrarios de la Comunidad para conocer las cotizaciones de las mesas de","breadcrumb":{"@id":"https:\/\/www.asajacyl.com\/avila\/asaja-avila-informa\/lonja-semana-del-4-marzo-2019#breadcrumb"},"inLanguage":"es","potentialAction":[{"@type":"ReadAction","target":["https:\/\/www.asajacyl.com\/avila\/asaja-avila-informa\/lonja-semana-del-4-marzo-2019"]}]},{"@type":"ImageObject","inLanguage":"es","@id":"https:\/\/www.asajacyl.com\/avila\/asaja-avila-informa\/lonja-semana-del-4-marzo-2019#primaryimage","url":"https:\/\/www.asajacyl.com\/avila\/wp-content\/uploads\/sites\/4\/2018\/02\/LONJAS_ASAJA.jpg","contentUrl":"https:\/\/www.asajacyl.com\/avila\/wp-content\/uploads\/sites\/4\/2018\/02\/LONJAS_ASAJA.jpg","width":1570,"height":916},{"@type":"BreadcrumbList","@id":"https:\/\/www.asajacyl.com\/avila\/asaja-avila-informa\/lonja-semana-del-4-marzo-2019#breadcrumb","itemListElement":[{"@type":"ListItem","position":1,"name":"Portada","item":"https:\/\/www.asajacyl.com\/avila\/"},{"@type":"ListItem","position":2,"name":"Lonja, semana del 4 de marzo de 2019"}]},{"@type":"WebSite","@id":"https:\/\/www.asajacyl.com\/avila\/#website","url":"https:\/\/www.asajacyl.com\/avila\/","name":"ASAJA \u00c1vila","description":"Otro sitio m\u00e1s de Provincias ASAJA Castilla y Le\u00f3n","potentialAction":[{"@type":"SearchAction","target":{"@type":"EntryPoint","urlTemplate":"https:\/\/www.asajacyl.com\/avila\/?s={search_term_string}"},"query-input":{"@type":"PropertyValueSpecification","valueRequired":true,"valueName":"search_term_string"}}],"inLanguage":"es"},{"@type":"Person","@id":"https:\/\/www.asajacyl.com\/avila\/#\/schema\/person\/daf3c5c7d3afd005798ec283b78826ed","name":"Joaqu\u00edn","image":{"@type":"ImageObject","inLanguage":"es","@id":"https:\/\/www.asajacyl.com\/avila\/#\/schema\/person\/image\/","url":"https:\/\/secure.gravatar.com\/avatar\/8a87f10166ff5a8a3b0c21a125bc069d?s=96&d=mm&r=g","contentUrl":"https:\/\/secure.gravatar.com\/avatar\/8a87f10166ff5a8a3b0c21a125bc069d?s=96&d=mm&r=g","caption":"Joaqu\u00edn"},"url":"https:\/\/www.asajacyl.com\/avila\/author\/joaquinap"}]}},"_links":{"self":[{"href":"https:\/\/www.asajacyl.com\/avila\/wp-json\/wp\/v2\/posts\/4676"}],"collection":[{"href":"https:\/\/www.asajacyl.com\/avila\/wp-json\/wp\/v2\/posts"}],"about":[{"href":"https:\/\/www.asajacyl.com\/avila\/wp-json\/wp\/v2\/types\/post"}],"author":[{"embeddable":true,"href":"https:\/\/www.asajacyl.com\/avila\/wp-json\/wp\/v2\/users\/6"}],"replies":[{"embeddable":true,"href":"https:\/\/www.asajacyl.com\/avila\/wp-json\/wp\/v2\/comments?post=4676"}],"version-history":[{"count":1,"href":"https:\/\/www.asajacyl.com\/avila\/wp-json\/wp\/v2\/posts\/4676\/revisions"}],"predecessor-version":[{"id":4677,"href":"https:\/\/www.asajacyl.com\/avila\/wp-json\/wp\/v2\/posts\/4676\/revisions\/4677"}],"wp:featuredmedia":[{"embeddable":true,"href":"https:\/\/www.asajacyl.com\/avila\/wp-json\/wp\/v2\/media\/3351"}],"wp:attachment":[{"href":"https:\/\/www.asajacyl.com\/avila\/wp-json\/wp\/v2\/media?parent=4676"}],"wp:term":[{"taxonomy":"category","embeddable":true,"href":"https:\/\/www.asajacyl.com\/avila\/wp-json\/wp\/v2\/categories?post=4676"},{"taxonomy":"post_tag","embeddable":true,"href":"https:\/\/www.asajacyl.com\/avila\/wp-json\/wp\/v2\/tags?post=4676"}],"curies":[{"name":"wp","href":"https:\/\/api.w.org\/{rel}","templated":true}]}}