{"id":4929,"date":"2019-05-16T14:06:11","date_gmt":"2019-05-16T12:06:11","guid":{"rendered":"https:\/\/www.asajacyl.com\/avila\/?p=4929"},"modified":"2019-05-16T14:09:29","modified_gmt":"2019-05-16T12:09:29","slug":"el-sueldo-de-nescafe","status":"publish","type":"post","link":"https:\/\/www.asajacyl.com\/avila\/asaja-avila-informa\/el-sueldo-de-nescafe","title":{"rendered":"El sueldo de Nescaf\u00e9"},"content":{"rendered":"<p>Estos d\u00edas nos encontramos de proceso electoral en proceso electoral. Ahora todos se acuerdan de nosotros: somos un sector estrat\u00e9gico, \u00a1toma ya! Todos van a poner medidas para luchar contra la \u201cEspa\u00f1a vaciada\u201d, y mira si no habr\u00e1n tenido tiempo durante todos estos a\u00f1os\u2026 Desgraciadamente conocemos bien a casi todos los que en los partidos tradicionales van en los puestos con posibilidades de ser elegidos, son siempre los mismos. Tiempo han tenido de demostrar que el campo es un sector estrat\u00e9gico si lo creyeran de verdad con firmeza y de haber puesto medidas reales para frenar la sangr\u00eda de nuestros pueblos.<\/p>\n<p>Algunos hasta se atreven a decir p\u00fablicamente en los actos electorales que son \u201cel mejor sindicato agrario\u201d, ser\u00e1 que tienen complejo de <em>sindicalistas agrarios de maceta<\/em>, o lo que es peor, nos tratan por tontos a las mujeres y hombres del campo. Todav\u00eda tenemos memoria para recordar c\u00f3mo paisanos nuestros, elegidos por nosotros los abulenses, votaron en las Cortes de Castilla y Le\u00f3n a favor de la supresi\u00f3n de la ayuda de 3 euros por tonelada al cultivo de la remolacha, cuesti\u00f3n que ASAJA pele\u00f3 en los tribunales y gan\u00f3 para devolver al campo lo que es del campo. Otros votaron en contra de que se reconociera el trabajo que desempe\u00f1an nuestros t\u00e9cnicos d\u00eda a d\u00eda al servicio de todos nosotros, los agricultores y ganaderos, cuando ellos mismos hab\u00edan aprobado unos a\u00f1os antes la Ley Agraria de Castilla y Le\u00f3n que lo establec\u00eda y simplemente hab\u00eda que desarrollar ese aspecto: reconocer legal y socialmente lo que venimos haciendo las organizaciones profesionales agrarias, somos \u201centidades colaboradoras de la administraci\u00f3n\u201d.<\/p>\n<p>No nos permiten cazar el lobo, pero tampoco nos pagan los da\u00f1os reales que ocasionan en nuestras explotaciones, da\u00f1os que estamos reclamando v\u00eda judicial a nuestros asociados, igual que hicimos con los 3 euros de la remolacha. Los fauna campa a sus anchas transmitiendo enfermedades a la caba\u00f1a ganadera y devorando nuestras cosechas, no se levanta el injusto \u201carresto\u201d a nuestros ganaderos que han tenido la desgracia de sufrir un incendio en sus superficies de pastos, siguen sin atender la justa reivindicaci\u00f3n de una tarifa el\u00e9ctrica ajustada a las necesidades del campo primando los intereses de las grandes corporaciones frente a la de sus votantes, sin permitirnos la rotaci\u00f3n legal en las superficies de regad\u00edo, sin una fiscalidad y ayudas adecuadas para facilitar la incorporaci\u00f3n y el rejuvenecimiento del campo, sin pensiones justas para nuestros mayores que permitan la transmisi\u00f3n de las explotaciones, sin dotar de unas coberturas y rendimientos adecuados al seguro agrario en nuestras comarcas agr\u00edcolas, y\u2026 \u00a1qu\u00e9 decir de los precios! Estamos hartos, no atienden nuestras necesidades.<\/p>\n<p>Un partido pol\u00edtico, un pol\u00edtico, no puede dejar de lado a sus votantes durante cuatro a\u00f1os, no solucionar sus problemas del d\u00eda a d\u00eda, mirar a los suyos por encima del hombro, sin consultarles y con soberbia, y pretender que no tengamos memoria. Si algunos quieren tener el \u201csueldo de Nescaf\u00e9\u201d que prueben suerte consumiendo ese producto y participando en el sorteo, pero que no pretendan tener un \u201csueldo para toda la vida\u201d haciendo de la pol\u00edtica su medio de vida. Al igual que ocurre en el resto de sectores -incluidas las organizaciones agrarias-, en la pol\u00edtica necesitamos personas preparadas, capacitadas y comprometidas con la sociedad, y no gente que est\u00e1 por un sueldo que en su vida profesional, por su val\u00eda, nunca hubiera alcanzado. Hay que hablar menos y hacer m\u00e1s.<\/p>\n<p>Joaqu\u00edn Antonio Pino, presidente de ASAJA de \u00c1vila.<\/p>\n","protected":false},"excerpt":{"rendered":"<p>Estos d\u00edas nos encontramos de proceso electoral en proceso electoral. Ahora todos se acuerdan de nosotros: somos un sector estrat\u00e9gico, \u00a1toma ya! Todos van a poner medidas para luchar contra la \u201cEspa\u00f1a vaciada\u201d, y mira si no habr\u00e1n tenido tiempo durante todos estos a\u00f1os\u2026 Desgraciadamente conocemos bien a casi todos los que en los partidos [&hellip;]<\/p>\n","protected":false},"author":6,"featured_media":4081,"comment_status":"open","ping_status":"open","sticky":false,"template":"","format":"standard","meta":{"footnotes":""},"categories":[8,19],"tags":[],"yoast_head":"<!-- This site is optimized with the Yoast SEO plugin v24.5 - https:\/\/yoast.com\/wordpress\/plugins\/seo\/ -->\n<title>El sueldo de Nescaf\u00e9 - ASAJA \u00c1vila<\/title>\n<meta name=\"description\" content=\"Estos d\u00edas nos encontramos de proceso electoral en proceso electoral. Ahora todos se acuerdan de nosotros: somos un sector estrat\u00e9gico, \u00a1toma ya! Todos\" \/>\n<meta name=\"robots\" content=\"index, follow, max-snippet:-1, max-image-preview:large, max-video-preview:-1\" \/>\n<link rel=\"canonical\" href=\"https:\/\/www.asajacyl.com\/avila\/asaja-avila-informa\/el-sueldo-de-nescafe\" \/>\n<meta property=\"og:locale\" content=\"es_ES\" \/>\n<meta property=\"og:type\" content=\"article\" \/>\n<meta property=\"og:title\" content=\"El sueldo de Nescaf\u00e9 - ASAJA \u00c1vila\" \/>\n<meta property=\"og:description\" content=\"Estos d\u00edas nos encontramos de proceso electoral en proceso electoral. Ahora todos se acuerdan de nosotros: somos un sector estrat\u00e9gico, \u00a1toma ya! Todos\" \/>\n<meta property=\"og:url\" content=\"https:\/\/www.asajacyl.com\/avila\/asaja-avila-informa\/el-sueldo-de-nescafe\" \/>\n<meta property=\"og:site_name\" content=\"ASAJA \u00c1vila\" \/>\n<meta property=\"article:published_time\" content=\"2019-05-16T12:06:11+00:00\" \/>\n<meta property=\"article:modified_time\" content=\"2019-05-16T12:09:29+00:00\" \/>\n<meta property=\"og:image\" content=\"https:\/\/www.asajacyl.com\/avila\/wp-content\/uploads\/sites\/4\/2018\/09\/ASAMBLEA-GENERAL-2017-36.jpg\" \/>\n\t<meta property=\"og:image:width\" content=\"1200\" \/>\n\t<meta property=\"og:image:height\" content=\"1600\" \/>\n\t<meta property=\"og:image:type\" content=\"image\/jpeg\" \/>\n<meta name=\"author\" content=\"Joaqu\u00edn\" \/>\n<meta name=\"twitter:card\" content=\"summary_large_image\" \/>\n<meta name=\"twitter:label1\" content=\"Escrito por\" \/>\n\t<meta name=\"twitter:data1\" content=\"Joaqu\u00edn\" \/>\n\t<meta name=\"twitter:label2\" content=\"Tiempo de lectura\" \/>\n\t<meta name=\"twitter:data2\" content=\"3 minutos\" \/>\n<script type=\"application\/ld+json\" class=\"yoast-schema-graph\">{\"@context\":\"https:\/\/schema.org\",\"@graph\":[{\"@type\":\"WebPage\",\"@id\":\"https:\/\/www.asajacyl.com\/avila\/asaja-avila-informa\/el-sueldo-de-nescafe\",\"url\":\"https:\/\/www.asajacyl.com\/avila\/asaja-avila-informa\/el-sueldo-de-nescafe\",\"name\":\"El sueldo de Nescaf\u00e9 - ASAJA \u00c1vila\",\"isPartOf\":{\"@id\":\"https:\/\/www.asajacyl.com\/avila\/#website\"},\"primaryImageOfPage\":{\"@id\":\"https:\/\/www.asajacyl.com\/avila\/asaja-avila-informa\/el-sueldo-de-nescafe#primaryimage\"},\"image\":{\"@id\":\"https:\/\/www.asajacyl.com\/avila\/asaja-avila-informa\/el-sueldo-de-nescafe#primaryimage\"},\"thumbnailUrl\":\"https:\/\/www.asajacyl.com\/avila\/wp-content\/uploads\/sites\/4\/2018\/09\/ASAMBLEA-GENERAL-2017-36.jpg\",\"datePublished\":\"2019-05-16T12:06:11+00:00\",\"dateModified\":\"2019-05-16T12:09:29+00:00\",\"author\":{\"@id\":\"https:\/\/www.asajacyl.com\/avila\/#\/schema\/person\/daf3c5c7d3afd005798ec283b78826ed\"},\"description\":\"Estos d\u00edas nos encontramos de proceso electoral en proceso electoral. Ahora todos se acuerdan de nosotros: somos un sector estrat\u00e9gico, \u00a1toma ya! Todos\",\"breadcrumb\":{\"@id\":\"https:\/\/www.asajacyl.com\/avila\/asaja-avila-informa\/el-sueldo-de-nescafe#breadcrumb\"},\"inLanguage\":\"es\",\"potentialAction\":[{\"@type\":\"ReadAction\",\"target\":[\"https:\/\/www.asajacyl.com\/avila\/asaja-avila-informa\/el-sueldo-de-nescafe\"]}]},{\"@type\":\"ImageObject\",\"inLanguage\":\"es\",\"@id\":\"https:\/\/www.asajacyl.com\/avila\/asaja-avila-informa\/el-sueldo-de-nescafe#primaryimage\",\"url\":\"https:\/\/www.asajacyl.com\/avila\/wp-content\/uploads\/sites\/4\/2018\/09\/ASAMBLEA-GENERAL-2017-36.jpg\",\"contentUrl\":\"https:\/\/www.asajacyl.com\/avila\/wp-content\/uploads\/sites\/4\/2018\/09\/ASAMBLEA-GENERAL-2017-36.jpg\",\"width\":1200,\"height\":1600},{\"@type\":\"BreadcrumbList\",\"@id\":\"https:\/\/www.asajacyl.com\/avila\/asaja-avila-informa\/el-sueldo-de-nescafe#breadcrumb\",\"itemListElement\":[{\"@type\":\"ListItem\",\"position\":1,\"name\":\"Portada\",\"item\":\"https:\/\/www.asajacyl.com\/avila\/\"},{\"@type\":\"ListItem\",\"position\":2,\"name\":\"El sueldo de Nescaf\u00e9\"}]},{\"@type\":\"WebSite\",\"@id\":\"https:\/\/www.asajacyl.com\/avila\/#website\",\"url\":\"https:\/\/www.asajacyl.com\/avila\/\",\"name\":\"ASAJA \u00c1vila\",\"description\":\"Otro sitio m\u00e1s de Provincias ASAJA Castilla y Le\u00f3n\",\"potentialAction\":[{\"@type\":\"SearchAction\",\"target\":{\"@type\":\"EntryPoint\",\"urlTemplate\":\"https:\/\/www.asajacyl.com\/avila\/?s={search_term_string}\"},\"query-input\":{\"@type\":\"PropertyValueSpecification\",\"valueRequired\":true,\"valueName\":\"search_term_string\"}}],\"inLanguage\":\"es\"},{\"@type\":\"Person\",\"@id\":\"https:\/\/www.asajacyl.com\/avila\/#\/schema\/person\/daf3c5c7d3afd005798ec283b78826ed\",\"name\":\"Joaqu\u00edn\",\"image\":{\"@type\":\"ImageObject\",\"inLanguage\":\"es\",\"@id\":\"https:\/\/www.asajacyl.com\/avila\/#\/schema\/person\/image\/\",\"url\":\"https:\/\/secure.gravatar.com\/avatar\/8a87f10166ff5a8a3b0c21a125bc069d?s=96&d=mm&r=g\",\"contentUrl\":\"https:\/\/secure.gravatar.com\/avatar\/8a87f10166ff5a8a3b0c21a125bc069d?s=96&d=mm&r=g\",\"caption\":\"Joaqu\u00edn\"},\"url\":\"https:\/\/www.asajacyl.com\/avila\/author\/joaquinap\"}]}<\/script>\n<!-- \/ Yoast SEO plugin. -->","yoast_head_json":{"title":"El sueldo de Nescaf\u00e9 - ASAJA \u00c1vila","description":"Estos d\u00edas nos encontramos de proceso electoral en proceso electoral. Ahora todos se acuerdan de nosotros: somos un sector estrat\u00e9gico, \u00a1toma ya! Todos","robots":{"index":"index","follow":"follow","max-snippet":"max-snippet:-1","max-image-preview":"max-image-preview:large","max-video-preview":"max-video-preview:-1"},"canonical":"https:\/\/www.asajacyl.com\/avila\/asaja-avila-informa\/el-sueldo-de-nescafe","og_locale":"es_ES","og_type":"article","og_title":"El sueldo de Nescaf\u00e9 - ASAJA \u00c1vila","og_description":"Estos d\u00edas nos encontramos de proceso electoral en proceso electoral. Ahora todos se acuerdan de nosotros: somos un sector estrat\u00e9gico, \u00a1toma ya! Todos","og_url":"https:\/\/www.asajacyl.com\/avila\/asaja-avila-informa\/el-sueldo-de-nescafe","og_site_name":"ASAJA \u00c1vila","article_published_time":"2019-05-16T12:06:11+00:00","article_modified_time":"2019-05-16T12:09:29+00:00","og_image":[{"width":1200,"height":1600,"url":"https:\/\/www.asajacyl.com\/avila\/wp-content\/uploads\/sites\/4\/2018\/09\/ASAMBLEA-GENERAL-2017-36.jpg","type":"image\/jpeg"}],"author":"Joaqu\u00edn","twitter_card":"summary_large_image","twitter_misc":{"Escrito por":"Joaqu\u00edn","Tiempo de lectura":"3 minutos"},"schema":{"@context":"https:\/\/schema.org","@graph":[{"@type":"WebPage","@id":"https:\/\/www.asajacyl.com\/avila\/asaja-avila-informa\/el-sueldo-de-nescafe","url":"https:\/\/www.asajacyl.com\/avila\/asaja-avila-informa\/el-sueldo-de-nescafe","name":"El sueldo de Nescaf\u00e9 - ASAJA \u00c1vila","isPartOf":{"@id":"https:\/\/www.asajacyl.com\/avila\/#website"},"primaryImageOfPage":{"@id":"https:\/\/www.asajacyl.com\/avila\/asaja-avila-informa\/el-sueldo-de-nescafe#primaryimage"},"image":{"@id":"https:\/\/www.asajacyl.com\/avila\/asaja-avila-informa\/el-sueldo-de-nescafe#primaryimage"},"thumbnailUrl":"https:\/\/www.asajacyl.com\/avila\/wp-content\/uploads\/sites\/4\/2018\/09\/ASAMBLEA-GENERAL-2017-36.jpg","datePublished":"2019-05-16T12:06:11+00:00","dateModified":"2019-05-16T12:09:29+00:00","author":{"@id":"https:\/\/www.asajacyl.com\/avila\/#\/schema\/person\/daf3c5c7d3afd005798ec283b78826ed"},"description":"Estos d\u00edas nos encontramos de proceso electoral en proceso electoral. Ahora todos se acuerdan de nosotros: somos un sector estrat\u00e9gico, \u00a1toma ya! Todos","breadcrumb":{"@id":"https:\/\/www.asajacyl.com\/avila\/asaja-avila-informa\/el-sueldo-de-nescafe#breadcrumb"},"inLanguage":"es","potentialAction":[{"@type":"ReadAction","target":["https:\/\/www.asajacyl.com\/avila\/asaja-avila-informa\/el-sueldo-de-nescafe"]}]},{"@type":"ImageObject","inLanguage":"es","@id":"https:\/\/www.asajacyl.com\/avila\/asaja-avila-informa\/el-sueldo-de-nescafe#primaryimage","url":"https:\/\/www.asajacyl.com\/avila\/wp-content\/uploads\/sites\/4\/2018\/09\/ASAMBLEA-GENERAL-2017-36.jpg","contentUrl":"https:\/\/www.asajacyl.com\/avila\/wp-content\/uploads\/sites\/4\/2018\/09\/ASAMBLEA-GENERAL-2017-36.jpg","width":1200,"height":1600},{"@type":"BreadcrumbList","@id":"https:\/\/www.asajacyl.com\/avila\/asaja-avila-informa\/el-sueldo-de-nescafe#breadcrumb","itemListElement":[{"@type":"ListItem","position":1,"name":"Portada","item":"https:\/\/www.asajacyl.com\/avila\/"},{"@type":"ListItem","position":2,"name":"El sueldo de Nescaf\u00e9"}]},{"@type":"WebSite","@id":"https:\/\/www.asajacyl.com\/avila\/#website","url":"https:\/\/www.asajacyl.com\/avila\/","name":"ASAJA \u00c1vila","description":"Otro sitio m\u00e1s de Provincias ASAJA Castilla y Le\u00f3n","potentialAction":[{"@type":"SearchAction","target":{"@type":"EntryPoint","urlTemplate":"https:\/\/www.asajacyl.com\/avila\/?s={search_term_string}"},"query-input":{"@type":"PropertyValueSpecification","valueRequired":true,"valueName":"search_term_string"}}],"inLanguage":"es"},{"@type":"Person","@id":"https:\/\/www.asajacyl.com\/avila\/#\/schema\/person\/daf3c5c7d3afd005798ec283b78826ed","name":"Joaqu\u00edn","image":{"@type":"ImageObject","inLanguage":"es","@id":"https:\/\/www.asajacyl.com\/avila\/#\/schema\/person\/image\/","url":"https:\/\/secure.gravatar.com\/avatar\/8a87f10166ff5a8a3b0c21a125bc069d?s=96&d=mm&r=g","contentUrl":"https:\/\/secure.gravatar.com\/avatar\/8a87f10166ff5a8a3b0c21a125bc069d?s=96&d=mm&r=g","caption":"Joaqu\u00edn"},"url":"https:\/\/www.asajacyl.com\/avila\/author\/joaquinap"}]}},"_links":{"self":[{"href":"https:\/\/www.asajacyl.com\/avila\/wp-json\/wp\/v2\/posts\/4929"}],"collection":[{"href":"https:\/\/www.asajacyl.com\/avila\/wp-json\/wp\/v2\/posts"}],"about":[{"href":"https:\/\/www.asajacyl.com\/avila\/wp-json\/wp\/v2\/types\/post"}],"author":[{"embeddable":true,"href":"https:\/\/www.asajacyl.com\/avila\/wp-json\/wp\/v2\/users\/6"}],"replies":[{"embeddable":true,"href":"https:\/\/www.asajacyl.com\/avila\/wp-json\/wp\/v2\/comments?post=4929"}],"version-history":[{"count":3,"href":"https:\/\/www.asajacyl.com\/avila\/wp-json\/wp\/v2\/posts\/4929\/revisions"}],"predecessor-version":[{"id":4932,"href":"https:\/\/www.asajacyl.com\/avila\/wp-json\/wp\/v2\/posts\/4929\/revisions\/4932"}],"wp:featuredmedia":[{"embeddable":true,"href":"https:\/\/www.asajacyl.com\/avila\/wp-json\/wp\/v2\/media\/4081"}],"wp:attachment":[{"href":"https:\/\/www.asajacyl.com\/avila\/wp-json\/wp\/v2\/media?parent=4929"}],"wp:term":[{"taxonomy":"category","embeddable":true,"href":"https:\/\/www.asajacyl.com\/avila\/wp-json\/wp\/v2\/categories?post=4929"},{"taxonomy":"post_tag","embeddable":true,"href":"https:\/\/www.asajacyl.com\/avila\/wp-json\/wp\/v2\/tags?post=4929"}],"curies":[{"name":"wp","href":"https:\/\/api.w.org\/{rel}","templated":true}]}}