{"id":5139,"date":"2019-07-12T11:40:04","date_gmt":"2019-07-12T09:40:04","guid":{"rendered":"https:\/\/www.asajacyl.com\/avila\/?p=5139"},"modified":"2019-07-23T11:51:02","modified_gmt":"2019-07-23T09:51:02","slug":"nuevo-ataque-lobos-la-ganaderia-abulense-seis-ovejas-muertas-dos-heridas-diez-desaparecidas-serranillos","status":"publish","type":"post","link":"https:\/\/www.asajacyl.com\/avila\/asaja-avila-informa\/nuevo-ataque-lobos-la-ganaderia-abulense-seis-ovejas-muertas-dos-heridas-diez-desaparecidas-serranillos","title":{"rendered":"Nuevo ataque de lobos a la ganader\u00eda abulense: seis ovejas muertas, dos heridas y diez desaparecidas en Serranillos"},"content":{"rendered":"<p><strong>La Asociaci\u00f3n Agraria J\u00f3venes Agricultores (ASAJA) de \u00c1vila lamenta que se aporte mayor protecci\u00f3n al lobo que a los ganaderos, que ven como sus animales sirven de alimento a manadas descontroladas en territorio abulense.<\/strong><\/p>\n<p>El presidente de ASAJA de \u00c1vila, Joaqu\u00edn Antonio Pino, no comparte que el Ministerio para la Transici\u00f3n Ecol\u00f3gica, haya incluido a las poblaciones del lobo ib\u00e9rico al sur del Duero en Castilla y Le\u00f3n en el Listado de Especies Silvestres en R\u00e9gimen de Protecci\u00f3n Especial, y no tenga en cuenta las muertes que diariamente producen estos c\u00e1nidos a la ganader\u00eda.<\/p>\n<p>\u201cLos ganaderos est\u00e1n alimentando a los lobos, mientras los pol\u00edticos miran hacia otro lado, ampar\u00e1ndose en el cumplimiento de lo dispuesto en la Directiva de H\u00e1bitats de la Uni\u00f3n Europea\u201d, as\u00ed de contundente se muestra Joaqu\u00edn Antonio Pino.<\/p>\n<p>En este sentido, el dirigente agrario provincial ha manifestado que lo acontecido en Serranillos es el pan de cada d\u00eda de los ganaderos de \u00c1vila. En esta ocasi\u00f3n, lamentablemente, se ponen sobre la mesa todos los hechos a los que se tienen que enfrentar: muertes, animales heridos y desaparecidos.<\/p>\n<p>Aumentar el nivel de protecci\u00f3n del lobo con la \u00faltima Orden publicada en el BOE, lo que se hace es, a juicio de Joaqu\u00edn Antonio Pino, enterrar al ganadero en vida y dar manga ancha al lobo, al sur del Duero.<\/p>\n<p>Aunque los pol\u00edticos y sus cargos designados a dedo en los Servicios Territoriales no lo quieran ver, o no lo quieran dar a conocer a la opini\u00f3n p\u00fablica, \u201csaben perfectamente que se est\u00e1n produciendo seis o siete ataques de lobos en la provincia a diario\u201d.<\/p>\n<p>\u201cSomos la provincia m\u00e1s olvidada de la Comunidad, y en el asunto del lobo, m\u00e1s si cabe, pues \u00c1vila es el territorio de Castilla y Le\u00f3n donde m\u00e1s ataques de c\u00e1nidos se producen\u201d, ahonda Pino. En el \u00faltimo ejercicio cerrado correspondiente al a\u00f1o 2018, los lobos mataron en \u00c1vila alrededor de 2.000 animales, principalmente terneros menores de 3 meses, ascendiendo las p\u00e9rdidas reales que soportan los ganaderos abulenses a la friolera de los 5 millones de euros seg\u00fan los c\u00e1lculos de los servicios t\u00e9cnicos y periciales de ASAJA.<\/p>\n<p>Ante el suceso de Serranillos y el de muchos otros en localidades abulenses, Joaqu\u00edn Antonio Pino entiende que muchos ganaderos hayan recurrido a los servicios jur\u00eddicos de la organizaci\u00f3n para reclamar ante la Justicia los da\u00f1os reales ocasionados por los ataques de lobo.<\/p>\n<p>Para la organizaci\u00f3n agraria ASAJA de \u00c1vila, lo que necesita el medio rural y por ende el ganadero, es voluntad pol\u00edtica y seriedad de todas las administraciones, algo que hasta el momento no est\u00e1 sucediendo en la parte pol\u00edtica, ya que estos d\u00edas hemos podido contemplar que solo se dedican a ubicarse en c\u00f3modos sillones con suculentos sueldos y adem\u00e1s lo hacen sin ning\u00fan tipo de rubor, olvidando a los ciudadanos y los problemas reales de la gente que es en lo que se deber\u00edan volcar en cuerpo y alma.<\/p>\n<p><img loading=\"lazy\" decoding=\"async\" class=\"alignnone size-medium wp-image-5141\" src=\"https:\/\/www.asajacyl.com\/avila\/wp-content\/uploads\/sites\/4\/2019\/07\/FOTO-ATAQUE-DE-LOBOS-SERRANILLOS-1-225x300.jpg\" alt=\"\" width=\"225\" height=\"300\" srcset=\"https:\/\/www.asajacyl.com\/avila\/wp-content\/uploads\/sites\/4\/2019\/07\/FOTO-ATAQUE-DE-LOBOS-SERRANILLOS-1-225x300.jpg 225w, https:\/\/www.asajacyl.com\/avila\/wp-content\/uploads\/sites\/4\/2019\/07\/FOTO-ATAQUE-DE-LOBOS-SERRANILLOS-1-768x1024.jpg 768w, https:\/\/www.asajacyl.com\/avila\/wp-content\/uploads\/sites\/4\/2019\/07\/FOTO-ATAQUE-DE-LOBOS-SERRANILLOS-1-696x928.jpg 696w, https:\/\/www.asajacyl.com\/avila\/wp-content\/uploads\/sites\/4\/2019\/07\/FOTO-ATAQUE-DE-LOBOS-SERRANILLOS-1-1068x1424.jpg 1068w, https:\/\/www.asajacyl.com\/avila\/wp-content\/uploads\/sites\/4\/2019\/07\/FOTO-ATAQUE-DE-LOBOS-SERRANILLOS-1-315x420.jpg 315w, https:\/\/www.asajacyl.com\/avila\/wp-content\/uploads\/sites\/4\/2019\/07\/FOTO-ATAQUE-DE-LOBOS-SERRANILLOS-1.jpg 1200w\" sizes=\"(max-width: 225px) 100vw, 225px\" \/> <img loading=\"lazy\" decoding=\"async\" class=\"alignnone size-medium wp-image-5143\" src=\"https:\/\/www.asajacyl.com\/avila\/wp-content\/uploads\/sites\/4\/2019\/07\/FOTO-ATAQUE-DE-LOBOS-SERRANILLOS-3-300x225.jpg\" alt=\"\" width=\"300\" height=\"225\" srcset=\"https:\/\/www.asajacyl.com\/avila\/wp-content\/uploads\/sites\/4\/2019\/07\/FOTO-ATAQUE-DE-LOBOS-SERRANILLOS-3-300x225.jpg 300w, https:\/\/www.asajacyl.com\/avila\/wp-content\/uploads\/sites\/4\/2019\/07\/FOTO-ATAQUE-DE-LOBOS-SERRANILLOS-3-768x576.jpg 768w, https:\/\/www.asajacyl.com\/avila\/wp-content\/uploads\/sites\/4\/2019\/07\/FOTO-ATAQUE-DE-LOBOS-SERRANILLOS-3-1024x768.jpg 1024w, https:\/\/www.asajacyl.com\/avila\/wp-content\/uploads\/sites\/4\/2019\/07\/FOTO-ATAQUE-DE-LOBOS-SERRANILLOS-3-80x60.jpg 80w, https:\/\/www.asajacyl.com\/avila\/wp-content\/uploads\/sites\/4\/2019\/07\/FOTO-ATAQUE-DE-LOBOS-SERRANILLOS-3-696x522.jpg 696w, https:\/\/www.asajacyl.com\/avila\/wp-content\/uploads\/sites\/4\/2019\/07\/FOTO-ATAQUE-DE-LOBOS-SERRANILLOS-3-1068x801.jpg 1068w, https:\/\/www.asajacyl.com\/avila\/wp-content\/uploads\/sites\/4\/2019\/07\/FOTO-ATAQUE-DE-LOBOS-SERRANILLOS-3-560x420.jpg 560w, https:\/\/www.asajacyl.com\/avila\/wp-content\/uploads\/sites\/4\/2019\/07\/FOTO-ATAQUE-DE-LOBOS-SERRANILLOS-3.jpg 1600w\" sizes=\"(max-width: 300px) 100vw, 300px\" \/> <img loading=\"lazy\" decoding=\"async\" class=\"alignnone size-medium wp-image-5144\" src=\"https:\/\/www.asajacyl.com\/avila\/wp-content\/uploads\/sites\/4\/2019\/07\/FOTO-ATAQUE-DE-LOBOS-SERRANILLOS-4-300x225.jpg\" alt=\"\" width=\"300\" height=\"225\" srcset=\"https:\/\/www.asajacyl.com\/avila\/wp-content\/uploads\/sites\/4\/2019\/07\/FOTO-ATAQUE-DE-LOBOS-SERRANILLOS-4-300x225.jpg 300w, https:\/\/www.asajacyl.com\/avila\/wp-content\/uploads\/sites\/4\/2019\/07\/FOTO-ATAQUE-DE-LOBOS-SERRANILLOS-4-768x576.jpg 768w, https:\/\/www.asajacyl.com\/avila\/wp-content\/uploads\/sites\/4\/2019\/07\/FOTO-ATAQUE-DE-LOBOS-SERRANILLOS-4-1024x768.jpg 1024w, https:\/\/www.asajacyl.com\/avila\/wp-content\/uploads\/sites\/4\/2019\/07\/FOTO-ATAQUE-DE-LOBOS-SERRANILLOS-4-80x60.jpg 80w, https:\/\/www.asajacyl.com\/avila\/wp-content\/uploads\/sites\/4\/2019\/07\/FOTO-ATAQUE-DE-LOBOS-SERRANILLOS-4-696x522.jpg 696w, https:\/\/www.asajacyl.com\/avila\/wp-content\/uploads\/sites\/4\/2019\/07\/FOTO-ATAQUE-DE-LOBOS-SERRANILLOS-4-1068x801.jpg 1068w, https:\/\/www.asajacyl.com\/avila\/wp-content\/uploads\/sites\/4\/2019\/07\/FOTO-ATAQUE-DE-LOBOS-SERRANILLOS-4-560x420.jpg 560w, https:\/\/www.asajacyl.com\/avila\/wp-content\/uploads\/sites\/4\/2019\/07\/FOTO-ATAQUE-DE-LOBOS-SERRANILLOS-4.jpg 1600w\" sizes=\"(max-width: 300px) 100vw, 300px\" \/> <img loading=\"lazy\" decoding=\"async\" class=\"alignnone size-medium wp-image-5145\" src=\"https:\/\/www.asajacyl.com\/avila\/wp-content\/uploads\/sites\/4\/2019\/07\/FOTO-ATAQUE-DE-LOBOS-SERRANILLOS-5-1-300x225.jpg\" alt=\"\" width=\"300\" height=\"225\" srcset=\"https:\/\/www.asajacyl.com\/avila\/wp-content\/uploads\/sites\/4\/2019\/07\/FOTO-ATAQUE-DE-LOBOS-SERRANILLOS-5-1-300x225.jpg 300w, https:\/\/www.asajacyl.com\/avila\/wp-content\/uploads\/sites\/4\/2019\/07\/FOTO-ATAQUE-DE-LOBOS-SERRANILLOS-5-1-768x576.jpg 768w, https:\/\/www.asajacyl.com\/avila\/wp-content\/uploads\/sites\/4\/2019\/07\/FOTO-ATAQUE-DE-LOBOS-SERRANILLOS-5-1-1024x768.jpg 1024w, https:\/\/www.asajacyl.com\/avila\/wp-content\/uploads\/sites\/4\/2019\/07\/FOTO-ATAQUE-DE-LOBOS-SERRANILLOS-5-1-80x60.jpg 80w, https:\/\/www.asajacyl.com\/avila\/wp-content\/uploads\/sites\/4\/2019\/07\/FOTO-ATAQUE-DE-LOBOS-SERRANILLOS-5-1-696x522.jpg 696w, https:\/\/www.asajacyl.com\/avila\/wp-content\/uploads\/sites\/4\/2019\/07\/FOTO-ATAQUE-DE-LOBOS-SERRANILLOS-5-1-1068x801.jpg 1068w, https:\/\/www.asajacyl.com\/avila\/wp-content\/uploads\/sites\/4\/2019\/07\/FOTO-ATAQUE-DE-LOBOS-SERRANILLOS-5-1-560x420.jpg 560w, https:\/\/www.asajacyl.com\/avila\/wp-content\/uploads\/sites\/4\/2019\/07\/FOTO-ATAQUE-DE-LOBOS-SERRANILLOS-5-1.jpg 1600w\" sizes=\"(max-width: 300px) 100vw, 300px\" \/> <img loading=\"lazy\" decoding=\"async\" class=\"alignnone size-medium wp-image-5146\" src=\"https:\/\/www.asajacyl.com\/avila\/wp-content\/uploads\/sites\/4\/2019\/07\/FOTO-ATAQUE-DE-LOBOS-SERRANILLOS-6-225x300.jpg\" alt=\"\" width=\"225\" height=\"300\" srcset=\"https:\/\/www.asajacyl.com\/avila\/wp-content\/uploads\/sites\/4\/2019\/07\/FOTO-ATAQUE-DE-LOBOS-SERRANILLOS-6-225x300.jpg 225w, https:\/\/www.asajacyl.com\/avila\/wp-content\/uploads\/sites\/4\/2019\/07\/FOTO-ATAQUE-DE-LOBOS-SERRANILLOS-6-768x1024.jpg 768w, https:\/\/www.asajacyl.com\/avila\/wp-content\/uploads\/sites\/4\/2019\/07\/FOTO-ATAQUE-DE-LOBOS-SERRANILLOS-6-696x928.jpg 696w, https:\/\/www.asajacyl.com\/avila\/wp-content\/uploads\/sites\/4\/2019\/07\/FOTO-ATAQUE-DE-LOBOS-SERRANILLOS-6-1068x1424.jpg 1068w, https:\/\/www.asajacyl.com\/avila\/wp-content\/uploads\/sites\/4\/2019\/07\/FOTO-ATAQUE-DE-LOBOS-SERRANILLOS-6-315x420.jpg 315w, https:\/\/www.asajacyl.com\/avila\/wp-content\/uploads\/sites\/4\/2019\/07\/FOTO-ATAQUE-DE-LOBOS-SERRANILLOS-6.jpg 1200w\" sizes=\"(max-width: 225px) 100vw, 225px\" \/><\/p>\n<p>&nbsp;<\/p>\n","protected":false},"excerpt":{"rendered":"<p>La Asociaci\u00f3n Agraria J\u00f3venes Agricultores (ASAJA) de \u00c1vila lamenta que se aporte mayor protecci\u00f3n al lobo que a los ganaderos, que ven como sus animales sirven de alimento a manadas descontroladas en territorio abulense. El presidente de ASAJA de \u00c1vila, Joaqu\u00edn Antonio Pino, no comparte que el Ministerio para la Transici\u00f3n Ecol\u00f3gica, haya incluido a [&hellip;]<\/p>\n","protected":false},"author":6,"featured_media":5140,"comment_status":"open","ping_status":"open","sticky":false,"template":"","format":"standard","meta":{"footnotes":""},"categories":[8,18],"tags":[],"yoast_head":"<!-- This site is optimized with the Yoast SEO plugin v24.5 - https:\/\/yoast.com\/wordpress\/plugins\/seo\/ -->\n<title>Nuevo ataque de lobos a la ganader\u00eda abulense: seis ovejas muertas, dos heridas y diez desaparecidas en Serranillos - ASAJA \u00c1vila<\/title>\n<meta name=\"description\" content=\"La Asociaci\u00f3n Agraria J\u00f3venes Agricultores (ASAJA) de \u00c1vila lamenta que se aporte mayor protecci\u00f3n al lobo que a los ganaderos, que ven como sus animales\" \/>\n<meta name=\"robots\" content=\"index, follow, max-snippet:-1, max-image-preview:large, max-video-preview:-1\" \/>\n<link rel=\"canonical\" href=\"https:\/\/www.asajacyl.com\/avila\/asaja-avila-informa\/nuevo-ataque-lobos-la-ganaderia-abulense-seis-ovejas-muertas-dos-heridas-diez-desaparecidas-serranillos\" \/>\n<meta property=\"og:locale\" content=\"es_ES\" \/>\n<meta property=\"og:type\" content=\"article\" \/>\n<meta property=\"og:title\" content=\"Nuevo ataque de lobos a la ganader\u00eda abulense: seis ovejas muertas, dos heridas y diez desaparecidas en Serranillos - ASAJA \u00c1vila\" \/>\n<meta property=\"og:description\" content=\"La Asociaci\u00f3n Agraria J\u00f3venes Agricultores (ASAJA) de \u00c1vila lamenta que se aporte mayor protecci\u00f3n al lobo que a los ganaderos, que ven como sus animales\" \/>\n<meta property=\"og:url\" content=\"https:\/\/www.asajacyl.com\/avila\/asaja-avila-informa\/nuevo-ataque-lobos-la-ganaderia-abulense-seis-ovejas-muertas-dos-heridas-diez-desaparecidas-serranillos\" \/>\n<meta property=\"og:site_name\" content=\"ASAJA \u00c1vila\" \/>\n<meta property=\"article:published_time\" content=\"2019-07-12T09:40:04+00:00\" \/>\n<meta property=\"article:modified_time\" content=\"2019-07-23T09:51:02+00:00\" \/>\n<meta property=\"og:image\" content=\"https:\/\/www.asajacyl.com\/avila\/wp-content\/uploads\/sites\/4\/2019\/07\/FOTO-ATAQUE-DE-LOBOS-SERRANILLOS-5.jpg\" \/>\n\t<meta property=\"og:image:width\" content=\"1600\" \/>\n\t<meta property=\"og:image:height\" content=\"1200\" \/>\n\t<meta property=\"og:image:type\" content=\"image\/jpeg\" \/>\n<meta name=\"author\" content=\"Joaqu\u00edn\" \/>\n<meta name=\"twitter:card\" content=\"summary_large_image\" \/>\n<meta name=\"twitter:label1\" content=\"Escrito por\" \/>\n\t<meta name=\"twitter:data1\" content=\"Joaqu\u00edn\" \/>\n\t<meta name=\"twitter:label2\" content=\"Tiempo de lectura\" \/>\n\t<meta name=\"twitter:data2\" content=\"3 minutos\" \/>\n<script type=\"application\/ld+json\" class=\"yoast-schema-graph\">{\"@context\":\"https:\/\/schema.org\",\"@graph\":[{\"@type\":\"WebPage\",\"@id\":\"https:\/\/www.asajacyl.com\/avila\/asaja-avila-informa\/nuevo-ataque-lobos-la-ganaderia-abulense-seis-ovejas-muertas-dos-heridas-diez-desaparecidas-serranillos\",\"url\":\"https:\/\/www.asajacyl.com\/avila\/asaja-avila-informa\/nuevo-ataque-lobos-la-ganaderia-abulense-seis-ovejas-muertas-dos-heridas-diez-desaparecidas-serranillos\",\"name\":\"Nuevo ataque de lobos a la ganader\u00eda abulense: seis ovejas muertas, dos heridas y diez desaparecidas en Serranillos - ASAJA \u00c1vila\",\"isPartOf\":{\"@id\":\"https:\/\/www.asajacyl.com\/avila\/#website\"},\"primaryImageOfPage\":{\"@id\":\"https:\/\/www.asajacyl.com\/avila\/asaja-avila-informa\/nuevo-ataque-lobos-la-ganaderia-abulense-seis-ovejas-muertas-dos-heridas-diez-desaparecidas-serranillos#primaryimage\"},\"image\":{\"@id\":\"https:\/\/www.asajacyl.com\/avila\/asaja-avila-informa\/nuevo-ataque-lobos-la-ganaderia-abulense-seis-ovejas-muertas-dos-heridas-diez-desaparecidas-serranillos#primaryimage\"},\"thumbnailUrl\":\"https:\/\/www.asajacyl.com\/avila\/wp-content\/uploads\/sites\/4\/2019\/07\/FOTO-ATAQUE-DE-LOBOS-SERRANILLOS-5.jpg\",\"datePublished\":\"2019-07-12T09:40:04+00:00\",\"dateModified\":\"2019-07-23T09:51:02+00:00\",\"author\":{\"@id\":\"https:\/\/www.asajacyl.com\/avila\/#\/schema\/person\/daf3c5c7d3afd005798ec283b78826ed\"},\"description\":\"La Asociaci\u00f3n Agraria J\u00f3venes Agricultores (ASAJA) de \u00c1vila lamenta que se aporte mayor protecci\u00f3n al lobo que a los ganaderos, que ven como sus animales\",\"breadcrumb\":{\"@id\":\"https:\/\/www.asajacyl.com\/avila\/asaja-avila-informa\/nuevo-ataque-lobos-la-ganaderia-abulense-seis-ovejas-muertas-dos-heridas-diez-desaparecidas-serranillos#breadcrumb\"},\"inLanguage\":\"es\",\"potentialAction\":[{\"@type\":\"ReadAction\",\"target\":[\"https:\/\/www.asajacyl.com\/avila\/asaja-avila-informa\/nuevo-ataque-lobos-la-ganaderia-abulense-seis-ovejas-muertas-dos-heridas-diez-desaparecidas-serranillos\"]}]},{\"@type\":\"ImageObject\",\"inLanguage\":\"es\",\"@id\":\"https:\/\/www.asajacyl.com\/avila\/asaja-avila-informa\/nuevo-ataque-lobos-la-ganaderia-abulense-seis-ovejas-muertas-dos-heridas-diez-desaparecidas-serranillos#primaryimage\",\"url\":\"https:\/\/www.asajacyl.com\/avila\/wp-content\/uploads\/sites\/4\/2019\/07\/FOTO-ATAQUE-DE-LOBOS-SERRANILLOS-5.jpg\",\"contentUrl\":\"https:\/\/www.asajacyl.com\/avila\/wp-content\/uploads\/sites\/4\/2019\/07\/FOTO-ATAQUE-DE-LOBOS-SERRANILLOS-5.jpg\",\"width\":1600,\"height\":1200},{\"@type\":\"BreadcrumbList\",\"@id\":\"https:\/\/www.asajacyl.com\/avila\/asaja-avila-informa\/nuevo-ataque-lobos-la-ganaderia-abulense-seis-ovejas-muertas-dos-heridas-diez-desaparecidas-serranillos#breadcrumb\",\"itemListElement\":[{\"@type\":\"ListItem\",\"position\":1,\"name\":\"Portada\",\"item\":\"https:\/\/www.asajacyl.com\/avila\/\"},{\"@type\":\"ListItem\",\"position\":2,\"name\":\"Nuevo ataque de lobos a la ganader\u00eda abulense: seis ovejas muertas, dos heridas y diez desaparecidas en Serranillos\"}]},{\"@type\":\"WebSite\",\"@id\":\"https:\/\/www.asajacyl.com\/avila\/#website\",\"url\":\"https:\/\/www.asajacyl.com\/avila\/\",\"name\":\"ASAJA \u00c1vila\",\"description\":\"Otro sitio m\u00e1s de Provincias ASAJA Castilla y Le\u00f3n\",\"potentialAction\":[{\"@type\":\"SearchAction\",\"target\":{\"@type\":\"EntryPoint\",\"urlTemplate\":\"https:\/\/www.asajacyl.com\/avila\/?s={search_term_string}\"},\"query-input\":{\"@type\":\"PropertyValueSpecification\",\"valueRequired\":true,\"valueName\":\"search_term_string\"}}],\"inLanguage\":\"es\"},{\"@type\":\"Person\",\"@id\":\"https:\/\/www.asajacyl.com\/avila\/#\/schema\/person\/daf3c5c7d3afd005798ec283b78826ed\",\"name\":\"Joaqu\u00edn\",\"image\":{\"@type\":\"ImageObject\",\"inLanguage\":\"es\",\"@id\":\"https:\/\/www.asajacyl.com\/avila\/#\/schema\/person\/image\/\",\"url\":\"https:\/\/secure.gravatar.com\/avatar\/8a87f10166ff5a8a3b0c21a125bc069d?s=96&d=mm&r=g\",\"contentUrl\":\"https:\/\/secure.gravatar.com\/avatar\/8a87f10166ff5a8a3b0c21a125bc069d?s=96&d=mm&r=g\",\"caption\":\"Joaqu\u00edn\"},\"url\":\"https:\/\/www.asajacyl.com\/avila\/author\/joaquinap\"}]}<\/script>\n<!-- \/ Yoast SEO plugin. -->","yoast_head_json":{"title":"Nuevo ataque de lobos a la ganader\u00eda abulense: seis ovejas muertas, dos heridas y diez desaparecidas en Serranillos - ASAJA \u00c1vila","description":"La Asociaci\u00f3n Agraria J\u00f3venes Agricultores (ASAJA) de \u00c1vila lamenta que se aporte mayor protecci\u00f3n al lobo que a los ganaderos, que ven como sus animales","robots":{"index":"index","follow":"follow","max-snippet":"max-snippet:-1","max-image-preview":"max-image-preview:large","max-video-preview":"max-video-preview:-1"},"canonical":"https:\/\/www.asajacyl.com\/avila\/asaja-avila-informa\/nuevo-ataque-lobos-la-ganaderia-abulense-seis-ovejas-muertas-dos-heridas-diez-desaparecidas-serranillos","og_locale":"es_ES","og_type":"article","og_title":"Nuevo ataque de lobos a la ganader\u00eda abulense: seis ovejas muertas, dos heridas y diez desaparecidas en Serranillos - ASAJA \u00c1vila","og_description":"La Asociaci\u00f3n Agraria J\u00f3venes Agricultores (ASAJA) de \u00c1vila lamenta que se aporte mayor protecci\u00f3n al lobo que a los ganaderos, que ven como sus animales","og_url":"https:\/\/www.asajacyl.com\/avila\/asaja-avila-informa\/nuevo-ataque-lobos-la-ganaderia-abulense-seis-ovejas-muertas-dos-heridas-diez-desaparecidas-serranillos","og_site_name":"ASAJA \u00c1vila","article_published_time":"2019-07-12T09:40:04+00:00","article_modified_time":"2019-07-23T09:51:02+00:00","og_image":[{"width":1600,"height":1200,"url":"https:\/\/www.asajacyl.com\/avila\/wp-content\/uploads\/sites\/4\/2019\/07\/FOTO-ATAQUE-DE-LOBOS-SERRANILLOS-5.jpg","type":"image\/jpeg"}],"author":"Joaqu\u00edn","twitter_card":"summary_large_image","twitter_misc":{"Escrito por":"Joaqu\u00edn","Tiempo de lectura":"3 minutos"},"schema":{"@context":"https:\/\/schema.org","@graph":[{"@type":"WebPage","@id":"https:\/\/www.asajacyl.com\/avila\/asaja-avila-informa\/nuevo-ataque-lobos-la-ganaderia-abulense-seis-ovejas-muertas-dos-heridas-diez-desaparecidas-serranillos","url":"https:\/\/www.asajacyl.com\/avila\/asaja-avila-informa\/nuevo-ataque-lobos-la-ganaderia-abulense-seis-ovejas-muertas-dos-heridas-diez-desaparecidas-serranillos","name":"Nuevo ataque de lobos a la ganader\u00eda abulense: seis ovejas muertas, dos heridas y diez desaparecidas en Serranillos - ASAJA \u00c1vila","isPartOf":{"@id":"https:\/\/www.asajacyl.com\/avila\/#website"},"primaryImageOfPage":{"@id":"https:\/\/www.asajacyl.com\/avila\/asaja-avila-informa\/nuevo-ataque-lobos-la-ganaderia-abulense-seis-ovejas-muertas-dos-heridas-diez-desaparecidas-serranillos#primaryimage"},"image":{"@id":"https:\/\/www.asajacyl.com\/avila\/asaja-avila-informa\/nuevo-ataque-lobos-la-ganaderia-abulense-seis-ovejas-muertas-dos-heridas-diez-desaparecidas-serranillos#primaryimage"},"thumbnailUrl":"https:\/\/www.asajacyl.com\/avila\/wp-content\/uploads\/sites\/4\/2019\/07\/FOTO-ATAQUE-DE-LOBOS-SERRANILLOS-5.jpg","datePublished":"2019-07-12T09:40:04+00:00","dateModified":"2019-07-23T09:51:02+00:00","author":{"@id":"https:\/\/www.asajacyl.com\/avila\/#\/schema\/person\/daf3c5c7d3afd005798ec283b78826ed"},"description":"La Asociaci\u00f3n Agraria J\u00f3venes Agricultores (ASAJA) de \u00c1vila lamenta que se aporte mayor protecci\u00f3n al lobo que a los ganaderos, que ven como sus animales","breadcrumb":{"@id":"https:\/\/www.asajacyl.com\/avila\/asaja-avila-informa\/nuevo-ataque-lobos-la-ganaderia-abulense-seis-ovejas-muertas-dos-heridas-diez-desaparecidas-serranillos#breadcrumb"},"inLanguage":"es","potentialAction":[{"@type":"ReadAction","target":["https:\/\/www.asajacyl.com\/avila\/asaja-avila-informa\/nuevo-ataque-lobos-la-ganaderia-abulense-seis-ovejas-muertas-dos-heridas-diez-desaparecidas-serranillos"]}]},{"@type":"ImageObject","inLanguage":"es","@id":"https:\/\/www.asajacyl.com\/avila\/asaja-avila-informa\/nuevo-ataque-lobos-la-ganaderia-abulense-seis-ovejas-muertas-dos-heridas-diez-desaparecidas-serranillos#primaryimage","url":"https:\/\/www.asajacyl.com\/avila\/wp-content\/uploads\/sites\/4\/2019\/07\/FOTO-ATAQUE-DE-LOBOS-SERRANILLOS-5.jpg","contentUrl":"https:\/\/www.asajacyl.com\/avila\/wp-content\/uploads\/sites\/4\/2019\/07\/FOTO-ATAQUE-DE-LOBOS-SERRANILLOS-5.jpg","width":1600,"height":1200},{"@type":"BreadcrumbList","@id":"https:\/\/www.asajacyl.com\/avila\/asaja-avila-informa\/nuevo-ataque-lobos-la-ganaderia-abulense-seis-ovejas-muertas-dos-heridas-diez-desaparecidas-serranillos#breadcrumb","itemListElement":[{"@type":"ListItem","position":1,"name":"Portada","item":"https:\/\/www.asajacyl.com\/avila\/"},{"@type":"ListItem","position":2,"name":"Nuevo ataque de lobos a la ganader\u00eda abulense: seis ovejas muertas, dos heridas y diez desaparecidas en Serranillos"}]},{"@type":"WebSite","@id":"https:\/\/www.asajacyl.com\/avila\/#website","url":"https:\/\/www.asajacyl.com\/avila\/","name":"ASAJA \u00c1vila","description":"Otro sitio m\u00e1s de Provincias ASAJA Castilla y Le\u00f3n","potentialAction":[{"@type":"SearchAction","target":{"@type":"EntryPoint","urlTemplate":"https:\/\/www.asajacyl.com\/avila\/?s={search_term_string}"},"query-input":{"@type":"PropertyValueSpecification","valueRequired":true,"valueName":"search_term_string"}}],"inLanguage":"es"},{"@type":"Person","@id":"https:\/\/www.asajacyl.com\/avila\/#\/schema\/person\/daf3c5c7d3afd005798ec283b78826ed","name":"Joaqu\u00edn","image":{"@type":"ImageObject","inLanguage":"es","@id":"https:\/\/www.asajacyl.com\/avila\/#\/schema\/person\/image\/","url":"https:\/\/secure.gravatar.com\/avatar\/8a87f10166ff5a8a3b0c21a125bc069d?s=96&d=mm&r=g","contentUrl":"https:\/\/secure.gravatar.com\/avatar\/8a87f10166ff5a8a3b0c21a125bc069d?s=96&d=mm&r=g","caption":"Joaqu\u00edn"},"url":"https:\/\/www.asajacyl.com\/avila\/author\/joaquinap"}]}},"_links":{"self":[{"href":"https:\/\/www.asajacyl.com\/avila\/wp-json\/wp\/v2\/posts\/5139"}],"collection":[{"href":"https:\/\/www.asajacyl.com\/avila\/wp-json\/wp\/v2\/posts"}],"about":[{"href":"https:\/\/www.asajacyl.com\/avila\/wp-json\/wp\/v2\/types\/post"}],"author":[{"embeddable":true,"href":"https:\/\/www.asajacyl.com\/avila\/wp-json\/wp\/v2\/users\/6"}],"replies":[{"embeddable":true,"href":"https:\/\/www.asajacyl.com\/avila\/wp-json\/wp\/v2\/comments?post=5139"}],"version-history":[{"count":1,"href":"https:\/\/www.asajacyl.com\/avila\/wp-json\/wp\/v2\/posts\/5139\/revisions"}],"predecessor-version":[{"id":5148,"href":"https:\/\/www.asajacyl.com\/avila\/wp-json\/wp\/v2\/posts\/5139\/revisions\/5148"}],"wp:featuredmedia":[{"embeddable":true,"href":"https:\/\/www.asajacyl.com\/avila\/wp-json\/wp\/v2\/media\/5140"}],"wp:attachment":[{"href":"https:\/\/www.asajacyl.com\/avila\/wp-json\/wp\/v2\/media?parent=5139"}],"wp:term":[{"taxonomy":"category","embeddable":true,"href":"https:\/\/www.asajacyl.com\/avila\/wp-json\/wp\/v2\/categories?post=5139"},{"taxonomy":"post_tag","embeddable":true,"href":"https:\/\/www.asajacyl.com\/avila\/wp-json\/wp\/v2\/tags?post=5139"}],"curies":[{"name":"wp","href":"https:\/\/api.w.org\/{rel}","templated":true}]}}