{"id":5208,"date":"2019-08-11T23:36:54","date_gmt":"2019-08-11T21:36:54","guid":{"rendered":"https:\/\/www.asajacyl.com\/avila\/?p=5208"},"modified":"2019-08-11T23:36:54","modified_gmt":"2019-08-11T21:36:54","slug":"menos-palabreria-mas-accion","status":"publish","type":"post","link":"https:\/\/www.asajacyl.com\/avila\/asaja-avila-informa\/menos-palabreria-mas-accion","title":{"rendered":"Menos palabrer\u00eda y m\u00e1s acci\u00f3n"},"content":{"rendered":"<p>Hemos padecido una campa\u00f1a agr\u00edcola caracterizada por la falta de lluvias. Por citar un ejemplo, en la comarca de La Mora\u00f1a las precipitaciones han sido pr\u00e1cticamente nulas, 15 \u00f3 20 litros en muchos de los municipios durante esta primavera. A pesar de que el cereal aguant\u00f3, lleg\u00f3 mayo y el terreno no ten\u00eda nada, estaba seco. La cosecha se fue al traste. Los rendimientos han sido p\u00e9simos y estamos ante un a\u00f1o catastr\u00f3fico del cereal de secano en la provincia de \u00c1vila. E igual de malo ha sido el a\u00f1o en la ganader\u00eda, porque en el sur de \u00c1vila no hay agua para los animales, ni para darlos de beber en muchos casos.<br \/>\nEs una situaci\u00f3n l\u00edmite, de la que no ha escapado el regad\u00edo de Las Cogotas. Esperemos que el nuevo gobierno de la Junta de Castilla y Le\u00f3n se ponga manos a la obra. Hace falta que el nuevo Consejero sea sensible a nuestras necesidades, hace falta liquidez para las explotaciones, tenemos que hacer frente a una nueva sementera, y para ello necesitamos ayuda. Por ello exigimos al gobierno auton\u00f3mico que se pongan en marcha nuevos pr\u00e9stamos, que se conceda una moratoria de los pr\u00e9stamos de 2017 y como no, que haya ayudas directas, porque la normativa de m\u00ednimis de la Uni\u00f3n Europea permite a los estados miembros otorgar ayudas de hasta 25.000 euros por explotaci\u00f3n para situaciones como esta. Eso lo deben abordar conjuntamente la Junta de Castilla y Le\u00f3n y Gobierno de Espa\u00f1a.<br \/>\nAdem\u00e1s necesitamos urgentemente mejoras del seguro agrario, de sus coberturas y rendimientos. No son las adecuadas, y eso hace que apenas un tercio de la superficie de cereal sembrada en la provincia se encuentre cubierta por Agroseguro. Hace falta que el Ministerio de Agricultura a trav\u00e9s de la Entidad Estatal de Seguros Agrarios (ENESA), actualice y mejore los rendimientos de nuestras comarcas cerealistas, y as\u00ed den respuesta al clamor general de los agricultores de la provincia de \u00c1vila.<br \/>\nMe sorprende que ning\u00fan partido pol\u00edtico en la provincia haya alzado la voz sobre este problema, la sequ\u00eda, que tenemos los agricultores y los ganaderos de \u00c1vila. En la Diputaci\u00f3n Provincial existe un \u00e1rea denominado Agricultura, Ganader\u00eda y Desarrollo Rural, precisamente, solo lleva el nombre, no hay medidas reales destinadas al sector, no se toman iniciativas para mejorar el porvenir de los pueblos, de su agricultura y su ganader\u00eda. Fuera de arreglar caminos o de destinar dineros a trav\u00e9s de la marca \u201c\u00c1vila Aut\u00e9ntica\u201d para prebendas pol\u00edticas y cuestiones ajenas al sector agrario, no hay ninguna iniciativa real destinada al sector primario provincial.<br \/>\nEn estos momentos se tendr\u00eda que estar trabajando en facilitar la puesta de puntos de agua en los municipios para poder abastecer a los animales, pero no es as\u00ed. Se podr\u00edan impulsar ayudas para facilitar el acceso y el empleo de los j\u00f3venes al sector agrario. Si solo quieren la propaganda y salir en los medios de comunicaci\u00f3n que sigan con el derroche de dineros con el pretexto de \u201c\u00c1vila Aut\u00e9ntica\u201d. Flaco favor est\u00e1n haciendo a los agricultores y ganaderos y el tejido econ\u00f3mico de nuestros pueblos. Porque no se los olvide a los pol\u00edticos que quienes aportan un buen grano de arena a la econom\u00eda rural son precisamente los profesionales del campo, a los que tienen olvidados.<\/p>\n<p>Joaqu\u00edn Antonio Pino. Presidente de ASAJA de \u00c1vila<\/p>\n","protected":false},"excerpt":{"rendered":"<p>Hemos padecido una campa\u00f1a agr\u00edcola caracterizada por la falta de lluvias. Por citar un ejemplo, en la comarca de La Mora\u00f1a las precipitaciones han sido pr\u00e1cticamente nulas, 15 \u00f3 20 litros en muchos de los municipios durante esta primavera. A pesar de que el cereal aguant\u00f3, lleg\u00f3 mayo y el terreno no ten\u00eda nada, estaba [&hellip;]<\/p>\n","protected":false},"author":6,"featured_media":4081,"comment_status":"open","ping_status":"open","sticky":false,"template":"","format":"standard","meta":{"footnotes":""},"categories":[8,19],"tags":[],"yoast_head":"<!-- This site is optimized with the Yoast SEO plugin v24.5 - https:\/\/yoast.com\/wordpress\/plugins\/seo\/ -->\n<title>Menos palabrer\u00eda y m\u00e1s acci\u00f3n - ASAJA \u00c1vila<\/title>\n<meta name=\"description\" content=\"Hemos padecido una campa\u00f1a agr\u00edcola caracterizada por la falta de lluvias. Por citar un ejemplo, en la comarca de La Mora\u00f1a las precipitaciones han sido\" \/>\n<meta name=\"robots\" content=\"index, follow, max-snippet:-1, max-image-preview:large, max-video-preview:-1\" \/>\n<link rel=\"canonical\" href=\"https:\/\/www.asajacyl.com\/avila\/asaja-avila-informa\/menos-palabreria-mas-accion\" \/>\n<meta property=\"og:locale\" content=\"es_ES\" \/>\n<meta property=\"og:type\" content=\"article\" \/>\n<meta property=\"og:title\" content=\"Menos palabrer\u00eda y m\u00e1s acci\u00f3n - ASAJA \u00c1vila\" \/>\n<meta property=\"og:description\" content=\"Hemos padecido una campa\u00f1a agr\u00edcola caracterizada por la falta de lluvias. Por citar un ejemplo, en la comarca de La Mora\u00f1a las precipitaciones han sido\" \/>\n<meta property=\"og:url\" content=\"https:\/\/www.asajacyl.com\/avila\/asaja-avila-informa\/menos-palabreria-mas-accion\" \/>\n<meta property=\"og:site_name\" content=\"ASAJA \u00c1vila\" \/>\n<meta property=\"article:published_time\" content=\"2019-08-11T21:36:54+00:00\" \/>\n<meta property=\"og:image\" content=\"https:\/\/www.asajacyl.com\/avila\/wp-content\/uploads\/sites\/4\/2018\/09\/ASAMBLEA-GENERAL-2017-36.jpg\" \/>\n\t<meta property=\"og:image:width\" content=\"1200\" \/>\n\t<meta property=\"og:image:height\" content=\"1600\" \/>\n\t<meta property=\"og:image:type\" content=\"image\/jpeg\" \/>\n<meta name=\"author\" content=\"Joaqu\u00edn\" \/>\n<meta name=\"twitter:card\" content=\"summary_large_image\" \/>\n<meta name=\"twitter:label1\" content=\"Escrito por\" \/>\n\t<meta name=\"twitter:data1\" content=\"Joaqu\u00edn\" \/>\n\t<meta name=\"twitter:label2\" content=\"Tiempo de lectura\" \/>\n\t<meta name=\"twitter:data2\" content=\"3 minutos\" \/>\n<script type=\"application\/ld+json\" class=\"yoast-schema-graph\">{\"@context\":\"https:\/\/schema.org\",\"@graph\":[{\"@type\":\"WebPage\",\"@id\":\"https:\/\/www.asajacyl.com\/avila\/asaja-avila-informa\/menos-palabreria-mas-accion\",\"url\":\"https:\/\/www.asajacyl.com\/avila\/asaja-avila-informa\/menos-palabreria-mas-accion\",\"name\":\"Menos palabrer\u00eda y m\u00e1s acci\u00f3n - ASAJA \u00c1vila\",\"isPartOf\":{\"@id\":\"https:\/\/www.asajacyl.com\/avila\/#website\"},\"primaryImageOfPage\":{\"@id\":\"https:\/\/www.asajacyl.com\/avila\/asaja-avila-informa\/menos-palabreria-mas-accion#primaryimage\"},\"image\":{\"@id\":\"https:\/\/www.asajacyl.com\/avila\/asaja-avila-informa\/menos-palabreria-mas-accion#primaryimage\"},\"thumbnailUrl\":\"https:\/\/www.asajacyl.com\/avila\/wp-content\/uploads\/sites\/4\/2018\/09\/ASAMBLEA-GENERAL-2017-36.jpg\",\"datePublished\":\"2019-08-11T21:36:54+00:00\",\"author\":{\"@id\":\"https:\/\/www.asajacyl.com\/avila\/#\/schema\/person\/daf3c5c7d3afd005798ec283b78826ed\"},\"description\":\"Hemos padecido una campa\u00f1a agr\u00edcola caracterizada por la falta de lluvias. Por citar un ejemplo, en la comarca de La Mora\u00f1a las precipitaciones han sido\",\"breadcrumb\":{\"@id\":\"https:\/\/www.asajacyl.com\/avila\/asaja-avila-informa\/menos-palabreria-mas-accion#breadcrumb\"},\"inLanguage\":\"es\",\"potentialAction\":[{\"@type\":\"ReadAction\",\"target\":[\"https:\/\/www.asajacyl.com\/avila\/asaja-avila-informa\/menos-palabreria-mas-accion\"]}]},{\"@type\":\"ImageObject\",\"inLanguage\":\"es\",\"@id\":\"https:\/\/www.asajacyl.com\/avila\/asaja-avila-informa\/menos-palabreria-mas-accion#primaryimage\",\"url\":\"https:\/\/www.asajacyl.com\/avila\/wp-content\/uploads\/sites\/4\/2018\/09\/ASAMBLEA-GENERAL-2017-36.jpg\",\"contentUrl\":\"https:\/\/www.asajacyl.com\/avila\/wp-content\/uploads\/sites\/4\/2018\/09\/ASAMBLEA-GENERAL-2017-36.jpg\",\"width\":1200,\"height\":1600},{\"@type\":\"BreadcrumbList\",\"@id\":\"https:\/\/www.asajacyl.com\/avila\/asaja-avila-informa\/menos-palabreria-mas-accion#breadcrumb\",\"itemListElement\":[{\"@type\":\"ListItem\",\"position\":1,\"name\":\"Portada\",\"item\":\"https:\/\/www.asajacyl.com\/avila\/\"},{\"@type\":\"ListItem\",\"position\":2,\"name\":\"Menos palabrer\u00eda y m\u00e1s acci\u00f3n\"}]},{\"@type\":\"WebSite\",\"@id\":\"https:\/\/www.asajacyl.com\/avila\/#website\",\"url\":\"https:\/\/www.asajacyl.com\/avila\/\",\"name\":\"ASAJA \u00c1vila\",\"description\":\"Otro sitio m\u00e1s de Provincias ASAJA Castilla y Le\u00f3n\",\"potentialAction\":[{\"@type\":\"SearchAction\",\"target\":{\"@type\":\"EntryPoint\",\"urlTemplate\":\"https:\/\/www.asajacyl.com\/avila\/?s={search_term_string}\"},\"query-input\":{\"@type\":\"PropertyValueSpecification\",\"valueRequired\":true,\"valueName\":\"search_term_string\"}}],\"inLanguage\":\"es\"},{\"@type\":\"Person\",\"@id\":\"https:\/\/www.asajacyl.com\/avila\/#\/schema\/person\/daf3c5c7d3afd005798ec283b78826ed\",\"name\":\"Joaqu\u00edn\",\"image\":{\"@type\":\"ImageObject\",\"inLanguage\":\"es\",\"@id\":\"https:\/\/www.asajacyl.com\/avila\/#\/schema\/person\/image\/\",\"url\":\"https:\/\/secure.gravatar.com\/avatar\/8a87f10166ff5a8a3b0c21a125bc069d?s=96&d=mm&r=g\",\"contentUrl\":\"https:\/\/secure.gravatar.com\/avatar\/8a87f10166ff5a8a3b0c21a125bc069d?s=96&d=mm&r=g\",\"caption\":\"Joaqu\u00edn\"},\"url\":\"https:\/\/www.asajacyl.com\/avila\/author\/joaquinap\"}]}<\/script>\n<!-- \/ Yoast SEO plugin. -->","yoast_head_json":{"title":"Menos palabrer\u00eda y m\u00e1s acci\u00f3n - ASAJA \u00c1vila","description":"Hemos padecido una campa\u00f1a agr\u00edcola caracterizada por la falta de lluvias. Por citar un ejemplo, en la comarca de La Mora\u00f1a las precipitaciones han sido","robots":{"index":"index","follow":"follow","max-snippet":"max-snippet:-1","max-image-preview":"max-image-preview:large","max-video-preview":"max-video-preview:-1"},"canonical":"https:\/\/www.asajacyl.com\/avila\/asaja-avila-informa\/menos-palabreria-mas-accion","og_locale":"es_ES","og_type":"article","og_title":"Menos palabrer\u00eda y m\u00e1s acci\u00f3n - ASAJA \u00c1vila","og_description":"Hemos padecido una campa\u00f1a agr\u00edcola caracterizada por la falta de lluvias. Por citar un ejemplo, en la comarca de La Mora\u00f1a las precipitaciones han sido","og_url":"https:\/\/www.asajacyl.com\/avila\/asaja-avila-informa\/menos-palabreria-mas-accion","og_site_name":"ASAJA \u00c1vila","article_published_time":"2019-08-11T21:36:54+00:00","og_image":[{"width":1200,"height":1600,"url":"https:\/\/www.asajacyl.com\/avila\/wp-content\/uploads\/sites\/4\/2018\/09\/ASAMBLEA-GENERAL-2017-36.jpg","type":"image\/jpeg"}],"author":"Joaqu\u00edn","twitter_card":"summary_large_image","twitter_misc":{"Escrito por":"Joaqu\u00edn","Tiempo de lectura":"3 minutos"},"schema":{"@context":"https:\/\/schema.org","@graph":[{"@type":"WebPage","@id":"https:\/\/www.asajacyl.com\/avila\/asaja-avila-informa\/menos-palabreria-mas-accion","url":"https:\/\/www.asajacyl.com\/avila\/asaja-avila-informa\/menos-palabreria-mas-accion","name":"Menos palabrer\u00eda y m\u00e1s acci\u00f3n - ASAJA \u00c1vila","isPartOf":{"@id":"https:\/\/www.asajacyl.com\/avila\/#website"},"primaryImageOfPage":{"@id":"https:\/\/www.asajacyl.com\/avila\/asaja-avila-informa\/menos-palabreria-mas-accion#primaryimage"},"image":{"@id":"https:\/\/www.asajacyl.com\/avila\/asaja-avila-informa\/menos-palabreria-mas-accion#primaryimage"},"thumbnailUrl":"https:\/\/www.asajacyl.com\/avila\/wp-content\/uploads\/sites\/4\/2018\/09\/ASAMBLEA-GENERAL-2017-36.jpg","datePublished":"2019-08-11T21:36:54+00:00","author":{"@id":"https:\/\/www.asajacyl.com\/avila\/#\/schema\/person\/daf3c5c7d3afd005798ec283b78826ed"},"description":"Hemos padecido una campa\u00f1a agr\u00edcola caracterizada por la falta de lluvias. Por citar un ejemplo, en la comarca de La Mora\u00f1a las precipitaciones han sido","breadcrumb":{"@id":"https:\/\/www.asajacyl.com\/avila\/asaja-avila-informa\/menos-palabreria-mas-accion#breadcrumb"},"inLanguage":"es","potentialAction":[{"@type":"ReadAction","target":["https:\/\/www.asajacyl.com\/avila\/asaja-avila-informa\/menos-palabreria-mas-accion"]}]},{"@type":"ImageObject","inLanguage":"es","@id":"https:\/\/www.asajacyl.com\/avila\/asaja-avila-informa\/menos-palabreria-mas-accion#primaryimage","url":"https:\/\/www.asajacyl.com\/avila\/wp-content\/uploads\/sites\/4\/2018\/09\/ASAMBLEA-GENERAL-2017-36.jpg","contentUrl":"https:\/\/www.asajacyl.com\/avila\/wp-content\/uploads\/sites\/4\/2018\/09\/ASAMBLEA-GENERAL-2017-36.jpg","width":1200,"height":1600},{"@type":"BreadcrumbList","@id":"https:\/\/www.asajacyl.com\/avila\/asaja-avila-informa\/menos-palabreria-mas-accion#breadcrumb","itemListElement":[{"@type":"ListItem","position":1,"name":"Portada","item":"https:\/\/www.asajacyl.com\/avila\/"},{"@type":"ListItem","position":2,"name":"Menos palabrer\u00eda y m\u00e1s acci\u00f3n"}]},{"@type":"WebSite","@id":"https:\/\/www.asajacyl.com\/avila\/#website","url":"https:\/\/www.asajacyl.com\/avila\/","name":"ASAJA \u00c1vila","description":"Otro sitio m\u00e1s de Provincias ASAJA Castilla y Le\u00f3n","potentialAction":[{"@type":"SearchAction","target":{"@type":"EntryPoint","urlTemplate":"https:\/\/www.asajacyl.com\/avila\/?s={search_term_string}"},"query-input":{"@type":"PropertyValueSpecification","valueRequired":true,"valueName":"search_term_string"}}],"inLanguage":"es"},{"@type":"Person","@id":"https:\/\/www.asajacyl.com\/avila\/#\/schema\/person\/daf3c5c7d3afd005798ec283b78826ed","name":"Joaqu\u00edn","image":{"@type":"ImageObject","inLanguage":"es","@id":"https:\/\/www.asajacyl.com\/avila\/#\/schema\/person\/image\/","url":"https:\/\/secure.gravatar.com\/avatar\/8a87f10166ff5a8a3b0c21a125bc069d?s=96&d=mm&r=g","contentUrl":"https:\/\/secure.gravatar.com\/avatar\/8a87f10166ff5a8a3b0c21a125bc069d?s=96&d=mm&r=g","caption":"Joaqu\u00edn"},"url":"https:\/\/www.asajacyl.com\/avila\/author\/joaquinap"}]}},"_links":{"self":[{"href":"https:\/\/www.asajacyl.com\/avila\/wp-json\/wp\/v2\/posts\/5208"}],"collection":[{"href":"https:\/\/www.asajacyl.com\/avila\/wp-json\/wp\/v2\/posts"}],"about":[{"href":"https:\/\/www.asajacyl.com\/avila\/wp-json\/wp\/v2\/types\/post"}],"author":[{"embeddable":true,"href":"https:\/\/www.asajacyl.com\/avila\/wp-json\/wp\/v2\/users\/6"}],"replies":[{"embeddable":true,"href":"https:\/\/www.asajacyl.com\/avila\/wp-json\/wp\/v2\/comments?post=5208"}],"version-history":[{"count":1,"href":"https:\/\/www.asajacyl.com\/avila\/wp-json\/wp\/v2\/posts\/5208\/revisions"}],"predecessor-version":[{"id":5209,"href":"https:\/\/www.asajacyl.com\/avila\/wp-json\/wp\/v2\/posts\/5208\/revisions\/5209"}],"wp:featuredmedia":[{"embeddable":true,"href":"https:\/\/www.asajacyl.com\/avila\/wp-json\/wp\/v2\/media\/4081"}],"wp:attachment":[{"href":"https:\/\/www.asajacyl.com\/avila\/wp-json\/wp\/v2\/media?parent=5208"}],"wp:term":[{"taxonomy":"category","embeddable":true,"href":"https:\/\/www.asajacyl.com\/avila\/wp-json\/wp\/v2\/categories?post=5208"},{"taxonomy":"post_tag","embeddable":true,"href":"https:\/\/www.asajacyl.com\/avila\/wp-json\/wp\/v2\/tags?post=5208"}],"curies":[{"name":"wp","href":"https:\/\/api.w.org\/{rel}","templated":true}]}}