{"id":5229,"date":"2019-08-23T11:55:03","date_gmt":"2019-08-23T09:55:03","guid":{"rendered":"https:\/\/www.asajacyl.com\/avila\/?p=5229"},"modified":"2019-08-28T12:23:09","modified_gmt":"2019-08-28T10:23:09","slug":"asaja-avila-lamenta-la-dejacion-funciones-delegacion-territorial-al-dejar-solos-los-ganaderos-tras-incendios-devastadores","status":"publish","type":"post","link":"https:\/\/www.asajacyl.com\/avila\/asaja-avila-informa\/asaja-avila-lamenta-la-dejacion-funciones-delegacion-territorial-al-dejar-solos-los-ganaderos-tras-incendios-devastadores","title":{"rendered":"ASAJA de \u00c1vila lamenta la dejaci\u00f3n de funciones de Delegaci\u00f3n Territorial al dejar solos a los ganaderos tras incendios devastadores"},"content":{"rendered":"<p style=\"text-align: left\"><strong>\u00a0<\/strong><strong><em>La provincia de \u00c1vila recibe un trato<\/em><\/strong><strong><em> discriminatorio respecto del resto de provincias castellano leonesas.<\/em><\/strong><\/p>\n<p><strong>La organizaci\u00f3n agraria <em>J\u00f3venes Agricultores<\/em>, ASAJA de \u00c1vila, sigue sin entender el tratamiento discriminatorio que se viene dispensado a ganaderos de \u00c1vila respecto de provincias lim\u00edtrofes, en cuanto al levantamiento de la suspensi\u00f3n del aprovechamiento ganadero en los pastos tras los incendias. <\/strong><\/p>\n<p>ASAJA se pregunta si la Delegaci\u00f3n Territorial de la Junta de Castilla y Le\u00f3n en \u00c1vila, a trav\u00e9s de su Servicio Territorial de Medio Ambiente, va a seguir en su cerraz\u00f3n haciendo que la ganader\u00eda extensiva sea la gran perjudicada de los incendios que est\u00e1n sucediendo este verano.<\/p>\n<p>Dejaci\u00f3n de funciones o absoluto abandono, eso es lo que han sufrido los ganaderos afectados por los incendios en los \u00faltimos a\u00f1os en la provincia por parte de la Delegaci\u00f3n Territorial de la Junta de Castilla y Le\u00f3n en \u00c1vila, mirando hacia otro lado y sin agallas pol\u00edticas que hicieran imperar el sentido com\u00fan en las il\u00f3gicas decisiones adoptadas.<\/p>\n<p>En los \u00faltimos tiempos, los responsables del Servicio Territorial de Medio Ambiente de \u00c1vila se han caracterizado por la falta de soluciones en las materias de su competencia, por ejemplo, de los ganaderos que se vieron sorprendidos con incendios en el 2017 en las comarcas abulenses de Gredos, Barco \u00f3 Piedrah\u00edta, a los cuales se les ha mantenido el \u201carresto\u201d sin levantarlos la suspensi\u00f3n del aprovechamiento de pastos, con los perjuicios econ\u00f3micos que esto acarrea en cuestiones como su solicitud anual de ayudas PAC.<\/p>\n<p>En el a\u00f1o 2017, ASAJA arranc\u00f3 el compromiso del ahora y entonces Consejero Fomento y Medio Ambiente de la Junta de Castilla y Le\u00f3n, Juan Carlos Su\u00e1rez-Qui\u00f1ones, de buscar soluciones a esta il\u00f3gica situaci\u00f3n en las diferentes provincias afectadas por los incendios. Y es que recuerdan desde la organizaci\u00f3n agraria, que una vez que un ganadero sufre un incendio en sus pastos, la legislaci\u00f3n penaliza gravemente al ganadero durante los cinco a\u00f1os posteriores al fuego en cuestiones como que las superficies dejan de ser elegibles para ejercer los derechos de pago b\u00e1sico en la PAC.<\/p>\n<p>ASAJA de \u00c1vila ya denunci\u00f3 este trato discriminatorio que vienen sufriendo los ganaderos de \u00c1vila respecto a los del resto de provincias castellano leonesas que han solucionado este asunto, mediante\u00a0 escrito dirigido a la responsable y jefa del Servicio Territorial de Medio Ambiente de \u00c1vila el pasado 19 de diciembre de 2018, sin que hasta la fecha se haya resuelto ese trato desigual.<\/p>\n<p>El presidente de ASAJA de \u00c1vila, Joaqu\u00edn Antonio Pino, se preguntaba entonces y se sigue preguntando ahora por qu\u00e9 \u00c1vila se convierte en una provincia de segunda categor\u00eda con respecto de otros territorios de la Comunidad Aut\u00f3noma. Por este motivo, lanza un mensaje al m\u00e1ximo responsable de la Delegaci\u00f3n Territorial de la Junta de Castilla y Le\u00f3n en \u00c1vila para que solucione de una vez por todas esta desgraciada situaci\u00f3n, ya que los ganaderos que se hayan podido ver afectados por los fuegos de este verano, se ver\u00e1n involucrados en posteriores problemas si no se adoptan medidas de inmediato.<\/p>\n<p>ASAJA asegura que pese a la buena disposici\u00f3n e involucraci\u00f3n del Consejero de Fomento y Medio Ambiente de la Junta de Castilla y Le\u00f3n para resolver este y otros problemas, si la Delegaci\u00f3n Territorial en la provincia de \u00c1vila no tiene esa misma disposici\u00f3n y deja de ver al ganadero como enemigo y no como un aliado mediante el pastoreo que realiza su ganader\u00eda extensiva en la lucha contra los incendios, lo que se est\u00e1 haciendo en \u00c1vila es echar al ganadero y fomentar que no haya relevo generacional, algo contrario a la lucha contra la despoblaci\u00f3n y a frenar la Espa\u00f1a Vaciada que tanto usa en campa\u00f1a la clase pol\u00edtica.<\/p>\n","protected":false},"excerpt":{"rendered":"<p>\u00a0La provincia de \u00c1vila recibe un trato discriminatorio respecto del resto de provincias castellano leonesas. La organizaci\u00f3n agraria J\u00f3venes Agricultores, ASAJA de \u00c1vila, sigue sin entender el tratamiento discriminatorio que se viene dispensado a ganaderos de \u00c1vila respecto de provincias lim\u00edtrofes, en cuanto al levantamiento de la suspensi\u00f3n del aprovechamiento ganadero en los pastos tras [&hellip;]<\/p>\n","protected":false},"author":6,"featured_media":5230,"comment_status":"open","ping_status":"open","sticky":false,"template":"","format":"standard","meta":{"footnotes":""},"categories":[8,18],"tags":[],"yoast_head":"<!-- This site is optimized with the Yoast SEO plugin v24.5 - https:\/\/yoast.com\/wordpress\/plugins\/seo\/ -->\n<title>ASAJA de \u00c1vila lamenta la dejaci\u00f3n de funciones de Delegaci\u00f3n Territorial al dejar solos a los ganaderos tras incendios devastadores - ASAJA \u00c1vila<\/title>\n<meta name=\"description\" content=\"\u00a0La provincia de \u00c1vila recibe un trato discriminatorio respecto del resto de provincias castellano leonesas. La organizaci\u00f3n agraria J\u00f3venes Agricultores,\" \/>\n<meta name=\"robots\" content=\"index, follow, max-snippet:-1, max-image-preview:large, max-video-preview:-1\" \/>\n<link rel=\"canonical\" href=\"https:\/\/www.asajacyl.com\/avila\/asaja-avila-informa\/asaja-avila-lamenta-la-dejacion-funciones-delegacion-territorial-al-dejar-solos-los-ganaderos-tras-incendios-devastadores\" \/>\n<meta property=\"og:locale\" content=\"es_ES\" \/>\n<meta property=\"og:type\" content=\"article\" \/>\n<meta property=\"og:title\" content=\"ASAJA de \u00c1vila lamenta la dejaci\u00f3n de funciones de Delegaci\u00f3n Territorial al dejar solos a los ganaderos tras incendios devastadores - ASAJA \u00c1vila\" \/>\n<meta property=\"og:description\" content=\"\u00a0La provincia de \u00c1vila recibe un trato discriminatorio respecto del resto de provincias castellano leonesas. La organizaci\u00f3n agraria J\u00f3venes Agricultores,\" \/>\n<meta property=\"og:url\" content=\"https:\/\/www.asajacyl.com\/avila\/asaja-avila-informa\/asaja-avila-lamenta-la-dejacion-funciones-delegacion-territorial-al-dejar-solos-los-ganaderos-tras-incendios-devastadores\" \/>\n<meta property=\"og:site_name\" content=\"ASAJA \u00c1vila\" \/>\n<meta property=\"article:published_time\" content=\"2019-08-23T09:55:03+00:00\" \/>\n<meta property=\"article:modified_time\" content=\"2019-08-28T10:23:09+00:00\" \/>\n<meta property=\"og:image\" content=\"https:\/\/www.asajacyl.com\/avila\/wp-content\/uploads\/sites\/4\/2019\/08\/FOTO-JORNADA-INFORMATIVA-3.jpg\" \/>\n\t<meta property=\"og:image:width\" content=\"1599\" \/>\n\t<meta property=\"og:image:height\" content=\"1200\" \/>\n\t<meta property=\"og:image:type\" content=\"image\/jpeg\" \/>\n<meta name=\"author\" content=\"Joaqu\u00edn\" \/>\n<meta name=\"twitter:card\" content=\"summary_large_image\" \/>\n<meta name=\"twitter:label1\" content=\"Escrito por\" \/>\n\t<meta name=\"twitter:data1\" content=\"Joaqu\u00edn\" \/>\n\t<meta name=\"twitter:label2\" content=\"Tiempo de lectura\" \/>\n\t<meta name=\"twitter:data2\" content=\"3 minutos\" \/>\n<script type=\"application\/ld+json\" class=\"yoast-schema-graph\">{\"@context\":\"https:\/\/schema.org\",\"@graph\":[{\"@type\":\"WebPage\",\"@id\":\"https:\/\/www.asajacyl.com\/avila\/asaja-avila-informa\/asaja-avila-lamenta-la-dejacion-funciones-delegacion-territorial-al-dejar-solos-los-ganaderos-tras-incendios-devastadores\",\"url\":\"https:\/\/www.asajacyl.com\/avila\/asaja-avila-informa\/asaja-avila-lamenta-la-dejacion-funciones-delegacion-territorial-al-dejar-solos-los-ganaderos-tras-incendios-devastadores\",\"name\":\"ASAJA de \u00c1vila lamenta la dejaci\u00f3n de funciones de Delegaci\u00f3n Territorial al dejar solos a los ganaderos tras incendios devastadores - ASAJA \u00c1vila\",\"isPartOf\":{\"@id\":\"https:\/\/www.asajacyl.com\/avila\/#website\"},\"primaryImageOfPage\":{\"@id\":\"https:\/\/www.asajacyl.com\/avila\/asaja-avila-informa\/asaja-avila-lamenta-la-dejacion-funciones-delegacion-territorial-al-dejar-solos-los-ganaderos-tras-incendios-devastadores#primaryimage\"},\"image\":{\"@id\":\"https:\/\/www.asajacyl.com\/avila\/asaja-avila-informa\/asaja-avila-lamenta-la-dejacion-funciones-delegacion-territorial-al-dejar-solos-los-ganaderos-tras-incendios-devastadores#primaryimage\"},\"thumbnailUrl\":\"https:\/\/www.asajacyl.com\/avila\/wp-content\/uploads\/sites\/4\/2019\/08\/FOTO-JORNADA-INFORMATIVA-3.jpg\",\"datePublished\":\"2019-08-23T09:55:03+00:00\",\"dateModified\":\"2019-08-28T10:23:09+00:00\",\"author\":{\"@id\":\"https:\/\/www.asajacyl.com\/avila\/#\/schema\/person\/daf3c5c7d3afd005798ec283b78826ed\"},\"description\":\"\u00a0La provincia de \u00c1vila recibe un trato discriminatorio respecto del resto de provincias castellano leonesas. La organizaci\u00f3n agraria J\u00f3venes Agricultores,\",\"breadcrumb\":{\"@id\":\"https:\/\/www.asajacyl.com\/avila\/asaja-avila-informa\/asaja-avila-lamenta-la-dejacion-funciones-delegacion-territorial-al-dejar-solos-los-ganaderos-tras-incendios-devastadores#breadcrumb\"},\"inLanguage\":\"es\",\"potentialAction\":[{\"@type\":\"ReadAction\",\"target\":[\"https:\/\/www.asajacyl.com\/avila\/asaja-avila-informa\/asaja-avila-lamenta-la-dejacion-funciones-delegacion-territorial-al-dejar-solos-los-ganaderos-tras-incendios-devastadores\"]}]},{\"@type\":\"ImageObject\",\"inLanguage\":\"es\",\"@id\":\"https:\/\/www.asajacyl.com\/avila\/asaja-avila-informa\/asaja-avila-lamenta-la-dejacion-funciones-delegacion-territorial-al-dejar-solos-los-ganaderos-tras-incendios-devastadores#primaryimage\",\"url\":\"https:\/\/www.asajacyl.com\/avila\/wp-content\/uploads\/sites\/4\/2019\/08\/FOTO-JORNADA-INFORMATIVA-3.jpg\",\"contentUrl\":\"https:\/\/www.asajacyl.com\/avila\/wp-content\/uploads\/sites\/4\/2019\/08\/FOTO-JORNADA-INFORMATIVA-3.jpg\",\"width\":1599,\"height\":1200},{\"@type\":\"BreadcrumbList\",\"@id\":\"https:\/\/www.asajacyl.com\/avila\/asaja-avila-informa\/asaja-avila-lamenta-la-dejacion-funciones-delegacion-territorial-al-dejar-solos-los-ganaderos-tras-incendios-devastadores#breadcrumb\",\"itemListElement\":[{\"@type\":\"ListItem\",\"position\":1,\"name\":\"Portada\",\"item\":\"https:\/\/www.asajacyl.com\/avila\/\"},{\"@type\":\"ListItem\",\"position\":2,\"name\":\"ASAJA de \u00c1vila lamenta la dejaci\u00f3n de funciones de Delegaci\u00f3n Territorial al dejar solos a los ganaderos tras incendios devastadores\"}]},{\"@type\":\"WebSite\",\"@id\":\"https:\/\/www.asajacyl.com\/avila\/#website\",\"url\":\"https:\/\/www.asajacyl.com\/avila\/\",\"name\":\"ASAJA \u00c1vila\",\"description\":\"Otro sitio m\u00e1s de Provincias ASAJA Castilla y Le\u00f3n\",\"potentialAction\":[{\"@type\":\"SearchAction\",\"target\":{\"@type\":\"EntryPoint\",\"urlTemplate\":\"https:\/\/www.asajacyl.com\/avila\/?s={search_term_string}\"},\"query-input\":{\"@type\":\"PropertyValueSpecification\",\"valueRequired\":true,\"valueName\":\"search_term_string\"}}],\"inLanguage\":\"es\"},{\"@type\":\"Person\",\"@id\":\"https:\/\/www.asajacyl.com\/avila\/#\/schema\/person\/daf3c5c7d3afd005798ec283b78826ed\",\"name\":\"Joaqu\u00edn\",\"image\":{\"@type\":\"ImageObject\",\"inLanguage\":\"es\",\"@id\":\"https:\/\/www.asajacyl.com\/avila\/#\/schema\/person\/image\/\",\"url\":\"https:\/\/secure.gravatar.com\/avatar\/8a87f10166ff5a8a3b0c21a125bc069d?s=96&d=mm&r=g\",\"contentUrl\":\"https:\/\/secure.gravatar.com\/avatar\/8a87f10166ff5a8a3b0c21a125bc069d?s=96&d=mm&r=g\",\"caption\":\"Joaqu\u00edn\"},\"url\":\"https:\/\/www.asajacyl.com\/avila\/author\/joaquinap\"}]}<\/script>\n<!-- \/ Yoast SEO plugin. -->","yoast_head_json":{"title":"ASAJA de \u00c1vila lamenta la dejaci\u00f3n de funciones de Delegaci\u00f3n Territorial al dejar solos a los ganaderos tras incendios devastadores - ASAJA \u00c1vila","description":"\u00a0La provincia de \u00c1vila recibe un trato discriminatorio respecto del resto de provincias castellano leonesas. La organizaci\u00f3n agraria J\u00f3venes Agricultores,","robots":{"index":"index","follow":"follow","max-snippet":"max-snippet:-1","max-image-preview":"max-image-preview:large","max-video-preview":"max-video-preview:-1"},"canonical":"https:\/\/www.asajacyl.com\/avila\/asaja-avila-informa\/asaja-avila-lamenta-la-dejacion-funciones-delegacion-territorial-al-dejar-solos-los-ganaderos-tras-incendios-devastadores","og_locale":"es_ES","og_type":"article","og_title":"ASAJA de \u00c1vila lamenta la dejaci\u00f3n de funciones de Delegaci\u00f3n Territorial al dejar solos a los ganaderos tras incendios devastadores - ASAJA \u00c1vila","og_description":"\u00a0La provincia de \u00c1vila recibe un trato discriminatorio respecto del resto de provincias castellano leonesas. La organizaci\u00f3n agraria J\u00f3venes Agricultores,","og_url":"https:\/\/www.asajacyl.com\/avila\/asaja-avila-informa\/asaja-avila-lamenta-la-dejacion-funciones-delegacion-territorial-al-dejar-solos-los-ganaderos-tras-incendios-devastadores","og_site_name":"ASAJA \u00c1vila","article_published_time":"2019-08-23T09:55:03+00:00","article_modified_time":"2019-08-28T10:23:09+00:00","og_image":[{"width":1599,"height":1200,"url":"https:\/\/www.asajacyl.com\/avila\/wp-content\/uploads\/sites\/4\/2019\/08\/FOTO-JORNADA-INFORMATIVA-3.jpg","type":"image\/jpeg"}],"author":"Joaqu\u00edn","twitter_card":"summary_large_image","twitter_misc":{"Escrito por":"Joaqu\u00edn","Tiempo de lectura":"3 minutos"},"schema":{"@context":"https:\/\/schema.org","@graph":[{"@type":"WebPage","@id":"https:\/\/www.asajacyl.com\/avila\/asaja-avila-informa\/asaja-avila-lamenta-la-dejacion-funciones-delegacion-territorial-al-dejar-solos-los-ganaderos-tras-incendios-devastadores","url":"https:\/\/www.asajacyl.com\/avila\/asaja-avila-informa\/asaja-avila-lamenta-la-dejacion-funciones-delegacion-territorial-al-dejar-solos-los-ganaderos-tras-incendios-devastadores","name":"ASAJA de \u00c1vila lamenta la dejaci\u00f3n de funciones de Delegaci\u00f3n Territorial al dejar solos a los ganaderos tras incendios devastadores - ASAJA \u00c1vila","isPartOf":{"@id":"https:\/\/www.asajacyl.com\/avila\/#website"},"primaryImageOfPage":{"@id":"https:\/\/www.asajacyl.com\/avila\/asaja-avila-informa\/asaja-avila-lamenta-la-dejacion-funciones-delegacion-territorial-al-dejar-solos-los-ganaderos-tras-incendios-devastadores#primaryimage"},"image":{"@id":"https:\/\/www.asajacyl.com\/avila\/asaja-avila-informa\/asaja-avila-lamenta-la-dejacion-funciones-delegacion-territorial-al-dejar-solos-los-ganaderos-tras-incendios-devastadores#primaryimage"},"thumbnailUrl":"https:\/\/www.asajacyl.com\/avila\/wp-content\/uploads\/sites\/4\/2019\/08\/FOTO-JORNADA-INFORMATIVA-3.jpg","datePublished":"2019-08-23T09:55:03+00:00","dateModified":"2019-08-28T10:23:09+00:00","author":{"@id":"https:\/\/www.asajacyl.com\/avila\/#\/schema\/person\/daf3c5c7d3afd005798ec283b78826ed"},"description":"\u00a0La provincia de \u00c1vila recibe un trato discriminatorio respecto del resto de provincias castellano leonesas. La organizaci\u00f3n agraria J\u00f3venes Agricultores,","breadcrumb":{"@id":"https:\/\/www.asajacyl.com\/avila\/asaja-avila-informa\/asaja-avila-lamenta-la-dejacion-funciones-delegacion-territorial-al-dejar-solos-los-ganaderos-tras-incendios-devastadores#breadcrumb"},"inLanguage":"es","potentialAction":[{"@type":"ReadAction","target":["https:\/\/www.asajacyl.com\/avila\/asaja-avila-informa\/asaja-avila-lamenta-la-dejacion-funciones-delegacion-territorial-al-dejar-solos-los-ganaderos-tras-incendios-devastadores"]}]},{"@type":"ImageObject","inLanguage":"es","@id":"https:\/\/www.asajacyl.com\/avila\/asaja-avila-informa\/asaja-avila-lamenta-la-dejacion-funciones-delegacion-territorial-al-dejar-solos-los-ganaderos-tras-incendios-devastadores#primaryimage","url":"https:\/\/www.asajacyl.com\/avila\/wp-content\/uploads\/sites\/4\/2019\/08\/FOTO-JORNADA-INFORMATIVA-3.jpg","contentUrl":"https:\/\/www.asajacyl.com\/avila\/wp-content\/uploads\/sites\/4\/2019\/08\/FOTO-JORNADA-INFORMATIVA-3.jpg","width":1599,"height":1200},{"@type":"BreadcrumbList","@id":"https:\/\/www.asajacyl.com\/avila\/asaja-avila-informa\/asaja-avila-lamenta-la-dejacion-funciones-delegacion-territorial-al-dejar-solos-los-ganaderos-tras-incendios-devastadores#breadcrumb","itemListElement":[{"@type":"ListItem","position":1,"name":"Portada","item":"https:\/\/www.asajacyl.com\/avila\/"},{"@type":"ListItem","position":2,"name":"ASAJA de \u00c1vila lamenta la dejaci\u00f3n de funciones de Delegaci\u00f3n Territorial al dejar solos a los ganaderos tras incendios devastadores"}]},{"@type":"WebSite","@id":"https:\/\/www.asajacyl.com\/avila\/#website","url":"https:\/\/www.asajacyl.com\/avila\/","name":"ASAJA \u00c1vila","description":"Otro sitio m\u00e1s de Provincias ASAJA Castilla y Le\u00f3n","potentialAction":[{"@type":"SearchAction","target":{"@type":"EntryPoint","urlTemplate":"https:\/\/www.asajacyl.com\/avila\/?s={search_term_string}"},"query-input":{"@type":"PropertyValueSpecification","valueRequired":true,"valueName":"search_term_string"}}],"inLanguage":"es"},{"@type":"Person","@id":"https:\/\/www.asajacyl.com\/avila\/#\/schema\/person\/daf3c5c7d3afd005798ec283b78826ed","name":"Joaqu\u00edn","image":{"@type":"ImageObject","inLanguage":"es","@id":"https:\/\/www.asajacyl.com\/avila\/#\/schema\/person\/image\/","url":"https:\/\/secure.gravatar.com\/avatar\/8a87f10166ff5a8a3b0c21a125bc069d?s=96&d=mm&r=g","contentUrl":"https:\/\/secure.gravatar.com\/avatar\/8a87f10166ff5a8a3b0c21a125bc069d?s=96&d=mm&r=g","caption":"Joaqu\u00edn"},"url":"https:\/\/www.asajacyl.com\/avila\/author\/joaquinap"}]}},"_links":{"self":[{"href":"https:\/\/www.asajacyl.com\/avila\/wp-json\/wp\/v2\/posts\/5229"}],"collection":[{"href":"https:\/\/www.asajacyl.com\/avila\/wp-json\/wp\/v2\/posts"}],"about":[{"href":"https:\/\/www.asajacyl.com\/avila\/wp-json\/wp\/v2\/types\/post"}],"author":[{"embeddable":true,"href":"https:\/\/www.asajacyl.com\/avila\/wp-json\/wp\/v2\/users\/6"}],"replies":[{"embeddable":true,"href":"https:\/\/www.asajacyl.com\/avila\/wp-json\/wp\/v2\/comments?post=5229"}],"version-history":[{"count":5,"href":"https:\/\/www.asajacyl.com\/avila\/wp-json\/wp\/v2\/posts\/5229\/revisions"}],"predecessor-version":[{"id":5236,"href":"https:\/\/www.asajacyl.com\/avila\/wp-json\/wp\/v2\/posts\/5229\/revisions\/5236"}],"wp:featuredmedia":[{"embeddable":true,"href":"https:\/\/www.asajacyl.com\/avila\/wp-json\/wp\/v2\/media\/5230"}],"wp:attachment":[{"href":"https:\/\/www.asajacyl.com\/avila\/wp-json\/wp\/v2\/media?parent=5229"}],"wp:term":[{"taxonomy":"category","embeddable":true,"href":"https:\/\/www.asajacyl.com\/avila\/wp-json\/wp\/v2\/categories?post=5229"},{"taxonomy":"post_tag","embeddable":true,"href":"https:\/\/www.asajacyl.com\/avila\/wp-json\/wp\/v2\/tags?post=5229"}],"curies":[{"name":"wp","href":"https:\/\/api.w.org\/{rel}","templated":true}]}}