{"id":5270,"date":"2019-09-04T11:28:59","date_gmt":"2019-09-04T09:28:59","guid":{"rendered":"https:\/\/www.asajacyl.com\/avila\/?p=5270"},"modified":"2019-09-20T17:45:22","modified_gmt":"2019-09-20T15:45:22","slug":"asaja-avila-urge-medidas-las-comarcas-agrarias-mas-castigadas-la-sequia","status":"publish","type":"post","link":"https:\/\/www.asajacyl.com\/avila\/asaja-avila-informa\/asaja-avila-urge-medidas-las-comarcas-agrarias-mas-castigadas-la-sequia","title":{"rendered":"ASAJA-\u00c1vila urge medidas para las comarcas agrarias m\u00e1s castigadas por la sequ\u00eda"},"content":{"rendered":"<p>Desgraciadamente los profesionales del campo han afrontado nuevamente una nefasta campa\u00f1a agr\u00edcola. Ya son dos a\u00f1os desastrosos de tres en las \u00faltimas campa\u00f1as, una situaci\u00f3n que no hay negocio que la aguante, y m\u00e1s en el caso de los agricultores y ganaderos que son en su mayor\u00eda peque\u00f1as y medianas explotaciones pilotadas por profesionales aut\u00f3nomos.<\/p>\n<p>Si grave es esta situaci\u00f3n, a\u00fan lo es m\u00e1s en determinadas comarcas agrarias como la de Ar\u00e9valo-Madrigal y zonas colindantes de las provincias\u00a0 lim\u00edtrofes donde la cosecha ha sido catastr\u00f3fica uni\u00e9ndose a la nula cosecha de 2017 y a las adversidades clim\u00e1ticas en forma de pedrisco sufridas en 2018 que devastaron muchos t\u00e9rminos municipales.<\/p>\n<p>La Asociaci\u00f3n Agraria <em>J\u00f3venes Agricultores<\/em>, ASAJA de \u00c1vila, exige medidas excepcionales para los agricultores y ganaderos de estas comarcas agrarias, para que no se queden en el olvido de las administraciones diluidos los datos en el conjunto del agro.<\/p>\n<p>ASAJA de \u00c1vila ya ha puesto de manifiesto ante la opini\u00f3n p\u00fablica que las p\u00e9rdidas econ\u00f3micas que ha ocasionado a d\u00eda de hoy la tremenda sequ\u00eda que atravesamos ascienden a la friolera de los 100 millones solo en la provincia de \u00c1vila, cuando en el resto del territorio nacional se cifran en su conjunto en 1.000 millones. \u00c1vila es la gran damnificada.<\/p>\n<p>ASAJA demanda la puesta de medidas urgentes de forma inmediata. La organizaci\u00f3n agraria valora positivamente la inminente convocatoria por parte de la Junta de Castilla y Le\u00f3n de subvenciones acogidas al r\u00e9gimen de m\u00ednimis destinadas a garantizar el suministro de agua a las explotaciones ganaderas en r\u00e9gimen extensivo, as\u00ed como espera que a la mayor brevedad se articulen el resto de medidas anunciadas por el ejecutivo regional: carencia de un\u00a0 a\u00f1o a los pr\u00e9stamos de 2017, la puesta en marcha de una nueva l\u00ednea de pr\u00e9stamos, bonificaciones fiscales, la exenci\u00f3n del pago de tasas por servicios agroganaderos o el incremento del porcentaje del anticipo de ayudas de la PAC.<\/p>\n<p>Para <strong>ASAJA de \u00c1vila<\/strong> estas mediadas son claramente insuficientes para los agricultores de las comarcas agrarias donde se ha cebado especialmente la sequ\u00eda. Por eso <strong>urge a todas las administraciones<\/strong> competentes para que articulen a mayores <strong><u>tres medidas<\/u><\/strong> que permite y contempla la legislaci\u00f3n y que en otras ocasiones similares ya han sido utilizadas:<\/p>\n<p>1)\u00a0\u00a0 <strong>Pr\u00e9stamos<\/strong> acogidos al r\u00e9gimen de ayudas m\u00ednimis, <strong>en los que se bonifiquen los intereses y se subvencione el 25% de la amortizaci\u00f3n del principal<\/strong>, de forma similar a como se hizo y se afront\u00f3 la sequ\u00eda de 2005.<\/p>\n<p>2)\u00a0\u00a0 <strong>Condonaci\u00f3n del pago de las cuotas a la seguridad social durante 12 meses<\/strong>.<\/p>\n<p>3)\u00a0\u00a0 <strong>Mejora de las coberturas y rendimientos del seguro agrario<\/strong>, acompa\u00f1ada de una <strong>recuperaci\u00f3n del 10% de la subvenci\u00f3n al seguro<\/strong> recortada en 2017 por parte del Ministerio de Agricultura, <strong>y un mayor apoyo econ\u00f3mico del resto de Administraciones<\/strong> \u2013regional y provincial\u2013.<\/p>\n","protected":false},"excerpt":{"rendered":"<p>Desgraciadamente los profesionales del campo han afrontado nuevamente una nefasta campa\u00f1a agr\u00edcola. Ya son dos a\u00f1os desastrosos de tres en las \u00faltimas campa\u00f1as, una situaci\u00f3n que no hay negocio que la aguante, y m\u00e1s en el caso de los agricultores y ganaderos que son en su mayor\u00eda peque\u00f1as y medianas explotaciones pilotadas por profesionales aut\u00f3nomos. [&hellip;]<\/p>\n","protected":false},"author":6,"featured_media":5271,"comment_status":"open","ping_status":"open","sticky":false,"template":"","format":"standard","meta":{"footnotes":""},"categories":[8,18],"tags":[],"yoast_head":"<!-- This site is optimized with the Yoast SEO plugin v24.5 - https:\/\/yoast.com\/wordpress\/plugins\/seo\/ -->\n<title>ASAJA-\u00c1vila urge medidas para las comarcas agrarias m\u00e1s castigadas por la sequ\u00eda - ASAJA \u00c1vila<\/title>\n<meta name=\"description\" content=\"Desgraciadamente los profesionales del campo han afrontado nuevamente una nefasta campa\u00f1a agr\u00edcola. Ya son dos a\u00f1os desastrosos de tres en las \u00faltimas\" \/>\n<meta name=\"robots\" content=\"index, follow, max-snippet:-1, max-image-preview:large, max-video-preview:-1\" \/>\n<link rel=\"canonical\" href=\"https:\/\/www.asajacyl.com\/avila\/asaja-avila-informa\/asaja-avila-urge-medidas-las-comarcas-agrarias-mas-castigadas-la-sequia\" \/>\n<meta property=\"og:locale\" content=\"es_ES\" \/>\n<meta property=\"og:type\" content=\"article\" \/>\n<meta property=\"og:title\" content=\"ASAJA-\u00c1vila urge medidas para las comarcas agrarias m\u00e1s castigadas por la sequ\u00eda - ASAJA \u00c1vila\" \/>\n<meta property=\"og:description\" content=\"Desgraciadamente los profesionales del campo han afrontado nuevamente una nefasta campa\u00f1a agr\u00edcola. Ya son dos a\u00f1os desastrosos de tres en las \u00faltimas\" \/>\n<meta property=\"og:url\" content=\"https:\/\/www.asajacyl.com\/avila\/asaja-avila-informa\/asaja-avila-urge-medidas-las-comarcas-agrarias-mas-castigadas-la-sequia\" \/>\n<meta property=\"og:site_name\" content=\"ASAJA \u00c1vila\" \/>\n<meta property=\"article:published_time\" content=\"2019-09-04T09:28:59+00:00\" \/>\n<meta property=\"article:modified_time\" content=\"2019-09-20T15:45:22+00:00\" \/>\n<meta property=\"og:image\" content=\"https:\/\/www.asajacyl.com\/avila\/wp-content\/uploads\/sites\/4\/2019\/09\/FOTO-CEBADA-JUNIO-2019-1.jpg\" \/>\n\t<meta property=\"og:image:width\" content=\"1875\" \/>\n\t<meta property=\"og:image:height\" content=\"2500\" \/>\n\t<meta property=\"og:image:type\" content=\"image\/jpeg\" \/>\n<meta name=\"author\" content=\"Joaqu\u00edn\" \/>\n<meta name=\"twitter:card\" content=\"summary_large_image\" \/>\n<meta name=\"twitter:label1\" content=\"Escrito por\" \/>\n\t<meta name=\"twitter:data1\" content=\"Joaqu\u00edn\" \/>\n\t<meta name=\"twitter:label2\" content=\"Tiempo de lectura\" \/>\n\t<meta name=\"twitter:data2\" content=\"3 minutos\" \/>\n<script type=\"application\/ld+json\" class=\"yoast-schema-graph\">{\"@context\":\"https:\/\/schema.org\",\"@graph\":[{\"@type\":\"WebPage\",\"@id\":\"https:\/\/www.asajacyl.com\/avila\/asaja-avila-informa\/asaja-avila-urge-medidas-las-comarcas-agrarias-mas-castigadas-la-sequia\",\"url\":\"https:\/\/www.asajacyl.com\/avila\/asaja-avila-informa\/asaja-avila-urge-medidas-las-comarcas-agrarias-mas-castigadas-la-sequia\",\"name\":\"ASAJA-\u00c1vila urge medidas para las comarcas agrarias m\u00e1s castigadas por la sequ\u00eda - ASAJA \u00c1vila\",\"isPartOf\":{\"@id\":\"https:\/\/www.asajacyl.com\/avila\/#website\"},\"primaryImageOfPage\":{\"@id\":\"https:\/\/www.asajacyl.com\/avila\/asaja-avila-informa\/asaja-avila-urge-medidas-las-comarcas-agrarias-mas-castigadas-la-sequia#primaryimage\"},\"image\":{\"@id\":\"https:\/\/www.asajacyl.com\/avila\/asaja-avila-informa\/asaja-avila-urge-medidas-las-comarcas-agrarias-mas-castigadas-la-sequia#primaryimage\"},\"thumbnailUrl\":\"https:\/\/www.asajacyl.com\/avila\/wp-content\/uploads\/sites\/4\/2019\/09\/FOTO-CEBADA-JUNIO-2019-1.jpg\",\"datePublished\":\"2019-09-04T09:28:59+00:00\",\"dateModified\":\"2019-09-20T15:45:22+00:00\",\"author\":{\"@id\":\"https:\/\/www.asajacyl.com\/avila\/#\/schema\/person\/daf3c5c7d3afd005798ec283b78826ed\"},\"description\":\"Desgraciadamente los profesionales del campo han afrontado nuevamente una nefasta campa\u00f1a agr\u00edcola. Ya son dos a\u00f1os desastrosos de tres en las \u00faltimas\",\"breadcrumb\":{\"@id\":\"https:\/\/www.asajacyl.com\/avila\/asaja-avila-informa\/asaja-avila-urge-medidas-las-comarcas-agrarias-mas-castigadas-la-sequia#breadcrumb\"},\"inLanguage\":\"es\",\"potentialAction\":[{\"@type\":\"ReadAction\",\"target\":[\"https:\/\/www.asajacyl.com\/avila\/asaja-avila-informa\/asaja-avila-urge-medidas-las-comarcas-agrarias-mas-castigadas-la-sequia\"]}]},{\"@type\":\"ImageObject\",\"inLanguage\":\"es\",\"@id\":\"https:\/\/www.asajacyl.com\/avila\/asaja-avila-informa\/asaja-avila-urge-medidas-las-comarcas-agrarias-mas-castigadas-la-sequia#primaryimage\",\"url\":\"https:\/\/www.asajacyl.com\/avila\/wp-content\/uploads\/sites\/4\/2019\/09\/FOTO-CEBADA-JUNIO-2019-1.jpg\",\"contentUrl\":\"https:\/\/www.asajacyl.com\/avila\/wp-content\/uploads\/sites\/4\/2019\/09\/FOTO-CEBADA-JUNIO-2019-1.jpg\",\"width\":1875,\"height\":2500,\"caption\":\"All-focus\"},{\"@type\":\"BreadcrumbList\",\"@id\":\"https:\/\/www.asajacyl.com\/avila\/asaja-avila-informa\/asaja-avila-urge-medidas-las-comarcas-agrarias-mas-castigadas-la-sequia#breadcrumb\",\"itemListElement\":[{\"@type\":\"ListItem\",\"position\":1,\"name\":\"Portada\",\"item\":\"https:\/\/www.asajacyl.com\/avila\/\"},{\"@type\":\"ListItem\",\"position\":2,\"name\":\"ASAJA-\u00c1vila urge medidas para las comarcas agrarias m\u00e1s castigadas por la sequ\u00eda\"}]},{\"@type\":\"WebSite\",\"@id\":\"https:\/\/www.asajacyl.com\/avila\/#website\",\"url\":\"https:\/\/www.asajacyl.com\/avila\/\",\"name\":\"ASAJA \u00c1vila\",\"description\":\"Otro sitio m\u00e1s de Provincias ASAJA Castilla y Le\u00f3n\",\"potentialAction\":[{\"@type\":\"SearchAction\",\"target\":{\"@type\":\"EntryPoint\",\"urlTemplate\":\"https:\/\/www.asajacyl.com\/avila\/?s={search_term_string}\"},\"query-input\":{\"@type\":\"PropertyValueSpecification\",\"valueRequired\":true,\"valueName\":\"search_term_string\"}}],\"inLanguage\":\"es\"},{\"@type\":\"Person\",\"@id\":\"https:\/\/www.asajacyl.com\/avila\/#\/schema\/person\/daf3c5c7d3afd005798ec283b78826ed\",\"name\":\"Joaqu\u00edn\",\"image\":{\"@type\":\"ImageObject\",\"inLanguage\":\"es\",\"@id\":\"https:\/\/www.asajacyl.com\/avila\/#\/schema\/person\/image\/\",\"url\":\"https:\/\/secure.gravatar.com\/avatar\/8a87f10166ff5a8a3b0c21a125bc069d?s=96&d=mm&r=g\",\"contentUrl\":\"https:\/\/secure.gravatar.com\/avatar\/8a87f10166ff5a8a3b0c21a125bc069d?s=96&d=mm&r=g\",\"caption\":\"Joaqu\u00edn\"},\"url\":\"https:\/\/www.asajacyl.com\/avila\/author\/joaquinap\"}]}<\/script>\n<!-- \/ Yoast SEO plugin. -->","yoast_head_json":{"title":"ASAJA-\u00c1vila urge medidas para las comarcas agrarias m\u00e1s castigadas por la sequ\u00eda - ASAJA \u00c1vila","description":"Desgraciadamente los profesionales del campo han afrontado nuevamente una nefasta campa\u00f1a agr\u00edcola. Ya son dos a\u00f1os desastrosos de tres en las \u00faltimas","robots":{"index":"index","follow":"follow","max-snippet":"max-snippet:-1","max-image-preview":"max-image-preview:large","max-video-preview":"max-video-preview:-1"},"canonical":"https:\/\/www.asajacyl.com\/avila\/asaja-avila-informa\/asaja-avila-urge-medidas-las-comarcas-agrarias-mas-castigadas-la-sequia","og_locale":"es_ES","og_type":"article","og_title":"ASAJA-\u00c1vila urge medidas para las comarcas agrarias m\u00e1s castigadas por la sequ\u00eda - ASAJA \u00c1vila","og_description":"Desgraciadamente los profesionales del campo han afrontado nuevamente una nefasta campa\u00f1a agr\u00edcola. Ya son dos a\u00f1os desastrosos de tres en las \u00faltimas","og_url":"https:\/\/www.asajacyl.com\/avila\/asaja-avila-informa\/asaja-avila-urge-medidas-las-comarcas-agrarias-mas-castigadas-la-sequia","og_site_name":"ASAJA \u00c1vila","article_published_time":"2019-09-04T09:28:59+00:00","article_modified_time":"2019-09-20T15:45:22+00:00","og_image":[{"width":1875,"height":2500,"url":"https:\/\/www.asajacyl.com\/avila\/wp-content\/uploads\/sites\/4\/2019\/09\/FOTO-CEBADA-JUNIO-2019-1.jpg","type":"image\/jpeg"}],"author":"Joaqu\u00edn","twitter_card":"summary_large_image","twitter_misc":{"Escrito por":"Joaqu\u00edn","Tiempo de lectura":"3 minutos"},"schema":{"@context":"https:\/\/schema.org","@graph":[{"@type":"WebPage","@id":"https:\/\/www.asajacyl.com\/avila\/asaja-avila-informa\/asaja-avila-urge-medidas-las-comarcas-agrarias-mas-castigadas-la-sequia","url":"https:\/\/www.asajacyl.com\/avila\/asaja-avila-informa\/asaja-avila-urge-medidas-las-comarcas-agrarias-mas-castigadas-la-sequia","name":"ASAJA-\u00c1vila urge medidas para las comarcas agrarias m\u00e1s castigadas por la sequ\u00eda - ASAJA \u00c1vila","isPartOf":{"@id":"https:\/\/www.asajacyl.com\/avila\/#website"},"primaryImageOfPage":{"@id":"https:\/\/www.asajacyl.com\/avila\/asaja-avila-informa\/asaja-avila-urge-medidas-las-comarcas-agrarias-mas-castigadas-la-sequia#primaryimage"},"image":{"@id":"https:\/\/www.asajacyl.com\/avila\/asaja-avila-informa\/asaja-avila-urge-medidas-las-comarcas-agrarias-mas-castigadas-la-sequia#primaryimage"},"thumbnailUrl":"https:\/\/www.asajacyl.com\/avila\/wp-content\/uploads\/sites\/4\/2019\/09\/FOTO-CEBADA-JUNIO-2019-1.jpg","datePublished":"2019-09-04T09:28:59+00:00","dateModified":"2019-09-20T15:45:22+00:00","author":{"@id":"https:\/\/www.asajacyl.com\/avila\/#\/schema\/person\/daf3c5c7d3afd005798ec283b78826ed"},"description":"Desgraciadamente los profesionales del campo han afrontado nuevamente una nefasta campa\u00f1a agr\u00edcola. Ya son dos a\u00f1os desastrosos de tres en las \u00faltimas","breadcrumb":{"@id":"https:\/\/www.asajacyl.com\/avila\/asaja-avila-informa\/asaja-avila-urge-medidas-las-comarcas-agrarias-mas-castigadas-la-sequia#breadcrumb"},"inLanguage":"es","potentialAction":[{"@type":"ReadAction","target":["https:\/\/www.asajacyl.com\/avila\/asaja-avila-informa\/asaja-avila-urge-medidas-las-comarcas-agrarias-mas-castigadas-la-sequia"]}]},{"@type":"ImageObject","inLanguage":"es","@id":"https:\/\/www.asajacyl.com\/avila\/asaja-avila-informa\/asaja-avila-urge-medidas-las-comarcas-agrarias-mas-castigadas-la-sequia#primaryimage","url":"https:\/\/www.asajacyl.com\/avila\/wp-content\/uploads\/sites\/4\/2019\/09\/FOTO-CEBADA-JUNIO-2019-1.jpg","contentUrl":"https:\/\/www.asajacyl.com\/avila\/wp-content\/uploads\/sites\/4\/2019\/09\/FOTO-CEBADA-JUNIO-2019-1.jpg","width":1875,"height":2500,"caption":"All-focus"},{"@type":"BreadcrumbList","@id":"https:\/\/www.asajacyl.com\/avila\/asaja-avila-informa\/asaja-avila-urge-medidas-las-comarcas-agrarias-mas-castigadas-la-sequia#breadcrumb","itemListElement":[{"@type":"ListItem","position":1,"name":"Portada","item":"https:\/\/www.asajacyl.com\/avila\/"},{"@type":"ListItem","position":2,"name":"ASAJA-\u00c1vila urge medidas para las comarcas agrarias m\u00e1s castigadas por la sequ\u00eda"}]},{"@type":"WebSite","@id":"https:\/\/www.asajacyl.com\/avila\/#website","url":"https:\/\/www.asajacyl.com\/avila\/","name":"ASAJA \u00c1vila","description":"Otro sitio m\u00e1s de Provincias ASAJA Castilla y Le\u00f3n","potentialAction":[{"@type":"SearchAction","target":{"@type":"EntryPoint","urlTemplate":"https:\/\/www.asajacyl.com\/avila\/?s={search_term_string}"},"query-input":{"@type":"PropertyValueSpecification","valueRequired":true,"valueName":"search_term_string"}}],"inLanguage":"es"},{"@type":"Person","@id":"https:\/\/www.asajacyl.com\/avila\/#\/schema\/person\/daf3c5c7d3afd005798ec283b78826ed","name":"Joaqu\u00edn","image":{"@type":"ImageObject","inLanguage":"es","@id":"https:\/\/www.asajacyl.com\/avila\/#\/schema\/person\/image\/","url":"https:\/\/secure.gravatar.com\/avatar\/8a87f10166ff5a8a3b0c21a125bc069d?s=96&d=mm&r=g","contentUrl":"https:\/\/secure.gravatar.com\/avatar\/8a87f10166ff5a8a3b0c21a125bc069d?s=96&d=mm&r=g","caption":"Joaqu\u00edn"},"url":"https:\/\/www.asajacyl.com\/avila\/author\/joaquinap"}]}},"_links":{"self":[{"href":"https:\/\/www.asajacyl.com\/avila\/wp-json\/wp\/v2\/posts\/5270"}],"collection":[{"href":"https:\/\/www.asajacyl.com\/avila\/wp-json\/wp\/v2\/posts"}],"about":[{"href":"https:\/\/www.asajacyl.com\/avila\/wp-json\/wp\/v2\/types\/post"}],"author":[{"embeddable":true,"href":"https:\/\/www.asajacyl.com\/avila\/wp-json\/wp\/v2\/users\/6"}],"replies":[{"embeddable":true,"href":"https:\/\/www.asajacyl.com\/avila\/wp-json\/wp\/v2\/comments?post=5270"}],"version-history":[{"count":1,"href":"https:\/\/www.asajacyl.com\/avila\/wp-json\/wp\/v2\/posts\/5270\/revisions"}],"predecessor-version":[{"id":5272,"href":"https:\/\/www.asajacyl.com\/avila\/wp-json\/wp\/v2\/posts\/5270\/revisions\/5272"}],"wp:featuredmedia":[{"embeddable":true,"href":"https:\/\/www.asajacyl.com\/avila\/wp-json\/wp\/v2\/media\/5271"}],"wp:attachment":[{"href":"https:\/\/www.asajacyl.com\/avila\/wp-json\/wp\/v2\/media?parent=5270"}],"wp:term":[{"taxonomy":"category","embeddable":true,"href":"https:\/\/www.asajacyl.com\/avila\/wp-json\/wp\/v2\/categories?post=5270"},{"taxonomy":"post_tag","embeddable":true,"href":"https:\/\/www.asajacyl.com\/avila\/wp-json\/wp\/v2\/tags?post=5270"}],"curies":[{"name":"wp","href":"https:\/\/api.w.org\/{rel}","templated":true}]}}