{"id":5282,"date":"2019-09-19T07:10:55","date_gmt":"2019-09-19T05:10:55","guid":{"rendered":"https:\/\/www.asajacyl.com\/avila\/?p=5282"},"modified":"2019-09-19T11:44:24","modified_gmt":"2019-09-19T09:44:24","slug":"politiquillos-abandono-rural-la-foto","status":"publish","type":"post","link":"https:\/\/www.asajacyl.com\/avila\/asaja-avila-informa\/politiquillos-abandono-rural-la-foto","title":{"rendered":"De politiquillos, el abandono rural y \u201cla foto\u201d"},"content":{"rendered":"<p><span style=\"color: #000000;font-family: verdana,geneva,sans-serif\">Ayer mi\u00e9rcoles, d\u00eda 18 de septiembre, ven\u00eda de Madrid e hice una parada en Villacast\u00edn a \u2018tomar un vino\u2019 con mi amigo Jes\u00fas. Ya sab\u00e9is, los que realmente me conoc\u00e9is, que no me gusta marear la perdiz. Eso lo dejamos para los encantadores de serpientes, que hablan y hablan pero no dicen \u201cna\u201d. Sab\u00e9is que no me gusta aburriros con las bondades y deficiencias de la PAC o del cambio clim\u00e1tico, ni quiero aparentar ser un experto en acuerdos de libre comercio como el recientemente firmado con los pa\u00edses de Mercosur, porque no lo soy. Soy un humilde ciudadano abulense, como todo aquel que pueda estar leyendo estas l\u00edneas. Un\u00a0 abulense que lo \u00fanico que desea y quiere es que haya actividad en nuestros pueblos. Un abulense que habla sin pelos en la lengua: \u201cal pan, pan, y al vino, vino\u201d.<\/span><\/p>\n<p><span style=\"color: #000000;font-family: verdana,geneva,sans-serif\">Mencionaba anteriormente que ayer paraba en Villacast\u00edn, localidad de la lim\u00edtrofe y hermana provincia de Segovia, a \u2018tomar un vino\u2019 con mi amigo Jes\u00fas. Y as\u00ed fue, y le tomamos. Regresaba de una reuni\u00f3n de car\u00e1cter interno que ASAJA de \u00c1vila hab\u00eda solicitado a la Entidad Estatal de Seguros Agrarios (ENESA), organismo aut\u00f3nomo dependiente del Ministerio de Agricultura. \u00bfPor qu\u00e9 la despoblaci\u00f3n rural es una realidad? Pues es un c\u00f3ctel de distintas circunstancias, en las que todo el mundo escurre el bulto, que hacen que no sea atractivo ni rentable realizar una actividad en el medio rural. Si hablo con \u201cmedio ambiente\u201d me dicen que a ver si los ataques de los lobos van a ser los causantes del abandono rural. Igual nos dicen cuando les planteamos la sinraz\u00f3n del acotamiento de pastos a los ganaderos durante los cinco a\u00f1os siguientes a un incendio. Y qu\u00e9 hablar de la fauna silvestre y la sanidad animal, la salud p\u00fablica, los da\u00f1os en agricultura, o los accidentes de tr\u00e1fico que causa la fauna salvaje.<\/span><\/p>\n<p><span style=\"color: #000000;font-family: verdana,geneva,sans-serif\">Pero si nos vamos a las competencias del departamento de agricultura y la ganader\u00eda la cosa no mejora. Sin ir m\u00e1s lejos ayer volv\u00eda de esa reuni\u00f3n con la Entidad Estatal de Seguros Agrarios del Ministerio del ramo, y llegaba con la misma sensaci\u00f3n a mi lugar de partida, a mi provincia de origen, con la gente por la que ASAJA de \u00c1vila lucha d\u00eda a d\u00eda: \u00bfa ver si va a ser culpa la falta de coberturas adecuadas del seguro agrario de la despoblaci\u00f3n rural? Pues s\u00ed. Es culpa de del seguro agrario que no es el adecuado en rendimientos y coberturas a las necesidades del agricultor, un seguro que ni siquiera cubre los costes de producci\u00f3n al productor, es culpa de unos pol\u00edticos que ni permiten reducir la poblaci\u00f3n de lobos ni nos dejan defendernos frente a ellos, que nos obligan a recurrir a los tribunales de justicia para reclamar lo que es nuestro, de la sin raz\u00f3n de que en la provincia de Salamanca los pastos afectados por incendios sean elegibles para ejercer los derechos de la PAC y en la lim\u00edtrofe \u00c1vila no, de que la fauna salvaje transmita enfermedades a nuestra caba\u00f1a ganadera, cause accidentes, devore nuestras cosechas y que estemos de manos atadas. Por no hablar de la ineficaz y maltrecha legislaci\u00f3n que sigue permitiendo el desfase de precios de la cadena alimentaria o la madeja legislativa que impide facilitar la incorporaci\u00f3n de j\u00f3venes al sector y el dimensionamiento y modernizaci\u00f3n de explotaciones. \u00a1Pongamos todos algo de nuestra parte!<\/span><\/p>\n<p><span style=\"color: #000000;font-family: verdana,geneva,sans-serif\">Necesitamos un seguro agrario potente, que responda a las necesidades y demandas del nosotros los agricultores y ganaderos, necesitamos administraciones y pol\u00edticos que est\u00e9n a la altura cuando el sector los necesitamos, como el caso de la actual sequ\u00eda. ASAJA hace los deberes. ASAJA de \u00c1vila es la \u00fanica organizaci\u00f3n agraria provincial que ha solicitado ayudas extraordinarias para situaciones extraordinarias como las que lamentablemente padecemos en \u00c1vila.<\/span><\/p>\n<p><span style=\"color: #000000;font-family: verdana,geneva,sans-serif\">Resuelvan el problema del lobo, resuelvan el problema de los pastos y los incendios, no nos metan en m\u00e1s berenjenales con el Decreto de zonas vulnerables por nitr\u00f3geno. Necesitamos unos pol\u00edticos y unas instituciones cercanas que nos escuchen a aquellos que luchamos y nos resistimos al abandono rural. Al presidente de la Diputaci\u00f3n Provincial le pedimos di\u00e1logo social, interlocuci\u00f3n y apoyo a las necesidades del sector, como son el seguro agrario y el relevo generacional. Al Delegado Territorial de la Junta: interlocuci\u00f3n. Interlocuci\u00f3n que pasa por convocar ya el Consejo Provincial Agrario de la provincia de \u00c1vila que lleva sin reunirse desde el mes de marzo, \u00a0y eso, \u00a1con la que est\u00e1 cayendo! Al presidente de la Junta de Castilla y Le\u00f3n y a los consejeros de Agricultura y de Medio Ambiente les solicitamos m\u00e1s interlocuci\u00f3n, m\u00e1s apoyo y m\u00e1s \u201cponer el cascabel al gato\u201d en los asuntos provinciales.<\/span><\/p>\n<p><span style=\"font-family: verdana,geneva,sans-serif\"><span style=\"color: #000000\">\u00a0Y\u2026 \u00bfqu\u00e9 les pedimos a nuestros representantes a nivel nacional? Pues que conformen un Gobierno estable que luche por los intereses de los agricultores y los ganaderos en la Uni\u00f3n Europea y en el escenario internacional, que den la cara en el problema del lobo, en la sequ\u00eda y en las inundaciones, un Gobierno que de la cara y ponga soluciones tangibles y reales encima de la mesa. Si el sector agrario es un sector estrat\u00e9gico para vertebrar el territorio rural y para hacer frente a la despoblaci\u00f3n, demu\u00e9strenlo se\u00f1ores pol\u00edticos. \u00a1Apuesten de verdad por nuestros j\u00f3venes!<\/span><\/span><\/p>\n<p><span style=\"color: #000000;font-family: verdana,geneva,sans-serif\">Espero que el pr\u00f3ximo mi\u00e9rcoles que pare en Villacast\u00edn, a \u2018tomar un vino\u2019 con mi amigo Jes\u00fas, pueda decir que todo esto ha cambiado: que tenemos un Gobierno de la Naci\u00f3n estable, que la Junta de Castilla y Le\u00f3n y la Delegaci\u00f3n Territorial de \u00c1vila en su conjunto est\u00e1n a la altura, y que la Diputaci\u00f3n Provincial y su presidente -y por tanto el partido pol\u00edtico que hist\u00f3ricamente ha recibido m\u00e1s apoyos del sector agrario y del medio rural en nuestra provincia- est\u00e1n tambi\u00e9n a la altura.<\/span><\/p>\n<p><span style=\"color: #000000;font-family: verdana,geneva,sans-serif\">Cuando vean estas l\u00edneas estar\u00e1n todos ustedes en Mu\u00f1ana, a salir en la foto y a cortar la cinta, pero eso no es apoyar al sector agrario y al medio rural. Apoyar al ganadero y al agricultor, se\u00f1ores pol\u00edticos, es otra cosa muy distinta. Mientras tanto salgan en la foto, que es lo que hasta que demuestren lo contrario, \u00fanicamente les importa.<\/span><\/p>\n<p><span style=\"font-family: verdana,geneva,sans-serif\">*Art\u00edculo de opini\u00f3n de Joaqu\u00edn Antonio Pino, publicado en Diario de \u00c1vila del jueves 19 de septiembre de 2019.<\/span><\/p>\n<p>&nbsp;<\/p>\n","protected":false},"excerpt":{"rendered":"<p>Ayer mi\u00e9rcoles, d\u00eda 18 de septiembre, ven\u00eda de Madrid e hice una parada en Villacast\u00edn a \u2018tomar un vino\u2019 con mi amigo Jes\u00fas. Ya sab\u00e9is, los que realmente me conoc\u00e9is, que no me gusta marear la perdiz. Eso lo dejamos para los encantadores de serpientes, que hablan y hablan pero no dicen \u201cna\u201d. Sab\u00e9is que [&hellip;]<\/p>\n","protected":false},"author":6,"featured_media":4081,"comment_status":"open","ping_status":"open","sticky":false,"template":"","format":"standard","meta":{"footnotes":""},"categories":[8,19],"tags":[],"yoast_head":"<!-- This site is optimized with the Yoast SEO plugin v24.5 - https:\/\/yoast.com\/wordpress\/plugins\/seo\/ -->\n<title>De politiquillos, el abandono rural y \u201cla foto\u201d - ASAJA \u00c1vila<\/title>\n<meta name=\"description\" content=\"Ayer mi\u00e9rcoles, d\u00eda 18 de septiembre, ven\u00eda de Madrid e hice una parada en Villacast\u00edn a \u2018tomar un vino\u2019 con mi amigo Jes\u00fas. Ya sab\u00e9is, los que realmente\" \/>\n<meta name=\"robots\" content=\"index, follow, max-snippet:-1, max-image-preview:large, max-video-preview:-1\" \/>\n<link rel=\"canonical\" href=\"https:\/\/www.asajacyl.com\/avila\/asaja-avila-informa\/politiquillos-abandono-rural-la-foto\" \/>\n<meta property=\"og:locale\" content=\"es_ES\" \/>\n<meta property=\"og:type\" content=\"article\" \/>\n<meta property=\"og:title\" content=\"De politiquillos, el abandono rural y \u201cla foto\u201d - ASAJA \u00c1vila\" \/>\n<meta property=\"og:description\" content=\"Ayer mi\u00e9rcoles, d\u00eda 18 de septiembre, ven\u00eda de Madrid e hice una parada en Villacast\u00edn a \u2018tomar un vino\u2019 con mi amigo Jes\u00fas. Ya sab\u00e9is, los que realmente\" \/>\n<meta property=\"og:url\" content=\"https:\/\/www.asajacyl.com\/avila\/asaja-avila-informa\/politiquillos-abandono-rural-la-foto\" \/>\n<meta property=\"og:site_name\" content=\"ASAJA \u00c1vila\" \/>\n<meta property=\"article:published_time\" content=\"2019-09-19T05:10:55+00:00\" \/>\n<meta property=\"article:modified_time\" content=\"2019-09-19T09:44:24+00:00\" \/>\n<meta property=\"og:image\" content=\"https:\/\/www.asajacyl.com\/avila\/wp-content\/uploads\/sites\/4\/2018\/09\/ASAMBLEA-GENERAL-2017-36.jpg\" \/>\n\t<meta property=\"og:image:width\" content=\"1200\" \/>\n\t<meta property=\"og:image:height\" content=\"1600\" \/>\n\t<meta property=\"og:image:type\" content=\"image\/jpeg\" \/>\n<meta name=\"author\" content=\"Joaqu\u00edn\" \/>\n<meta name=\"twitter:card\" content=\"summary_large_image\" \/>\n<meta name=\"twitter:label1\" content=\"Escrito por\" \/>\n\t<meta name=\"twitter:data1\" content=\"Joaqu\u00edn\" \/>\n\t<meta name=\"twitter:label2\" content=\"Tiempo de lectura\" \/>\n\t<meta name=\"twitter:data2\" content=\"6 minutos\" \/>\n<script type=\"application\/ld+json\" class=\"yoast-schema-graph\">{\"@context\":\"https:\/\/schema.org\",\"@graph\":[{\"@type\":\"WebPage\",\"@id\":\"https:\/\/www.asajacyl.com\/avila\/asaja-avila-informa\/politiquillos-abandono-rural-la-foto\",\"url\":\"https:\/\/www.asajacyl.com\/avila\/asaja-avila-informa\/politiquillos-abandono-rural-la-foto\",\"name\":\"De politiquillos, el abandono rural y \u201cla foto\u201d - ASAJA \u00c1vila\",\"isPartOf\":{\"@id\":\"https:\/\/www.asajacyl.com\/avila\/#website\"},\"primaryImageOfPage\":{\"@id\":\"https:\/\/www.asajacyl.com\/avila\/asaja-avila-informa\/politiquillos-abandono-rural-la-foto#primaryimage\"},\"image\":{\"@id\":\"https:\/\/www.asajacyl.com\/avila\/asaja-avila-informa\/politiquillos-abandono-rural-la-foto#primaryimage\"},\"thumbnailUrl\":\"https:\/\/www.asajacyl.com\/avila\/wp-content\/uploads\/sites\/4\/2018\/09\/ASAMBLEA-GENERAL-2017-36.jpg\",\"datePublished\":\"2019-09-19T05:10:55+00:00\",\"dateModified\":\"2019-09-19T09:44:24+00:00\",\"author\":{\"@id\":\"https:\/\/www.asajacyl.com\/avila\/#\/schema\/person\/daf3c5c7d3afd005798ec283b78826ed\"},\"description\":\"Ayer mi\u00e9rcoles, d\u00eda 18 de septiembre, ven\u00eda de Madrid e hice una parada en Villacast\u00edn a \u2018tomar un vino\u2019 con mi amigo Jes\u00fas. Ya sab\u00e9is, los que realmente\",\"breadcrumb\":{\"@id\":\"https:\/\/www.asajacyl.com\/avila\/asaja-avila-informa\/politiquillos-abandono-rural-la-foto#breadcrumb\"},\"inLanguage\":\"es\",\"potentialAction\":[{\"@type\":\"ReadAction\",\"target\":[\"https:\/\/www.asajacyl.com\/avila\/asaja-avila-informa\/politiquillos-abandono-rural-la-foto\"]}]},{\"@type\":\"ImageObject\",\"inLanguage\":\"es\",\"@id\":\"https:\/\/www.asajacyl.com\/avila\/asaja-avila-informa\/politiquillos-abandono-rural-la-foto#primaryimage\",\"url\":\"https:\/\/www.asajacyl.com\/avila\/wp-content\/uploads\/sites\/4\/2018\/09\/ASAMBLEA-GENERAL-2017-36.jpg\",\"contentUrl\":\"https:\/\/www.asajacyl.com\/avila\/wp-content\/uploads\/sites\/4\/2018\/09\/ASAMBLEA-GENERAL-2017-36.jpg\",\"width\":1200,\"height\":1600},{\"@type\":\"BreadcrumbList\",\"@id\":\"https:\/\/www.asajacyl.com\/avila\/asaja-avila-informa\/politiquillos-abandono-rural-la-foto#breadcrumb\",\"itemListElement\":[{\"@type\":\"ListItem\",\"position\":1,\"name\":\"Portada\",\"item\":\"https:\/\/www.asajacyl.com\/avila\/\"},{\"@type\":\"ListItem\",\"position\":2,\"name\":\"De politiquillos, el abandono rural y \u201cla foto\u201d\"}]},{\"@type\":\"WebSite\",\"@id\":\"https:\/\/www.asajacyl.com\/avila\/#website\",\"url\":\"https:\/\/www.asajacyl.com\/avila\/\",\"name\":\"ASAJA \u00c1vila\",\"description\":\"Otro sitio m\u00e1s de Provincias ASAJA Castilla y Le\u00f3n\",\"potentialAction\":[{\"@type\":\"SearchAction\",\"target\":{\"@type\":\"EntryPoint\",\"urlTemplate\":\"https:\/\/www.asajacyl.com\/avila\/?s={search_term_string}\"},\"query-input\":{\"@type\":\"PropertyValueSpecification\",\"valueRequired\":true,\"valueName\":\"search_term_string\"}}],\"inLanguage\":\"es\"},{\"@type\":\"Person\",\"@id\":\"https:\/\/www.asajacyl.com\/avila\/#\/schema\/person\/daf3c5c7d3afd005798ec283b78826ed\",\"name\":\"Joaqu\u00edn\",\"image\":{\"@type\":\"ImageObject\",\"inLanguage\":\"es\",\"@id\":\"https:\/\/www.asajacyl.com\/avila\/#\/schema\/person\/image\/\",\"url\":\"https:\/\/secure.gravatar.com\/avatar\/8a87f10166ff5a8a3b0c21a125bc069d?s=96&d=mm&r=g\",\"contentUrl\":\"https:\/\/secure.gravatar.com\/avatar\/8a87f10166ff5a8a3b0c21a125bc069d?s=96&d=mm&r=g\",\"caption\":\"Joaqu\u00edn\"},\"url\":\"https:\/\/www.asajacyl.com\/avila\/author\/joaquinap\"}]}<\/script>\n<!-- \/ Yoast SEO plugin. -->","yoast_head_json":{"title":"De politiquillos, el abandono rural y \u201cla foto\u201d - ASAJA \u00c1vila","description":"Ayer mi\u00e9rcoles, d\u00eda 18 de septiembre, ven\u00eda de Madrid e hice una parada en Villacast\u00edn a \u2018tomar un vino\u2019 con mi amigo Jes\u00fas. Ya sab\u00e9is, los que realmente","robots":{"index":"index","follow":"follow","max-snippet":"max-snippet:-1","max-image-preview":"max-image-preview:large","max-video-preview":"max-video-preview:-1"},"canonical":"https:\/\/www.asajacyl.com\/avila\/asaja-avila-informa\/politiquillos-abandono-rural-la-foto","og_locale":"es_ES","og_type":"article","og_title":"De politiquillos, el abandono rural y \u201cla foto\u201d - ASAJA \u00c1vila","og_description":"Ayer mi\u00e9rcoles, d\u00eda 18 de septiembre, ven\u00eda de Madrid e hice una parada en Villacast\u00edn a \u2018tomar un vino\u2019 con mi amigo Jes\u00fas. Ya sab\u00e9is, los que realmente","og_url":"https:\/\/www.asajacyl.com\/avila\/asaja-avila-informa\/politiquillos-abandono-rural-la-foto","og_site_name":"ASAJA \u00c1vila","article_published_time":"2019-09-19T05:10:55+00:00","article_modified_time":"2019-09-19T09:44:24+00:00","og_image":[{"width":1200,"height":1600,"url":"https:\/\/www.asajacyl.com\/avila\/wp-content\/uploads\/sites\/4\/2018\/09\/ASAMBLEA-GENERAL-2017-36.jpg","type":"image\/jpeg"}],"author":"Joaqu\u00edn","twitter_card":"summary_large_image","twitter_misc":{"Escrito por":"Joaqu\u00edn","Tiempo de lectura":"6 minutos"},"schema":{"@context":"https:\/\/schema.org","@graph":[{"@type":"WebPage","@id":"https:\/\/www.asajacyl.com\/avila\/asaja-avila-informa\/politiquillos-abandono-rural-la-foto","url":"https:\/\/www.asajacyl.com\/avila\/asaja-avila-informa\/politiquillos-abandono-rural-la-foto","name":"De politiquillos, el abandono rural y \u201cla foto\u201d - ASAJA \u00c1vila","isPartOf":{"@id":"https:\/\/www.asajacyl.com\/avila\/#website"},"primaryImageOfPage":{"@id":"https:\/\/www.asajacyl.com\/avila\/asaja-avila-informa\/politiquillos-abandono-rural-la-foto#primaryimage"},"image":{"@id":"https:\/\/www.asajacyl.com\/avila\/asaja-avila-informa\/politiquillos-abandono-rural-la-foto#primaryimage"},"thumbnailUrl":"https:\/\/www.asajacyl.com\/avila\/wp-content\/uploads\/sites\/4\/2018\/09\/ASAMBLEA-GENERAL-2017-36.jpg","datePublished":"2019-09-19T05:10:55+00:00","dateModified":"2019-09-19T09:44:24+00:00","author":{"@id":"https:\/\/www.asajacyl.com\/avila\/#\/schema\/person\/daf3c5c7d3afd005798ec283b78826ed"},"description":"Ayer mi\u00e9rcoles, d\u00eda 18 de septiembre, ven\u00eda de Madrid e hice una parada en Villacast\u00edn a \u2018tomar un vino\u2019 con mi amigo Jes\u00fas. Ya sab\u00e9is, los que realmente","breadcrumb":{"@id":"https:\/\/www.asajacyl.com\/avila\/asaja-avila-informa\/politiquillos-abandono-rural-la-foto#breadcrumb"},"inLanguage":"es","potentialAction":[{"@type":"ReadAction","target":["https:\/\/www.asajacyl.com\/avila\/asaja-avila-informa\/politiquillos-abandono-rural-la-foto"]}]},{"@type":"ImageObject","inLanguage":"es","@id":"https:\/\/www.asajacyl.com\/avila\/asaja-avila-informa\/politiquillos-abandono-rural-la-foto#primaryimage","url":"https:\/\/www.asajacyl.com\/avila\/wp-content\/uploads\/sites\/4\/2018\/09\/ASAMBLEA-GENERAL-2017-36.jpg","contentUrl":"https:\/\/www.asajacyl.com\/avila\/wp-content\/uploads\/sites\/4\/2018\/09\/ASAMBLEA-GENERAL-2017-36.jpg","width":1200,"height":1600},{"@type":"BreadcrumbList","@id":"https:\/\/www.asajacyl.com\/avila\/asaja-avila-informa\/politiquillos-abandono-rural-la-foto#breadcrumb","itemListElement":[{"@type":"ListItem","position":1,"name":"Portada","item":"https:\/\/www.asajacyl.com\/avila\/"},{"@type":"ListItem","position":2,"name":"De politiquillos, el abandono rural y \u201cla foto\u201d"}]},{"@type":"WebSite","@id":"https:\/\/www.asajacyl.com\/avila\/#website","url":"https:\/\/www.asajacyl.com\/avila\/","name":"ASAJA \u00c1vila","description":"Otro sitio m\u00e1s de Provincias ASAJA Castilla y Le\u00f3n","potentialAction":[{"@type":"SearchAction","target":{"@type":"EntryPoint","urlTemplate":"https:\/\/www.asajacyl.com\/avila\/?s={search_term_string}"},"query-input":{"@type":"PropertyValueSpecification","valueRequired":true,"valueName":"search_term_string"}}],"inLanguage":"es"},{"@type":"Person","@id":"https:\/\/www.asajacyl.com\/avila\/#\/schema\/person\/daf3c5c7d3afd005798ec283b78826ed","name":"Joaqu\u00edn","image":{"@type":"ImageObject","inLanguage":"es","@id":"https:\/\/www.asajacyl.com\/avila\/#\/schema\/person\/image\/","url":"https:\/\/secure.gravatar.com\/avatar\/8a87f10166ff5a8a3b0c21a125bc069d?s=96&d=mm&r=g","contentUrl":"https:\/\/secure.gravatar.com\/avatar\/8a87f10166ff5a8a3b0c21a125bc069d?s=96&d=mm&r=g","caption":"Joaqu\u00edn"},"url":"https:\/\/www.asajacyl.com\/avila\/author\/joaquinap"}]}},"_links":{"self":[{"href":"https:\/\/www.asajacyl.com\/avila\/wp-json\/wp\/v2\/posts\/5282"}],"collection":[{"href":"https:\/\/www.asajacyl.com\/avila\/wp-json\/wp\/v2\/posts"}],"about":[{"href":"https:\/\/www.asajacyl.com\/avila\/wp-json\/wp\/v2\/types\/post"}],"author":[{"embeddable":true,"href":"https:\/\/www.asajacyl.com\/avila\/wp-json\/wp\/v2\/users\/6"}],"replies":[{"embeddable":true,"href":"https:\/\/www.asajacyl.com\/avila\/wp-json\/wp\/v2\/comments?post=5282"}],"version-history":[{"count":4,"href":"https:\/\/www.asajacyl.com\/avila\/wp-json\/wp\/v2\/posts\/5282\/revisions"}],"predecessor-version":[{"id":5288,"href":"https:\/\/www.asajacyl.com\/avila\/wp-json\/wp\/v2\/posts\/5282\/revisions\/5288"}],"wp:featuredmedia":[{"embeddable":true,"href":"https:\/\/www.asajacyl.com\/avila\/wp-json\/wp\/v2\/media\/4081"}],"wp:attachment":[{"href":"https:\/\/www.asajacyl.com\/avila\/wp-json\/wp\/v2\/media?parent=5282"}],"wp:term":[{"taxonomy":"category","embeddable":true,"href":"https:\/\/www.asajacyl.com\/avila\/wp-json\/wp\/v2\/categories?post=5282"},{"taxonomy":"post_tag","embeddable":true,"href":"https:\/\/www.asajacyl.com\/avila\/wp-json\/wp\/v2\/tags?post=5282"}],"curies":[{"name":"wp","href":"https:\/\/api.w.org\/{rel}","templated":true}]}}