{"id":5321,"date":"2019-09-24T13:07:05","date_gmt":"2019-09-24T11:07:05","guid":{"rendered":"https:\/\/www.asajacyl.com\/avila\/?p=5321"},"modified":"2019-09-24T13:07:05","modified_gmt":"2019-09-24T11:07:05","slug":"camino-se-demuestra-andando","status":"publish","type":"post","link":"https:\/\/www.asajacyl.com\/avila\/asaja-avila-informa\/camino-se-demuestra-andando","title":{"rendered":"El camino se demuestra andando"},"content":{"rendered":"<p>Comenzamos una nueva etapa pol\u00edtica en Castilla y Le\u00f3n. Despedimos a Juan Vicente Herrera, un buen hombre, campechano, que ha sabido escuchar al sector agrario de la Comunidad. Pero el tiempo no para, es el tiempo de Alfonso Fern\u00e1ndez Ma\u00f1ueco. Un Ma\u00f1ueco que tendr\u00e1 que contar, y no poco, con sus aliados pol\u00edticos, los de Ciudadanos.<br \/>\nEl refranero castellano es muy sabio, y como las cosas hay que verlas con perspectiva, veremos qu\u00e9 hacen y qu\u00e9 no hacen: \u201cel camino se demuestra andando\u201d. Es el tiempo de que los Populares y los de Ciudadanos demuestren ese compromiso con nuestra tierra y con el sector agrario que con tanta verborrea han pregonado por todos los rincones de nuestra regi\u00f3n. \u201cHechos son amores, y no buenas razones\u201d. Y hacen falta hechos, hacen falta medidas y gallard\u00eda pol\u00edtica para encarar y solucionar las grandes p\u00e9rdidas que provoca el lobo a nuestros ganaderos, hace falta un mismo criterio uniforme en toda la Comunidad que no provoque situaciones de discriminaci\u00f3n en nuestra provincia como ocurre con el tema de los incendios y el acotamiento de pastos, hace falta cordura y sentido com\u00fan, mucho sentido com\u00fan.<br \/>\nEs tiempo de cambios, y si hay que cambiar la normativa europea para poner coto al problema del lobo pues habr\u00e1 que cambiarla, y si las Cortes tienen que modificar la Ley de Montes de la comunidad h\u00e1gase, pero ya. Y hay que poner medidas que palien los estragos que ha provocado la sequ\u00eda en nuestra provincia, desgraciadamente la m\u00e1s afectada y con la que m\u00e1s se ha cebado el caprichoso clima. Por eso hemos pedido a las administraciones que tengan en cuanta esta situaci\u00f3n extraordinaria y se pongan en marcha las medidas que necesitamos y que en este peri\u00f3dico pod\u00e9is leer.<br \/>\nSe\u00f1ores consejero de Agricultura y consejero de Medio Ambiente, Jes\u00fas Julio Carnero y Juan Carlos Su\u00e1rez-Qui\u00f1ones, en primer lugar les felicito por su nombramiento pero a la vez les pido que atiendan nuestras necesidades, que mantengan una fluida interlocuci\u00f3n con ASAJA y que se mojen estos cuatro a\u00f1os, cuesti\u00f3n que hacemos extensible Jos\u00e9 Francisco Hern\u00e1ndez, que de nuevo llevar\u00e1 el tim\u00f3n de la Delegaci\u00f3n Territorial de la Junta en \u00c1vila.<br \/>\nAl presidente de la Diputaci\u00f3n Provincial, Carlos Garc\u00eda, le hemos manifestado nuestro pesar por el nulo apoyo que hasta ahora desde esa instituci\u00f3n se da a los agricultores y ganaderos de la provincia. Cuatro fueron los compromisos adquiridos con nosotros, uno de ellos, el apoyar el seguro agrario cuya contrataci\u00f3n para cereales comienza en breve. Veremos si se cumple o no la palabra dada. \u201cEl camino se demuestra andando\u201d.<\/p>\n","protected":false},"excerpt":{"rendered":"<p>Comenzamos una nueva etapa pol\u00edtica en Castilla y Le\u00f3n. Despedimos a Juan Vicente Herrera, un buen hombre, campechano, que ha sabido escuchar al sector agrario de la Comunidad. Pero el tiempo no para, es el tiempo de Alfonso Fern\u00e1ndez Ma\u00f1ueco. Un Ma\u00f1ueco que tendr\u00e1 que contar, y no poco, con sus aliados pol\u00edticos, los de [&hellip;]<\/p>\n","protected":false},"author":6,"featured_media":4081,"comment_status":"open","ping_status":"open","sticky":false,"template":"","format":"standard","meta":{"footnotes":""},"categories":[8,19],"tags":[],"yoast_head":"<!-- This site is optimized with the Yoast SEO plugin v24.5 - https:\/\/yoast.com\/wordpress\/plugins\/seo\/ -->\n<title>El camino se demuestra andando - ASAJA \u00c1vila<\/title>\n<meta name=\"description\" content=\"Comenzamos una nueva etapa pol\u00edtica en Castilla y Le\u00f3n. Despedimos a Juan Vicente Herrera, un buen hombre, campechano, que ha sabido escuchar al sector\" \/>\n<meta name=\"robots\" content=\"index, follow, max-snippet:-1, max-image-preview:large, max-video-preview:-1\" \/>\n<link rel=\"canonical\" href=\"https:\/\/www.asajacyl.com\/avila\/asaja-avila-informa\/camino-se-demuestra-andando\" \/>\n<meta property=\"og:locale\" content=\"es_ES\" \/>\n<meta property=\"og:type\" content=\"article\" \/>\n<meta property=\"og:title\" content=\"El camino se demuestra andando - ASAJA \u00c1vila\" \/>\n<meta property=\"og:description\" content=\"Comenzamos una nueva etapa pol\u00edtica en Castilla y Le\u00f3n. Despedimos a Juan Vicente Herrera, un buen hombre, campechano, que ha sabido escuchar al sector\" \/>\n<meta property=\"og:url\" content=\"https:\/\/www.asajacyl.com\/avila\/asaja-avila-informa\/camino-se-demuestra-andando\" \/>\n<meta property=\"og:site_name\" content=\"ASAJA \u00c1vila\" \/>\n<meta property=\"article:published_time\" content=\"2019-09-24T11:07:05+00:00\" \/>\n<meta property=\"og:image\" content=\"https:\/\/www.asajacyl.com\/avila\/wp-content\/uploads\/sites\/4\/2018\/09\/ASAMBLEA-GENERAL-2017-36.jpg\" \/>\n\t<meta property=\"og:image:width\" content=\"1200\" \/>\n\t<meta property=\"og:image:height\" content=\"1600\" \/>\n\t<meta property=\"og:image:type\" content=\"image\/jpeg\" \/>\n<meta name=\"author\" content=\"Joaqu\u00edn\" \/>\n<meta name=\"twitter:card\" content=\"summary_large_image\" \/>\n<meta name=\"twitter:label1\" content=\"Escrito por\" \/>\n\t<meta name=\"twitter:data1\" content=\"Joaqu\u00edn\" \/>\n\t<meta name=\"twitter:label2\" content=\"Tiempo de lectura\" \/>\n\t<meta name=\"twitter:data2\" content=\"2 minutos\" \/>\n<script type=\"application\/ld+json\" class=\"yoast-schema-graph\">{\"@context\":\"https:\/\/schema.org\",\"@graph\":[{\"@type\":\"WebPage\",\"@id\":\"https:\/\/www.asajacyl.com\/avila\/asaja-avila-informa\/camino-se-demuestra-andando\",\"url\":\"https:\/\/www.asajacyl.com\/avila\/asaja-avila-informa\/camino-se-demuestra-andando\",\"name\":\"El camino se demuestra andando - ASAJA \u00c1vila\",\"isPartOf\":{\"@id\":\"https:\/\/www.asajacyl.com\/avila\/#website\"},\"primaryImageOfPage\":{\"@id\":\"https:\/\/www.asajacyl.com\/avila\/asaja-avila-informa\/camino-se-demuestra-andando#primaryimage\"},\"image\":{\"@id\":\"https:\/\/www.asajacyl.com\/avila\/asaja-avila-informa\/camino-se-demuestra-andando#primaryimage\"},\"thumbnailUrl\":\"https:\/\/www.asajacyl.com\/avila\/wp-content\/uploads\/sites\/4\/2018\/09\/ASAMBLEA-GENERAL-2017-36.jpg\",\"datePublished\":\"2019-09-24T11:07:05+00:00\",\"author\":{\"@id\":\"https:\/\/www.asajacyl.com\/avila\/#\/schema\/person\/daf3c5c7d3afd005798ec283b78826ed\"},\"description\":\"Comenzamos una nueva etapa pol\u00edtica en Castilla y Le\u00f3n. Despedimos a Juan Vicente Herrera, un buen hombre, campechano, que ha sabido escuchar al sector\",\"breadcrumb\":{\"@id\":\"https:\/\/www.asajacyl.com\/avila\/asaja-avila-informa\/camino-se-demuestra-andando#breadcrumb\"},\"inLanguage\":\"es\",\"potentialAction\":[{\"@type\":\"ReadAction\",\"target\":[\"https:\/\/www.asajacyl.com\/avila\/asaja-avila-informa\/camino-se-demuestra-andando\"]}]},{\"@type\":\"ImageObject\",\"inLanguage\":\"es\",\"@id\":\"https:\/\/www.asajacyl.com\/avila\/asaja-avila-informa\/camino-se-demuestra-andando#primaryimage\",\"url\":\"https:\/\/www.asajacyl.com\/avila\/wp-content\/uploads\/sites\/4\/2018\/09\/ASAMBLEA-GENERAL-2017-36.jpg\",\"contentUrl\":\"https:\/\/www.asajacyl.com\/avila\/wp-content\/uploads\/sites\/4\/2018\/09\/ASAMBLEA-GENERAL-2017-36.jpg\",\"width\":1200,\"height\":1600},{\"@type\":\"BreadcrumbList\",\"@id\":\"https:\/\/www.asajacyl.com\/avila\/asaja-avila-informa\/camino-se-demuestra-andando#breadcrumb\",\"itemListElement\":[{\"@type\":\"ListItem\",\"position\":1,\"name\":\"Portada\",\"item\":\"https:\/\/www.asajacyl.com\/avila\/\"},{\"@type\":\"ListItem\",\"position\":2,\"name\":\"El camino se demuestra andando\"}]},{\"@type\":\"WebSite\",\"@id\":\"https:\/\/www.asajacyl.com\/avila\/#website\",\"url\":\"https:\/\/www.asajacyl.com\/avila\/\",\"name\":\"ASAJA \u00c1vila\",\"description\":\"Otro sitio m\u00e1s de Provincias ASAJA Castilla y Le\u00f3n\",\"potentialAction\":[{\"@type\":\"SearchAction\",\"target\":{\"@type\":\"EntryPoint\",\"urlTemplate\":\"https:\/\/www.asajacyl.com\/avila\/?s={search_term_string}\"},\"query-input\":{\"@type\":\"PropertyValueSpecification\",\"valueRequired\":true,\"valueName\":\"search_term_string\"}}],\"inLanguage\":\"es\"},{\"@type\":\"Person\",\"@id\":\"https:\/\/www.asajacyl.com\/avila\/#\/schema\/person\/daf3c5c7d3afd005798ec283b78826ed\",\"name\":\"Joaqu\u00edn\",\"image\":{\"@type\":\"ImageObject\",\"inLanguage\":\"es\",\"@id\":\"https:\/\/www.asajacyl.com\/avila\/#\/schema\/person\/image\/\",\"url\":\"https:\/\/secure.gravatar.com\/avatar\/8a87f10166ff5a8a3b0c21a125bc069d?s=96&d=mm&r=g\",\"contentUrl\":\"https:\/\/secure.gravatar.com\/avatar\/8a87f10166ff5a8a3b0c21a125bc069d?s=96&d=mm&r=g\",\"caption\":\"Joaqu\u00edn\"},\"url\":\"https:\/\/www.asajacyl.com\/avila\/author\/joaquinap\"}]}<\/script>\n<!-- \/ Yoast SEO plugin. -->","yoast_head_json":{"title":"El camino se demuestra andando - ASAJA \u00c1vila","description":"Comenzamos una nueva etapa pol\u00edtica en Castilla y Le\u00f3n. Despedimos a Juan Vicente Herrera, un buen hombre, campechano, que ha sabido escuchar al sector","robots":{"index":"index","follow":"follow","max-snippet":"max-snippet:-1","max-image-preview":"max-image-preview:large","max-video-preview":"max-video-preview:-1"},"canonical":"https:\/\/www.asajacyl.com\/avila\/asaja-avila-informa\/camino-se-demuestra-andando","og_locale":"es_ES","og_type":"article","og_title":"El camino se demuestra andando - ASAJA \u00c1vila","og_description":"Comenzamos una nueva etapa pol\u00edtica en Castilla y Le\u00f3n. Despedimos a Juan Vicente Herrera, un buen hombre, campechano, que ha sabido escuchar al sector","og_url":"https:\/\/www.asajacyl.com\/avila\/asaja-avila-informa\/camino-se-demuestra-andando","og_site_name":"ASAJA \u00c1vila","article_published_time":"2019-09-24T11:07:05+00:00","og_image":[{"width":1200,"height":1600,"url":"https:\/\/www.asajacyl.com\/avila\/wp-content\/uploads\/sites\/4\/2018\/09\/ASAMBLEA-GENERAL-2017-36.jpg","type":"image\/jpeg"}],"author":"Joaqu\u00edn","twitter_card":"summary_large_image","twitter_misc":{"Escrito por":"Joaqu\u00edn","Tiempo de lectura":"2 minutos"},"schema":{"@context":"https:\/\/schema.org","@graph":[{"@type":"WebPage","@id":"https:\/\/www.asajacyl.com\/avila\/asaja-avila-informa\/camino-se-demuestra-andando","url":"https:\/\/www.asajacyl.com\/avila\/asaja-avila-informa\/camino-se-demuestra-andando","name":"El camino se demuestra andando - ASAJA \u00c1vila","isPartOf":{"@id":"https:\/\/www.asajacyl.com\/avila\/#website"},"primaryImageOfPage":{"@id":"https:\/\/www.asajacyl.com\/avila\/asaja-avila-informa\/camino-se-demuestra-andando#primaryimage"},"image":{"@id":"https:\/\/www.asajacyl.com\/avila\/asaja-avila-informa\/camino-se-demuestra-andando#primaryimage"},"thumbnailUrl":"https:\/\/www.asajacyl.com\/avila\/wp-content\/uploads\/sites\/4\/2018\/09\/ASAMBLEA-GENERAL-2017-36.jpg","datePublished":"2019-09-24T11:07:05+00:00","author":{"@id":"https:\/\/www.asajacyl.com\/avila\/#\/schema\/person\/daf3c5c7d3afd005798ec283b78826ed"},"description":"Comenzamos una nueva etapa pol\u00edtica en Castilla y Le\u00f3n. Despedimos a Juan Vicente Herrera, un buen hombre, campechano, que ha sabido escuchar al sector","breadcrumb":{"@id":"https:\/\/www.asajacyl.com\/avila\/asaja-avila-informa\/camino-se-demuestra-andando#breadcrumb"},"inLanguage":"es","potentialAction":[{"@type":"ReadAction","target":["https:\/\/www.asajacyl.com\/avila\/asaja-avila-informa\/camino-se-demuestra-andando"]}]},{"@type":"ImageObject","inLanguage":"es","@id":"https:\/\/www.asajacyl.com\/avila\/asaja-avila-informa\/camino-se-demuestra-andando#primaryimage","url":"https:\/\/www.asajacyl.com\/avila\/wp-content\/uploads\/sites\/4\/2018\/09\/ASAMBLEA-GENERAL-2017-36.jpg","contentUrl":"https:\/\/www.asajacyl.com\/avila\/wp-content\/uploads\/sites\/4\/2018\/09\/ASAMBLEA-GENERAL-2017-36.jpg","width":1200,"height":1600},{"@type":"BreadcrumbList","@id":"https:\/\/www.asajacyl.com\/avila\/asaja-avila-informa\/camino-se-demuestra-andando#breadcrumb","itemListElement":[{"@type":"ListItem","position":1,"name":"Portada","item":"https:\/\/www.asajacyl.com\/avila\/"},{"@type":"ListItem","position":2,"name":"El camino se demuestra andando"}]},{"@type":"WebSite","@id":"https:\/\/www.asajacyl.com\/avila\/#website","url":"https:\/\/www.asajacyl.com\/avila\/","name":"ASAJA \u00c1vila","description":"Otro sitio m\u00e1s de Provincias ASAJA Castilla y Le\u00f3n","potentialAction":[{"@type":"SearchAction","target":{"@type":"EntryPoint","urlTemplate":"https:\/\/www.asajacyl.com\/avila\/?s={search_term_string}"},"query-input":{"@type":"PropertyValueSpecification","valueRequired":true,"valueName":"search_term_string"}}],"inLanguage":"es"},{"@type":"Person","@id":"https:\/\/www.asajacyl.com\/avila\/#\/schema\/person\/daf3c5c7d3afd005798ec283b78826ed","name":"Joaqu\u00edn","image":{"@type":"ImageObject","inLanguage":"es","@id":"https:\/\/www.asajacyl.com\/avila\/#\/schema\/person\/image\/","url":"https:\/\/secure.gravatar.com\/avatar\/8a87f10166ff5a8a3b0c21a125bc069d?s=96&d=mm&r=g","contentUrl":"https:\/\/secure.gravatar.com\/avatar\/8a87f10166ff5a8a3b0c21a125bc069d?s=96&d=mm&r=g","caption":"Joaqu\u00edn"},"url":"https:\/\/www.asajacyl.com\/avila\/author\/joaquinap"}]}},"_links":{"self":[{"href":"https:\/\/www.asajacyl.com\/avila\/wp-json\/wp\/v2\/posts\/5321"}],"collection":[{"href":"https:\/\/www.asajacyl.com\/avila\/wp-json\/wp\/v2\/posts"}],"about":[{"href":"https:\/\/www.asajacyl.com\/avila\/wp-json\/wp\/v2\/types\/post"}],"author":[{"embeddable":true,"href":"https:\/\/www.asajacyl.com\/avila\/wp-json\/wp\/v2\/users\/6"}],"replies":[{"embeddable":true,"href":"https:\/\/www.asajacyl.com\/avila\/wp-json\/wp\/v2\/comments?post=5321"}],"version-history":[{"count":1,"href":"https:\/\/www.asajacyl.com\/avila\/wp-json\/wp\/v2\/posts\/5321\/revisions"}],"predecessor-version":[{"id":5322,"href":"https:\/\/www.asajacyl.com\/avila\/wp-json\/wp\/v2\/posts\/5321\/revisions\/5322"}],"wp:featuredmedia":[{"embeddable":true,"href":"https:\/\/www.asajacyl.com\/avila\/wp-json\/wp\/v2\/media\/4081"}],"wp:attachment":[{"href":"https:\/\/www.asajacyl.com\/avila\/wp-json\/wp\/v2\/media?parent=5321"}],"wp:term":[{"taxonomy":"category","embeddable":true,"href":"https:\/\/www.asajacyl.com\/avila\/wp-json\/wp\/v2\/categories?post=5321"},{"taxonomy":"post_tag","embeddable":true,"href":"https:\/\/www.asajacyl.com\/avila\/wp-json\/wp\/v2\/tags?post=5321"}],"curies":[{"name":"wp","href":"https:\/\/api.w.org\/{rel}","templated":true}]}}