{"id":5470,"date":"2019-11-13T19:23:17","date_gmt":"2019-11-13T18:23:17","guid":{"rendered":"https:\/\/www.asajacyl.com\/avila\/?p=5470"},"modified":"2019-11-13T23:24:42","modified_gmt":"2019-11-13T22:24:42","slug":"partir-del-15-seguro-cultivos-forrajeros-cultivos-agroenergeticos","status":"publish","type":"post","link":"https:\/\/www.asajacyl.com\/avila\/asaja-avila-informa\/partir-del-15-seguro-cultivos-forrajeros-cultivos-agroenergeticos","title":{"rendered":"A partir del 15, seguro de cultivos forrajeros y de cultivos agroenerg\u00e9ticos"},"content":{"rendered":"<p>A partir del pr\u00f3ximo viernes, d\u00eda 15 de noviembre, pueden contratarse el seguro de cultivos forrajeros (ma\u00edz y resto de cultivos), as\u00ed como el seguro que cubre los cultivos agroenerg\u00e9ticos.<br \/>\nLos plazos de contrataci\u00f3n en Castilla y Le\u00f3n son los siguientes:<br \/>\n<strong>Forrajeros<\/strong><br \/>\nM\u00f3dulos 1 y 2 de ma\u00edz forrajero, desde el 15 de noviembre de 2019 hasta el 31 de mayo de 2020.<br \/>\nM\u00f3dulos 1 y 2 del resto de cultivos, desde el 15 de noviembre de 2019 hasta el 31 de marzo de 2020.<br \/>\nM\u00f3dulo P, desde el 1 de marzo hasta el 15 de junio de 2020, excepto para el ma\u00edz forrajero que finaliza el 15 de julio de 2020.<br \/>\nOrden APA\/1069\/2019, de 18 de octubre, por la que se definen los bienes y los rendimientos asegurables, las condiciones t\u00e9cnicas m\u00ednimas de cultivo, el \u00e1mbito de aplicaci\u00f3n, los periodos de garant\u00eda, las fechas de suscripci\u00f3n y los precios unitarios del seguro de explotaciones de cultivos forrajeros, comprendido en el cuadrag\u00e9simo Plan de Seguros Agrarios Combinados.<br \/>\n<strong>Agroenerg\u00e9ticos<\/strong><br \/>\nEl periodo de suscripci\u00f3n de los m\u00f3dulos 1 y 2 va del 15 de noviembre de 2019 al 28 de febrero de 2020, excepto para los cultivos de ma\u00edz y sorgo, y la paja de ma\u00edz, sorgo y arroz que va del 15 de noviembre de 2019 al 31 de mayo de 2020.<br \/>\nEl m\u00f3dulo P se puede contratar del 1 de marzo al 31 de mayo de 2020.<br \/>\nOrden APA\/1068\/2019, de 18 de octubre, por la que se definen los bienes y los rendimientos asegurables, las condiciones t\u00e9cnicas m\u00ednimas de cultivo, el \u00e1mbito de aplicaci\u00f3n, los periodos de garant\u00eda, las fechas de suscripci\u00f3n y los precios unitarios del seguro de explotaciones de cultivos agroenerg\u00e9ticos, comprendido en el cuadrag\u00e9simo Plan de Seguros Agrarios Combinados.<br \/>\nPara cualquier consulta, acude a la red de oficinas de ASAJA en Castilla y Le\u00f3n.<\/p>\n<p>&nbsp;<\/p>\n","protected":false},"excerpt":{"rendered":"<p>A partir del pr\u00f3ximo viernes, d\u00eda 15 de noviembre, pueden contratarse el seguro de cultivos forrajeros (ma\u00edz y resto de cultivos), as\u00ed como el seguro que cubre los cultivos agroenerg\u00e9ticos. Los plazos de contrataci\u00f3n en Castilla y Le\u00f3n son los siguientes: Forrajeros M\u00f3dulos 1 y 2 de ma\u00edz forrajero, desde el 15 de noviembre de [&hellip;]<\/p>\n","protected":false},"author":6,"featured_media":794,"comment_status":"open","ping_status":"open","sticky":false,"template":"","format":"standard","meta":{"footnotes":""},"categories":[8,46,9],"tags":[],"yoast_head":"<!-- This site is optimized with the Yoast SEO plugin v24.5 - https:\/\/yoast.com\/wordpress\/plugins\/seo\/ -->\n<title>A partir del 15, seguro de cultivos forrajeros y de cultivos agroenerg\u00e9ticos - ASAJA \u00c1vila<\/title>\n<meta name=\"description\" content=\"A partir del pr\u00f3ximo viernes, d\u00eda 15 de noviembre, pueden contratarse el seguro de cultivos forrajeros (ma\u00edz y resto de cultivos), as\u00ed como el seguro que\" \/>\n<meta name=\"robots\" content=\"index, follow, max-snippet:-1, max-image-preview:large, max-video-preview:-1\" \/>\n<link rel=\"canonical\" href=\"https:\/\/www.asajacyl.com\/avila\/asaja-avila-informa\/partir-del-15-seguro-cultivos-forrajeros-cultivos-agroenergeticos\" \/>\n<meta property=\"og:locale\" content=\"es_ES\" \/>\n<meta property=\"og:type\" content=\"article\" \/>\n<meta property=\"og:title\" content=\"A partir del 15, seguro de cultivos forrajeros y de cultivos agroenerg\u00e9ticos - ASAJA \u00c1vila\" \/>\n<meta property=\"og:description\" content=\"A partir del pr\u00f3ximo viernes, d\u00eda 15 de noviembre, pueden contratarse el seguro de cultivos forrajeros (ma\u00edz y resto de cultivos), as\u00ed como el seguro que\" \/>\n<meta property=\"og:url\" content=\"https:\/\/www.asajacyl.com\/avila\/asaja-avila-informa\/partir-del-15-seguro-cultivos-forrajeros-cultivos-agroenergeticos\" \/>\n<meta property=\"og:site_name\" content=\"ASAJA \u00c1vila\" \/>\n<meta property=\"article:published_time\" content=\"2019-11-13T18:23:17+00:00\" \/>\n<meta property=\"article:modified_time\" content=\"2019-11-13T22:24:42+00:00\" \/>\n<meta property=\"og:image\" content=\"https:\/\/www.asajacyl.com\/avila\/wp-content\/uploads\/sites\/4\/2017\/11\/im_predefinida_1920x1080.jpg\" \/>\n\t<meta property=\"og:image:width\" content=\"1920\" \/>\n\t<meta property=\"og:image:height\" content=\"1080\" \/>\n\t<meta property=\"og:image:type\" content=\"image\/jpeg\" \/>\n<meta name=\"author\" content=\"Joaqu\u00edn\" \/>\n<meta name=\"twitter:card\" content=\"summary_large_image\" \/>\n<meta name=\"twitter:label1\" content=\"Escrito por\" \/>\n\t<meta name=\"twitter:data1\" content=\"Joaqu\u00edn\" \/>\n\t<meta name=\"twitter:label2\" content=\"Tiempo de lectura\" \/>\n\t<meta name=\"twitter:data2\" content=\"2 minutos\" \/>\n<script type=\"application\/ld+json\" class=\"yoast-schema-graph\">{\"@context\":\"https:\/\/schema.org\",\"@graph\":[{\"@type\":\"WebPage\",\"@id\":\"https:\/\/www.asajacyl.com\/avila\/asaja-avila-informa\/partir-del-15-seguro-cultivos-forrajeros-cultivos-agroenergeticos\",\"url\":\"https:\/\/www.asajacyl.com\/avila\/asaja-avila-informa\/partir-del-15-seguro-cultivos-forrajeros-cultivos-agroenergeticos\",\"name\":\"A partir del 15, seguro de cultivos forrajeros y de cultivos agroenerg\u00e9ticos - ASAJA \u00c1vila\",\"isPartOf\":{\"@id\":\"https:\/\/www.asajacyl.com\/avila\/#website\"},\"primaryImageOfPage\":{\"@id\":\"https:\/\/www.asajacyl.com\/avila\/asaja-avila-informa\/partir-del-15-seguro-cultivos-forrajeros-cultivos-agroenergeticos#primaryimage\"},\"image\":{\"@id\":\"https:\/\/www.asajacyl.com\/avila\/asaja-avila-informa\/partir-del-15-seguro-cultivos-forrajeros-cultivos-agroenergeticos#primaryimage\"},\"thumbnailUrl\":\"https:\/\/www.asajacyl.com\/avila\/wp-content\/uploads\/sites\/4\/2017\/11\/im_predefinida_1920x1080.jpg\",\"datePublished\":\"2019-11-13T18:23:17+00:00\",\"dateModified\":\"2019-11-13T22:24:42+00:00\",\"author\":{\"@id\":\"https:\/\/www.asajacyl.com\/avila\/#\/schema\/person\/daf3c5c7d3afd005798ec283b78826ed\"},\"description\":\"A partir del pr\u00f3ximo viernes, d\u00eda 15 de noviembre, pueden contratarse el seguro de cultivos forrajeros (ma\u00edz y resto de cultivos), as\u00ed como el seguro que\",\"breadcrumb\":{\"@id\":\"https:\/\/www.asajacyl.com\/avila\/asaja-avila-informa\/partir-del-15-seguro-cultivos-forrajeros-cultivos-agroenergeticos#breadcrumb\"},\"inLanguage\":\"es\",\"potentialAction\":[{\"@type\":\"ReadAction\",\"target\":[\"https:\/\/www.asajacyl.com\/avila\/asaja-avila-informa\/partir-del-15-seguro-cultivos-forrajeros-cultivos-agroenergeticos\"]}]},{\"@type\":\"ImageObject\",\"inLanguage\":\"es\",\"@id\":\"https:\/\/www.asajacyl.com\/avila\/asaja-avila-informa\/partir-del-15-seguro-cultivos-forrajeros-cultivos-agroenergeticos#primaryimage\",\"url\":\"https:\/\/www.asajacyl.com\/avila\/wp-content\/uploads\/sites\/4\/2017\/11\/im_predefinida_1920x1080.jpg\",\"contentUrl\":\"https:\/\/www.asajacyl.com\/avila\/wp-content\/uploads\/sites\/4\/2017\/11\/im_predefinida_1920x1080.jpg\",\"width\":1920,\"height\":1080,\"caption\":\"Logotipo ASAJA \u00c1vila\"},{\"@type\":\"BreadcrumbList\",\"@id\":\"https:\/\/www.asajacyl.com\/avila\/asaja-avila-informa\/partir-del-15-seguro-cultivos-forrajeros-cultivos-agroenergeticos#breadcrumb\",\"itemListElement\":[{\"@type\":\"ListItem\",\"position\":1,\"name\":\"Portada\",\"item\":\"https:\/\/www.asajacyl.com\/avila\/\"},{\"@type\":\"ListItem\",\"position\":2,\"name\":\"A partir del 15, seguro de cultivos forrajeros y de cultivos agroenerg\u00e9ticos\"}]},{\"@type\":\"WebSite\",\"@id\":\"https:\/\/www.asajacyl.com\/avila\/#website\",\"url\":\"https:\/\/www.asajacyl.com\/avila\/\",\"name\":\"ASAJA \u00c1vila\",\"description\":\"Otro sitio m\u00e1s de Provincias ASAJA Castilla y Le\u00f3n\",\"potentialAction\":[{\"@type\":\"SearchAction\",\"target\":{\"@type\":\"EntryPoint\",\"urlTemplate\":\"https:\/\/www.asajacyl.com\/avila\/?s={search_term_string}\"},\"query-input\":{\"@type\":\"PropertyValueSpecification\",\"valueRequired\":true,\"valueName\":\"search_term_string\"}}],\"inLanguage\":\"es\"},{\"@type\":\"Person\",\"@id\":\"https:\/\/www.asajacyl.com\/avila\/#\/schema\/person\/daf3c5c7d3afd005798ec283b78826ed\",\"name\":\"Joaqu\u00edn\",\"image\":{\"@type\":\"ImageObject\",\"inLanguage\":\"es\",\"@id\":\"https:\/\/www.asajacyl.com\/avila\/#\/schema\/person\/image\/\",\"url\":\"https:\/\/secure.gravatar.com\/avatar\/8a87f10166ff5a8a3b0c21a125bc069d?s=96&d=mm&r=g\",\"contentUrl\":\"https:\/\/secure.gravatar.com\/avatar\/8a87f10166ff5a8a3b0c21a125bc069d?s=96&d=mm&r=g\",\"caption\":\"Joaqu\u00edn\"},\"url\":\"https:\/\/www.asajacyl.com\/avila\/author\/joaquinap\"}]}<\/script>\n<!-- \/ Yoast SEO plugin. -->","yoast_head_json":{"title":"A partir del 15, seguro de cultivos forrajeros y de cultivos agroenerg\u00e9ticos - ASAJA \u00c1vila","description":"A partir del pr\u00f3ximo viernes, d\u00eda 15 de noviembre, pueden contratarse el seguro de cultivos forrajeros (ma\u00edz y resto de cultivos), as\u00ed como el seguro que","robots":{"index":"index","follow":"follow","max-snippet":"max-snippet:-1","max-image-preview":"max-image-preview:large","max-video-preview":"max-video-preview:-1"},"canonical":"https:\/\/www.asajacyl.com\/avila\/asaja-avila-informa\/partir-del-15-seguro-cultivos-forrajeros-cultivos-agroenergeticos","og_locale":"es_ES","og_type":"article","og_title":"A partir del 15, seguro de cultivos forrajeros y de cultivos agroenerg\u00e9ticos - ASAJA \u00c1vila","og_description":"A partir del pr\u00f3ximo viernes, d\u00eda 15 de noviembre, pueden contratarse el seguro de cultivos forrajeros (ma\u00edz y resto de cultivos), as\u00ed como el seguro que","og_url":"https:\/\/www.asajacyl.com\/avila\/asaja-avila-informa\/partir-del-15-seguro-cultivos-forrajeros-cultivos-agroenergeticos","og_site_name":"ASAJA \u00c1vila","article_published_time":"2019-11-13T18:23:17+00:00","article_modified_time":"2019-11-13T22:24:42+00:00","og_image":[{"width":1920,"height":1080,"url":"https:\/\/www.asajacyl.com\/avila\/wp-content\/uploads\/sites\/4\/2017\/11\/im_predefinida_1920x1080.jpg","type":"image\/jpeg"}],"author":"Joaqu\u00edn","twitter_card":"summary_large_image","twitter_misc":{"Escrito por":"Joaqu\u00edn","Tiempo de lectura":"2 minutos"},"schema":{"@context":"https:\/\/schema.org","@graph":[{"@type":"WebPage","@id":"https:\/\/www.asajacyl.com\/avila\/asaja-avila-informa\/partir-del-15-seguro-cultivos-forrajeros-cultivos-agroenergeticos","url":"https:\/\/www.asajacyl.com\/avila\/asaja-avila-informa\/partir-del-15-seguro-cultivos-forrajeros-cultivos-agroenergeticos","name":"A partir del 15, seguro de cultivos forrajeros y de cultivos agroenerg\u00e9ticos - ASAJA \u00c1vila","isPartOf":{"@id":"https:\/\/www.asajacyl.com\/avila\/#website"},"primaryImageOfPage":{"@id":"https:\/\/www.asajacyl.com\/avila\/asaja-avila-informa\/partir-del-15-seguro-cultivos-forrajeros-cultivos-agroenergeticos#primaryimage"},"image":{"@id":"https:\/\/www.asajacyl.com\/avila\/asaja-avila-informa\/partir-del-15-seguro-cultivos-forrajeros-cultivos-agroenergeticos#primaryimage"},"thumbnailUrl":"https:\/\/www.asajacyl.com\/avila\/wp-content\/uploads\/sites\/4\/2017\/11\/im_predefinida_1920x1080.jpg","datePublished":"2019-11-13T18:23:17+00:00","dateModified":"2019-11-13T22:24:42+00:00","author":{"@id":"https:\/\/www.asajacyl.com\/avila\/#\/schema\/person\/daf3c5c7d3afd005798ec283b78826ed"},"description":"A partir del pr\u00f3ximo viernes, d\u00eda 15 de noviembre, pueden contratarse el seguro de cultivos forrajeros (ma\u00edz y resto de cultivos), as\u00ed como el seguro que","breadcrumb":{"@id":"https:\/\/www.asajacyl.com\/avila\/asaja-avila-informa\/partir-del-15-seguro-cultivos-forrajeros-cultivos-agroenergeticos#breadcrumb"},"inLanguage":"es","potentialAction":[{"@type":"ReadAction","target":["https:\/\/www.asajacyl.com\/avila\/asaja-avila-informa\/partir-del-15-seguro-cultivos-forrajeros-cultivos-agroenergeticos"]}]},{"@type":"ImageObject","inLanguage":"es","@id":"https:\/\/www.asajacyl.com\/avila\/asaja-avila-informa\/partir-del-15-seguro-cultivos-forrajeros-cultivos-agroenergeticos#primaryimage","url":"https:\/\/www.asajacyl.com\/avila\/wp-content\/uploads\/sites\/4\/2017\/11\/im_predefinida_1920x1080.jpg","contentUrl":"https:\/\/www.asajacyl.com\/avila\/wp-content\/uploads\/sites\/4\/2017\/11\/im_predefinida_1920x1080.jpg","width":1920,"height":1080,"caption":"Logotipo ASAJA \u00c1vila"},{"@type":"BreadcrumbList","@id":"https:\/\/www.asajacyl.com\/avila\/asaja-avila-informa\/partir-del-15-seguro-cultivos-forrajeros-cultivos-agroenergeticos#breadcrumb","itemListElement":[{"@type":"ListItem","position":1,"name":"Portada","item":"https:\/\/www.asajacyl.com\/avila\/"},{"@type":"ListItem","position":2,"name":"A partir del 15, seguro de cultivos forrajeros y de cultivos agroenerg\u00e9ticos"}]},{"@type":"WebSite","@id":"https:\/\/www.asajacyl.com\/avila\/#website","url":"https:\/\/www.asajacyl.com\/avila\/","name":"ASAJA \u00c1vila","description":"Otro sitio m\u00e1s de Provincias ASAJA Castilla y Le\u00f3n","potentialAction":[{"@type":"SearchAction","target":{"@type":"EntryPoint","urlTemplate":"https:\/\/www.asajacyl.com\/avila\/?s={search_term_string}"},"query-input":{"@type":"PropertyValueSpecification","valueRequired":true,"valueName":"search_term_string"}}],"inLanguage":"es"},{"@type":"Person","@id":"https:\/\/www.asajacyl.com\/avila\/#\/schema\/person\/daf3c5c7d3afd005798ec283b78826ed","name":"Joaqu\u00edn","image":{"@type":"ImageObject","inLanguage":"es","@id":"https:\/\/www.asajacyl.com\/avila\/#\/schema\/person\/image\/","url":"https:\/\/secure.gravatar.com\/avatar\/8a87f10166ff5a8a3b0c21a125bc069d?s=96&d=mm&r=g","contentUrl":"https:\/\/secure.gravatar.com\/avatar\/8a87f10166ff5a8a3b0c21a125bc069d?s=96&d=mm&r=g","caption":"Joaqu\u00edn"},"url":"https:\/\/www.asajacyl.com\/avila\/author\/joaquinap"}]}},"_links":{"self":[{"href":"https:\/\/www.asajacyl.com\/avila\/wp-json\/wp\/v2\/posts\/5470"}],"collection":[{"href":"https:\/\/www.asajacyl.com\/avila\/wp-json\/wp\/v2\/posts"}],"about":[{"href":"https:\/\/www.asajacyl.com\/avila\/wp-json\/wp\/v2\/types\/post"}],"author":[{"embeddable":true,"href":"https:\/\/www.asajacyl.com\/avila\/wp-json\/wp\/v2\/users\/6"}],"replies":[{"embeddable":true,"href":"https:\/\/www.asajacyl.com\/avila\/wp-json\/wp\/v2\/comments?post=5470"}],"version-history":[{"count":1,"href":"https:\/\/www.asajacyl.com\/avila\/wp-json\/wp\/v2\/posts\/5470\/revisions"}],"predecessor-version":[{"id":5471,"href":"https:\/\/www.asajacyl.com\/avila\/wp-json\/wp\/v2\/posts\/5470\/revisions\/5471"}],"wp:featuredmedia":[{"embeddable":true,"href":"https:\/\/www.asajacyl.com\/avila\/wp-json\/wp\/v2\/media\/794"}],"wp:attachment":[{"href":"https:\/\/www.asajacyl.com\/avila\/wp-json\/wp\/v2\/media?parent=5470"}],"wp:term":[{"taxonomy":"category","embeddable":true,"href":"https:\/\/www.asajacyl.com\/avila\/wp-json\/wp\/v2\/categories?post=5470"},{"taxonomy":"post_tag","embeddable":true,"href":"https:\/\/www.asajacyl.com\/avila\/wp-json\/wp\/v2\/tags?post=5470"}],"curies":[{"name":"wp","href":"https:\/\/api.w.org\/{rel}","templated":true}]}}