{"id":5483,"date":"2019-11-18T19:48:02","date_gmt":"2019-11-18T18:48:02","guid":{"rendered":"https:\/\/www.asajacyl.com\/avila\/?p=5483"},"modified":"2019-11-27T14:30:34","modified_gmt":"2019-11-27T13:30:34","slug":"jornada-innovacion-aumento-productividad-sector-vacuno-carne-la-mano-asaja","status":"publish","type":"post","link":"https:\/\/www.asajacyl.com\/avila\/asaja-avila-informa\/jornada-innovacion-aumento-productividad-sector-vacuno-carne-la-mano-asaja","title":{"rendered":"Jornada de innovaci\u00f3n y aumento de productividad en el sector vacuno de carne de la mano de ASAJA"},"content":{"rendered":"<p><strong>La jornada, inaugurada por el Director General de Producci\u00f3n Agropecuaria de la Junta de Castilla y Le\u00f3n, se ha desarrollado hoy en El Barco de \u00c1vila.<\/strong><\/p>\n<p>La Asociaci\u00f3n Agraria J\u00f3venes Agricultores (ASAJA) de \u00c1vila ha celebrado hoy una sesi\u00f3n formativa destinada a los ganaderos de la zona de El Barco de \u00c1vila bajo el t\u00edtulo \u201cjornada de ganado vacuno: manejo sostenible e innovaci\u00f3n para un aumento de la productividad\u201c.<\/p>\n<p>La jornada inaugurada por el Director General de Producci\u00f3n Agropecuaria de la Junta de Castilla y Le\u00f3n, Agust\u00edn \u00c1lvarez Nogal, ha comenzado trasladando la informaci\u00f3n sobre el estado de pagos y novedades de la PAC, las ayudas al abastecimiento de agua a las explotaciones ganaderas y los pr\u00e9stamos bonificados de sequ\u00eda, entre otras cuestiones.<\/p>\n<p>Posteriormente se ha informado de las implicaciones que para el sector vacuno de carne tendr\u00e1 la puesta en marcha del programa nacional voluntario de lucha contra la Rinotraqueitis Infecciosa Bovina (IBR), programa que ya se ha publicado en el Bolet\u00edn Oficial del Estado y que dar\u00e1 sus primeros comienzos a principios del pr\u00f3ximo a\u00f1o 2020. A continuaci\u00f3n han sido analizados los retos y oportunidades actuales del sector vacuno de carne, desde las cuestiones de \u00e1mbito internacional como el futuro acuerdo de la Uni\u00f3n Europea con los pa\u00edses que conforman MERCOSUR a las acciones de \u00e1mbito nacional. Finalmente se han desgranado las novedades del Plan 2019 de la l\u00ednea 401 de seguros agropecuarios en explotaciones de ganado vacuno.<\/p>\n<p>La jornada a la que ha asistido el presidente de ASAJA de \u00c1vila, Joaqu\u00edn Antonio Pino, ha sido clausurada por su hom\u00f3logo en el \u00e1mbito regional, Donaciano Dujo. Para el l\u00edder regional de ASAJA el sector vacuno de carne es uno de los prioritarios para la organizaci\u00f3n, en donde se pelear\u00e1 para que se contemplen las peculiaridades del extensivo como el de El Barco de \u00c1vila en el dise\u00f1o de la nueva PAC y donde ASAJA se est\u00e1 volcando para que se pongan encima de la mesa medidas que alivien a los ganaderos en cuestiones como el saneamiento, as\u00ed como que se ataje de una vez por todas el desmadre que hay con la superpoblaci\u00f3n de fauna salvaje como el jabal\u00ed o el ciervo.<\/p>\n<p><img loading=\"lazy\" decoding=\"async\" class=\"alignnone size-medium wp-image-5485\" src=\"https:\/\/www.asajacyl.com\/avila\/wp-content\/uploads\/sites\/4\/2019\/11\/FOTO-1-JORNADA-BARCO-DE-\u00c1VILA-18-DE-NOVIEMBRE-DE-2019-1-300x225.jpg\" alt=\"\" width=\"300\" height=\"225\" srcset=\"https:\/\/www.asajacyl.com\/avila\/wp-content\/uploads\/sites\/4\/2019\/11\/FOTO-1-JORNADA-BARCO-DE-\u00c1VILA-18-DE-NOVIEMBRE-DE-2019-1-300x225.jpg 300w, https:\/\/www.asajacyl.com\/avila\/wp-content\/uploads\/sites\/4\/2019\/11\/FOTO-1-JORNADA-BARCO-DE-\u00c1VILA-18-DE-NOVIEMBRE-DE-2019-1-768x576.jpg 768w, https:\/\/www.asajacyl.com\/avila\/wp-content\/uploads\/sites\/4\/2019\/11\/FOTO-1-JORNADA-BARCO-DE-\u00c1VILA-18-DE-NOVIEMBRE-DE-2019-1-1024x768.jpg 1024w, https:\/\/www.asajacyl.com\/avila\/wp-content\/uploads\/sites\/4\/2019\/11\/FOTO-1-JORNADA-BARCO-DE-\u00c1VILA-18-DE-NOVIEMBRE-DE-2019-1-80x60.jpg 80w, https:\/\/www.asajacyl.com\/avila\/wp-content\/uploads\/sites\/4\/2019\/11\/FOTO-1-JORNADA-BARCO-DE-\u00c1VILA-18-DE-NOVIEMBRE-DE-2019-1-696x522.jpg 696w, https:\/\/www.asajacyl.com\/avila\/wp-content\/uploads\/sites\/4\/2019\/11\/FOTO-1-JORNADA-BARCO-DE-\u00c1VILA-18-DE-NOVIEMBRE-DE-2019-1-1068x801.jpg 1068w, https:\/\/www.asajacyl.com\/avila\/wp-content\/uploads\/sites\/4\/2019\/11\/FOTO-1-JORNADA-BARCO-DE-\u00c1VILA-18-DE-NOVIEMBRE-DE-2019-1-560x420.jpg 560w, https:\/\/www.asajacyl.com\/avila\/wp-content\/uploads\/sites\/4\/2019\/11\/FOTO-1-JORNADA-BARCO-DE-\u00c1VILA-18-DE-NOVIEMBRE-DE-2019-1-1920x1440.jpg 1920w\" sizes=\"(max-width: 300px) 100vw, 300px\" \/> <img loading=\"lazy\" decoding=\"async\" class=\"alignnone size-medium wp-image-5486\" src=\"https:\/\/www.asajacyl.com\/avila\/wp-content\/uploads\/sites\/4\/2019\/11\/FOTO-2-JORNADA-BARCO-DE-\u00c1VILA-18-DE-NOVIEMBRE-DE-2019-300x225.jpg\" alt=\"\" width=\"300\" height=\"225\" srcset=\"https:\/\/www.asajacyl.com\/avila\/wp-content\/uploads\/sites\/4\/2019\/11\/FOTO-2-JORNADA-BARCO-DE-\u00c1VILA-18-DE-NOVIEMBRE-DE-2019-300x225.jpg 300w, https:\/\/www.asajacyl.com\/avila\/wp-content\/uploads\/sites\/4\/2019\/11\/FOTO-2-JORNADA-BARCO-DE-\u00c1VILA-18-DE-NOVIEMBRE-DE-2019-768x576.jpg 768w, https:\/\/www.asajacyl.com\/avila\/wp-content\/uploads\/sites\/4\/2019\/11\/FOTO-2-JORNADA-BARCO-DE-\u00c1VILA-18-DE-NOVIEMBRE-DE-2019-1024x768.jpg 1024w, https:\/\/www.asajacyl.com\/avila\/wp-content\/uploads\/sites\/4\/2019\/11\/FOTO-2-JORNADA-BARCO-DE-\u00c1VILA-18-DE-NOVIEMBRE-DE-2019-80x60.jpg 80w, https:\/\/www.asajacyl.com\/avila\/wp-content\/uploads\/sites\/4\/2019\/11\/FOTO-2-JORNADA-BARCO-DE-\u00c1VILA-18-DE-NOVIEMBRE-DE-2019-696x522.jpg 696w, https:\/\/www.asajacyl.com\/avila\/wp-content\/uploads\/sites\/4\/2019\/11\/FOTO-2-JORNADA-BARCO-DE-\u00c1VILA-18-DE-NOVIEMBRE-DE-2019-1068x801.jpg 1068w, https:\/\/www.asajacyl.com\/avila\/wp-content\/uploads\/sites\/4\/2019\/11\/FOTO-2-JORNADA-BARCO-DE-\u00c1VILA-18-DE-NOVIEMBRE-DE-2019-560x420.jpg 560w, https:\/\/www.asajacyl.com\/avila\/wp-content\/uploads\/sites\/4\/2019\/11\/FOTO-2-JORNADA-BARCO-DE-\u00c1VILA-18-DE-NOVIEMBRE-DE-2019-1920x1440.jpg 1920w\" sizes=\"(max-width: 300px) 100vw, 300px\" \/><\/p>\n<p>&nbsp;<\/p>\n","protected":false},"excerpt":{"rendered":"<p>La jornada, inaugurada por el Director General de Producci\u00f3n Agropecuaria de la Junta de Castilla y Le\u00f3n, se ha desarrollado hoy en El Barco de \u00c1vila. La Asociaci\u00f3n Agraria J\u00f3venes Agricultores (ASAJA) de \u00c1vila ha celebrado hoy una sesi\u00f3n formativa destinada a los ganaderos de la zona de El Barco de \u00c1vila bajo el t\u00edtulo [&hellip;]<\/p>\n","protected":false},"author":6,"featured_media":5484,"comment_status":"open","ping_status":"open","sticky":false,"template":"","format":"standard","meta":{"footnotes":""},"categories":[8,18],"tags":[],"yoast_head":"<!-- This site is optimized with the Yoast SEO plugin v24.5 - https:\/\/yoast.com\/wordpress\/plugins\/seo\/ -->\n<title>Jornada de innovaci\u00f3n y aumento de productividad en el sector vacuno de carne de la mano de ASAJA - ASAJA \u00c1vila<\/title>\n<meta name=\"description\" content=\"La jornada, inaugurada por el Director General de Producci\u00f3n Agropecuaria de la Junta de Castilla y Le\u00f3n, se ha desarrollado hoy en El Barco de \u00c1vila. La\" \/>\n<meta name=\"robots\" content=\"index, follow, max-snippet:-1, max-image-preview:large, max-video-preview:-1\" \/>\n<link rel=\"canonical\" href=\"https:\/\/www.asajacyl.com\/avila\/asaja-avila-informa\/jornada-innovacion-aumento-productividad-sector-vacuno-carne-la-mano-asaja\" \/>\n<meta property=\"og:locale\" content=\"es_ES\" \/>\n<meta property=\"og:type\" content=\"article\" \/>\n<meta property=\"og:title\" content=\"Jornada de innovaci\u00f3n y aumento de productividad en el sector vacuno de carne de la mano de ASAJA - ASAJA \u00c1vila\" \/>\n<meta property=\"og:description\" content=\"La jornada, inaugurada por el Director General de Producci\u00f3n Agropecuaria de la Junta de Castilla y Le\u00f3n, se ha desarrollado hoy en El Barco de \u00c1vila. La\" \/>\n<meta property=\"og:url\" content=\"https:\/\/www.asajacyl.com\/avila\/asaja-avila-informa\/jornada-innovacion-aumento-productividad-sector-vacuno-carne-la-mano-asaja\" \/>\n<meta property=\"og:site_name\" content=\"ASAJA \u00c1vila\" \/>\n<meta property=\"article:published_time\" content=\"2019-11-18T18:48:02+00:00\" \/>\n<meta property=\"article:modified_time\" content=\"2019-11-27T13:30:34+00:00\" \/>\n<meta property=\"og:image\" content=\"https:\/\/www.asajacyl.com\/avila\/wp-content\/uploads\/sites\/4\/2019\/11\/FOTO-1-JORNADA-BARCO-DE-\u00c1VILA-18-DE-NOVIEMBRE-DE-2019.jpg\" \/>\n\t<meta property=\"og:image:width\" content=\"2500\" \/>\n\t<meta property=\"og:image:height\" content=\"1875\" \/>\n\t<meta property=\"og:image:type\" content=\"image\/jpeg\" \/>\n<meta name=\"author\" content=\"Joaqu\u00edn\" \/>\n<meta name=\"twitter:card\" content=\"summary_large_image\" \/>\n<meta name=\"twitter:label1\" content=\"Escrito por\" \/>\n\t<meta name=\"twitter:data1\" content=\"Joaqu\u00edn\" \/>\n\t<meta name=\"twitter:label2\" content=\"Tiempo de lectura\" \/>\n\t<meta name=\"twitter:data2\" content=\"2 minutos\" \/>\n<script type=\"application\/ld+json\" class=\"yoast-schema-graph\">{\"@context\":\"https:\/\/schema.org\",\"@graph\":[{\"@type\":\"WebPage\",\"@id\":\"https:\/\/www.asajacyl.com\/avila\/asaja-avila-informa\/jornada-innovacion-aumento-productividad-sector-vacuno-carne-la-mano-asaja\",\"url\":\"https:\/\/www.asajacyl.com\/avila\/asaja-avila-informa\/jornada-innovacion-aumento-productividad-sector-vacuno-carne-la-mano-asaja\",\"name\":\"Jornada de innovaci\u00f3n y aumento de productividad en el sector vacuno de carne de la mano de ASAJA - ASAJA \u00c1vila\",\"isPartOf\":{\"@id\":\"https:\/\/www.asajacyl.com\/avila\/#website\"},\"primaryImageOfPage\":{\"@id\":\"https:\/\/www.asajacyl.com\/avila\/asaja-avila-informa\/jornada-innovacion-aumento-productividad-sector-vacuno-carne-la-mano-asaja#primaryimage\"},\"image\":{\"@id\":\"https:\/\/www.asajacyl.com\/avila\/asaja-avila-informa\/jornada-innovacion-aumento-productividad-sector-vacuno-carne-la-mano-asaja#primaryimage\"},\"thumbnailUrl\":\"https:\/\/www.asajacyl.com\/avila\/wp-content\/uploads\/sites\/4\/2019\/11\/FOTO-1-JORNADA-BARCO-DE-\u00c1VILA-18-DE-NOVIEMBRE-DE-2019.jpg\",\"datePublished\":\"2019-11-18T18:48:02+00:00\",\"dateModified\":\"2019-11-27T13:30:34+00:00\",\"author\":{\"@id\":\"https:\/\/www.asajacyl.com\/avila\/#\/schema\/person\/daf3c5c7d3afd005798ec283b78826ed\"},\"description\":\"La jornada, inaugurada por el Director General de Producci\u00f3n Agropecuaria de la Junta de Castilla y Le\u00f3n, se ha desarrollado hoy en El Barco de \u00c1vila. La\",\"breadcrumb\":{\"@id\":\"https:\/\/www.asajacyl.com\/avila\/asaja-avila-informa\/jornada-innovacion-aumento-productividad-sector-vacuno-carne-la-mano-asaja#breadcrumb\"},\"inLanguage\":\"es\",\"potentialAction\":[{\"@type\":\"ReadAction\",\"target\":[\"https:\/\/www.asajacyl.com\/avila\/asaja-avila-informa\/jornada-innovacion-aumento-productividad-sector-vacuno-carne-la-mano-asaja\"]}]},{\"@type\":\"ImageObject\",\"inLanguage\":\"es\",\"@id\":\"https:\/\/www.asajacyl.com\/avila\/asaja-avila-informa\/jornada-innovacion-aumento-productividad-sector-vacuno-carne-la-mano-asaja#primaryimage\",\"url\":\"https:\/\/www.asajacyl.com\/avila\/wp-content\/uploads\/sites\/4\/2019\/11\/FOTO-1-JORNADA-BARCO-DE-\u00c1VILA-18-DE-NOVIEMBRE-DE-2019.jpg\",\"contentUrl\":\"https:\/\/www.asajacyl.com\/avila\/wp-content\/uploads\/sites\/4\/2019\/11\/FOTO-1-JORNADA-BARCO-DE-\u00c1VILA-18-DE-NOVIEMBRE-DE-2019.jpg\",\"width\":2500,\"height\":1875},{\"@type\":\"BreadcrumbList\",\"@id\":\"https:\/\/www.asajacyl.com\/avila\/asaja-avila-informa\/jornada-innovacion-aumento-productividad-sector-vacuno-carne-la-mano-asaja#breadcrumb\",\"itemListElement\":[{\"@type\":\"ListItem\",\"position\":1,\"name\":\"Portada\",\"item\":\"https:\/\/www.asajacyl.com\/avila\/\"},{\"@type\":\"ListItem\",\"position\":2,\"name\":\"Jornada de innovaci\u00f3n y aumento de productividad en el sector vacuno de carne de la mano de ASAJA\"}]},{\"@type\":\"WebSite\",\"@id\":\"https:\/\/www.asajacyl.com\/avila\/#website\",\"url\":\"https:\/\/www.asajacyl.com\/avila\/\",\"name\":\"ASAJA \u00c1vila\",\"description\":\"Otro sitio m\u00e1s de Provincias ASAJA Castilla y Le\u00f3n\",\"potentialAction\":[{\"@type\":\"SearchAction\",\"target\":{\"@type\":\"EntryPoint\",\"urlTemplate\":\"https:\/\/www.asajacyl.com\/avila\/?s={search_term_string}\"},\"query-input\":{\"@type\":\"PropertyValueSpecification\",\"valueRequired\":true,\"valueName\":\"search_term_string\"}}],\"inLanguage\":\"es\"},{\"@type\":\"Person\",\"@id\":\"https:\/\/www.asajacyl.com\/avila\/#\/schema\/person\/daf3c5c7d3afd005798ec283b78826ed\",\"name\":\"Joaqu\u00edn\",\"image\":{\"@type\":\"ImageObject\",\"inLanguage\":\"es\",\"@id\":\"https:\/\/www.asajacyl.com\/avila\/#\/schema\/person\/image\/\",\"url\":\"https:\/\/secure.gravatar.com\/avatar\/8a87f10166ff5a8a3b0c21a125bc069d?s=96&d=mm&r=g\",\"contentUrl\":\"https:\/\/secure.gravatar.com\/avatar\/8a87f10166ff5a8a3b0c21a125bc069d?s=96&d=mm&r=g\",\"caption\":\"Joaqu\u00edn\"},\"url\":\"https:\/\/www.asajacyl.com\/avila\/author\/joaquinap\"}]}<\/script>\n<!-- \/ Yoast SEO plugin. -->","yoast_head_json":{"title":"Jornada de innovaci\u00f3n y aumento de productividad en el sector vacuno de carne de la mano de ASAJA - ASAJA \u00c1vila","description":"La jornada, inaugurada por el Director General de Producci\u00f3n Agropecuaria de la Junta de Castilla y Le\u00f3n, se ha desarrollado hoy en El Barco de \u00c1vila. La","robots":{"index":"index","follow":"follow","max-snippet":"max-snippet:-1","max-image-preview":"max-image-preview:large","max-video-preview":"max-video-preview:-1"},"canonical":"https:\/\/www.asajacyl.com\/avila\/asaja-avila-informa\/jornada-innovacion-aumento-productividad-sector-vacuno-carne-la-mano-asaja","og_locale":"es_ES","og_type":"article","og_title":"Jornada de innovaci\u00f3n y aumento de productividad en el sector vacuno de carne de la mano de ASAJA - ASAJA \u00c1vila","og_description":"La jornada, inaugurada por el Director General de Producci\u00f3n Agropecuaria de la Junta de Castilla y Le\u00f3n, se ha desarrollado hoy en El Barco de \u00c1vila. La","og_url":"https:\/\/www.asajacyl.com\/avila\/asaja-avila-informa\/jornada-innovacion-aumento-productividad-sector-vacuno-carne-la-mano-asaja","og_site_name":"ASAJA \u00c1vila","article_published_time":"2019-11-18T18:48:02+00:00","article_modified_time":"2019-11-27T13:30:34+00:00","og_image":[{"width":2500,"height":1875,"url":"https:\/\/www.asajacyl.com\/avila\/wp-content\/uploads\/sites\/4\/2019\/11\/FOTO-1-JORNADA-BARCO-DE-\u00c1VILA-18-DE-NOVIEMBRE-DE-2019.jpg","type":"image\/jpeg"}],"author":"Joaqu\u00edn","twitter_card":"summary_large_image","twitter_misc":{"Escrito por":"Joaqu\u00edn","Tiempo de lectura":"2 minutos"},"schema":{"@context":"https:\/\/schema.org","@graph":[{"@type":"WebPage","@id":"https:\/\/www.asajacyl.com\/avila\/asaja-avila-informa\/jornada-innovacion-aumento-productividad-sector-vacuno-carne-la-mano-asaja","url":"https:\/\/www.asajacyl.com\/avila\/asaja-avila-informa\/jornada-innovacion-aumento-productividad-sector-vacuno-carne-la-mano-asaja","name":"Jornada de innovaci\u00f3n y aumento de productividad en el sector vacuno de carne de la mano de ASAJA - ASAJA \u00c1vila","isPartOf":{"@id":"https:\/\/www.asajacyl.com\/avila\/#website"},"primaryImageOfPage":{"@id":"https:\/\/www.asajacyl.com\/avila\/asaja-avila-informa\/jornada-innovacion-aumento-productividad-sector-vacuno-carne-la-mano-asaja#primaryimage"},"image":{"@id":"https:\/\/www.asajacyl.com\/avila\/asaja-avila-informa\/jornada-innovacion-aumento-productividad-sector-vacuno-carne-la-mano-asaja#primaryimage"},"thumbnailUrl":"https:\/\/www.asajacyl.com\/avila\/wp-content\/uploads\/sites\/4\/2019\/11\/FOTO-1-JORNADA-BARCO-DE-\u00c1VILA-18-DE-NOVIEMBRE-DE-2019.jpg","datePublished":"2019-11-18T18:48:02+00:00","dateModified":"2019-11-27T13:30:34+00:00","author":{"@id":"https:\/\/www.asajacyl.com\/avila\/#\/schema\/person\/daf3c5c7d3afd005798ec283b78826ed"},"description":"La jornada, inaugurada por el Director General de Producci\u00f3n Agropecuaria de la Junta de Castilla y Le\u00f3n, se ha desarrollado hoy en El Barco de \u00c1vila. La","breadcrumb":{"@id":"https:\/\/www.asajacyl.com\/avila\/asaja-avila-informa\/jornada-innovacion-aumento-productividad-sector-vacuno-carne-la-mano-asaja#breadcrumb"},"inLanguage":"es","potentialAction":[{"@type":"ReadAction","target":["https:\/\/www.asajacyl.com\/avila\/asaja-avila-informa\/jornada-innovacion-aumento-productividad-sector-vacuno-carne-la-mano-asaja"]}]},{"@type":"ImageObject","inLanguage":"es","@id":"https:\/\/www.asajacyl.com\/avila\/asaja-avila-informa\/jornada-innovacion-aumento-productividad-sector-vacuno-carne-la-mano-asaja#primaryimage","url":"https:\/\/www.asajacyl.com\/avila\/wp-content\/uploads\/sites\/4\/2019\/11\/FOTO-1-JORNADA-BARCO-DE-\u00c1VILA-18-DE-NOVIEMBRE-DE-2019.jpg","contentUrl":"https:\/\/www.asajacyl.com\/avila\/wp-content\/uploads\/sites\/4\/2019\/11\/FOTO-1-JORNADA-BARCO-DE-\u00c1VILA-18-DE-NOVIEMBRE-DE-2019.jpg","width":2500,"height":1875},{"@type":"BreadcrumbList","@id":"https:\/\/www.asajacyl.com\/avila\/asaja-avila-informa\/jornada-innovacion-aumento-productividad-sector-vacuno-carne-la-mano-asaja#breadcrumb","itemListElement":[{"@type":"ListItem","position":1,"name":"Portada","item":"https:\/\/www.asajacyl.com\/avila\/"},{"@type":"ListItem","position":2,"name":"Jornada de innovaci\u00f3n y aumento de productividad en el sector vacuno de carne de la mano de ASAJA"}]},{"@type":"WebSite","@id":"https:\/\/www.asajacyl.com\/avila\/#website","url":"https:\/\/www.asajacyl.com\/avila\/","name":"ASAJA \u00c1vila","description":"Otro sitio m\u00e1s de Provincias ASAJA Castilla y Le\u00f3n","potentialAction":[{"@type":"SearchAction","target":{"@type":"EntryPoint","urlTemplate":"https:\/\/www.asajacyl.com\/avila\/?s={search_term_string}"},"query-input":{"@type":"PropertyValueSpecification","valueRequired":true,"valueName":"search_term_string"}}],"inLanguage":"es"},{"@type":"Person","@id":"https:\/\/www.asajacyl.com\/avila\/#\/schema\/person\/daf3c5c7d3afd005798ec283b78826ed","name":"Joaqu\u00edn","image":{"@type":"ImageObject","inLanguage":"es","@id":"https:\/\/www.asajacyl.com\/avila\/#\/schema\/person\/image\/","url":"https:\/\/secure.gravatar.com\/avatar\/8a87f10166ff5a8a3b0c21a125bc069d?s=96&d=mm&r=g","contentUrl":"https:\/\/secure.gravatar.com\/avatar\/8a87f10166ff5a8a3b0c21a125bc069d?s=96&d=mm&r=g","caption":"Joaqu\u00edn"},"url":"https:\/\/www.asajacyl.com\/avila\/author\/joaquinap"}]}},"_links":{"self":[{"href":"https:\/\/www.asajacyl.com\/avila\/wp-json\/wp\/v2\/posts\/5483"}],"collection":[{"href":"https:\/\/www.asajacyl.com\/avila\/wp-json\/wp\/v2\/posts"}],"about":[{"href":"https:\/\/www.asajacyl.com\/avila\/wp-json\/wp\/v2\/types\/post"}],"author":[{"embeddable":true,"href":"https:\/\/www.asajacyl.com\/avila\/wp-json\/wp\/v2\/users\/6"}],"replies":[{"embeddable":true,"href":"https:\/\/www.asajacyl.com\/avila\/wp-json\/wp\/v2\/comments?post=5483"}],"version-history":[{"count":1,"href":"https:\/\/www.asajacyl.com\/avila\/wp-json\/wp\/v2\/posts\/5483\/revisions"}],"predecessor-version":[{"id":5487,"href":"https:\/\/www.asajacyl.com\/avila\/wp-json\/wp\/v2\/posts\/5483\/revisions\/5487"}],"wp:featuredmedia":[{"embeddable":true,"href":"https:\/\/www.asajacyl.com\/avila\/wp-json\/wp\/v2\/media\/5484"}],"wp:attachment":[{"href":"https:\/\/www.asajacyl.com\/avila\/wp-json\/wp\/v2\/media?parent=5483"}],"wp:term":[{"taxonomy":"category","embeddable":true,"href":"https:\/\/www.asajacyl.com\/avila\/wp-json\/wp\/v2\/categories?post=5483"},{"taxonomy":"post_tag","embeddable":true,"href":"https:\/\/www.asajacyl.com\/avila\/wp-json\/wp\/v2\/tags?post=5483"}],"curies":[{"name":"wp","href":"https:\/\/api.w.org\/{rel}","templated":true}]}}