{"id":5503,"date":"2019-11-27T14:29:11","date_gmt":"2019-11-27T13:29:11","guid":{"rendered":"https:\/\/www.asajacyl.com\/avila\/?p=5503"},"modified":"2019-12-04T14:12:34","modified_gmt":"2019-12-04T13:12:34","slug":"castilla-leon-pide-peso-la-contratacion-seguros-agrarios-le-sirva-decidir-mejoras-sistema","status":"publish","type":"post","link":"https:\/\/www.asajacyl.com\/avila\/asaja-avila-informa\/castilla-leon-pide-peso-la-contratacion-seguros-agrarios-le-sirva-decidir-mejoras-sistema","title":{"rendered":"Castilla y Le\u00f3n pide que su peso en la contrataci\u00f3n de seguros agrarios le sirva para decidir mejoras en el sistema"},"content":{"rendered":"<p><strong>Para ASAJA, hay que lograr unas buenas coberturas con precios asequibles<\/strong><\/p>\n<p>Castilla y Le\u00f3n lleva tiempo reclamando un mayor protagonismo en el dise\u00f1o de la pol\u00edtica de seguros agrarios, que depende del Gobierno central. Desde ASAJA se ha insistido en numerosas ocasiones en que el peso de la comunidad aut\u00f3noma en la contrataci\u00f3n de seguros justifica que la voz de Castilla y Le\u00f3n sea muy tenida en cuenta en este debate.<\/p>\n<p>Con este objetivo, el pasado 27 de noviembre la Consejer\u00eda, Agroseguro, las organizaciones profesionales agrarias y Enesa constituyeron un grupo de trabajo para avanzar en medidas de mejora en los seguros agrarios que supongan mayores garant\u00edas a los agricultores y ganaderos. La Consejer\u00eda se ha comprometido a incrementar el presupuesto de apoyo a la contrataci\u00f3n de seguros y tambi\u00e9n a trabajar para mejorar la baja contrataci\u00f3n en algunas comarcas agrarias y potenciar l\u00edneas con baja implantaci\u00f3n.<\/p>\n<p>ASAJA considera que es importante \u201cque avancemos hacia un seguro pr\u00e1cticamente universal, para lo que hay que seguir avanzando, tanto en la mejora de las coberturas y condiciones que ofrece como en que el precio sea asequible, justo lo contrario de lo ocurrido estas \u00faltimas, en las que se han resentido las coberturas y encima los precios son m\u00e1s altos\u201d. Para Donaciano dujo, \u201cestamos en un momento vital, porque el clima es m\u00e1s adverso y variable que nunca, y no puede concebirse el futuro del sector sin contar con un seguro potente, bien dise\u00f1ado y bien financiado\u201d.<\/p>\n<p><img loading=\"lazy\" decoding=\"async\" class=\"alignnone size-medium wp-image-5504\" src=\"https:\/\/www.asajacyl.com\/avila\/wp-content\/uploads\/sites\/4\/2019\/11\/FOTO-REUNI\u00d3N-SEGURO-AGRARIO-JUNTA-1-300x200.jpg\" alt=\"\" width=\"300\" height=\"200\" srcset=\"https:\/\/www.asajacyl.com\/avila\/wp-content\/uploads\/sites\/4\/2019\/11\/FOTO-REUNI\u00d3N-SEGURO-AGRARIO-JUNTA-1-300x200.jpg 300w, https:\/\/www.asajacyl.com\/avila\/wp-content\/uploads\/sites\/4\/2019\/11\/FOTO-REUNI\u00d3N-SEGURO-AGRARIO-JUNTA-1-630x420.jpg 630w, https:\/\/www.asajacyl.com\/avila\/wp-content\/uploads\/sites\/4\/2019\/11\/FOTO-REUNI\u00d3N-SEGURO-AGRARIO-JUNTA-1.jpg 680w\" sizes=\"(max-width: 300px) 100vw, 300px\" \/><\/p>\n<p>Lo cierto es que la pol\u00edtica de seguros agrarios es la herramienta m\u00e1s importante con la que se cuenta para minimizar los riesgos en el desarrollo de la actividad agraria, y m\u00e1s en los \u00faltimos tiempos en los que se est\u00e1 comprobando c\u00f3mo los ciclos de afecciones meteorol\u00f3gicas, como sequ\u00eda, helada o pedrisco, son cada vez m\u00e1s frecuentes.<\/p>\n<p>El inter\u00e9s por el seguro agrario va en aumento en Castilla y Le\u00f3n. En el periodo 2014 a 2018, el n\u00famero de p\u00f3lizas de seguros agrarios en la Comunidad ha pasado de 73.689 a 80.548, esto supone un incremento del 9,3%. El capital asegurado en este mismo periodo ha variado de 1.464 millones de euros a 1.969 millones de euros, es decir se ha incrementado un 34%, situ\u00e1ndonos junto a Andaluc\u00eda a la cabeza de las Comunidades Aut\u00f3nomas en capital asegurado. El aumento de la contrataci\u00f3n ha supuesto tambi\u00e9n que la superficie asegurada haya pasado de 1.665.474 hect\u00e1reas a 1.927.288, y el n\u00famero de animales de 21 millones a 26, valores que suponen crecimientos del 16% y del 24%, respectivamente.<\/p>\n<p><strong>Indemnizaciones crecientes<\/strong><\/p>\n<p>En el periodo 2014 a 2016, las indemnizaciones por siniestros en el sector agrario alcanzaron en Castilla y Le\u00f3n los 97 millones de euros. Respecto a los siniestros declarados entre 2017 y lo que va de a\u00f1o en 2019, las indemnizaciones pagadas se han multiplicado por cuatro y ya han llegado a 400 millones de euros. Como media en los \u00faltimos a\u00f1os, el 35% de los siniestros son por sequ\u00eda, seguido por el pedrisco, que supone el 33% y la helada que representa el 7%.<br \/>\nLos valores anteriores demuestran claramente lo que supone el seguro agrario para los agricultores y ganaderos de Castilla y Le\u00f3n. Estos ingresos, sin este sistema, no revertir\u00edan sobre ellos y provocar\u00eda por tanto un importante desequilibrio en la renta agraria.<\/p>\n","protected":false},"excerpt":{"rendered":"<p>Para ASAJA, hay que lograr unas buenas coberturas con precios asequibles Castilla y Le\u00f3n lleva tiempo reclamando un mayor protagonismo en el dise\u00f1o de la pol\u00edtica de seguros agrarios, que depende del Gobierno central. Desde ASAJA se ha insistido en numerosas ocasiones en que el peso de la comunidad aut\u00f3noma en la contrataci\u00f3n de seguros [&hellip;]<\/p>\n","protected":false},"author":6,"featured_media":5504,"comment_status":"open","ping_status":"open","sticky":false,"template":"","format":"standard","meta":{"footnotes":""},"categories":[8,18],"tags":[],"yoast_head":"<!-- This site is optimized with the Yoast SEO plugin v24.5 - https:\/\/yoast.com\/wordpress\/plugins\/seo\/ -->\n<title>Castilla y Le\u00f3n pide que su peso en la contrataci\u00f3n de seguros agrarios le sirva para decidir mejoras en el sistema - ASAJA \u00c1vila<\/title>\n<meta name=\"description\" content=\"Para ASAJA, hay que lograr unas buenas coberturas con precios asequibles Castilla y Le\u00f3n lleva tiempo reclamando un mayor protagonismo en el dise\u00f1o de la\" \/>\n<meta name=\"robots\" content=\"index, follow, max-snippet:-1, max-image-preview:large, max-video-preview:-1\" \/>\n<link rel=\"canonical\" href=\"https:\/\/www.asajacyl.com\/avila\/asaja-avila-informa\/castilla-leon-pide-peso-la-contratacion-seguros-agrarios-le-sirva-decidir-mejoras-sistema\" \/>\n<meta property=\"og:locale\" content=\"es_ES\" \/>\n<meta property=\"og:type\" content=\"article\" \/>\n<meta property=\"og:title\" content=\"Castilla y Le\u00f3n pide que su peso en la contrataci\u00f3n de seguros agrarios le sirva para decidir mejoras en el sistema - ASAJA \u00c1vila\" \/>\n<meta property=\"og:description\" content=\"Para ASAJA, hay que lograr unas buenas coberturas con precios asequibles Castilla y Le\u00f3n lleva tiempo reclamando un mayor protagonismo en el dise\u00f1o de la\" \/>\n<meta property=\"og:url\" content=\"https:\/\/www.asajacyl.com\/avila\/asaja-avila-informa\/castilla-leon-pide-peso-la-contratacion-seguros-agrarios-le-sirva-decidir-mejoras-sistema\" \/>\n<meta property=\"og:site_name\" content=\"ASAJA \u00c1vila\" \/>\n<meta property=\"article:published_time\" content=\"2019-11-27T13:29:11+00:00\" \/>\n<meta property=\"article:modified_time\" content=\"2019-12-04T13:12:34+00:00\" \/>\n<meta property=\"og:image\" content=\"https:\/\/www.asajacyl.com\/avila\/wp-content\/uploads\/sites\/4\/2019\/11\/FOTO-REUNI\u00d3N-SEGURO-AGRARIO-JUNTA-1.jpg\" \/>\n\t<meta property=\"og:image:width\" content=\"680\" \/>\n\t<meta property=\"og:image:height\" content=\"453\" \/>\n\t<meta property=\"og:image:type\" content=\"image\/jpeg\" \/>\n<meta name=\"author\" content=\"Joaqu\u00edn\" \/>\n<meta name=\"twitter:card\" content=\"summary_large_image\" \/>\n<meta name=\"twitter:label1\" content=\"Escrito por\" \/>\n\t<meta name=\"twitter:data1\" content=\"Joaqu\u00edn\" \/>\n\t<meta name=\"twitter:label2\" content=\"Tiempo de lectura\" \/>\n\t<meta name=\"twitter:data2\" content=\"3 minutos\" \/>\n<script type=\"application\/ld+json\" class=\"yoast-schema-graph\">{\"@context\":\"https:\/\/schema.org\",\"@graph\":[{\"@type\":\"WebPage\",\"@id\":\"https:\/\/www.asajacyl.com\/avila\/asaja-avila-informa\/castilla-leon-pide-peso-la-contratacion-seguros-agrarios-le-sirva-decidir-mejoras-sistema\",\"url\":\"https:\/\/www.asajacyl.com\/avila\/asaja-avila-informa\/castilla-leon-pide-peso-la-contratacion-seguros-agrarios-le-sirva-decidir-mejoras-sistema\",\"name\":\"Castilla y Le\u00f3n pide que su peso en la contrataci\u00f3n de seguros agrarios le sirva para decidir mejoras en el sistema - ASAJA \u00c1vila\",\"isPartOf\":{\"@id\":\"https:\/\/www.asajacyl.com\/avila\/#website\"},\"primaryImageOfPage\":{\"@id\":\"https:\/\/www.asajacyl.com\/avila\/asaja-avila-informa\/castilla-leon-pide-peso-la-contratacion-seguros-agrarios-le-sirva-decidir-mejoras-sistema#primaryimage\"},\"image\":{\"@id\":\"https:\/\/www.asajacyl.com\/avila\/asaja-avila-informa\/castilla-leon-pide-peso-la-contratacion-seguros-agrarios-le-sirva-decidir-mejoras-sistema#primaryimage\"},\"thumbnailUrl\":\"https:\/\/www.asajacyl.com\/avila\/wp-content\/uploads\/sites\/4\/2019\/11\/FOTO-REUNI\u00d3N-SEGURO-AGRARIO-JUNTA-1.jpg\",\"datePublished\":\"2019-11-27T13:29:11+00:00\",\"dateModified\":\"2019-12-04T13:12:34+00:00\",\"author\":{\"@id\":\"https:\/\/www.asajacyl.com\/avila\/#\/schema\/person\/daf3c5c7d3afd005798ec283b78826ed\"},\"description\":\"Para ASAJA, hay que lograr unas buenas coberturas con precios asequibles Castilla y Le\u00f3n lleva tiempo reclamando un mayor protagonismo en el dise\u00f1o de la\",\"breadcrumb\":{\"@id\":\"https:\/\/www.asajacyl.com\/avila\/asaja-avila-informa\/castilla-leon-pide-peso-la-contratacion-seguros-agrarios-le-sirva-decidir-mejoras-sistema#breadcrumb\"},\"inLanguage\":\"es\",\"potentialAction\":[{\"@type\":\"ReadAction\",\"target\":[\"https:\/\/www.asajacyl.com\/avila\/asaja-avila-informa\/castilla-leon-pide-peso-la-contratacion-seguros-agrarios-le-sirva-decidir-mejoras-sistema\"]}]},{\"@type\":\"ImageObject\",\"inLanguage\":\"es\",\"@id\":\"https:\/\/www.asajacyl.com\/avila\/asaja-avila-informa\/castilla-leon-pide-peso-la-contratacion-seguros-agrarios-le-sirva-decidir-mejoras-sistema#primaryimage\",\"url\":\"https:\/\/www.asajacyl.com\/avila\/wp-content\/uploads\/sites\/4\/2019\/11\/FOTO-REUNI\u00d3N-SEGURO-AGRARIO-JUNTA-1.jpg\",\"contentUrl\":\"https:\/\/www.asajacyl.com\/avila\/wp-content\/uploads\/sites\/4\/2019\/11\/FOTO-REUNI\u00d3N-SEGURO-AGRARIO-JUNTA-1.jpg\",\"width\":680,\"height\":453},{\"@type\":\"BreadcrumbList\",\"@id\":\"https:\/\/www.asajacyl.com\/avila\/asaja-avila-informa\/castilla-leon-pide-peso-la-contratacion-seguros-agrarios-le-sirva-decidir-mejoras-sistema#breadcrumb\",\"itemListElement\":[{\"@type\":\"ListItem\",\"position\":1,\"name\":\"Portada\",\"item\":\"https:\/\/www.asajacyl.com\/avila\/\"},{\"@type\":\"ListItem\",\"position\":2,\"name\":\"Castilla y Le\u00f3n pide que su peso en la contrataci\u00f3n de seguros agrarios le sirva para decidir mejoras en el sistema\"}]},{\"@type\":\"WebSite\",\"@id\":\"https:\/\/www.asajacyl.com\/avila\/#website\",\"url\":\"https:\/\/www.asajacyl.com\/avila\/\",\"name\":\"ASAJA \u00c1vila\",\"description\":\"Otro sitio m\u00e1s de Provincias ASAJA Castilla y Le\u00f3n\",\"potentialAction\":[{\"@type\":\"SearchAction\",\"target\":{\"@type\":\"EntryPoint\",\"urlTemplate\":\"https:\/\/www.asajacyl.com\/avila\/?s={search_term_string}\"},\"query-input\":{\"@type\":\"PropertyValueSpecification\",\"valueRequired\":true,\"valueName\":\"search_term_string\"}}],\"inLanguage\":\"es\"},{\"@type\":\"Person\",\"@id\":\"https:\/\/www.asajacyl.com\/avila\/#\/schema\/person\/daf3c5c7d3afd005798ec283b78826ed\",\"name\":\"Joaqu\u00edn\",\"image\":{\"@type\":\"ImageObject\",\"inLanguage\":\"es\",\"@id\":\"https:\/\/www.asajacyl.com\/avila\/#\/schema\/person\/image\/\",\"url\":\"https:\/\/secure.gravatar.com\/avatar\/8a87f10166ff5a8a3b0c21a125bc069d?s=96&d=mm&r=g\",\"contentUrl\":\"https:\/\/secure.gravatar.com\/avatar\/8a87f10166ff5a8a3b0c21a125bc069d?s=96&d=mm&r=g\",\"caption\":\"Joaqu\u00edn\"},\"url\":\"https:\/\/www.asajacyl.com\/avila\/author\/joaquinap\"}]}<\/script>\n<!-- \/ Yoast SEO plugin. -->","yoast_head_json":{"title":"Castilla y Le\u00f3n pide que su peso en la contrataci\u00f3n de seguros agrarios le sirva para decidir mejoras en el sistema - ASAJA \u00c1vila","description":"Para ASAJA, hay que lograr unas buenas coberturas con precios asequibles Castilla y Le\u00f3n lleva tiempo reclamando un mayor protagonismo en el dise\u00f1o de la","robots":{"index":"index","follow":"follow","max-snippet":"max-snippet:-1","max-image-preview":"max-image-preview:large","max-video-preview":"max-video-preview:-1"},"canonical":"https:\/\/www.asajacyl.com\/avila\/asaja-avila-informa\/castilla-leon-pide-peso-la-contratacion-seguros-agrarios-le-sirva-decidir-mejoras-sistema","og_locale":"es_ES","og_type":"article","og_title":"Castilla y Le\u00f3n pide que su peso en la contrataci\u00f3n de seguros agrarios le sirva para decidir mejoras en el sistema - ASAJA \u00c1vila","og_description":"Para ASAJA, hay que lograr unas buenas coberturas con precios asequibles Castilla y Le\u00f3n lleva tiempo reclamando un mayor protagonismo en el dise\u00f1o de la","og_url":"https:\/\/www.asajacyl.com\/avila\/asaja-avila-informa\/castilla-leon-pide-peso-la-contratacion-seguros-agrarios-le-sirva-decidir-mejoras-sistema","og_site_name":"ASAJA \u00c1vila","article_published_time":"2019-11-27T13:29:11+00:00","article_modified_time":"2019-12-04T13:12:34+00:00","og_image":[{"width":680,"height":453,"url":"https:\/\/www.asajacyl.com\/avila\/wp-content\/uploads\/sites\/4\/2019\/11\/FOTO-REUNI\u00d3N-SEGURO-AGRARIO-JUNTA-1.jpg","type":"image\/jpeg"}],"author":"Joaqu\u00edn","twitter_card":"summary_large_image","twitter_misc":{"Escrito por":"Joaqu\u00edn","Tiempo de lectura":"3 minutos"},"schema":{"@context":"https:\/\/schema.org","@graph":[{"@type":"WebPage","@id":"https:\/\/www.asajacyl.com\/avila\/asaja-avila-informa\/castilla-leon-pide-peso-la-contratacion-seguros-agrarios-le-sirva-decidir-mejoras-sistema","url":"https:\/\/www.asajacyl.com\/avila\/asaja-avila-informa\/castilla-leon-pide-peso-la-contratacion-seguros-agrarios-le-sirva-decidir-mejoras-sistema","name":"Castilla y Le\u00f3n pide que su peso en la contrataci\u00f3n de seguros agrarios le sirva para decidir mejoras en el sistema - ASAJA \u00c1vila","isPartOf":{"@id":"https:\/\/www.asajacyl.com\/avila\/#website"},"primaryImageOfPage":{"@id":"https:\/\/www.asajacyl.com\/avila\/asaja-avila-informa\/castilla-leon-pide-peso-la-contratacion-seguros-agrarios-le-sirva-decidir-mejoras-sistema#primaryimage"},"image":{"@id":"https:\/\/www.asajacyl.com\/avila\/asaja-avila-informa\/castilla-leon-pide-peso-la-contratacion-seguros-agrarios-le-sirva-decidir-mejoras-sistema#primaryimage"},"thumbnailUrl":"https:\/\/www.asajacyl.com\/avila\/wp-content\/uploads\/sites\/4\/2019\/11\/FOTO-REUNI\u00d3N-SEGURO-AGRARIO-JUNTA-1.jpg","datePublished":"2019-11-27T13:29:11+00:00","dateModified":"2019-12-04T13:12:34+00:00","author":{"@id":"https:\/\/www.asajacyl.com\/avila\/#\/schema\/person\/daf3c5c7d3afd005798ec283b78826ed"},"description":"Para ASAJA, hay que lograr unas buenas coberturas con precios asequibles Castilla y Le\u00f3n lleva tiempo reclamando un mayor protagonismo en el dise\u00f1o de la","breadcrumb":{"@id":"https:\/\/www.asajacyl.com\/avila\/asaja-avila-informa\/castilla-leon-pide-peso-la-contratacion-seguros-agrarios-le-sirva-decidir-mejoras-sistema#breadcrumb"},"inLanguage":"es","potentialAction":[{"@type":"ReadAction","target":["https:\/\/www.asajacyl.com\/avila\/asaja-avila-informa\/castilla-leon-pide-peso-la-contratacion-seguros-agrarios-le-sirva-decidir-mejoras-sistema"]}]},{"@type":"ImageObject","inLanguage":"es","@id":"https:\/\/www.asajacyl.com\/avila\/asaja-avila-informa\/castilla-leon-pide-peso-la-contratacion-seguros-agrarios-le-sirva-decidir-mejoras-sistema#primaryimage","url":"https:\/\/www.asajacyl.com\/avila\/wp-content\/uploads\/sites\/4\/2019\/11\/FOTO-REUNI\u00d3N-SEGURO-AGRARIO-JUNTA-1.jpg","contentUrl":"https:\/\/www.asajacyl.com\/avila\/wp-content\/uploads\/sites\/4\/2019\/11\/FOTO-REUNI\u00d3N-SEGURO-AGRARIO-JUNTA-1.jpg","width":680,"height":453},{"@type":"BreadcrumbList","@id":"https:\/\/www.asajacyl.com\/avila\/asaja-avila-informa\/castilla-leon-pide-peso-la-contratacion-seguros-agrarios-le-sirva-decidir-mejoras-sistema#breadcrumb","itemListElement":[{"@type":"ListItem","position":1,"name":"Portada","item":"https:\/\/www.asajacyl.com\/avila\/"},{"@type":"ListItem","position":2,"name":"Castilla y Le\u00f3n pide que su peso en la contrataci\u00f3n de seguros agrarios le sirva para decidir mejoras en el sistema"}]},{"@type":"WebSite","@id":"https:\/\/www.asajacyl.com\/avila\/#website","url":"https:\/\/www.asajacyl.com\/avila\/","name":"ASAJA \u00c1vila","description":"Otro sitio m\u00e1s de Provincias ASAJA Castilla y Le\u00f3n","potentialAction":[{"@type":"SearchAction","target":{"@type":"EntryPoint","urlTemplate":"https:\/\/www.asajacyl.com\/avila\/?s={search_term_string}"},"query-input":{"@type":"PropertyValueSpecification","valueRequired":true,"valueName":"search_term_string"}}],"inLanguage":"es"},{"@type":"Person","@id":"https:\/\/www.asajacyl.com\/avila\/#\/schema\/person\/daf3c5c7d3afd005798ec283b78826ed","name":"Joaqu\u00edn","image":{"@type":"ImageObject","inLanguage":"es","@id":"https:\/\/www.asajacyl.com\/avila\/#\/schema\/person\/image\/","url":"https:\/\/secure.gravatar.com\/avatar\/8a87f10166ff5a8a3b0c21a125bc069d?s=96&d=mm&r=g","contentUrl":"https:\/\/secure.gravatar.com\/avatar\/8a87f10166ff5a8a3b0c21a125bc069d?s=96&d=mm&r=g","caption":"Joaqu\u00edn"},"url":"https:\/\/www.asajacyl.com\/avila\/author\/joaquinap"}]}},"_links":{"self":[{"href":"https:\/\/www.asajacyl.com\/avila\/wp-json\/wp\/v2\/posts\/5503"}],"collection":[{"href":"https:\/\/www.asajacyl.com\/avila\/wp-json\/wp\/v2\/posts"}],"about":[{"href":"https:\/\/www.asajacyl.com\/avila\/wp-json\/wp\/v2\/types\/post"}],"author":[{"embeddable":true,"href":"https:\/\/www.asajacyl.com\/avila\/wp-json\/wp\/v2\/users\/6"}],"replies":[{"embeddable":true,"href":"https:\/\/www.asajacyl.com\/avila\/wp-json\/wp\/v2\/comments?post=5503"}],"version-history":[{"count":1,"href":"https:\/\/www.asajacyl.com\/avila\/wp-json\/wp\/v2\/posts\/5503\/revisions"}],"predecessor-version":[{"id":5505,"href":"https:\/\/www.asajacyl.com\/avila\/wp-json\/wp\/v2\/posts\/5503\/revisions\/5505"}],"wp:featuredmedia":[{"embeddable":true,"href":"https:\/\/www.asajacyl.com\/avila\/wp-json\/wp\/v2\/media\/5504"}],"wp:attachment":[{"href":"https:\/\/www.asajacyl.com\/avila\/wp-json\/wp\/v2\/media?parent=5503"}],"wp:term":[{"taxonomy":"category","embeddable":true,"href":"https:\/\/www.asajacyl.com\/avila\/wp-json\/wp\/v2\/categories?post=5503"},{"taxonomy":"post_tag","embeddable":true,"href":"https:\/\/www.asajacyl.com\/avila\/wp-json\/wp\/v2\/tags?post=5503"}],"curies":[{"name":"wp","href":"https:\/\/api.w.org\/{rel}","templated":true}]}}