{"id":5507,"date":"2019-12-03T14:10:26","date_gmt":"2019-12-03T13:10:26","guid":{"rendered":"https:\/\/www.asajacyl.com\/avila\/?p=5507"},"modified":"2019-12-07T13:10:59","modified_gmt":"2019-12-07T12:10:59","slug":"rotundo-exito-la-segunda-sesion-ciclo-jornadas-veterinarias-asaja","status":"publish","type":"post","link":"https:\/\/www.asajacyl.com\/avila\/asaja-avila-informa\/rotundo-exito-la-segunda-sesion-ciclo-jornadas-veterinarias-asaja","title":{"rendered":"Rotundo \u00e9xito en la segunda sesi\u00f3n de ciclo de jornadas veterinarias de ASAJA"},"content":{"rendered":"<h2>Tres aut\u00e9nticos especialistas en salud animal se dieron cita ayer en Martiherrero (\u00c1vila), en la segunda de las sesiones del ciclo de jornadas veterinarias que ha organizado la organizaci\u00f3n profesional agraria ASAJA para este fin de a\u00f1o.<\/h2>\n<p><img loading=\"lazy\" decoding=\"async\" class=\"size-medium wp-image-5508 alignright\" src=\"https:\/\/www.asajacyl.com\/avila\/wp-content\/uploads\/sites\/4\/2019\/12\/foto-avila-web-300x225.jpg\" alt=\"\" width=\"300\" height=\"225\" srcset=\"https:\/\/www.asajacyl.com\/avila\/wp-content\/uploads\/sites\/4\/2019\/12\/foto-avila-web-300x225.jpg 300w, https:\/\/www.asajacyl.com\/avila\/wp-content\/uploads\/sites\/4\/2019\/12\/foto-avila-web-768x576.jpg 768w, https:\/\/www.asajacyl.com\/avila\/wp-content\/uploads\/sites\/4\/2019\/12\/foto-avila-web.jpg 1024w, https:\/\/www.asajacyl.com\/avila\/wp-content\/uploads\/sites\/4\/2019\/12\/foto-avila-web-80x60.jpg 80w, https:\/\/www.asajacyl.com\/avila\/wp-content\/uploads\/sites\/4\/2019\/12\/foto-avila-web-696x522.jpg 696w, https:\/\/www.asajacyl.com\/avila\/wp-content\/uploads\/sites\/4\/2019\/12\/foto-avila-web-560x420.jpg 560w\" sizes=\"(max-width: 300px) 100vw, 300px\" \/>En ella se analiz\u00f3 en profundidad uno de los temas que m\u00e1s inquietan en la sanidad animal de nuestra caba\u00f1a ganadera, la <u>infecci\u00f3n por el complejo Mycobacterium<\/u>, com\u00fanmente conocido como tuberculosis.<\/p>\n<p>Un cartel de lujo y una jornada que dio comienzo con la ponencia del catedr\u00e1tico veterinario en sanidad animal del Instituto de Investigaci\u00f3n en Recursos Cineg\u00e9ticos IREC-CSIC, <strong>Christian Gort\u00e1zar Schmidt<\/strong>. El investigador analiz\u00f3 el papel de la fauna silvestre en el mantenimiento de la tuberculosis animal con especial referencia a su incidencia en el municipio de Navalonguilla y la comarca de El Barco de \u00c1vila.<\/p>\n<p>A continuaci\u00f3n tom\u00f3 la palabra el jefe del \u00c1rea de Programas Sanitarios y Zoonosis del Ministerio de Agricultura, Pesca y Alimentaci\u00f3n, el abulense perteneciente al Cuerpo Nacional Veterinario <strong>Jos\u00e9 Luis S\u00e1ez Llorente<\/strong>. El veterinario de la Administraci\u00f3n General del Estado desgran\u00f3 y pormenoriz\u00f3 a todos los asistentes las novedades legislativas en lo referente a la tuberculosis animal que pr\u00f3ximamente ver\u00e1n la luz tanto a nivel espa\u00f1ol como a nivel europeo, con especial menci\u00f3n al nuevo Reglamento europeo de Sanidad Animal y sus actos delegados y de ejecuci\u00f3n, cuya puesta en funcionamiento est\u00e1n previstas para el 21 de abril de 2021.<\/p>\n<p>La sesi\u00f3n finaliz\u00f3 con la intervenci\u00f3n de la doctora en veterinaria perteneciente tambi\u00e9n al Cuerpo Nacional Veterinario, <strong>Olga M\u00ednguez Gonz\u00e1lez<\/strong>. La jefa de Servicio de Sanidad Animal de la Consejer\u00eda de Agricultura, Ganader\u00eda y Desarrollo Rural de la Junta de Castilla y Le\u00f3n expuso a los presentes las actuaciones y actividades que el gobierno regional desarrolla en la materia dentro del programa auton\u00f3mico de vigilancia epidemiol\u00f3gica de fauna silvestre.<\/p>\n<p>ASAJA-\u00c1vila agradece a los tres ponentes su ayuda y colaboraci\u00f3n para hacer realidad esta jornada en nuestra provincia.<\/p>\n<p>&nbsp;<\/p>\n","protected":false},"excerpt":{"rendered":"<p>Tres aut\u00e9nticos especialistas en salud animal se dieron cita ayer en Martiherrero (\u00c1vila), en la segunda de las sesiones del ciclo de jornadas veterinarias que ha organizado la organizaci\u00f3n profesional agraria ASAJA para este fin de a\u00f1o. En ella se analiz\u00f3 en profundidad uno de los temas que m\u00e1s inquietan en la sanidad animal de [&hellip;]<\/p>\n","protected":false},"author":5,"featured_media":5508,"comment_status":"open","ping_status":"open","sticky":false,"template":"","format":"standard","meta":{"footnotes":""},"categories":[8,18],"tags":[53,54,55],"yoast_head":"<!-- This site is optimized with the Yoast SEO plugin v24.5 - https:\/\/yoast.com\/wordpress\/plugins\/seo\/ -->\n<title>Rotundo \u00e9xito en la segunda sesi\u00f3n de ciclo de jornadas veterinarias de ASAJA - ASAJA \u00c1vila<\/title>\n<meta name=\"description\" content=\"Tres aut\u00e9nticos especialistas en salud animal se dieron cita ayer en Martiherrero (\u00c1vila), en la segunda de las sesiones del ciclo de jornadas\" \/>\n<meta name=\"robots\" content=\"index, follow, max-snippet:-1, max-image-preview:large, max-video-preview:-1\" \/>\n<link rel=\"canonical\" href=\"https:\/\/www.asajacyl.com\/avila\/asaja-avila-informa\/rotundo-exito-la-segunda-sesion-ciclo-jornadas-veterinarias-asaja\" \/>\n<meta property=\"og:locale\" content=\"es_ES\" \/>\n<meta property=\"og:type\" content=\"article\" \/>\n<meta property=\"og:title\" content=\"Rotundo \u00e9xito en la segunda sesi\u00f3n de ciclo de jornadas veterinarias de ASAJA - ASAJA \u00c1vila\" \/>\n<meta property=\"og:description\" content=\"Tres aut\u00e9nticos especialistas en salud animal se dieron cita ayer en Martiherrero (\u00c1vila), en la segunda de las sesiones del ciclo de jornadas\" \/>\n<meta property=\"og:url\" content=\"https:\/\/www.asajacyl.com\/avila\/asaja-avila-informa\/rotundo-exito-la-segunda-sesion-ciclo-jornadas-veterinarias-asaja\" \/>\n<meta property=\"og:site_name\" content=\"ASAJA \u00c1vila\" \/>\n<meta property=\"article:published_time\" content=\"2019-12-03T13:10:26+00:00\" \/>\n<meta property=\"article:modified_time\" content=\"2019-12-07T12:10:59+00:00\" \/>\n<meta property=\"og:image\" content=\"https:\/\/www.asajacyl.com\/avila\/wp-content\/uploads\/sites\/4\/2019\/12\/foto-avila-web.jpg\" \/>\n\t<meta property=\"og:image:width\" content=\"1024\" \/>\n\t<meta property=\"og:image:height\" content=\"768\" \/>\n\t<meta property=\"og:image:type\" content=\"image\/jpeg\" \/>\n<meta name=\"author\" content=\"Henar\" \/>\n<meta name=\"twitter:card\" content=\"summary_large_image\" \/>\n<meta name=\"twitter:label1\" content=\"Escrito por\" \/>\n\t<meta name=\"twitter:data1\" content=\"Henar\" \/>\n\t<meta name=\"twitter:label2\" content=\"Tiempo de lectura\" \/>\n\t<meta name=\"twitter:data2\" content=\"2 minutos\" \/>\n<script type=\"application\/ld+json\" class=\"yoast-schema-graph\">{\"@context\":\"https:\/\/schema.org\",\"@graph\":[{\"@type\":\"WebPage\",\"@id\":\"https:\/\/www.asajacyl.com\/avila\/asaja-avila-informa\/rotundo-exito-la-segunda-sesion-ciclo-jornadas-veterinarias-asaja\",\"url\":\"https:\/\/www.asajacyl.com\/avila\/asaja-avila-informa\/rotundo-exito-la-segunda-sesion-ciclo-jornadas-veterinarias-asaja\",\"name\":\"Rotundo \u00e9xito en la segunda sesi\u00f3n de ciclo de jornadas veterinarias de ASAJA - ASAJA \u00c1vila\",\"isPartOf\":{\"@id\":\"https:\/\/www.asajacyl.com\/avila\/#website\"},\"primaryImageOfPage\":{\"@id\":\"https:\/\/www.asajacyl.com\/avila\/asaja-avila-informa\/rotundo-exito-la-segunda-sesion-ciclo-jornadas-veterinarias-asaja#primaryimage\"},\"image\":{\"@id\":\"https:\/\/www.asajacyl.com\/avila\/asaja-avila-informa\/rotundo-exito-la-segunda-sesion-ciclo-jornadas-veterinarias-asaja#primaryimage\"},\"thumbnailUrl\":\"https:\/\/www.asajacyl.com\/avila\/wp-content\/uploads\/sites\/4\/2019\/12\/foto-avila-web.jpg\",\"datePublished\":\"2019-12-03T13:10:26+00:00\",\"dateModified\":\"2019-12-07T12:10:59+00:00\",\"author\":{\"@id\":\"https:\/\/www.asajacyl.com\/avila\/#\/schema\/person\/810bfa1d2da02f83644c0b6d43cd7fec\"},\"description\":\"Tres aut\u00e9nticos especialistas en salud animal se dieron cita ayer en Martiherrero (\u00c1vila), en la segunda de las sesiones del ciclo de jornadas\",\"breadcrumb\":{\"@id\":\"https:\/\/www.asajacyl.com\/avila\/asaja-avila-informa\/rotundo-exito-la-segunda-sesion-ciclo-jornadas-veterinarias-asaja#breadcrumb\"},\"inLanguage\":\"es\",\"potentialAction\":[{\"@type\":\"ReadAction\",\"target\":[\"https:\/\/www.asajacyl.com\/avila\/asaja-avila-informa\/rotundo-exito-la-segunda-sesion-ciclo-jornadas-veterinarias-asaja\"]}]},{\"@type\":\"ImageObject\",\"inLanguage\":\"es\",\"@id\":\"https:\/\/www.asajacyl.com\/avila\/asaja-avila-informa\/rotundo-exito-la-segunda-sesion-ciclo-jornadas-veterinarias-asaja#primaryimage\",\"url\":\"https:\/\/www.asajacyl.com\/avila\/wp-content\/uploads\/sites\/4\/2019\/12\/foto-avila-web.jpg\",\"contentUrl\":\"https:\/\/www.asajacyl.com\/avila\/wp-content\/uploads\/sites\/4\/2019\/12\/foto-avila-web.jpg\",\"width\":1024,\"height\":768},{\"@type\":\"BreadcrumbList\",\"@id\":\"https:\/\/www.asajacyl.com\/avila\/asaja-avila-informa\/rotundo-exito-la-segunda-sesion-ciclo-jornadas-veterinarias-asaja#breadcrumb\",\"itemListElement\":[{\"@type\":\"ListItem\",\"position\":1,\"name\":\"Portada\",\"item\":\"https:\/\/www.asajacyl.com\/avila\/\"},{\"@type\":\"ListItem\",\"position\":2,\"name\":\"Rotundo \u00e9xito en la segunda sesi\u00f3n de ciclo de jornadas veterinarias de ASAJA\"}]},{\"@type\":\"WebSite\",\"@id\":\"https:\/\/www.asajacyl.com\/avila\/#website\",\"url\":\"https:\/\/www.asajacyl.com\/avila\/\",\"name\":\"ASAJA \u00c1vila\",\"description\":\"Otro sitio m\u00e1s de Provincias ASAJA Castilla y Le\u00f3n\",\"potentialAction\":[{\"@type\":\"SearchAction\",\"target\":{\"@type\":\"EntryPoint\",\"urlTemplate\":\"https:\/\/www.asajacyl.com\/avila\/?s={search_term_string}\"},\"query-input\":{\"@type\":\"PropertyValueSpecification\",\"valueRequired\":true,\"valueName\":\"search_term_string\"}}],\"inLanguage\":\"es\"},{\"@type\":\"Person\",\"@id\":\"https:\/\/www.asajacyl.com\/avila\/#\/schema\/person\/810bfa1d2da02f83644c0b6d43cd7fec\",\"name\":\"Henar\",\"image\":{\"@type\":\"ImageObject\",\"inLanguage\":\"es\",\"@id\":\"https:\/\/www.asajacyl.com\/avila\/#\/schema\/person\/image\/\",\"url\":\"https:\/\/secure.gravatar.com\/avatar\/0e0868d7d3cf5a5e4a3e45b40a52c6aa?s=96&d=mm&r=g\",\"contentUrl\":\"https:\/\/secure.gravatar.com\/avatar\/0e0868d7d3cf5a5e4a3e45b40a52c6aa?s=96&d=mm&r=g\",\"caption\":\"Henar\"},\"url\":\"https:\/\/www.asajacyl.com\/avila\/author\/andresvl\"}]}<\/script>\n<!-- \/ Yoast SEO plugin. -->","yoast_head_json":{"title":"Rotundo \u00e9xito en la segunda sesi\u00f3n de ciclo de jornadas veterinarias de ASAJA - ASAJA \u00c1vila","description":"Tres aut\u00e9nticos especialistas en salud animal se dieron cita ayer en Martiherrero (\u00c1vila), en la segunda de las sesiones del ciclo de jornadas","robots":{"index":"index","follow":"follow","max-snippet":"max-snippet:-1","max-image-preview":"max-image-preview:large","max-video-preview":"max-video-preview:-1"},"canonical":"https:\/\/www.asajacyl.com\/avila\/asaja-avila-informa\/rotundo-exito-la-segunda-sesion-ciclo-jornadas-veterinarias-asaja","og_locale":"es_ES","og_type":"article","og_title":"Rotundo \u00e9xito en la segunda sesi\u00f3n de ciclo de jornadas veterinarias de ASAJA - ASAJA \u00c1vila","og_description":"Tres aut\u00e9nticos especialistas en salud animal se dieron cita ayer en Martiherrero (\u00c1vila), en la segunda de las sesiones del ciclo de jornadas","og_url":"https:\/\/www.asajacyl.com\/avila\/asaja-avila-informa\/rotundo-exito-la-segunda-sesion-ciclo-jornadas-veterinarias-asaja","og_site_name":"ASAJA \u00c1vila","article_published_time":"2019-12-03T13:10:26+00:00","article_modified_time":"2019-12-07T12:10:59+00:00","og_image":[{"width":1024,"height":768,"url":"https:\/\/www.asajacyl.com\/avila\/wp-content\/uploads\/sites\/4\/2019\/12\/foto-avila-web.jpg","type":"image\/jpeg"}],"author":"Henar","twitter_card":"summary_large_image","twitter_misc":{"Escrito por":"Henar","Tiempo de lectura":"2 minutos"},"schema":{"@context":"https:\/\/schema.org","@graph":[{"@type":"WebPage","@id":"https:\/\/www.asajacyl.com\/avila\/asaja-avila-informa\/rotundo-exito-la-segunda-sesion-ciclo-jornadas-veterinarias-asaja","url":"https:\/\/www.asajacyl.com\/avila\/asaja-avila-informa\/rotundo-exito-la-segunda-sesion-ciclo-jornadas-veterinarias-asaja","name":"Rotundo \u00e9xito en la segunda sesi\u00f3n de ciclo de jornadas veterinarias de ASAJA - ASAJA \u00c1vila","isPartOf":{"@id":"https:\/\/www.asajacyl.com\/avila\/#website"},"primaryImageOfPage":{"@id":"https:\/\/www.asajacyl.com\/avila\/asaja-avila-informa\/rotundo-exito-la-segunda-sesion-ciclo-jornadas-veterinarias-asaja#primaryimage"},"image":{"@id":"https:\/\/www.asajacyl.com\/avila\/asaja-avila-informa\/rotundo-exito-la-segunda-sesion-ciclo-jornadas-veterinarias-asaja#primaryimage"},"thumbnailUrl":"https:\/\/www.asajacyl.com\/avila\/wp-content\/uploads\/sites\/4\/2019\/12\/foto-avila-web.jpg","datePublished":"2019-12-03T13:10:26+00:00","dateModified":"2019-12-07T12:10:59+00:00","author":{"@id":"https:\/\/www.asajacyl.com\/avila\/#\/schema\/person\/810bfa1d2da02f83644c0b6d43cd7fec"},"description":"Tres aut\u00e9nticos especialistas en salud animal se dieron cita ayer en Martiherrero (\u00c1vila), en la segunda de las sesiones del ciclo de jornadas","breadcrumb":{"@id":"https:\/\/www.asajacyl.com\/avila\/asaja-avila-informa\/rotundo-exito-la-segunda-sesion-ciclo-jornadas-veterinarias-asaja#breadcrumb"},"inLanguage":"es","potentialAction":[{"@type":"ReadAction","target":["https:\/\/www.asajacyl.com\/avila\/asaja-avila-informa\/rotundo-exito-la-segunda-sesion-ciclo-jornadas-veterinarias-asaja"]}]},{"@type":"ImageObject","inLanguage":"es","@id":"https:\/\/www.asajacyl.com\/avila\/asaja-avila-informa\/rotundo-exito-la-segunda-sesion-ciclo-jornadas-veterinarias-asaja#primaryimage","url":"https:\/\/www.asajacyl.com\/avila\/wp-content\/uploads\/sites\/4\/2019\/12\/foto-avila-web.jpg","contentUrl":"https:\/\/www.asajacyl.com\/avila\/wp-content\/uploads\/sites\/4\/2019\/12\/foto-avila-web.jpg","width":1024,"height":768},{"@type":"BreadcrumbList","@id":"https:\/\/www.asajacyl.com\/avila\/asaja-avila-informa\/rotundo-exito-la-segunda-sesion-ciclo-jornadas-veterinarias-asaja#breadcrumb","itemListElement":[{"@type":"ListItem","position":1,"name":"Portada","item":"https:\/\/www.asajacyl.com\/avila\/"},{"@type":"ListItem","position":2,"name":"Rotundo \u00e9xito en la segunda sesi\u00f3n de ciclo de jornadas veterinarias de ASAJA"}]},{"@type":"WebSite","@id":"https:\/\/www.asajacyl.com\/avila\/#website","url":"https:\/\/www.asajacyl.com\/avila\/","name":"ASAJA \u00c1vila","description":"Otro sitio m\u00e1s de Provincias ASAJA Castilla y Le\u00f3n","potentialAction":[{"@type":"SearchAction","target":{"@type":"EntryPoint","urlTemplate":"https:\/\/www.asajacyl.com\/avila\/?s={search_term_string}"},"query-input":{"@type":"PropertyValueSpecification","valueRequired":true,"valueName":"search_term_string"}}],"inLanguage":"es"},{"@type":"Person","@id":"https:\/\/www.asajacyl.com\/avila\/#\/schema\/person\/810bfa1d2da02f83644c0b6d43cd7fec","name":"Henar","image":{"@type":"ImageObject","inLanguage":"es","@id":"https:\/\/www.asajacyl.com\/avila\/#\/schema\/person\/image\/","url":"https:\/\/secure.gravatar.com\/avatar\/0e0868d7d3cf5a5e4a3e45b40a52c6aa?s=96&d=mm&r=g","contentUrl":"https:\/\/secure.gravatar.com\/avatar\/0e0868d7d3cf5a5e4a3e45b40a52c6aa?s=96&d=mm&r=g","caption":"Henar"},"url":"https:\/\/www.asajacyl.com\/avila\/author\/andresvl"}]}},"_links":{"self":[{"href":"https:\/\/www.asajacyl.com\/avila\/wp-json\/wp\/v2\/posts\/5507"}],"collection":[{"href":"https:\/\/www.asajacyl.com\/avila\/wp-json\/wp\/v2\/posts"}],"about":[{"href":"https:\/\/www.asajacyl.com\/avila\/wp-json\/wp\/v2\/types\/post"}],"author":[{"embeddable":true,"href":"https:\/\/www.asajacyl.com\/avila\/wp-json\/wp\/v2\/users\/5"}],"replies":[{"embeddable":true,"href":"https:\/\/www.asajacyl.com\/avila\/wp-json\/wp\/v2\/comments?post=5507"}],"version-history":[{"count":1,"href":"https:\/\/www.asajacyl.com\/avila\/wp-json\/wp\/v2\/posts\/5507\/revisions"}],"predecessor-version":[{"id":5509,"href":"https:\/\/www.asajacyl.com\/avila\/wp-json\/wp\/v2\/posts\/5507\/revisions\/5509"}],"wp:featuredmedia":[{"embeddable":true,"href":"https:\/\/www.asajacyl.com\/avila\/wp-json\/wp\/v2\/media\/5508"}],"wp:attachment":[{"href":"https:\/\/www.asajacyl.com\/avila\/wp-json\/wp\/v2\/media?parent=5507"}],"wp:term":[{"taxonomy":"category","embeddable":true,"href":"https:\/\/www.asajacyl.com\/avila\/wp-json\/wp\/v2\/categories?post=5507"},{"taxonomy":"post_tag","embeddable":true,"href":"https:\/\/www.asajacyl.com\/avila\/wp-json\/wp\/v2\/tags?post=5507"}],"curies":[{"name":"wp","href":"https:\/\/api.w.org\/{rel}","templated":true}]}}