{"id":5511,"date":"2019-12-04T15:17:08","date_gmt":"2019-12-04T14:17:08","guid":{"rendered":"https:\/\/www.asajacyl.com\/avila\/?p=5511"},"modified":"2019-12-04T15:17:08","modified_gmt":"2019-12-04T14:17:08","slug":"nuevos-ataques-lobo-la-ganaderia-abulense-una-ternera-dos-dias-hoyos-del-collado-pleno-gredos","status":"publish","type":"post","link":"https:\/\/www.asajacyl.com\/avila\/asaja-avila-informa\/nuevos-ataques-lobo-la-ganaderia-abulense-una-ternera-dos-dias-hoyos-del-collado-pleno-gredos","title":{"rendered":"Nuevos ataques de lobo a la ganader\u00eda abulense: una ternera de dos d\u00edas en Hoyos del Collado, en pleno Gredos"},"content":{"rendered":"<h2>La Asociaci\u00f3n Agraria <em>J\u00f3venes Agricultores<\/em> (ASAJA) de \u00c1vila reprocha que la Administraci\u00f3n no reaccione ante el pensamiento de ganaderos de realizar antes de tiempo la trashumancia a causa de los continuos ataques.<\/h2>\n<p><img loading=\"lazy\" decoding=\"async\" class=\"size-medium wp-image-5512 alignright\" src=\"https:\/\/www.asajacyl.com\/avila\/wp-content\/uploads\/sites\/4\/2019\/12\/FOTO-ATAQUE_LOBO-165x300.jpg\" alt=\"\" width=\"165\" height=\"300\" srcset=\"https:\/\/www.asajacyl.com\/avila\/wp-content\/uploads\/sites\/4\/2019\/12\/FOTO-ATAQUE_LOBO-165x300.jpg 165w, https:\/\/www.asajacyl.com\/avila\/wp-content\/uploads\/sites\/4\/2019\/12\/FOTO-ATAQUE_LOBO-230x420.jpg 230w, https:\/\/www.asajacyl.com\/avila\/wp-content\/uploads\/sites\/4\/2019\/12\/FOTO-ATAQUE_LOBO.jpg 481w\" sizes=\"(max-width: 165px) 100vw, 165px\" \/>El presidente de ASAJA de \u00c1vila, Joaqu\u00edn Antonio Pino, se lamenta que la Administraci\u00f3n no haya abatido a\u00fan al menos el total de ejemplares de lobo que hay autorizados para la provincia de \u00c1vila, pues con la llegada de la nieve en la Sierra, el lobo busca sustento en las ganader\u00edas abulenses.<\/p>\n<p>ASAJA de \u00c1vila pone de manifiesto el nuevo ataque de los c\u00e1nidos a la caba\u00f1a ganadera. En los \u00faltimos d\u00edas ha sido en la localidad abulense de Hoyos del Collado, en pleno coraz\u00f3n de Gredos, donde ha saciado su hambre el lobo. Una localidad, en la que seg\u00fan apuntan desde ASAJA, el lobo campa a sus anchas en esta \u00e9poca del a\u00f1o. \u201cNecesitamos soluciones reales y con urgencia en el d\u00eda a d\u00eda de los ganaderos\u201d, apunta Pino.<\/p>\n<p>Una ternera de dos d\u00edas mor\u00eda a consecuencia de un ataque la semana pasada, y el ganadero siente impotencia. Aseveran desde la Asociaci\u00f3n Agraria <em>J\u00f3venes Agricultores <\/em>(ASAJA) de \u00c1vila que el ganadero implicado y muchos otros de la zona est\u00e1n pensando la posibilidad de realizar la trashumancia con su ganado antes de lo previsto, porque se sienten desamparados y con las manos atadas para tener una soluci\u00f3n cuanto antes.<\/p>\n<p>El dirigente provincial de ASAJA apostilla que la Directiva de H\u00e1bitats de la Uni\u00f3n Europea no deber\u00eda ser impedimento para buscar una contundente respuesta ante la mayor despoblaci\u00f3n que est\u00e1n sufriendo los pueblos de la provincia de \u00c1vila, entre otras cuestiones, por dejar campar a sus anchas al lobo.<\/p>\n<p>\u201cAumentar la protecci\u00f3n del lobo, solo ha ayudado a aumentar el ego de ecologistas que no piensan en el porvenir de los pueblos y sus gentes a los que tanto les gusta acudir para ver paisajes y tradici\u00f3n\u201d, ha indicado. \u201cNo podr\u00e1n acudir a ning\u00fan lugar si no se protege al agricultor y al ganadero\u201d.<\/p>\n<p>Cuando a punto est\u00e1 de acabar el a\u00f1o, ser\u00e1 de momento de balances seg\u00fan ahonda Joaqu\u00edn Antonio Pino. Ser\u00e1 en ese momento, dice, de conocer las p\u00e9rdidas reales que soportan los ganaderos, que ya en 2018 se elevaron a m\u00e1s de 5 millones de euros s\u00f3lo en \u00c1vila seg\u00fan los c\u00e1lculos de los servicios t\u00e9cnicos de ASAJA. Un problema que lejos de disminuir se acrecienta a\u00f1o tras a\u00f1o, como la despoblaci\u00f3n.<\/p>\n","protected":false},"excerpt":{"rendered":"<p>La Asociaci\u00f3n Agraria J\u00f3venes Agricultores (ASAJA) de \u00c1vila reprocha que la Administraci\u00f3n no reaccione ante el pensamiento de ganaderos de realizar antes de tiempo la trashumancia a causa de los continuos ataques. El presidente de ASAJA de \u00c1vila, Joaqu\u00edn Antonio Pino, se lamenta que la Administraci\u00f3n no haya abatido a\u00fan al menos el total de [&hellip;]<\/p>\n","protected":false},"author":5,"featured_media":5512,"comment_status":"open","ping_status":"open","sticky":false,"template":"","format":"standard","meta":{"footnotes":""},"categories":[8,18],"tags":[53,54,56,57],"yoast_head":"<!-- This site is optimized with the Yoast SEO plugin v24.5 - https:\/\/yoast.com\/wordpress\/plugins\/seo\/ -->\n<title>Nuevos ataques de lobo a la ganader\u00eda abulense: una ternera de dos d\u00edas en Hoyos del Collado, en pleno Gredos - ASAJA \u00c1vila<\/title>\n<meta name=\"description\" content=\"La Asociaci\u00f3n Agraria J\u00f3venes Agricultores (ASAJA) de \u00c1vila reprocha que la Administraci\u00f3n no reaccione ante el pensamiento de ganaderos de realizar antes\" \/>\n<meta name=\"robots\" content=\"index, follow, max-snippet:-1, max-image-preview:large, max-video-preview:-1\" \/>\n<link rel=\"canonical\" href=\"https:\/\/www.asajacyl.com\/avila\/asaja-avila-informa\/nuevos-ataques-lobo-la-ganaderia-abulense-una-ternera-dos-dias-hoyos-del-collado-pleno-gredos\" \/>\n<meta property=\"og:locale\" content=\"es_ES\" \/>\n<meta property=\"og:type\" content=\"article\" \/>\n<meta property=\"og:title\" content=\"Nuevos ataques de lobo a la ganader\u00eda abulense: una ternera de dos d\u00edas en Hoyos del Collado, en pleno Gredos - ASAJA \u00c1vila\" \/>\n<meta property=\"og:description\" content=\"La Asociaci\u00f3n Agraria J\u00f3venes Agricultores (ASAJA) de \u00c1vila reprocha que la Administraci\u00f3n no reaccione ante el pensamiento de ganaderos de realizar antes\" \/>\n<meta property=\"og:url\" content=\"https:\/\/www.asajacyl.com\/avila\/asaja-avila-informa\/nuevos-ataques-lobo-la-ganaderia-abulense-una-ternera-dos-dias-hoyos-del-collado-pleno-gredos\" \/>\n<meta property=\"og:site_name\" content=\"ASAJA \u00c1vila\" \/>\n<meta property=\"article:published_time\" content=\"2019-12-04T14:17:08+00:00\" \/>\n<meta property=\"og:image\" content=\"https:\/\/www.asajacyl.com\/avila\/wp-content\/uploads\/sites\/4\/2019\/12\/FOTO-ATAQUE_LOBO.jpg\" \/>\n\t<meta property=\"og:image:width\" content=\"481\" \/>\n\t<meta property=\"og:image:height\" content=\"877\" \/>\n\t<meta property=\"og:image:type\" content=\"image\/jpeg\" \/>\n<meta name=\"author\" content=\"Henar\" \/>\n<meta name=\"twitter:card\" content=\"summary_large_image\" \/>\n<meta name=\"twitter:label1\" content=\"Escrito por\" \/>\n\t<meta name=\"twitter:data1\" content=\"Henar\" \/>\n\t<meta name=\"twitter:label2\" content=\"Tiempo de lectura\" \/>\n\t<meta name=\"twitter:data2\" content=\"2 minutos\" \/>\n<script type=\"application\/ld+json\" class=\"yoast-schema-graph\">{\"@context\":\"https:\/\/schema.org\",\"@graph\":[{\"@type\":\"WebPage\",\"@id\":\"https:\/\/www.asajacyl.com\/avila\/asaja-avila-informa\/nuevos-ataques-lobo-la-ganaderia-abulense-una-ternera-dos-dias-hoyos-del-collado-pleno-gredos\",\"url\":\"https:\/\/www.asajacyl.com\/avila\/asaja-avila-informa\/nuevos-ataques-lobo-la-ganaderia-abulense-una-ternera-dos-dias-hoyos-del-collado-pleno-gredos\",\"name\":\"Nuevos ataques de lobo a la ganader\u00eda abulense: una ternera de dos d\u00edas en Hoyos del Collado, en pleno Gredos - ASAJA \u00c1vila\",\"isPartOf\":{\"@id\":\"https:\/\/www.asajacyl.com\/avila\/#website\"},\"primaryImageOfPage\":{\"@id\":\"https:\/\/www.asajacyl.com\/avila\/asaja-avila-informa\/nuevos-ataques-lobo-la-ganaderia-abulense-una-ternera-dos-dias-hoyos-del-collado-pleno-gredos#primaryimage\"},\"image\":{\"@id\":\"https:\/\/www.asajacyl.com\/avila\/asaja-avila-informa\/nuevos-ataques-lobo-la-ganaderia-abulense-una-ternera-dos-dias-hoyos-del-collado-pleno-gredos#primaryimage\"},\"thumbnailUrl\":\"https:\/\/www.asajacyl.com\/avila\/wp-content\/uploads\/sites\/4\/2019\/12\/FOTO-ATAQUE_LOBO.jpg\",\"datePublished\":\"2019-12-04T14:17:08+00:00\",\"author\":{\"@id\":\"https:\/\/www.asajacyl.com\/avila\/#\/schema\/person\/810bfa1d2da02f83644c0b6d43cd7fec\"},\"description\":\"La Asociaci\u00f3n Agraria J\u00f3venes Agricultores (ASAJA) de \u00c1vila reprocha que la Administraci\u00f3n no reaccione ante el pensamiento de ganaderos de realizar antes\",\"breadcrumb\":{\"@id\":\"https:\/\/www.asajacyl.com\/avila\/asaja-avila-informa\/nuevos-ataques-lobo-la-ganaderia-abulense-una-ternera-dos-dias-hoyos-del-collado-pleno-gredos#breadcrumb\"},\"inLanguage\":\"es\",\"potentialAction\":[{\"@type\":\"ReadAction\",\"target\":[\"https:\/\/www.asajacyl.com\/avila\/asaja-avila-informa\/nuevos-ataques-lobo-la-ganaderia-abulense-una-ternera-dos-dias-hoyos-del-collado-pleno-gredos\"]}]},{\"@type\":\"ImageObject\",\"inLanguage\":\"es\",\"@id\":\"https:\/\/www.asajacyl.com\/avila\/asaja-avila-informa\/nuevos-ataques-lobo-la-ganaderia-abulense-una-ternera-dos-dias-hoyos-del-collado-pleno-gredos#primaryimage\",\"url\":\"https:\/\/www.asajacyl.com\/avila\/wp-content\/uploads\/sites\/4\/2019\/12\/FOTO-ATAQUE_LOBO.jpg\",\"contentUrl\":\"https:\/\/www.asajacyl.com\/avila\/wp-content\/uploads\/sites\/4\/2019\/12\/FOTO-ATAQUE_LOBO.jpg\",\"width\":481,\"height\":877},{\"@type\":\"BreadcrumbList\",\"@id\":\"https:\/\/www.asajacyl.com\/avila\/asaja-avila-informa\/nuevos-ataques-lobo-la-ganaderia-abulense-una-ternera-dos-dias-hoyos-del-collado-pleno-gredos#breadcrumb\",\"itemListElement\":[{\"@type\":\"ListItem\",\"position\":1,\"name\":\"Portada\",\"item\":\"https:\/\/www.asajacyl.com\/avila\/\"},{\"@type\":\"ListItem\",\"position\":2,\"name\":\"Nuevos ataques de lobo a la ganader\u00eda abulense: una ternera de dos d\u00edas en Hoyos del Collado, en pleno Gredos\"}]},{\"@type\":\"WebSite\",\"@id\":\"https:\/\/www.asajacyl.com\/avila\/#website\",\"url\":\"https:\/\/www.asajacyl.com\/avila\/\",\"name\":\"ASAJA \u00c1vila\",\"description\":\"Otro sitio m\u00e1s de Provincias ASAJA Castilla y Le\u00f3n\",\"potentialAction\":[{\"@type\":\"SearchAction\",\"target\":{\"@type\":\"EntryPoint\",\"urlTemplate\":\"https:\/\/www.asajacyl.com\/avila\/?s={search_term_string}\"},\"query-input\":{\"@type\":\"PropertyValueSpecification\",\"valueRequired\":true,\"valueName\":\"search_term_string\"}}],\"inLanguage\":\"es\"},{\"@type\":\"Person\",\"@id\":\"https:\/\/www.asajacyl.com\/avila\/#\/schema\/person\/810bfa1d2da02f83644c0b6d43cd7fec\",\"name\":\"Henar\",\"image\":{\"@type\":\"ImageObject\",\"inLanguage\":\"es\",\"@id\":\"https:\/\/www.asajacyl.com\/avila\/#\/schema\/person\/image\/\",\"url\":\"https:\/\/secure.gravatar.com\/avatar\/0e0868d7d3cf5a5e4a3e45b40a52c6aa?s=96&d=mm&r=g\",\"contentUrl\":\"https:\/\/secure.gravatar.com\/avatar\/0e0868d7d3cf5a5e4a3e45b40a52c6aa?s=96&d=mm&r=g\",\"caption\":\"Henar\"},\"url\":\"https:\/\/www.asajacyl.com\/avila\/author\/andresvl\"}]}<\/script>\n<!-- \/ Yoast SEO plugin. -->","yoast_head_json":{"title":"Nuevos ataques de lobo a la ganader\u00eda abulense: una ternera de dos d\u00edas en Hoyos del Collado, en pleno Gredos - ASAJA \u00c1vila","description":"La Asociaci\u00f3n Agraria J\u00f3venes Agricultores (ASAJA) de \u00c1vila reprocha que la Administraci\u00f3n no reaccione ante el pensamiento de ganaderos de realizar antes","robots":{"index":"index","follow":"follow","max-snippet":"max-snippet:-1","max-image-preview":"max-image-preview:large","max-video-preview":"max-video-preview:-1"},"canonical":"https:\/\/www.asajacyl.com\/avila\/asaja-avila-informa\/nuevos-ataques-lobo-la-ganaderia-abulense-una-ternera-dos-dias-hoyos-del-collado-pleno-gredos","og_locale":"es_ES","og_type":"article","og_title":"Nuevos ataques de lobo a la ganader\u00eda abulense: una ternera de dos d\u00edas en Hoyos del Collado, en pleno Gredos - ASAJA \u00c1vila","og_description":"La Asociaci\u00f3n Agraria J\u00f3venes Agricultores (ASAJA) de \u00c1vila reprocha que la Administraci\u00f3n no reaccione ante el pensamiento de ganaderos de realizar antes","og_url":"https:\/\/www.asajacyl.com\/avila\/asaja-avila-informa\/nuevos-ataques-lobo-la-ganaderia-abulense-una-ternera-dos-dias-hoyos-del-collado-pleno-gredos","og_site_name":"ASAJA \u00c1vila","article_published_time":"2019-12-04T14:17:08+00:00","og_image":[{"width":481,"height":877,"url":"https:\/\/www.asajacyl.com\/avila\/wp-content\/uploads\/sites\/4\/2019\/12\/FOTO-ATAQUE_LOBO.jpg","type":"image\/jpeg"}],"author":"Henar","twitter_card":"summary_large_image","twitter_misc":{"Escrito por":"Henar","Tiempo de lectura":"2 minutos"},"schema":{"@context":"https:\/\/schema.org","@graph":[{"@type":"WebPage","@id":"https:\/\/www.asajacyl.com\/avila\/asaja-avila-informa\/nuevos-ataques-lobo-la-ganaderia-abulense-una-ternera-dos-dias-hoyos-del-collado-pleno-gredos","url":"https:\/\/www.asajacyl.com\/avila\/asaja-avila-informa\/nuevos-ataques-lobo-la-ganaderia-abulense-una-ternera-dos-dias-hoyos-del-collado-pleno-gredos","name":"Nuevos ataques de lobo a la ganader\u00eda abulense: una ternera de dos d\u00edas en Hoyos del Collado, en pleno Gredos - ASAJA \u00c1vila","isPartOf":{"@id":"https:\/\/www.asajacyl.com\/avila\/#website"},"primaryImageOfPage":{"@id":"https:\/\/www.asajacyl.com\/avila\/asaja-avila-informa\/nuevos-ataques-lobo-la-ganaderia-abulense-una-ternera-dos-dias-hoyos-del-collado-pleno-gredos#primaryimage"},"image":{"@id":"https:\/\/www.asajacyl.com\/avila\/asaja-avila-informa\/nuevos-ataques-lobo-la-ganaderia-abulense-una-ternera-dos-dias-hoyos-del-collado-pleno-gredos#primaryimage"},"thumbnailUrl":"https:\/\/www.asajacyl.com\/avila\/wp-content\/uploads\/sites\/4\/2019\/12\/FOTO-ATAQUE_LOBO.jpg","datePublished":"2019-12-04T14:17:08+00:00","author":{"@id":"https:\/\/www.asajacyl.com\/avila\/#\/schema\/person\/810bfa1d2da02f83644c0b6d43cd7fec"},"description":"La Asociaci\u00f3n Agraria J\u00f3venes Agricultores (ASAJA) de \u00c1vila reprocha que la Administraci\u00f3n no reaccione ante el pensamiento de ganaderos de realizar antes","breadcrumb":{"@id":"https:\/\/www.asajacyl.com\/avila\/asaja-avila-informa\/nuevos-ataques-lobo-la-ganaderia-abulense-una-ternera-dos-dias-hoyos-del-collado-pleno-gredos#breadcrumb"},"inLanguage":"es","potentialAction":[{"@type":"ReadAction","target":["https:\/\/www.asajacyl.com\/avila\/asaja-avila-informa\/nuevos-ataques-lobo-la-ganaderia-abulense-una-ternera-dos-dias-hoyos-del-collado-pleno-gredos"]}]},{"@type":"ImageObject","inLanguage":"es","@id":"https:\/\/www.asajacyl.com\/avila\/asaja-avila-informa\/nuevos-ataques-lobo-la-ganaderia-abulense-una-ternera-dos-dias-hoyos-del-collado-pleno-gredos#primaryimage","url":"https:\/\/www.asajacyl.com\/avila\/wp-content\/uploads\/sites\/4\/2019\/12\/FOTO-ATAQUE_LOBO.jpg","contentUrl":"https:\/\/www.asajacyl.com\/avila\/wp-content\/uploads\/sites\/4\/2019\/12\/FOTO-ATAQUE_LOBO.jpg","width":481,"height":877},{"@type":"BreadcrumbList","@id":"https:\/\/www.asajacyl.com\/avila\/asaja-avila-informa\/nuevos-ataques-lobo-la-ganaderia-abulense-una-ternera-dos-dias-hoyos-del-collado-pleno-gredos#breadcrumb","itemListElement":[{"@type":"ListItem","position":1,"name":"Portada","item":"https:\/\/www.asajacyl.com\/avila\/"},{"@type":"ListItem","position":2,"name":"Nuevos ataques de lobo a la ganader\u00eda abulense: una ternera de dos d\u00edas en Hoyos del Collado, en pleno Gredos"}]},{"@type":"WebSite","@id":"https:\/\/www.asajacyl.com\/avila\/#website","url":"https:\/\/www.asajacyl.com\/avila\/","name":"ASAJA \u00c1vila","description":"Otro sitio m\u00e1s de Provincias ASAJA Castilla y Le\u00f3n","potentialAction":[{"@type":"SearchAction","target":{"@type":"EntryPoint","urlTemplate":"https:\/\/www.asajacyl.com\/avila\/?s={search_term_string}"},"query-input":{"@type":"PropertyValueSpecification","valueRequired":true,"valueName":"search_term_string"}}],"inLanguage":"es"},{"@type":"Person","@id":"https:\/\/www.asajacyl.com\/avila\/#\/schema\/person\/810bfa1d2da02f83644c0b6d43cd7fec","name":"Henar","image":{"@type":"ImageObject","inLanguage":"es","@id":"https:\/\/www.asajacyl.com\/avila\/#\/schema\/person\/image\/","url":"https:\/\/secure.gravatar.com\/avatar\/0e0868d7d3cf5a5e4a3e45b40a52c6aa?s=96&d=mm&r=g","contentUrl":"https:\/\/secure.gravatar.com\/avatar\/0e0868d7d3cf5a5e4a3e45b40a52c6aa?s=96&d=mm&r=g","caption":"Henar"},"url":"https:\/\/www.asajacyl.com\/avila\/author\/andresvl"}]}},"_links":{"self":[{"href":"https:\/\/www.asajacyl.com\/avila\/wp-json\/wp\/v2\/posts\/5511"}],"collection":[{"href":"https:\/\/www.asajacyl.com\/avila\/wp-json\/wp\/v2\/posts"}],"about":[{"href":"https:\/\/www.asajacyl.com\/avila\/wp-json\/wp\/v2\/types\/post"}],"author":[{"embeddable":true,"href":"https:\/\/www.asajacyl.com\/avila\/wp-json\/wp\/v2\/users\/5"}],"replies":[{"embeddable":true,"href":"https:\/\/www.asajacyl.com\/avila\/wp-json\/wp\/v2\/comments?post=5511"}],"version-history":[{"count":1,"href":"https:\/\/www.asajacyl.com\/avila\/wp-json\/wp\/v2\/posts\/5511\/revisions"}],"predecessor-version":[{"id":5513,"href":"https:\/\/www.asajacyl.com\/avila\/wp-json\/wp\/v2\/posts\/5511\/revisions\/5513"}],"wp:featuredmedia":[{"embeddable":true,"href":"https:\/\/www.asajacyl.com\/avila\/wp-json\/wp\/v2\/media\/5512"}],"wp:attachment":[{"href":"https:\/\/www.asajacyl.com\/avila\/wp-json\/wp\/v2\/media?parent=5511"}],"wp:term":[{"taxonomy":"category","embeddable":true,"href":"https:\/\/www.asajacyl.com\/avila\/wp-json\/wp\/v2\/categories?post=5511"},{"taxonomy":"post_tag","embeddable":true,"href":"https:\/\/www.asajacyl.com\/avila\/wp-json\/wp\/v2\/tags?post=5511"}],"curies":[{"name":"wp","href":"https:\/\/api.w.org\/{rel}","templated":true}]}}