{"id":5526,"date":"2019-12-07T13:08:28","date_gmt":"2019-12-07T12:08:28","guid":{"rendered":"https:\/\/www.asajacyl.com\/avila\/?p=5526"},"modified":"2019-12-11T10:48:33","modified_gmt":"2019-12-11T09:48:33","slug":"profesor-badiola-merecedor-la-insignia-oro-asaja-2019","status":"publish","type":"post","link":"https:\/\/www.asajacyl.com\/avila\/asaja-avila-informa\/profesor-badiola-merecedor-la-insignia-oro-asaja-2019","title":{"rendered":"El profesor Badiola, merecedor de la Insignia de Oro de ASAJA de 2019"},"content":{"rendered":"<p><strong>La entrega del galard\u00f3n se har\u00e1 en el marco del acto de cierre del ciclo de jornadas de sanidad y salud animal organizadas por ASAJA de \u00c1vila en Martiherrero.<\/strong><\/p>\n<p>La principal organizaci\u00f3n profesional agraria del Estado espa\u00f1ol reconoce con su m\u00e1ximo galard\u00f3n, en la persona de Juan Jos\u00e9 Badiola, el trabajo desarrollado por miles de veterinarios que junto a los profesionales de otras ramas de la agronom\u00eda, han sido determinantes en la evoluci\u00f3n, el empuje y la modernizaci\u00f3n del sector agrario y agroalimentario espa\u00f1ol.<\/p>\n<p>La Asociaci\u00f3n Agraria\u00a0<em>J\u00f3venes Agricultores<\/em>\u00a0(ASAJA) de \u00c1vila ha acordado este a\u00f1o 2019 distinguir con su m\u00e1xima galard\u00f3n, la <em>Insignia de Oro<\/em> de ASAJA, al profesor y cient\u00edfico veterinario, Juan Jos\u00e9 Badiola D\u00edez. Con este reconocimiento, ASAJA reconoce su labor, dedicaci\u00f3n y trabajo realizado a una de las personas m\u00e1s brillantes con que cuenta la veterinaria y el sector ganadero espa\u00f1ol, y que fuera durante cerca de dos d\u00e9cadas la cara visible de los veterinarios en toda Espa\u00f1a.<\/p>\n<p>Nacido en Le\u00f3n el 1 de septiembre de 1948. Es hijo de veterinario, se licenci\u00f3 en veterinaria por la Universidad de Complutense de Madrid en 1972 y obtuvo el doctorado en 1975. El investigador y cient\u00edfico Badiola es catedr\u00e1tico de Sanidad Animal de la Facultad de Veterinaria de la Universidad de Zaragoza, y en su labor docente ha sido decano y vicerrector de investigaci\u00f3n de la Facultad de Veterinaria de Zaragoza e incluso Rector de esa Universidad. Es director del Centro de Encefalopat\u00edas y Enfermedades Transmisibles Emergentes y del Laboratorio de Referencia de la OIE (Organizaci\u00f3n Mundial de Sanidad Animal) para la EEB y el Scrapie. Ha desarrollado su actividad profesional e investigadora en el \u00e1mbito del diagn\u00f3stico e investigaci\u00f3n de enfermedades animales, habiendo desarrollado numerosos trabajos en el \u00e1mbito de las encefalopat\u00edas espongiformes transmisibles y las enfermedades provocadas por retrovirus y micobacterias, siendo miembro del Comit\u00e9 Especial Asesor sobre las EETs de la Presidencia del Gobierno entre 2001 y 2004 (popularmente conocida como \u00abmal de las vacas locas\u00bb) y el primer veterinario que ha sido Consejero electo del Consejo de Estado. Ha presidido el Consejo General de Colegios Veterinarios de Espa\u00f1a durante cerca de 20 a\u00f1os.<\/p>\n<p>Sin lugar a dudas, se trata de una persona formidable que re\u00fane todos los requisitos para ser merecedor de la <em>Insignia de Oro<\/em> de ASAJA por su contribuci\u00f3n en la formaci\u00f3n universitaria, la profesi\u00f3n veterinaria, la comunicaci\u00f3n y el arraigo a la tierra incrementando del prestigio social de la ganader\u00eda espa\u00f1ola y de la profesi\u00f3n veterinaria.<\/p>\n<p>La entrega del m\u00e1ximo galard\u00f3n\u00a0que concede la organizaci\u00f3n agraria, tendr\u00e1 lugar en la tarde del pr\u00f3ximo martes d\u00eda 10 de diciembre, dentro del marco del acto de clausura del ciclo de jornadas veterinarias en materia de sanidad y salud animal que est\u00e1 desarrollando ASAJA de \u00c1vila en la localidad abulense de Martiherrero y que cuentan con el apoyo de la compa\u00f1\u00eda de servicios y medicamentos de uso veterinario MSD Animal Health. Al acto al que asistir\u00e1n los l\u00edderes nacional y regional de la organizaci\u00f3n agraria, acudir\u00e1n entre otros los presidentes del Consejo General de Colegios Veterinarios de Espa\u00f1a y de la Asociaci\u00f3n del Cuerpo Nacional Veterinario, as\u00ed como el consejero de Agricultura, Ganader\u00eda y Desarrollo Rural de Castilla y Le\u00f3n, adem\u00e1s de de las distintas autoridades institucionales, militares y del mundo acad\u00e9mico.<\/p>\n<p><em>En a\u00f1os anteriores, la Insignia de Oro de ASAJA recay\u00f3 en el fundador del Centro Nacional de J\u00f3venes Agricultores Felipe Gonz\u00e1lez de Canales (2018), los ganaderos trashumantes (2017), el jefe de la Unidad de Desarrollo Agrario de \u00c1vila \u00c1ngel Mart\u00edn Fuentes (2016), los ganaderos de caprino Hermanos Gonz\u00e1lez Guti\u00e9rrez de Madrigal de las Altas Torres (2015), la periodista Cristina Carro y el programa Surcos Castilla y Le\u00f3n de TVCyL (2014), a t\u00edtulo p\u00f3stumo en la ex ministra Loyola de Palacio (2013), la periodista Sonia Andrino (2012), el ex presidente del Gobierno Jos\u00e9 Mar\u00eda Aznar (2011), el ex presidente de la Junta de Castilla y Le\u00f3n Juan Jos\u00e9 Lucas (2010), y el periodista especializado en campo C\u00e9sar Lumbreras (2009).<\/em><\/p>\n<p>&nbsp;<\/p>\n","protected":false},"excerpt":{"rendered":"<p>La entrega del galard\u00f3n se har\u00e1 en el marco del acto de cierre del ciclo de jornadas de sanidad y salud animal organizadas por ASAJA de \u00c1vila en Martiherrero. La principal organizaci\u00f3n profesional agraria del Estado espa\u00f1ol reconoce con su m\u00e1ximo galard\u00f3n, en la persona de Juan Jos\u00e9 Badiola, el trabajo desarrollado por miles de [&hellip;]<\/p>\n","protected":false},"author":6,"featured_media":5527,"comment_status":"open","ping_status":"open","sticky":false,"template":"","format":"standard","meta":{"footnotes":""},"categories":[8,18],"tags":[],"yoast_head":"<!-- This site is optimized with the Yoast SEO plugin v24.5 - https:\/\/yoast.com\/wordpress\/plugins\/seo\/ -->\n<title>El profesor Badiola, merecedor de la Insignia de Oro de ASAJA de 2019 - ASAJA \u00c1vila<\/title>\n<meta name=\"description\" content=\"La entrega del galard\u00f3n se har\u00e1 en el marco del acto de cierre del ciclo de jornadas de sanidad y salud animal organizadas por ASAJA de \u00c1vila en\" \/>\n<meta name=\"robots\" content=\"index, follow, max-snippet:-1, max-image-preview:large, max-video-preview:-1\" \/>\n<link rel=\"canonical\" href=\"https:\/\/www.asajacyl.com\/avila\/asaja-avila-informa\/profesor-badiola-merecedor-la-insignia-oro-asaja-2019\" \/>\n<meta property=\"og:locale\" content=\"es_ES\" \/>\n<meta property=\"og:type\" content=\"article\" \/>\n<meta property=\"og:title\" content=\"El profesor Badiola, merecedor de la Insignia de Oro de ASAJA de 2019 - ASAJA \u00c1vila\" \/>\n<meta property=\"og:description\" content=\"La entrega del galard\u00f3n se har\u00e1 en el marco del acto de cierre del ciclo de jornadas de sanidad y salud animal organizadas por ASAJA de \u00c1vila en\" \/>\n<meta property=\"og:url\" content=\"https:\/\/www.asajacyl.com\/avila\/asaja-avila-informa\/profesor-badiola-merecedor-la-insignia-oro-asaja-2019\" \/>\n<meta property=\"og:site_name\" content=\"ASAJA \u00c1vila\" \/>\n<meta property=\"article:published_time\" content=\"2019-12-07T12:08:28+00:00\" \/>\n<meta property=\"article:modified_time\" content=\"2019-12-11T09:48:33+00:00\" \/>\n<meta property=\"og:image\" content=\"https:\/\/www.asajacyl.com\/avila\/wp-content\/uploads\/sites\/4\/2019\/12\/Badiola-\u00c1vila_02_02_2018-2.jpg\" \/>\n\t<meta property=\"og:image:width\" content=\"814\" \/>\n\t<meta property=\"og:image:height\" content=\"548\" \/>\n\t<meta property=\"og:image:type\" content=\"image\/jpeg\" \/>\n<meta name=\"author\" content=\"Joaqu\u00edn\" \/>\n<meta name=\"twitter:card\" content=\"summary_large_image\" \/>\n<meta name=\"twitter:label1\" content=\"Escrito por\" \/>\n\t<meta name=\"twitter:data1\" content=\"Joaqu\u00edn\" \/>\n\t<meta name=\"twitter:label2\" content=\"Tiempo de lectura\" \/>\n\t<meta name=\"twitter:data2\" content=\"4 minutos\" \/>\n<script type=\"application\/ld+json\" class=\"yoast-schema-graph\">{\"@context\":\"https:\/\/schema.org\",\"@graph\":[{\"@type\":\"WebPage\",\"@id\":\"https:\/\/www.asajacyl.com\/avila\/asaja-avila-informa\/profesor-badiola-merecedor-la-insignia-oro-asaja-2019\",\"url\":\"https:\/\/www.asajacyl.com\/avila\/asaja-avila-informa\/profesor-badiola-merecedor-la-insignia-oro-asaja-2019\",\"name\":\"El profesor Badiola, merecedor de la Insignia de Oro de ASAJA de 2019 - ASAJA \u00c1vila\",\"isPartOf\":{\"@id\":\"https:\/\/www.asajacyl.com\/avila\/#website\"},\"primaryImageOfPage\":{\"@id\":\"https:\/\/www.asajacyl.com\/avila\/asaja-avila-informa\/profesor-badiola-merecedor-la-insignia-oro-asaja-2019#primaryimage\"},\"image\":{\"@id\":\"https:\/\/www.asajacyl.com\/avila\/asaja-avila-informa\/profesor-badiola-merecedor-la-insignia-oro-asaja-2019#primaryimage\"},\"thumbnailUrl\":\"https:\/\/www.asajacyl.com\/avila\/wp-content\/uploads\/sites\/4\/2019\/12\/Badiola-\u00c1vila_02_02_2018-2.jpg\",\"datePublished\":\"2019-12-07T12:08:28+00:00\",\"dateModified\":\"2019-12-11T09:48:33+00:00\",\"author\":{\"@id\":\"https:\/\/www.asajacyl.com\/avila\/#\/schema\/person\/daf3c5c7d3afd005798ec283b78826ed\"},\"description\":\"La entrega del galard\u00f3n se har\u00e1 en el marco del acto de cierre del ciclo de jornadas de sanidad y salud animal organizadas por ASAJA de \u00c1vila en\",\"breadcrumb\":{\"@id\":\"https:\/\/www.asajacyl.com\/avila\/asaja-avila-informa\/profesor-badiola-merecedor-la-insignia-oro-asaja-2019#breadcrumb\"},\"inLanguage\":\"es\",\"potentialAction\":[{\"@type\":\"ReadAction\",\"target\":[\"https:\/\/www.asajacyl.com\/avila\/asaja-avila-informa\/profesor-badiola-merecedor-la-insignia-oro-asaja-2019\"]}]},{\"@type\":\"ImageObject\",\"inLanguage\":\"es\",\"@id\":\"https:\/\/www.asajacyl.com\/avila\/asaja-avila-informa\/profesor-badiola-merecedor-la-insignia-oro-asaja-2019#primaryimage\",\"url\":\"https:\/\/www.asajacyl.com\/avila\/wp-content\/uploads\/sites\/4\/2019\/12\/Badiola-\u00c1vila_02_02_2018-2.jpg\",\"contentUrl\":\"https:\/\/www.asajacyl.com\/avila\/wp-content\/uploads\/sites\/4\/2019\/12\/Badiola-\u00c1vila_02_02_2018-2.jpg\",\"width\":814,\"height\":548},{\"@type\":\"BreadcrumbList\",\"@id\":\"https:\/\/www.asajacyl.com\/avila\/asaja-avila-informa\/profesor-badiola-merecedor-la-insignia-oro-asaja-2019#breadcrumb\",\"itemListElement\":[{\"@type\":\"ListItem\",\"position\":1,\"name\":\"Portada\",\"item\":\"https:\/\/www.asajacyl.com\/avila\/\"},{\"@type\":\"ListItem\",\"position\":2,\"name\":\"El profesor Badiola, merecedor de la Insignia de Oro de ASAJA de 2019\"}]},{\"@type\":\"WebSite\",\"@id\":\"https:\/\/www.asajacyl.com\/avila\/#website\",\"url\":\"https:\/\/www.asajacyl.com\/avila\/\",\"name\":\"ASAJA \u00c1vila\",\"description\":\"Otro sitio m\u00e1s de Provincias ASAJA Castilla y Le\u00f3n\",\"potentialAction\":[{\"@type\":\"SearchAction\",\"target\":{\"@type\":\"EntryPoint\",\"urlTemplate\":\"https:\/\/www.asajacyl.com\/avila\/?s={search_term_string}\"},\"query-input\":{\"@type\":\"PropertyValueSpecification\",\"valueRequired\":true,\"valueName\":\"search_term_string\"}}],\"inLanguage\":\"es\"},{\"@type\":\"Person\",\"@id\":\"https:\/\/www.asajacyl.com\/avila\/#\/schema\/person\/daf3c5c7d3afd005798ec283b78826ed\",\"name\":\"Joaqu\u00edn\",\"image\":{\"@type\":\"ImageObject\",\"inLanguage\":\"es\",\"@id\":\"https:\/\/www.asajacyl.com\/avila\/#\/schema\/person\/image\/\",\"url\":\"https:\/\/secure.gravatar.com\/avatar\/8a87f10166ff5a8a3b0c21a125bc069d?s=96&d=mm&r=g\",\"contentUrl\":\"https:\/\/secure.gravatar.com\/avatar\/8a87f10166ff5a8a3b0c21a125bc069d?s=96&d=mm&r=g\",\"caption\":\"Joaqu\u00edn\"},\"url\":\"https:\/\/www.asajacyl.com\/avila\/author\/joaquinap\"}]}<\/script>\n<!-- \/ Yoast SEO plugin. -->","yoast_head_json":{"title":"El profesor Badiola, merecedor de la Insignia de Oro de ASAJA de 2019 - ASAJA \u00c1vila","description":"La entrega del galard\u00f3n se har\u00e1 en el marco del acto de cierre del ciclo de jornadas de sanidad y salud animal organizadas por ASAJA de \u00c1vila en","robots":{"index":"index","follow":"follow","max-snippet":"max-snippet:-1","max-image-preview":"max-image-preview:large","max-video-preview":"max-video-preview:-1"},"canonical":"https:\/\/www.asajacyl.com\/avila\/asaja-avila-informa\/profesor-badiola-merecedor-la-insignia-oro-asaja-2019","og_locale":"es_ES","og_type":"article","og_title":"El profesor Badiola, merecedor de la Insignia de Oro de ASAJA de 2019 - ASAJA \u00c1vila","og_description":"La entrega del galard\u00f3n se har\u00e1 en el marco del acto de cierre del ciclo de jornadas de sanidad y salud animal organizadas por ASAJA de \u00c1vila en","og_url":"https:\/\/www.asajacyl.com\/avila\/asaja-avila-informa\/profesor-badiola-merecedor-la-insignia-oro-asaja-2019","og_site_name":"ASAJA \u00c1vila","article_published_time":"2019-12-07T12:08:28+00:00","article_modified_time":"2019-12-11T09:48:33+00:00","og_image":[{"width":814,"height":548,"url":"https:\/\/www.asajacyl.com\/avila\/wp-content\/uploads\/sites\/4\/2019\/12\/Badiola-\u00c1vila_02_02_2018-2.jpg","type":"image\/jpeg"}],"author":"Joaqu\u00edn","twitter_card":"summary_large_image","twitter_misc":{"Escrito por":"Joaqu\u00edn","Tiempo de lectura":"4 minutos"},"schema":{"@context":"https:\/\/schema.org","@graph":[{"@type":"WebPage","@id":"https:\/\/www.asajacyl.com\/avila\/asaja-avila-informa\/profesor-badiola-merecedor-la-insignia-oro-asaja-2019","url":"https:\/\/www.asajacyl.com\/avila\/asaja-avila-informa\/profesor-badiola-merecedor-la-insignia-oro-asaja-2019","name":"El profesor Badiola, merecedor de la Insignia de Oro de ASAJA de 2019 - ASAJA \u00c1vila","isPartOf":{"@id":"https:\/\/www.asajacyl.com\/avila\/#website"},"primaryImageOfPage":{"@id":"https:\/\/www.asajacyl.com\/avila\/asaja-avila-informa\/profesor-badiola-merecedor-la-insignia-oro-asaja-2019#primaryimage"},"image":{"@id":"https:\/\/www.asajacyl.com\/avila\/asaja-avila-informa\/profesor-badiola-merecedor-la-insignia-oro-asaja-2019#primaryimage"},"thumbnailUrl":"https:\/\/www.asajacyl.com\/avila\/wp-content\/uploads\/sites\/4\/2019\/12\/Badiola-\u00c1vila_02_02_2018-2.jpg","datePublished":"2019-12-07T12:08:28+00:00","dateModified":"2019-12-11T09:48:33+00:00","author":{"@id":"https:\/\/www.asajacyl.com\/avila\/#\/schema\/person\/daf3c5c7d3afd005798ec283b78826ed"},"description":"La entrega del galard\u00f3n se har\u00e1 en el marco del acto de cierre del ciclo de jornadas de sanidad y salud animal organizadas por ASAJA de \u00c1vila en","breadcrumb":{"@id":"https:\/\/www.asajacyl.com\/avila\/asaja-avila-informa\/profesor-badiola-merecedor-la-insignia-oro-asaja-2019#breadcrumb"},"inLanguage":"es","potentialAction":[{"@type":"ReadAction","target":["https:\/\/www.asajacyl.com\/avila\/asaja-avila-informa\/profesor-badiola-merecedor-la-insignia-oro-asaja-2019"]}]},{"@type":"ImageObject","inLanguage":"es","@id":"https:\/\/www.asajacyl.com\/avila\/asaja-avila-informa\/profesor-badiola-merecedor-la-insignia-oro-asaja-2019#primaryimage","url":"https:\/\/www.asajacyl.com\/avila\/wp-content\/uploads\/sites\/4\/2019\/12\/Badiola-\u00c1vila_02_02_2018-2.jpg","contentUrl":"https:\/\/www.asajacyl.com\/avila\/wp-content\/uploads\/sites\/4\/2019\/12\/Badiola-\u00c1vila_02_02_2018-2.jpg","width":814,"height":548},{"@type":"BreadcrumbList","@id":"https:\/\/www.asajacyl.com\/avila\/asaja-avila-informa\/profesor-badiola-merecedor-la-insignia-oro-asaja-2019#breadcrumb","itemListElement":[{"@type":"ListItem","position":1,"name":"Portada","item":"https:\/\/www.asajacyl.com\/avila\/"},{"@type":"ListItem","position":2,"name":"El profesor Badiola, merecedor de la Insignia de Oro de ASAJA de 2019"}]},{"@type":"WebSite","@id":"https:\/\/www.asajacyl.com\/avila\/#website","url":"https:\/\/www.asajacyl.com\/avila\/","name":"ASAJA \u00c1vila","description":"Otro sitio m\u00e1s de Provincias ASAJA Castilla y Le\u00f3n","potentialAction":[{"@type":"SearchAction","target":{"@type":"EntryPoint","urlTemplate":"https:\/\/www.asajacyl.com\/avila\/?s={search_term_string}"},"query-input":{"@type":"PropertyValueSpecification","valueRequired":true,"valueName":"search_term_string"}}],"inLanguage":"es"},{"@type":"Person","@id":"https:\/\/www.asajacyl.com\/avila\/#\/schema\/person\/daf3c5c7d3afd005798ec283b78826ed","name":"Joaqu\u00edn","image":{"@type":"ImageObject","inLanguage":"es","@id":"https:\/\/www.asajacyl.com\/avila\/#\/schema\/person\/image\/","url":"https:\/\/secure.gravatar.com\/avatar\/8a87f10166ff5a8a3b0c21a125bc069d?s=96&d=mm&r=g","contentUrl":"https:\/\/secure.gravatar.com\/avatar\/8a87f10166ff5a8a3b0c21a125bc069d?s=96&d=mm&r=g","caption":"Joaqu\u00edn"},"url":"https:\/\/www.asajacyl.com\/avila\/author\/joaquinap"}]}},"_links":{"self":[{"href":"https:\/\/www.asajacyl.com\/avila\/wp-json\/wp\/v2\/posts\/5526"}],"collection":[{"href":"https:\/\/www.asajacyl.com\/avila\/wp-json\/wp\/v2\/posts"}],"about":[{"href":"https:\/\/www.asajacyl.com\/avila\/wp-json\/wp\/v2\/types\/post"}],"author":[{"embeddable":true,"href":"https:\/\/www.asajacyl.com\/avila\/wp-json\/wp\/v2\/users\/6"}],"replies":[{"embeddable":true,"href":"https:\/\/www.asajacyl.com\/avila\/wp-json\/wp\/v2\/comments?post=5526"}],"version-history":[{"count":4,"href":"https:\/\/www.asajacyl.com\/avila\/wp-json\/wp\/v2\/posts\/5526\/revisions"}],"predecessor-version":[{"id":5531,"href":"https:\/\/www.asajacyl.com\/avila\/wp-json\/wp\/v2\/posts\/5526\/revisions\/5531"}],"wp:featuredmedia":[{"embeddable":true,"href":"https:\/\/www.asajacyl.com\/avila\/wp-json\/wp\/v2\/media\/5527"}],"wp:attachment":[{"href":"https:\/\/www.asajacyl.com\/avila\/wp-json\/wp\/v2\/media?parent=5526"}],"wp:term":[{"taxonomy":"category","embeddable":true,"href":"https:\/\/www.asajacyl.com\/avila\/wp-json\/wp\/v2\/categories?post=5526"},{"taxonomy":"post_tag","embeddable":true,"href":"https:\/\/www.asajacyl.com\/avila\/wp-json\/wp\/v2\/tags?post=5526"}],"curies":[{"name":"wp","href":"https:\/\/api.w.org\/{rel}","templated":true}]}}