{"id":5686,"date":"2020-03-17T08:24:25","date_gmt":"2020-03-17T07:24:25","guid":{"rendered":"https:\/\/www.asajacyl.com\/avila\/?p=5686"},"modified":"2020-03-17T08:26:01","modified_gmt":"2020-03-17T07:26:01","slug":"covid-19-aclaraciones-la-junta-saneamiento-altas-bajas-movimientos-ganaderos","status":"publish","type":"post","link":"https:\/\/www.asajacyl.com\/avila\/servicios-socio\/covid-19-aclaraciones-la-junta-saneamiento-altas-bajas-movimientos-ganaderos","title":{"rendered":"Covid-19: Aclaraciones de la Junta sobre saneamiento, altas, bajas y movimientos ganaderos"},"content":{"rendered":"<h2>Con motivo de la actual situaci\u00f3n causada por el COVID-19 y en aras de reducir al m\u00e1ximo cualquier situaci\u00f3n que pudiera suponer un riesgo de contagio de la enfermedad, desde la Direcci\u00f3n General de Producci\u00f3n Agropecuaria se comunica lo siguiente:<\/h2>\n<p>Se cancela hasta nuevo \u00a0aviso, cualquier inspecci\u00f3n encuadrada en los Planes Oficiales de Control manteniendo exclusivamente aquellas que sean necesarias para el funcionamiento rutinario de las explotaciones agrarias, como levantamiento de inmovilizaciones, o cualquier otra similar.<\/p>\n<p>Se suspende tambi\u00e9n hasta nuevo aviso la Campa\u00f1a de Saneamiento Ganadero manteniendo la realizaci\u00f3n de las peticiones de parte previas al movimiento de ganado y\/o exportaci\u00f3n y aquellas pruebas encaminadas o bien a la recuperaci\u00f3n de la calificaci\u00f3n sanitaria o a la finalizaci\u00f3n de las actuaciones sanitarias que a fecha de hoy estuvieran incompletas.<\/p>\n<p>Por otro lado, el pasado s\u00e1bado se public\u00f3 en el BOE el Real Decreto 463\/2020 de 14 de marzo, por el que se declara el estado de alarma para la gesti\u00f3n de la situaci\u00f3n de crisis sanitaria \u00a0ocasionada por el COVID-19. Este Real Decreto establece, en su Disposici\u00f3n Adicional Tercera, la suspensi\u00f3n de los plazos administrativos de los procedimientos de las entidades del sector p\u00fablico. El c\u00f3mputo \u00a0de los plazos se reanudar\u00e1 en el momento que pierda vigencia el citado Real Decreto o en su caso, las pr\u00f3rrogas \u00a0del mismo.<\/p>\n<p style=\"text-align: justify\">En consecuencia, en lo que se refiere \u00a0a los procedimientos que gestiona esta Direcci\u00f3n General (documentos \u00a0para el traslado de animales, identificaci\u00f3n de los mismos, etc.) quedan suspendidos los plazos que se contemplan en los mismos: entrega de documentaci\u00f3n, \u00a0comunicaciones\u00a0 \u00a0de \u00a0nacimientos, muertes, etc.\u00a0 Por ejemplo, las restricciones que autom\u00e1ticamente se establecen por el retraso en la entrega de la copia de los documentos sanitarios de traslado (autogu\u00edas) quedan autom\u00e1ticamente desactivadas. Es importante aclarar tambi\u00e9n \u00a0que se mantienen los per\u00edodos de validez de todos los documentos sanitarios y de traslados.<\/p>\n<p style=\"text-align: justify\">En la medida de lo posible, se fomentar\u00e1 el uso de la Plataforma M\u00f3dulo Ganadero para la emisi\u00f3n de Documentos de traslado desde el domicilio \u00a0de los particulares.<\/p>\n<p style=\"text-align: justify\">Con estas medidas se trata de que, en lo posible, se evite la afluencia de personas hacia las unidades Administrativas de la Consejer\u00eda de Agricultura, Ganader\u00eda y Desarrollo Rural. Todo ello, sin perjuicio \u00a0del cumplimiento de lo establecido en el Art\u00edculo 15, del citado Real Decreto, 463\/2020, \u00a0de 14 de marzo, dirigido \u00a0a garantizar \u00a0el abastecimiento alimentario a los ciudadanos.<\/p>\n","protected":false},"excerpt":{"rendered":"<p>Con motivo de la actual situaci\u00f3n causada por el COVID-19 y en aras de reducir al m\u00e1ximo cualquier situaci\u00f3n que pudiera suponer un riesgo de contagio de la enfermedad, desde la Direcci\u00f3n General de Producci\u00f3n Agropecuaria se comunica lo siguiente: Se cancela hasta nuevo \u00a0aviso, cualquier inspecci\u00f3n encuadrada en los Planes Oficiales de Control manteniendo [&hellip;]<\/p>\n","protected":false},"author":6,"featured_media":794,"comment_status":"open","ping_status":"open","sticky":false,"template":"","format":"standard","meta":{"footnotes":""},"categories":[49,26,9],"tags":[],"yoast_head":"<!-- This site is optimized with the Yoast SEO plugin v24.5 - https:\/\/yoast.com\/wordpress\/plugins\/seo\/ -->\n<title>Covid-19: Aclaraciones de la Junta sobre saneamiento, altas, bajas y movimientos ganaderos - ASAJA \u00c1vila<\/title>\n<meta name=\"description\" content=\"Con motivo de la actual situaci\u00f3n causada por el COVID-19 y en aras de reducir al m\u00e1ximo cualquier situaci\u00f3n que pudiera suponer un riesgo de contagio de\" \/>\n<meta name=\"robots\" content=\"index, follow, max-snippet:-1, max-image-preview:large, max-video-preview:-1\" \/>\n<link rel=\"canonical\" href=\"https:\/\/www.asajacyl.com\/avila\/servicios-socio\/covid-19-aclaraciones-la-junta-saneamiento-altas-bajas-movimientos-ganaderos\" \/>\n<meta property=\"og:locale\" content=\"es_ES\" \/>\n<meta property=\"og:type\" content=\"article\" \/>\n<meta property=\"og:title\" content=\"Covid-19: Aclaraciones de la Junta sobre saneamiento, altas, bajas y movimientos ganaderos - ASAJA \u00c1vila\" \/>\n<meta property=\"og:description\" content=\"Con motivo de la actual situaci\u00f3n causada por el COVID-19 y en aras de reducir al m\u00e1ximo cualquier situaci\u00f3n que pudiera suponer un riesgo de contagio de\" \/>\n<meta property=\"og:url\" content=\"https:\/\/www.asajacyl.com\/avila\/servicios-socio\/covid-19-aclaraciones-la-junta-saneamiento-altas-bajas-movimientos-ganaderos\" \/>\n<meta property=\"og:site_name\" content=\"ASAJA \u00c1vila\" \/>\n<meta property=\"article:published_time\" content=\"2020-03-17T07:24:25+00:00\" \/>\n<meta property=\"article:modified_time\" content=\"2020-03-17T07:26:01+00:00\" \/>\n<meta property=\"og:image\" content=\"https:\/\/www.asajacyl.com\/avila\/wp-content\/uploads\/sites\/4\/2017\/11\/im_predefinida_1920x1080.jpg\" \/>\n\t<meta property=\"og:image:width\" content=\"1920\" \/>\n\t<meta property=\"og:image:height\" content=\"1080\" \/>\n\t<meta property=\"og:image:type\" content=\"image\/jpeg\" \/>\n<meta name=\"author\" content=\"Joaqu\u00edn\" \/>\n<meta name=\"twitter:card\" content=\"summary_large_image\" \/>\n<meta name=\"twitter:label1\" content=\"Escrito por\" \/>\n\t<meta name=\"twitter:data1\" content=\"Joaqu\u00edn\" \/>\n\t<meta name=\"twitter:label2\" content=\"Tiempo de lectura\" \/>\n\t<meta name=\"twitter:data2\" content=\"2 minutos\" \/>\n<script type=\"application\/ld+json\" class=\"yoast-schema-graph\">{\"@context\":\"https:\/\/schema.org\",\"@graph\":[{\"@type\":\"WebPage\",\"@id\":\"https:\/\/www.asajacyl.com\/avila\/servicios-socio\/covid-19-aclaraciones-la-junta-saneamiento-altas-bajas-movimientos-ganaderos\",\"url\":\"https:\/\/www.asajacyl.com\/avila\/servicios-socio\/covid-19-aclaraciones-la-junta-saneamiento-altas-bajas-movimientos-ganaderos\",\"name\":\"Covid-19: Aclaraciones de la Junta sobre saneamiento, altas, bajas y movimientos ganaderos - ASAJA \u00c1vila\",\"isPartOf\":{\"@id\":\"https:\/\/www.asajacyl.com\/avila\/#website\"},\"primaryImageOfPage\":{\"@id\":\"https:\/\/www.asajacyl.com\/avila\/servicios-socio\/covid-19-aclaraciones-la-junta-saneamiento-altas-bajas-movimientos-ganaderos#primaryimage\"},\"image\":{\"@id\":\"https:\/\/www.asajacyl.com\/avila\/servicios-socio\/covid-19-aclaraciones-la-junta-saneamiento-altas-bajas-movimientos-ganaderos#primaryimage\"},\"thumbnailUrl\":\"https:\/\/www.asajacyl.com\/avila\/wp-content\/uploads\/sites\/4\/2017\/11\/im_predefinida_1920x1080.jpg\",\"datePublished\":\"2020-03-17T07:24:25+00:00\",\"dateModified\":\"2020-03-17T07:26:01+00:00\",\"author\":{\"@id\":\"https:\/\/www.asajacyl.com\/avila\/#\/schema\/person\/daf3c5c7d3afd005798ec283b78826ed\"},\"description\":\"Con motivo de la actual situaci\u00f3n causada por el COVID-19 y en aras de reducir al m\u00e1ximo cualquier situaci\u00f3n que pudiera suponer un riesgo de contagio de\",\"breadcrumb\":{\"@id\":\"https:\/\/www.asajacyl.com\/avila\/servicios-socio\/covid-19-aclaraciones-la-junta-saneamiento-altas-bajas-movimientos-ganaderos#breadcrumb\"},\"inLanguage\":\"es\",\"potentialAction\":[{\"@type\":\"ReadAction\",\"target\":[\"https:\/\/www.asajacyl.com\/avila\/servicios-socio\/covid-19-aclaraciones-la-junta-saneamiento-altas-bajas-movimientos-ganaderos\"]}]},{\"@type\":\"ImageObject\",\"inLanguage\":\"es\",\"@id\":\"https:\/\/www.asajacyl.com\/avila\/servicios-socio\/covid-19-aclaraciones-la-junta-saneamiento-altas-bajas-movimientos-ganaderos#primaryimage\",\"url\":\"https:\/\/www.asajacyl.com\/avila\/wp-content\/uploads\/sites\/4\/2017\/11\/im_predefinida_1920x1080.jpg\",\"contentUrl\":\"https:\/\/www.asajacyl.com\/avila\/wp-content\/uploads\/sites\/4\/2017\/11\/im_predefinida_1920x1080.jpg\",\"width\":1920,\"height\":1080,\"caption\":\"Logotipo ASAJA \u00c1vila\"},{\"@type\":\"BreadcrumbList\",\"@id\":\"https:\/\/www.asajacyl.com\/avila\/servicios-socio\/covid-19-aclaraciones-la-junta-saneamiento-altas-bajas-movimientos-ganaderos#breadcrumb\",\"itemListElement\":[{\"@type\":\"ListItem\",\"position\":1,\"name\":\"Portada\",\"item\":\"https:\/\/www.asajacyl.com\/avila\/\"},{\"@type\":\"ListItem\",\"position\":2,\"name\":\"Covid-19: Aclaraciones de la Junta sobre saneamiento, altas, bajas y movimientos ganaderos\"}]},{\"@type\":\"WebSite\",\"@id\":\"https:\/\/www.asajacyl.com\/avila\/#website\",\"url\":\"https:\/\/www.asajacyl.com\/avila\/\",\"name\":\"ASAJA \u00c1vila\",\"description\":\"Otro sitio m\u00e1s de Provincias ASAJA Castilla y Le\u00f3n\",\"potentialAction\":[{\"@type\":\"SearchAction\",\"target\":{\"@type\":\"EntryPoint\",\"urlTemplate\":\"https:\/\/www.asajacyl.com\/avila\/?s={search_term_string}\"},\"query-input\":{\"@type\":\"PropertyValueSpecification\",\"valueRequired\":true,\"valueName\":\"search_term_string\"}}],\"inLanguage\":\"es\"},{\"@type\":\"Person\",\"@id\":\"https:\/\/www.asajacyl.com\/avila\/#\/schema\/person\/daf3c5c7d3afd005798ec283b78826ed\",\"name\":\"Joaqu\u00edn\",\"image\":{\"@type\":\"ImageObject\",\"inLanguage\":\"es\",\"@id\":\"https:\/\/www.asajacyl.com\/avila\/#\/schema\/person\/image\/\",\"url\":\"https:\/\/secure.gravatar.com\/avatar\/8a87f10166ff5a8a3b0c21a125bc069d?s=96&d=mm&r=g\",\"contentUrl\":\"https:\/\/secure.gravatar.com\/avatar\/8a87f10166ff5a8a3b0c21a125bc069d?s=96&d=mm&r=g\",\"caption\":\"Joaqu\u00edn\"},\"url\":\"https:\/\/www.asajacyl.com\/avila\/author\/joaquinap\"}]}<\/script>\n<!-- \/ Yoast SEO plugin. -->","yoast_head_json":{"title":"Covid-19: Aclaraciones de la Junta sobre saneamiento, altas, bajas y movimientos ganaderos - ASAJA \u00c1vila","description":"Con motivo de la actual situaci\u00f3n causada por el COVID-19 y en aras de reducir al m\u00e1ximo cualquier situaci\u00f3n que pudiera suponer un riesgo de contagio de","robots":{"index":"index","follow":"follow","max-snippet":"max-snippet:-1","max-image-preview":"max-image-preview:large","max-video-preview":"max-video-preview:-1"},"canonical":"https:\/\/www.asajacyl.com\/avila\/servicios-socio\/covid-19-aclaraciones-la-junta-saneamiento-altas-bajas-movimientos-ganaderos","og_locale":"es_ES","og_type":"article","og_title":"Covid-19: Aclaraciones de la Junta sobre saneamiento, altas, bajas y movimientos ganaderos - ASAJA \u00c1vila","og_description":"Con motivo de la actual situaci\u00f3n causada por el COVID-19 y en aras de reducir al m\u00e1ximo cualquier situaci\u00f3n que pudiera suponer un riesgo de contagio de","og_url":"https:\/\/www.asajacyl.com\/avila\/servicios-socio\/covid-19-aclaraciones-la-junta-saneamiento-altas-bajas-movimientos-ganaderos","og_site_name":"ASAJA \u00c1vila","article_published_time":"2020-03-17T07:24:25+00:00","article_modified_time":"2020-03-17T07:26:01+00:00","og_image":[{"width":1920,"height":1080,"url":"https:\/\/www.asajacyl.com\/avila\/wp-content\/uploads\/sites\/4\/2017\/11\/im_predefinida_1920x1080.jpg","type":"image\/jpeg"}],"author":"Joaqu\u00edn","twitter_card":"summary_large_image","twitter_misc":{"Escrito por":"Joaqu\u00edn","Tiempo de lectura":"2 minutos"},"schema":{"@context":"https:\/\/schema.org","@graph":[{"@type":"WebPage","@id":"https:\/\/www.asajacyl.com\/avila\/servicios-socio\/covid-19-aclaraciones-la-junta-saneamiento-altas-bajas-movimientos-ganaderos","url":"https:\/\/www.asajacyl.com\/avila\/servicios-socio\/covid-19-aclaraciones-la-junta-saneamiento-altas-bajas-movimientos-ganaderos","name":"Covid-19: Aclaraciones de la Junta sobre saneamiento, altas, bajas y movimientos ganaderos - ASAJA \u00c1vila","isPartOf":{"@id":"https:\/\/www.asajacyl.com\/avila\/#website"},"primaryImageOfPage":{"@id":"https:\/\/www.asajacyl.com\/avila\/servicios-socio\/covid-19-aclaraciones-la-junta-saneamiento-altas-bajas-movimientos-ganaderos#primaryimage"},"image":{"@id":"https:\/\/www.asajacyl.com\/avila\/servicios-socio\/covid-19-aclaraciones-la-junta-saneamiento-altas-bajas-movimientos-ganaderos#primaryimage"},"thumbnailUrl":"https:\/\/www.asajacyl.com\/avila\/wp-content\/uploads\/sites\/4\/2017\/11\/im_predefinida_1920x1080.jpg","datePublished":"2020-03-17T07:24:25+00:00","dateModified":"2020-03-17T07:26:01+00:00","author":{"@id":"https:\/\/www.asajacyl.com\/avila\/#\/schema\/person\/daf3c5c7d3afd005798ec283b78826ed"},"description":"Con motivo de la actual situaci\u00f3n causada por el COVID-19 y en aras de reducir al m\u00e1ximo cualquier situaci\u00f3n que pudiera suponer un riesgo de contagio de","breadcrumb":{"@id":"https:\/\/www.asajacyl.com\/avila\/servicios-socio\/covid-19-aclaraciones-la-junta-saneamiento-altas-bajas-movimientos-ganaderos#breadcrumb"},"inLanguage":"es","potentialAction":[{"@type":"ReadAction","target":["https:\/\/www.asajacyl.com\/avila\/servicios-socio\/covid-19-aclaraciones-la-junta-saneamiento-altas-bajas-movimientos-ganaderos"]}]},{"@type":"ImageObject","inLanguage":"es","@id":"https:\/\/www.asajacyl.com\/avila\/servicios-socio\/covid-19-aclaraciones-la-junta-saneamiento-altas-bajas-movimientos-ganaderos#primaryimage","url":"https:\/\/www.asajacyl.com\/avila\/wp-content\/uploads\/sites\/4\/2017\/11\/im_predefinida_1920x1080.jpg","contentUrl":"https:\/\/www.asajacyl.com\/avila\/wp-content\/uploads\/sites\/4\/2017\/11\/im_predefinida_1920x1080.jpg","width":1920,"height":1080,"caption":"Logotipo ASAJA \u00c1vila"},{"@type":"BreadcrumbList","@id":"https:\/\/www.asajacyl.com\/avila\/servicios-socio\/covid-19-aclaraciones-la-junta-saneamiento-altas-bajas-movimientos-ganaderos#breadcrumb","itemListElement":[{"@type":"ListItem","position":1,"name":"Portada","item":"https:\/\/www.asajacyl.com\/avila\/"},{"@type":"ListItem","position":2,"name":"Covid-19: Aclaraciones de la Junta sobre saneamiento, altas, bajas y movimientos ganaderos"}]},{"@type":"WebSite","@id":"https:\/\/www.asajacyl.com\/avila\/#website","url":"https:\/\/www.asajacyl.com\/avila\/","name":"ASAJA \u00c1vila","description":"Otro sitio m\u00e1s de Provincias ASAJA Castilla y Le\u00f3n","potentialAction":[{"@type":"SearchAction","target":{"@type":"EntryPoint","urlTemplate":"https:\/\/www.asajacyl.com\/avila\/?s={search_term_string}"},"query-input":{"@type":"PropertyValueSpecification","valueRequired":true,"valueName":"search_term_string"}}],"inLanguage":"es"},{"@type":"Person","@id":"https:\/\/www.asajacyl.com\/avila\/#\/schema\/person\/daf3c5c7d3afd005798ec283b78826ed","name":"Joaqu\u00edn","image":{"@type":"ImageObject","inLanguage":"es","@id":"https:\/\/www.asajacyl.com\/avila\/#\/schema\/person\/image\/","url":"https:\/\/secure.gravatar.com\/avatar\/8a87f10166ff5a8a3b0c21a125bc069d?s=96&d=mm&r=g","contentUrl":"https:\/\/secure.gravatar.com\/avatar\/8a87f10166ff5a8a3b0c21a125bc069d?s=96&d=mm&r=g","caption":"Joaqu\u00edn"},"url":"https:\/\/www.asajacyl.com\/avila\/author\/joaquinap"}]}},"_links":{"self":[{"href":"https:\/\/www.asajacyl.com\/avila\/wp-json\/wp\/v2\/posts\/5686"}],"collection":[{"href":"https:\/\/www.asajacyl.com\/avila\/wp-json\/wp\/v2\/posts"}],"about":[{"href":"https:\/\/www.asajacyl.com\/avila\/wp-json\/wp\/v2\/types\/post"}],"author":[{"embeddable":true,"href":"https:\/\/www.asajacyl.com\/avila\/wp-json\/wp\/v2\/users\/6"}],"replies":[{"embeddable":true,"href":"https:\/\/www.asajacyl.com\/avila\/wp-json\/wp\/v2\/comments?post=5686"}],"version-history":[{"count":1,"href":"https:\/\/www.asajacyl.com\/avila\/wp-json\/wp\/v2\/posts\/5686\/revisions"}],"predecessor-version":[{"id":5689,"href":"https:\/\/www.asajacyl.com\/avila\/wp-json\/wp\/v2\/posts\/5686\/revisions\/5689"}],"wp:featuredmedia":[{"embeddable":true,"href":"https:\/\/www.asajacyl.com\/avila\/wp-json\/wp\/v2\/media\/794"}],"wp:attachment":[{"href":"https:\/\/www.asajacyl.com\/avila\/wp-json\/wp\/v2\/media?parent=5686"}],"wp:term":[{"taxonomy":"category","embeddable":true,"href":"https:\/\/www.asajacyl.com\/avila\/wp-json\/wp\/v2\/categories?post=5686"},{"taxonomy":"post_tag","embeddable":true,"href":"https:\/\/www.asajacyl.com\/avila\/wp-json\/wp\/v2\/tags?post=5686"}],"curies":[{"name":"wp","href":"https:\/\/api.w.org\/{rel}","templated":true}]}}