{"id":5865,"date":"2020-04-27T12:39:10","date_gmt":"2020-04-27T10:39:10","guid":{"rendered":"https:\/\/www.asajacyl.com\/avila\/?p=5865"},"modified":"2020-04-27T12:39:10","modified_gmt":"2020-04-27T10:39:10","slug":"nuevas-condiciones-del-registro-maquinaria-agricola","status":"publish","type":"post","link":"https:\/\/www.asajacyl.com\/avila\/servicios-socio\/nuevas-condiciones-del-registro-maquinaria-agricola","title":{"rendered":"Nuevas condiciones del registro de maquinaria agr\u00edcola"},"content":{"rendered":"<p style=\"text-align: justify\"><strong>Hoy se publica en el BOE el real decreto del Ministerio de Agricultura por el que actualizan las condiciones y caracter\u00edsticas del registro de maquinaria agr\u00edcola en nuestro pa\u00eds. Entre otros puntos, a partir de ahora es obligatorio inscribir todas las m\u00e1quinas remolcadas, as\u00ed como los esparcidores de purines y los pulverizadores de arrastre manual. Adem\u00e1s, se confirma que los tractores de m\u00e1s de 40 a\u00f1os no podr\u00e1n cambiar de titular.<\/strong><\/p>\n<p>Con todos estos cambios, la administraci\u00f3n persigue por un lado ir apartando la maquinaria m\u00e1s antigua, que no se ajusta a los actuales requisitos ambientales, y tambi\u00e9n lograr depurar los censos actuales de maquinaria, que incluyen bastante maquinaria que en realidad no se utiliza. A continuaci\u00f3n, se incluye un resumen de las novedades que recoge la normativa, elaborado por los Servicios T\u00e9cnicos de ASAJA Castilla y Le\u00f3n.<\/p>\n<p style=\"text-align: justify\"><strong>M\u00e1quinas que hay que inscribir en el ROMA<\/strong><\/p>\n<p style=\"text-align: justify\">Para la inscripci\u00f3n de la maquinaria agr\u00edcola, sus titulares deber\u00e1n estar inscritos en el Registro general de la producci\u00f3n agr\u00edcola (REGEPA), en el Registro general de explotaciones ganaderas (REGA) o en registros auton\u00f3micos.<\/p>\n<p style=\"text-align: justify\">Es obligatorio inscribir en los Registros Oficiales de Maquinaria Agr\u00edcola, todas las m\u00e1quinas que vayan a utilizarse en la actividad agraria, que cumplan con su correspondiente normativa, y que pertenezcan a uno de los grupos siguientes:<\/p>\n<p style=\"text-align: justify\">Tractores agr\u00edcolas y forestales de cualquier tipo y categor\u00eda.<br \/>\nMotocultores.<br \/>\nTractocarros.<br \/>\nM\u00e1quinas automotrices y portadores de cualquier tipo, potencia y peso.<br \/>\nM\u00e1quinas remolcadas, de cualquier tama\u00f1o.<br \/>\nRemolques agr\u00edcolas.<br \/>\nCisternas para el transporte y distribuci\u00f3n de l\u00edquidos.<br \/>\nEquipos de tratamientos fitosanitarios remolcados o suspendidos, de cualquier capacidad o peso, as\u00ed como los pulverizadores de arrastre manual (carretilla) con dep\u00f3sito de m\u00e1s de 100 litros.<br \/>\nEquipos de distribuci\u00f3n de fertilizantes remolcados o suspendidos, de cualquier capacidad o peso.<br \/>\nEsparcidores de purines y accesorios de distribuci\u00f3n localizada de purines.<br \/>\nLas m\u00e1quinas no incluidas en algunos de los apartados anteriores, para cuya adquisici\u00f3n se haya concedido un cr\u00e9dito o una subvenci\u00f3n oficial.<br \/>\nAquellas m\u00e1quinas agr\u00edcolas no contempladas anteriormente y que determinen las comunidades aut\u00f3nomas.<br \/>\n(*) En general, se elimina la denominaci\u00f3n \u201carrastrado\u201d, siendo sustituida por \u201cremolcado\u201d.<\/p>\n<p style=\"text-align: justify\"><strong>Pruebas de calidad<\/strong><\/p>\n<p style=\"text-align: justify\">Se establecer\u00e1n unas pruebas voluntarias de calidad para verificar la eficiencia energ\u00e9tica, en su caso, y el cumplimiento de normas de dise\u00f1o, eficiencia agron\u00f3mica y de protecci\u00f3n ambiental. El Ministerio establecer\u00e1 marcas de calidad para tractores (de acuerdo a su clasificaci\u00f3n seg\u00fan su eficiencia energ\u00e9tica) y m\u00e1quinas agr\u00edcolas (respecto de sus prestaciones, eficiencia agron\u00f3mica, y de protecci\u00f3n ambiental).<\/p>\n<p style=\"text-align: justify\"><strong>Maquinaria antigua<\/strong><\/p>\n<p style=\"text-align: justify\">Los tractores agr\u00edcolas cuya fecha de primera inscripci\u00f3n en el ROMA sea igual o superior a 40 a\u00f1os y que no dispongan de una estructura de protecci\u00f3n homologada no podr\u00e1n realizar bajas por pase del sector agrario a otra actividad, cambio de titularidad sin modificaci\u00f3n de uso o destino y baja temporal, incluida la entrega a empresa comercializadora de maquinaria. Se except\u00faan los cambios de titularidad motivados por herencias. ASAJA hab\u00eda defendido la continuidad de estos tractores, que siguen siendo \u00fatiles en muchas explotaciones, realizando tareas menores o complementarias.<\/p>\n<p style=\"text-align: justify\">Las comunidades aut\u00f3nomas podr\u00e1n dar de baja de oficio con comunicaci\u00f3n previa al interesado los equipos de aplicaci\u00f3n de productos fitosanitarios cuando no hayan acreditado haber sido inspeccionados o si una vez caducado el periodo de validez de la inspecci\u00f3n no se ha vuelto a acreditar una nueva inspecci\u00f3n favorable en el plazo de seis meses.<\/p>\n<p style=\"text-align: justify\">Tambi\u00e9n, con el fin de depurar los censos oficiales de maquinaria agr\u00edcola, las comunidades aut\u00f3nomas podr\u00e1n dirigirse a los titulares de tractores de m\u00e1s de cuarenta a\u00f1os y m\u00e1quinas agr\u00edcolas automotrices de m\u00e1s de veinticinco a\u00f1os, para comunicarle el inicio del tr\u00e1mite de baja de oficio, a lo que se podr\u00e1n realizar alegaciones en caso de que el tractor o m\u00e1quina agr\u00edcola automotriz contin\u00fae en uso.<\/p>\n<p style=\"text-align: justify\"><strong>Maquinaria importada<\/strong><\/p>\n<p style=\"text-align: justify\">No podr\u00e1n inscribirse en el ROMA tractores agr\u00edcolas usados procedentes de otros Estados miembros carentes de estructura de protecci\u00f3n homologada, ni tractores usados procedentes de otros Estados miembros de la Uni\u00f3n Europea cuya fecha de puesta en servicio en el pa\u00eds de origen sea anterior al 30 de junio de 2001 para evitar la incorporaci\u00f3n a la agricultura espa\u00f1ola de maquinaria con altos niveles de emisiones contaminantes, es decir, aquellos que no disponen de fase de emisiones asignada.<\/p>\n<p style=\"text-align: justify\">Tampoco podr\u00e1n registrarse m\u00e1quinas automotrices usadas procedentes de otros Estados miembros de la Uni\u00f3n Europea cuya fecha de puesta en servicio en el pa\u00eds de origen sea anterior al 31 de diciembre de 1998.<\/p>\n<p style=\"text-align: justify\">Si se trata de tractores y m\u00e1quinas agr\u00edcolas automotrices usados procedentes de terceros pa\u00edses, deber\u00e1n disponer de la previa homologaci\u00f3n de tipo CE otorgada en cualquier Estado miembro de la Uni\u00f3n Europea, o solicitar la correspondiente homologaci\u00f3n al Ministerio de Industria, Comercio y Turismo.<\/p>\n<p style=\"text-align: justify\">Fuente: SS.TT. ASAJA Castilla y Le\u00f3n<\/p>\n","protected":false},"excerpt":{"rendered":"<p>Hoy se publica en el BOE el real decreto del Ministerio de Agricultura por el que actualizan las condiciones y caracter\u00edsticas del registro de maquinaria agr\u00edcola en nuestro pa\u00eds. Entre otros puntos, a partir de ahora es obligatorio inscribir todas las m\u00e1quinas remolcadas, as\u00ed como los esparcidores de purines y los pulverizadores de arrastre manual. [&hellip;]<\/p>\n","protected":false},"author":6,"featured_media":794,"comment_status":"open","ping_status":"open","sticky":false,"template":"","format":"standard","meta":{"footnotes":""},"categories":[26,9],"tags":[],"yoast_head":"<!-- This site is optimized with the Yoast SEO plugin v24.5 - https:\/\/yoast.com\/wordpress\/plugins\/seo\/ -->\n<title>Nuevas condiciones del registro de maquinaria agr\u00edcola - ASAJA \u00c1vila<\/title>\n<meta name=\"description\" content=\"Hoy se publica en el BOE el real decreto del Ministerio de Agricultura por el que actualizan las condiciones y caracter\u00edsticas del registro de maquinaria\" \/>\n<meta name=\"robots\" content=\"index, follow, max-snippet:-1, max-image-preview:large, max-video-preview:-1\" \/>\n<link rel=\"canonical\" href=\"https:\/\/www.asajacyl.com\/avila\/servicios-socio\/nuevas-condiciones-del-registro-maquinaria-agricola\" \/>\n<meta property=\"og:locale\" content=\"es_ES\" \/>\n<meta property=\"og:type\" content=\"article\" \/>\n<meta property=\"og:title\" content=\"Nuevas condiciones del registro de maquinaria agr\u00edcola - ASAJA \u00c1vila\" \/>\n<meta property=\"og:description\" content=\"Hoy se publica en el BOE el real decreto del Ministerio de Agricultura por el que actualizan las condiciones y caracter\u00edsticas del registro de maquinaria\" \/>\n<meta property=\"og:url\" content=\"https:\/\/www.asajacyl.com\/avila\/servicios-socio\/nuevas-condiciones-del-registro-maquinaria-agricola\" \/>\n<meta property=\"og:site_name\" content=\"ASAJA \u00c1vila\" \/>\n<meta property=\"article:published_time\" content=\"2020-04-27T10:39:10+00:00\" \/>\n<meta property=\"og:image\" content=\"https:\/\/www.asajacyl.com\/avila\/wp-content\/uploads\/sites\/4\/2017\/11\/im_predefinida_1920x1080.jpg\" \/>\n\t<meta property=\"og:image:width\" content=\"1920\" \/>\n\t<meta property=\"og:image:height\" content=\"1080\" \/>\n\t<meta property=\"og:image:type\" content=\"image\/jpeg\" \/>\n<meta name=\"author\" content=\"Joaqu\u00edn\" \/>\n<meta name=\"twitter:card\" content=\"summary_large_image\" \/>\n<meta name=\"twitter:label1\" content=\"Escrito por\" \/>\n\t<meta name=\"twitter:data1\" content=\"Joaqu\u00edn\" \/>\n\t<meta name=\"twitter:label2\" content=\"Tiempo de lectura\" \/>\n\t<meta name=\"twitter:data2\" content=\"4 minutos\" \/>\n<script type=\"application\/ld+json\" class=\"yoast-schema-graph\">{\"@context\":\"https:\/\/schema.org\",\"@graph\":[{\"@type\":\"WebPage\",\"@id\":\"https:\/\/www.asajacyl.com\/avila\/servicios-socio\/nuevas-condiciones-del-registro-maquinaria-agricola\",\"url\":\"https:\/\/www.asajacyl.com\/avila\/servicios-socio\/nuevas-condiciones-del-registro-maquinaria-agricola\",\"name\":\"Nuevas condiciones del registro de maquinaria agr\u00edcola - ASAJA \u00c1vila\",\"isPartOf\":{\"@id\":\"https:\/\/www.asajacyl.com\/avila\/#website\"},\"primaryImageOfPage\":{\"@id\":\"https:\/\/www.asajacyl.com\/avila\/servicios-socio\/nuevas-condiciones-del-registro-maquinaria-agricola#primaryimage\"},\"image\":{\"@id\":\"https:\/\/www.asajacyl.com\/avila\/servicios-socio\/nuevas-condiciones-del-registro-maquinaria-agricola#primaryimage\"},\"thumbnailUrl\":\"https:\/\/www.asajacyl.com\/avila\/wp-content\/uploads\/sites\/4\/2017\/11\/im_predefinida_1920x1080.jpg\",\"datePublished\":\"2020-04-27T10:39:10+00:00\",\"author\":{\"@id\":\"https:\/\/www.asajacyl.com\/avila\/#\/schema\/person\/daf3c5c7d3afd005798ec283b78826ed\"},\"description\":\"Hoy se publica en el BOE el real decreto del Ministerio de Agricultura por el que actualizan las condiciones y caracter\u00edsticas del registro de maquinaria\",\"breadcrumb\":{\"@id\":\"https:\/\/www.asajacyl.com\/avila\/servicios-socio\/nuevas-condiciones-del-registro-maquinaria-agricola#breadcrumb\"},\"inLanguage\":\"es\",\"potentialAction\":[{\"@type\":\"ReadAction\",\"target\":[\"https:\/\/www.asajacyl.com\/avila\/servicios-socio\/nuevas-condiciones-del-registro-maquinaria-agricola\"]}]},{\"@type\":\"ImageObject\",\"inLanguage\":\"es\",\"@id\":\"https:\/\/www.asajacyl.com\/avila\/servicios-socio\/nuevas-condiciones-del-registro-maquinaria-agricola#primaryimage\",\"url\":\"https:\/\/www.asajacyl.com\/avila\/wp-content\/uploads\/sites\/4\/2017\/11\/im_predefinida_1920x1080.jpg\",\"contentUrl\":\"https:\/\/www.asajacyl.com\/avila\/wp-content\/uploads\/sites\/4\/2017\/11\/im_predefinida_1920x1080.jpg\",\"width\":1920,\"height\":1080,\"caption\":\"Logotipo ASAJA \u00c1vila\"},{\"@type\":\"BreadcrumbList\",\"@id\":\"https:\/\/www.asajacyl.com\/avila\/servicios-socio\/nuevas-condiciones-del-registro-maquinaria-agricola#breadcrumb\",\"itemListElement\":[{\"@type\":\"ListItem\",\"position\":1,\"name\":\"Portada\",\"item\":\"https:\/\/www.asajacyl.com\/avila\/\"},{\"@type\":\"ListItem\",\"position\":2,\"name\":\"Nuevas condiciones del registro de maquinaria agr\u00edcola\"}]},{\"@type\":\"WebSite\",\"@id\":\"https:\/\/www.asajacyl.com\/avila\/#website\",\"url\":\"https:\/\/www.asajacyl.com\/avila\/\",\"name\":\"ASAJA \u00c1vila\",\"description\":\"Otro sitio m\u00e1s de Provincias ASAJA Castilla y Le\u00f3n\",\"potentialAction\":[{\"@type\":\"SearchAction\",\"target\":{\"@type\":\"EntryPoint\",\"urlTemplate\":\"https:\/\/www.asajacyl.com\/avila\/?s={search_term_string}\"},\"query-input\":{\"@type\":\"PropertyValueSpecification\",\"valueRequired\":true,\"valueName\":\"search_term_string\"}}],\"inLanguage\":\"es\"},{\"@type\":\"Person\",\"@id\":\"https:\/\/www.asajacyl.com\/avila\/#\/schema\/person\/daf3c5c7d3afd005798ec283b78826ed\",\"name\":\"Joaqu\u00edn\",\"image\":{\"@type\":\"ImageObject\",\"inLanguage\":\"es\",\"@id\":\"https:\/\/www.asajacyl.com\/avila\/#\/schema\/person\/image\/\",\"url\":\"https:\/\/secure.gravatar.com\/avatar\/8a87f10166ff5a8a3b0c21a125bc069d?s=96&d=mm&r=g\",\"contentUrl\":\"https:\/\/secure.gravatar.com\/avatar\/8a87f10166ff5a8a3b0c21a125bc069d?s=96&d=mm&r=g\",\"caption\":\"Joaqu\u00edn\"},\"url\":\"https:\/\/www.asajacyl.com\/avila\/author\/joaquinap\"}]}<\/script>\n<!-- \/ Yoast SEO plugin. -->","yoast_head_json":{"title":"Nuevas condiciones del registro de maquinaria agr\u00edcola - ASAJA \u00c1vila","description":"Hoy se publica en el BOE el real decreto del Ministerio de Agricultura por el que actualizan las condiciones y caracter\u00edsticas del registro de maquinaria","robots":{"index":"index","follow":"follow","max-snippet":"max-snippet:-1","max-image-preview":"max-image-preview:large","max-video-preview":"max-video-preview:-1"},"canonical":"https:\/\/www.asajacyl.com\/avila\/servicios-socio\/nuevas-condiciones-del-registro-maquinaria-agricola","og_locale":"es_ES","og_type":"article","og_title":"Nuevas condiciones del registro de maquinaria agr\u00edcola - ASAJA \u00c1vila","og_description":"Hoy se publica en el BOE el real decreto del Ministerio de Agricultura por el que actualizan las condiciones y caracter\u00edsticas del registro de maquinaria","og_url":"https:\/\/www.asajacyl.com\/avila\/servicios-socio\/nuevas-condiciones-del-registro-maquinaria-agricola","og_site_name":"ASAJA \u00c1vila","article_published_time":"2020-04-27T10:39:10+00:00","og_image":[{"width":1920,"height":1080,"url":"https:\/\/www.asajacyl.com\/avila\/wp-content\/uploads\/sites\/4\/2017\/11\/im_predefinida_1920x1080.jpg","type":"image\/jpeg"}],"author":"Joaqu\u00edn","twitter_card":"summary_large_image","twitter_misc":{"Escrito por":"Joaqu\u00edn","Tiempo de lectura":"4 minutos"},"schema":{"@context":"https:\/\/schema.org","@graph":[{"@type":"WebPage","@id":"https:\/\/www.asajacyl.com\/avila\/servicios-socio\/nuevas-condiciones-del-registro-maquinaria-agricola","url":"https:\/\/www.asajacyl.com\/avila\/servicios-socio\/nuevas-condiciones-del-registro-maquinaria-agricola","name":"Nuevas condiciones del registro de maquinaria agr\u00edcola - ASAJA \u00c1vila","isPartOf":{"@id":"https:\/\/www.asajacyl.com\/avila\/#website"},"primaryImageOfPage":{"@id":"https:\/\/www.asajacyl.com\/avila\/servicios-socio\/nuevas-condiciones-del-registro-maquinaria-agricola#primaryimage"},"image":{"@id":"https:\/\/www.asajacyl.com\/avila\/servicios-socio\/nuevas-condiciones-del-registro-maquinaria-agricola#primaryimage"},"thumbnailUrl":"https:\/\/www.asajacyl.com\/avila\/wp-content\/uploads\/sites\/4\/2017\/11\/im_predefinida_1920x1080.jpg","datePublished":"2020-04-27T10:39:10+00:00","author":{"@id":"https:\/\/www.asajacyl.com\/avila\/#\/schema\/person\/daf3c5c7d3afd005798ec283b78826ed"},"description":"Hoy se publica en el BOE el real decreto del Ministerio de Agricultura por el que actualizan las condiciones y caracter\u00edsticas del registro de maquinaria","breadcrumb":{"@id":"https:\/\/www.asajacyl.com\/avila\/servicios-socio\/nuevas-condiciones-del-registro-maquinaria-agricola#breadcrumb"},"inLanguage":"es","potentialAction":[{"@type":"ReadAction","target":["https:\/\/www.asajacyl.com\/avila\/servicios-socio\/nuevas-condiciones-del-registro-maquinaria-agricola"]}]},{"@type":"ImageObject","inLanguage":"es","@id":"https:\/\/www.asajacyl.com\/avila\/servicios-socio\/nuevas-condiciones-del-registro-maquinaria-agricola#primaryimage","url":"https:\/\/www.asajacyl.com\/avila\/wp-content\/uploads\/sites\/4\/2017\/11\/im_predefinida_1920x1080.jpg","contentUrl":"https:\/\/www.asajacyl.com\/avila\/wp-content\/uploads\/sites\/4\/2017\/11\/im_predefinida_1920x1080.jpg","width":1920,"height":1080,"caption":"Logotipo ASAJA \u00c1vila"},{"@type":"BreadcrumbList","@id":"https:\/\/www.asajacyl.com\/avila\/servicios-socio\/nuevas-condiciones-del-registro-maquinaria-agricola#breadcrumb","itemListElement":[{"@type":"ListItem","position":1,"name":"Portada","item":"https:\/\/www.asajacyl.com\/avila\/"},{"@type":"ListItem","position":2,"name":"Nuevas condiciones del registro de maquinaria agr\u00edcola"}]},{"@type":"WebSite","@id":"https:\/\/www.asajacyl.com\/avila\/#website","url":"https:\/\/www.asajacyl.com\/avila\/","name":"ASAJA \u00c1vila","description":"Otro sitio m\u00e1s de Provincias ASAJA Castilla y Le\u00f3n","potentialAction":[{"@type":"SearchAction","target":{"@type":"EntryPoint","urlTemplate":"https:\/\/www.asajacyl.com\/avila\/?s={search_term_string}"},"query-input":{"@type":"PropertyValueSpecification","valueRequired":true,"valueName":"search_term_string"}}],"inLanguage":"es"},{"@type":"Person","@id":"https:\/\/www.asajacyl.com\/avila\/#\/schema\/person\/daf3c5c7d3afd005798ec283b78826ed","name":"Joaqu\u00edn","image":{"@type":"ImageObject","inLanguage":"es","@id":"https:\/\/www.asajacyl.com\/avila\/#\/schema\/person\/image\/","url":"https:\/\/secure.gravatar.com\/avatar\/8a87f10166ff5a8a3b0c21a125bc069d?s=96&d=mm&r=g","contentUrl":"https:\/\/secure.gravatar.com\/avatar\/8a87f10166ff5a8a3b0c21a125bc069d?s=96&d=mm&r=g","caption":"Joaqu\u00edn"},"url":"https:\/\/www.asajacyl.com\/avila\/author\/joaquinap"}]}},"_links":{"self":[{"href":"https:\/\/www.asajacyl.com\/avila\/wp-json\/wp\/v2\/posts\/5865"}],"collection":[{"href":"https:\/\/www.asajacyl.com\/avila\/wp-json\/wp\/v2\/posts"}],"about":[{"href":"https:\/\/www.asajacyl.com\/avila\/wp-json\/wp\/v2\/types\/post"}],"author":[{"embeddable":true,"href":"https:\/\/www.asajacyl.com\/avila\/wp-json\/wp\/v2\/users\/6"}],"replies":[{"embeddable":true,"href":"https:\/\/www.asajacyl.com\/avila\/wp-json\/wp\/v2\/comments?post=5865"}],"version-history":[{"count":1,"href":"https:\/\/www.asajacyl.com\/avila\/wp-json\/wp\/v2\/posts\/5865\/revisions"}],"predecessor-version":[{"id":5866,"href":"https:\/\/www.asajacyl.com\/avila\/wp-json\/wp\/v2\/posts\/5865\/revisions\/5866"}],"wp:featuredmedia":[{"embeddable":true,"href":"https:\/\/www.asajacyl.com\/avila\/wp-json\/wp\/v2\/media\/794"}],"wp:attachment":[{"href":"https:\/\/www.asajacyl.com\/avila\/wp-json\/wp\/v2\/media?parent=5865"}],"wp:term":[{"taxonomy":"category","embeddable":true,"href":"https:\/\/www.asajacyl.com\/avila\/wp-json\/wp\/v2\/categories?post=5865"},{"taxonomy":"post_tag","embeddable":true,"href":"https:\/\/www.asajacyl.com\/avila\/wp-json\/wp\/v2\/tags?post=5865"}],"curies":[{"name":"wp","href":"https:\/\/api.w.org\/{rel}","templated":true}]}}