{"id":5919,"date":"2020-05-14T11:11:25","date_gmt":"2020-05-14T09:11:25","guid":{"rendered":"https:\/\/www.asajacyl.com\/avila\/?p=5919"},"modified":"2020-05-21T09:08:08","modified_gmt":"2020-05-21T07:08:08","slug":"asaja-emite-la-misa-san-isidro-labrador-todos-los-abulenses-la-8-avila","status":"publish","type":"post","link":"https:\/\/www.asajacyl.com\/avila\/asaja-avila-informa\/asaja-emite-la-misa-san-isidro-labrador-todos-los-abulenses-la-8-avila","title":{"rendered":"ASAJA emite la misa de San Isidro Labrador para todos los abulenses en la 8 de \u00c1vila"},"content":{"rendered":"<p style=\"text-align: justify\"><strong>Este a\u00f1o la festividad de San Isidro Labrador se celebra desde casa, por ello desde ASAJA han querido acercar al patr\u00f3n de los agricultores a todos los abulenses con la retransmisi\u00f3n en directo de una misa en su honor.<\/strong><\/p>\n<p style=\"text-align: justify\">La crisis sanitaria ha cambiado todo, incluido las festividades religiosas. Este 15 de mayo San Isidro no procesionar\u00e1 por los pueblos abulenses ni los vecinos<\/p>\n<p style=\"text-align: justify\">disfrutar\u00e1n de las actividades organizadas por los agricultores y ayuntamientos, sin embargo, s\u00ed que podr\u00e1n presenciar la misa que se celebra en honor al santo, gracias a la retransmisi\u00f3n en directo de la eucarist\u00eda que se emitir\u00e1 a iniciativa y empe\u00f1o de ASAJA en la televisi\u00f3n provincial.<\/p>\n<figure id=\"attachment_5920\" aria-describedby=\"caption-attachment-5920\" style=\"width: 252px\" class=\"wp-caption alignright\"><img loading=\"lazy\" decoding=\"async\" class=\"size-medium wp-image-5920\" src=\"https:\/\/www.asajacyl.com\/avila\/wp-content\/uploads\/sites\/4\/2020\/05\/San-Isidro-252x300.jpg\" alt=\"\" width=\"252\" height=\"300\" srcset=\"https:\/\/www.asajacyl.com\/avila\/wp-content\/uploads\/sites\/4\/2020\/05\/San-Isidro-252x300.jpg 252w, https:\/\/www.asajacyl.com\/avila\/wp-content\/uploads\/sites\/4\/2020\/05\/San-Isidro-768x915.jpg 768w, https:\/\/www.asajacyl.com\/avila\/wp-content\/uploads\/sites\/4\/2020\/05\/San-Isidro-859x1024.jpg 859w, https:\/\/www.asajacyl.com\/avila\/wp-content\/uploads\/sites\/4\/2020\/05\/San-Isidro-696x829.jpg 696w, https:\/\/www.asajacyl.com\/avila\/wp-content\/uploads\/sites\/4\/2020\/05\/San-Isidro-1068x1273.jpg 1068w, https:\/\/www.asajacyl.com\/avila\/wp-content\/uploads\/sites\/4\/2020\/05\/San-Isidro-352x420.jpg 352w, https:\/\/www.asajacyl.com\/avila\/wp-content\/uploads\/sites\/4\/2020\/05\/San-Isidro-1920x2288.jpg 1920w\" sizes=\"(max-width: 252px) 100vw, 252px\" \/><figcaption id=\"caption-attachment-5920\" class=\"wp-caption-text\">Imagen de San Isidro en las oficinas de ASAJA<\/figcaption><\/figure>\n<p style=\"text-align: justify\">La cita est\u00e1 fijada el <strong>viernes a las 12.00 horas<\/strong> cuando la <strong>Iglesia de San Nicol\u00e1s de \u00c1vila<\/strong> cierre sus puertas para celebrar una eucarist\u00eda sin p\u00fablico pero seguida por sus fieles desde casa a trav\u00e9s de la 8 \u00c1vila Televisi\u00f3n.<\/p>\n<p style=\"text-align: justify\">El escenario cambia, pero el entusiasmo de los agricultores es el mismo de siempre, en un a\u00f1o en que las lluvias han beneficiado a los pastos y a la agricultura de secano que tanto sufri\u00f3 en 2019. Hay mucho que agradecer al santo en una etapa complicada para todos los abulenses, pero en el que la agricultura ha mantenido su lucha y ha demostrado lo necesario que es continuar produciendo y asegurar alimentos a la poblaci\u00f3n.<\/p>\n<p style=\"text-align: justify\">Con esta celebraci\u00f3n, la Junta Directiva y el equipo t\u00e9cnico de ASAJA de \u00c1vila quieren <strong>felicitar el d\u00eda a todos los agricultores y ganaderos<\/strong> y recordarles que siguen estando cerca del campo y de sus trabajadores.<\/p>\n<p style=\"text-align: justify\">Desde ASAJA no se olvidan de que aunque las situaci\u00f3n actual es dif\u00edcil, son los agricultores y ganaderos los que contin\u00faan trabajado d\u00eda a d\u00eda como sector esencial para toda la sociedad y por tanto, todo el equipo de ASAJA se mantiene a su lado, trabajando y atendiendo con la diligencia que caracteriza a sus t\u00e9cnicos a todos los agricultores y ganaderos en todo lo que necesiten, hoy y siempre, porque ASAJA no ha parado su actividad.<\/p>\n<p>&nbsp;<\/p>\n","protected":false},"excerpt":{"rendered":"<p>Este a\u00f1o la festividad de San Isidro Labrador se celebra desde casa, por ello desde ASAJA han querido acercar al patr\u00f3n de los agricultores a todos los abulenses con la retransmisi\u00f3n en directo de una misa en su honor. La crisis sanitaria ha cambiado todo, incluido las festividades religiosas. Este 15 de mayo San Isidro [&hellip;]<\/p>\n","protected":false},"author":6,"featured_media":5922,"comment_status":"open","ping_status":"open","sticky":false,"template":"","format":"standard","meta":{"footnotes":""},"categories":[8,18],"tags":[],"yoast_head":"<!-- This site is optimized with the Yoast SEO plugin v24.5 - https:\/\/yoast.com\/wordpress\/plugins\/seo\/ -->\n<title>ASAJA emite la misa de San Isidro Labrador para todos los abulenses en la 8 de \u00c1vila - ASAJA \u00c1vila<\/title>\n<meta name=\"description\" content=\"Este a\u00f1o la festividad de San Isidro Labrador se celebra desde casa, por ello desde ASAJA han querido acercar al patr\u00f3n de los agricultores a todos los\" \/>\n<meta name=\"robots\" content=\"index, follow, max-snippet:-1, max-image-preview:large, max-video-preview:-1\" \/>\n<link rel=\"canonical\" href=\"https:\/\/www.asajacyl.com\/avila\/asaja-avila-informa\/asaja-emite-la-misa-san-isidro-labrador-todos-los-abulenses-la-8-avila\" \/>\n<meta property=\"og:locale\" content=\"es_ES\" \/>\n<meta property=\"og:type\" content=\"article\" \/>\n<meta property=\"og:title\" content=\"ASAJA emite la misa de San Isidro Labrador para todos los abulenses en la 8 de \u00c1vila - ASAJA \u00c1vila\" \/>\n<meta property=\"og:description\" content=\"Este a\u00f1o la festividad de San Isidro Labrador se celebra desde casa, por ello desde ASAJA han querido acercar al patr\u00f3n de los agricultores a todos los\" \/>\n<meta property=\"og:url\" content=\"https:\/\/www.asajacyl.com\/avila\/asaja-avila-informa\/asaja-emite-la-misa-san-isidro-labrador-todos-los-abulenses-la-8-avila\" \/>\n<meta property=\"og:site_name\" content=\"ASAJA \u00c1vila\" \/>\n<meta property=\"article:published_time\" content=\"2020-05-14T09:11:25+00:00\" \/>\n<meta property=\"article:modified_time\" content=\"2020-05-21T07:08:08+00:00\" \/>\n<meta property=\"og:image\" content=\"https:\/\/www.asajacyl.com\/avila\/wp-content\/uploads\/sites\/4\/2020\/05\/San-Isidro2.jpg\" \/>\n\t<meta property=\"og:image:width\" content=\"2500\" \/>\n\t<meta property=\"og:image:height\" content=\"2232\" \/>\n\t<meta property=\"og:image:type\" content=\"image\/jpeg\" \/>\n<meta name=\"author\" content=\"Joaqu\u00edn\" \/>\n<meta name=\"twitter:card\" content=\"summary_large_image\" \/>\n<meta name=\"twitter:label1\" content=\"Escrito por\" \/>\n\t<meta name=\"twitter:data1\" content=\"Joaqu\u00edn\" \/>\n\t<meta name=\"twitter:label2\" content=\"Tiempo de lectura\" \/>\n\t<meta name=\"twitter:data2\" content=\"2 minutos\" \/>\n<script type=\"application\/ld+json\" class=\"yoast-schema-graph\">{\"@context\":\"https:\/\/schema.org\",\"@graph\":[{\"@type\":\"WebPage\",\"@id\":\"https:\/\/www.asajacyl.com\/avila\/asaja-avila-informa\/asaja-emite-la-misa-san-isidro-labrador-todos-los-abulenses-la-8-avila\",\"url\":\"https:\/\/www.asajacyl.com\/avila\/asaja-avila-informa\/asaja-emite-la-misa-san-isidro-labrador-todos-los-abulenses-la-8-avila\",\"name\":\"ASAJA emite la misa de San Isidro Labrador para todos los abulenses en la 8 de \u00c1vila - ASAJA \u00c1vila\",\"isPartOf\":{\"@id\":\"https:\/\/www.asajacyl.com\/avila\/#website\"},\"primaryImageOfPage\":{\"@id\":\"https:\/\/www.asajacyl.com\/avila\/asaja-avila-informa\/asaja-emite-la-misa-san-isidro-labrador-todos-los-abulenses-la-8-avila#primaryimage\"},\"image\":{\"@id\":\"https:\/\/www.asajacyl.com\/avila\/asaja-avila-informa\/asaja-emite-la-misa-san-isidro-labrador-todos-los-abulenses-la-8-avila#primaryimage\"},\"thumbnailUrl\":\"https:\/\/www.asajacyl.com\/avila\/wp-content\/uploads\/sites\/4\/2020\/05\/San-Isidro2.jpg\",\"datePublished\":\"2020-05-14T09:11:25+00:00\",\"dateModified\":\"2020-05-21T07:08:08+00:00\",\"author\":{\"@id\":\"https:\/\/www.asajacyl.com\/avila\/#\/schema\/person\/daf3c5c7d3afd005798ec283b78826ed\"},\"description\":\"Este a\u00f1o la festividad de San Isidro Labrador se celebra desde casa, por ello desde ASAJA han querido acercar al patr\u00f3n de los agricultores a todos los\",\"breadcrumb\":{\"@id\":\"https:\/\/www.asajacyl.com\/avila\/asaja-avila-informa\/asaja-emite-la-misa-san-isidro-labrador-todos-los-abulenses-la-8-avila#breadcrumb\"},\"inLanguage\":\"es\",\"potentialAction\":[{\"@type\":\"ReadAction\",\"target\":[\"https:\/\/www.asajacyl.com\/avila\/asaja-avila-informa\/asaja-emite-la-misa-san-isidro-labrador-todos-los-abulenses-la-8-avila\"]}]},{\"@type\":\"ImageObject\",\"inLanguage\":\"es\",\"@id\":\"https:\/\/www.asajacyl.com\/avila\/asaja-avila-informa\/asaja-emite-la-misa-san-isidro-labrador-todos-los-abulenses-la-8-avila#primaryimage\",\"url\":\"https:\/\/www.asajacyl.com\/avila\/wp-content\/uploads\/sites\/4\/2020\/05\/San-Isidro2.jpg\",\"contentUrl\":\"https:\/\/www.asajacyl.com\/avila\/wp-content\/uploads\/sites\/4\/2020\/05\/San-Isidro2.jpg\",\"width\":2500,\"height\":2232,\"caption\":\"dav\"},{\"@type\":\"BreadcrumbList\",\"@id\":\"https:\/\/www.asajacyl.com\/avila\/asaja-avila-informa\/asaja-emite-la-misa-san-isidro-labrador-todos-los-abulenses-la-8-avila#breadcrumb\",\"itemListElement\":[{\"@type\":\"ListItem\",\"position\":1,\"name\":\"Portada\",\"item\":\"https:\/\/www.asajacyl.com\/avila\/\"},{\"@type\":\"ListItem\",\"position\":2,\"name\":\"ASAJA emite la misa de San Isidro Labrador para todos los abulenses en la 8 de \u00c1vila\"}]},{\"@type\":\"WebSite\",\"@id\":\"https:\/\/www.asajacyl.com\/avila\/#website\",\"url\":\"https:\/\/www.asajacyl.com\/avila\/\",\"name\":\"ASAJA \u00c1vila\",\"description\":\"Otro sitio m\u00e1s de Provincias ASAJA Castilla y Le\u00f3n\",\"potentialAction\":[{\"@type\":\"SearchAction\",\"target\":{\"@type\":\"EntryPoint\",\"urlTemplate\":\"https:\/\/www.asajacyl.com\/avila\/?s={search_term_string}\"},\"query-input\":{\"@type\":\"PropertyValueSpecification\",\"valueRequired\":true,\"valueName\":\"search_term_string\"}}],\"inLanguage\":\"es\"},{\"@type\":\"Person\",\"@id\":\"https:\/\/www.asajacyl.com\/avila\/#\/schema\/person\/daf3c5c7d3afd005798ec283b78826ed\",\"name\":\"Joaqu\u00edn\",\"image\":{\"@type\":\"ImageObject\",\"inLanguage\":\"es\",\"@id\":\"https:\/\/www.asajacyl.com\/avila\/#\/schema\/person\/image\/\",\"url\":\"https:\/\/secure.gravatar.com\/avatar\/8a87f10166ff5a8a3b0c21a125bc069d?s=96&d=mm&r=g\",\"contentUrl\":\"https:\/\/secure.gravatar.com\/avatar\/8a87f10166ff5a8a3b0c21a125bc069d?s=96&d=mm&r=g\",\"caption\":\"Joaqu\u00edn\"},\"url\":\"https:\/\/www.asajacyl.com\/avila\/author\/joaquinap\"}]}<\/script>\n<!-- \/ Yoast SEO plugin. -->","yoast_head_json":{"title":"ASAJA emite la misa de San Isidro Labrador para todos los abulenses en la 8 de \u00c1vila - ASAJA \u00c1vila","description":"Este a\u00f1o la festividad de San Isidro Labrador se celebra desde casa, por ello desde ASAJA han querido acercar al patr\u00f3n de los agricultores a todos los","robots":{"index":"index","follow":"follow","max-snippet":"max-snippet:-1","max-image-preview":"max-image-preview:large","max-video-preview":"max-video-preview:-1"},"canonical":"https:\/\/www.asajacyl.com\/avila\/asaja-avila-informa\/asaja-emite-la-misa-san-isidro-labrador-todos-los-abulenses-la-8-avila","og_locale":"es_ES","og_type":"article","og_title":"ASAJA emite la misa de San Isidro Labrador para todos los abulenses en la 8 de \u00c1vila - ASAJA \u00c1vila","og_description":"Este a\u00f1o la festividad de San Isidro Labrador se celebra desde casa, por ello desde ASAJA han querido acercar al patr\u00f3n de los agricultores a todos los","og_url":"https:\/\/www.asajacyl.com\/avila\/asaja-avila-informa\/asaja-emite-la-misa-san-isidro-labrador-todos-los-abulenses-la-8-avila","og_site_name":"ASAJA \u00c1vila","article_published_time":"2020-05-14T09:11:25+00:00","article_modified_time":"2020-05-21T07:08:08+00:00","og_image":[{"width":2500,"height":2232,"url":"https:\/\/www.asajacyl.com\/avila\/wp-content\/uploads\/sites\/4\/2020\/05\/San-Isidro2.jpg","type":"image\/jpeg"}],"author":"Joaqu\u00edn","twitter_card":"summary_large_image","twitter_misc":{"Escrito por":"Joaqu\u00edn","Tiempo de lectura":"2 minutos"},"schema":{"@context":"https:\/\/schema.org","@graph":[{"@type":"WebPage","@id":"https:\/\/www.asajacyl.com\/avila\/asaja-avila-informa\/asaja-emite-la-misa-san-isidro-labrador-todos-los-abulenses-la-8-avila","url":"https:\/\/www.asajacyl.com\/avila\/asaja-avila-informa\/asaja-emite-la-misa-san-isidro-labrador-todos-los-abulenses-la-8-avila","name":"ASAJA emite la misa de San Isidro Labrador para todos los abulenses en la 8 de \u00c1vila - ASAJA \u00c1vila","isPartOf":{"@id":"https:\/\/www.asajacyl.com\/avila\/#website"},"primaryImageOfPage":{"@id":"https:\/\/www.asajacyl.com\/avila\/asaja-avila-informa\/asaja-emite-la-misa-san-isidro-labrador-todos-los-abulenses-la-8-avila#primaryimage"},"image":{"@id":"https:\/\/www.asajacyl.com\/avila\/asaja-avila-informa\/asaja-emite-la-misa-san-isidro-labrador-todos-los-abulenses-la-8-avila#primaryimage"},"thumbnailUrl":"https:\/\/www.asajacyl.com\/avila\/wp-content\/uploads\/sites\/4\/2020\/05\/San-Isidro2.jpg","datePublished":"2020-05-14T09:11:25+00:00","dateModified":"2020-05-21T07:08:08+00:00","author":{"@id":"https:\/\/www.asajacyl.com\/avila\/#\/schema\/person\/daf3c5c7d3afd005798ec283b78826ed"},"description":"Este a\u00f1o la festividad de San Isidro Labrador se celebra desde casa, por ello desde ASAJA han querido acercar al patr\u00f3n de los agricultores a todos los","breadcrumb":{"@id":"https:\/\/www.asajacyl.com\/avila\/asaja-avila-informa\/asaja-emite-la-misa-san-isidro-labrador-todos-los-abulenses-la-8-avila#breadcrumb"},"inLanguage":"es","potentialAction":[{"@type":"ReadAction","target":["https:\/\/www.asajacyl.com\/avila\/asaja-avila-informa\/asaja-emite-la-misa-san-isidro-labrador-todos-los-abulenses-la-8-avila"]}]},{"@type":"ImageObject","inLanguage":"es","@id":"https:\/\/www.asajacyl.com\/avila\/asaja-avila-informa\/asaja-emite-la-misa-san-isidro-labrador-todos-los-abulenses-la-8-avila#primaryimage","url":"https:\/\/www.asajacyl.com\/avila\/wp-content\/uploads\/sites\/4\/2020\/05\/San-Isidro2.jpg","contentUrl":"https:\/\/www.asajacyl.com\/avila\/wp-content\/uploads\/sites\/4\/2020\/05\/San-Isidro2.jpg","width":2500,"height":2232,"caption":"dav"},{"@type":"BreadcrumbList","@id":"https:\/\/www.asajacyl.com\/avila\/asaja-avila-informa\/asaja-emite-la-misa-san-isidro-labrador-todos-los-abulenses-la-8-avila#breadcrumb","itemListElement":[{"@type":"ListItem","position":1,"name":"Portada","item":"https:\/\/www.asajacyl.com\/avila\/"},{"@type":"ListItem","position":2,"name":"ASAJA emite la misa de San Isidro Labrador para todos los abulenses en la 8 de \u00c1vila"}]},{"@type":"WebSite","@id":"https:\/\/www.asajacyl.com\/avila\/#website","url":"https:\/\/www.asajacyl.com\/avila\/","name":"ASAJA \u00c1vila","description":"Otro sitio m\u00e1s de Provincias ASAJA Castilla y Le\u00f3n","potentialAction":[{"@type":"SearchAction","target":{"@type":"EntryPoint","urlTemplate":"https:\/\/www.asajacyl.com\/avila\/?s={search_term_string}"},"query-input":{"@type":"PropertyValueSpecification","valueRequired":true,"valueName":"search_term_string"}}],"inLanguage":"es"},{"@type":"Person","@id":"https:\/\/www.asajacyl.com\/avila\/#\/schema\/person\/daf3c5c7d3afd005798ec283b78826ed","name":"Joaqu\u00edn","image":{"@type":"ImageObject","inLanguage":"es","@id":"https:\/\/www.asajacyl.com\/avila\/#\/schema\/person\/image\/","url":"https:\/\/secure.gravatar.com\/avatar\/8a87f10166ff5a8a3b0c21a125bc069d?s=96&d=mm&r=g","contentUrl":"https:\/\/secure.gravatar.com\/avatar\/8a87f10166ff5a8a3b0c21a125bc069d?s=96&d=mm&r=g","caption":"Joaqu\u00edn"},"url":"https:\/\/www.asajacyl.com\/avila\/author\/joaquinap"}]}},"_links":{"self":[{"href":"https:\/\/www.asajacyl.com\/avila\/wp-json\/wp\/v2\/posts\/5919"}],"collection":[{"href":"https:\/\/www.asajacyl.com\/avila\/wp-json\/wp\/v2\/posts"}],"about":[{"href":"https:\/\/www.asajacyl.com\/avila\/wp-json\/wp\/v2\/types\/post"}],"author":[{"embeddable":true,"href":"https:\/\/www.asajacyl.com\/avila\/wp-json\/wp\/v2\/users\/6"}],"replies":[{"embeddable":true,"href":"https:\/\/www.asajacyl.com\/avila\/wp-json\/wp\/v2\/comments?post=5919"}],"version-history":[{"count":6,"href":"https:\/\/www.asajacyl.com\/avila\/wp-json\/wp\/v2\/posts\/5919\/revisions"}],"predecessor-version":[{"id":5928,"href":"https:\/\/www.asajacyl.com\/avila\/wp-json\/wp\/v2\/posts\/5919\/revisions\/5928"}],"wp:featuredmedia":[{"embeddable":true,"href":"https:\/\/www.asajacyl.com\/avila\/wp-json\/wp\/v2\/media\/5922"}],"wp:attachment":[{"href":"https:\/\/www.asajacyl.com\/avila\/wp-json\/wp\/v2\/media?parent=5919"}],"wp:term":[{"taxonomy":"category","embeddable":true,"href":"https:\/\/www.asajacyl.com\/avila\/wp-json\/wp\/v2\/categories?post=5919"},{"taxonomy":"post_tag","embeddable":true,"href":"https:\/\/www.asajacyl.com\/avila\/wp-json\/wp\/v2\/tags?post=5919"}],"curies":[{"name":"wp","href":"https:\/\/api.w.org\/{rel}","templated":true}]}}