{"id":5948,"date":"2020-05-20T08:29:36","date_gmt":"2020-05-20T06:29:36","guid":{"rendered":"https:\/\/www.asajacyl.com\/avila\/?p=5948"},"modified":"2020-05-20T08:29:36","modified_gmt":"2020-05-20T06:29:36","slug":"ayudas-al-fomento-la-cria-e-inscripcion-razas-puras-castilla-leon","status":"publish","type":"post","link":"https:\/\/www.asajacyl.com\/avila\/servicios-socio\/ayudas-al-fomento-la-cria-e-inscripcion-razas-puras-castilla-leon","title":{"rendered":"Ayudas al fomento de la cr\u00eda e inscripci\u00f3n de razas puras de Castilla y Le\u00f3n"},"content":{"rendered":"<p><strong>Hasta el 19 de junio pueden solicitarse las ayudas destinadas al fomento de la cr\u00eda e inscripci\u00f3n de ejemplares de razas puras de Castilla y Le\u00f3n en los libros geneal\u00f3gicos.<\/strong><\/p>\n<p>En el bolet\u00edn oficial de CyL de hoy aparece la convocatoria de la Consejer\u00eda de Agricultura, Ganader\u00eda y Desarrollo Rural para optar a estas ayudas.<\/p>\n<p style=\"text-align: justify\">Beneficiarios<\/p>\n<p style=\"text-align: justify\">Las personas f\u00edsicas o jur\u00eddicas, las comunidades de bienes y sociedades civiles, que sean titulares de explotaciones ganaderas dedicadas a la cr\u00eda de las razas aut\u00f3ctonas de Castilla y Le\u00f3n y cumplan los requisitos especificados en la normativa.<\/p>\n<p>Finalidad<\/p>\n<p style=\"text-align: justify\">Conseguir el incremento de los censos ganaderos de las razas aut\u00f3ctonas de Castilla y Le\u00f3n, ampliar la distribuci\u00f3n geogr\u00e1fica de los efectivos ganaderos de esas razas a nuevas explotaciones e incrementar la mejora gen\u00e9tica de nuestra caba\u00f1a ganadera.<\/p>\n<p>El presupuesto para esta convocatoria es de 1.000.000 euros.<\/p>\n<p>El plazo de presentaci\u00f3n de solicitudes va del 20 de mayo al 19 de junio de 2020.<\/p>\n<p style=\"text-align: center\">Inf\u00f3rmate en las oficinas de ASAJA<\/p>\n<p><a href=\"http:\/\/bocyl.jcyl.es\/boletines\/2020\/05\/19\/pdf\/BOCYL-D-19052020-3.pdf\">Enlace BOCYL<\/a><\/p>\n","protected":false},"excerpt":{"rendered":"<p>Hasta el 19 de junio pueden solicitarse las ayudas destinadas al fomento de la cr\u00eda e inscripci\u00f3n de ejemplares de razas puras de Castilla y Le\u00f3n en los libros geneal\u00f3gicos. En el bolet\u00edn oficial de CyL de hoy aparece la convocatoria de la Consejer\u00eda de Agricultura, Ganader\u00eda y Desarrollo Rural para optar a estas ayudas. [&hellip;]<\/p>\n","protected":false},"author":6,"featured_media":794,"comment_status":"open","ping_status":"open","sticky":false,"template":"","format":"standard","meta":{"footnotes":""},"categories":[49,26,9],"tags":[],"yoast_head":"<!-- This site is optimized with the Yoast SEO plugin v24.5 - https:\/\/yoast.com\/wordpress\/plugins\/seo\/ -->\n<title>Ayudas al fomento de la cr\u00eda e inscripci\u00f3n de razas puras de Castilla y Le\u00f3n - ASAJA \u00c1vila<\/title>\n<meta name=\"description\" content=\"Hasta el 19 de junio pueden solicitarse las ayudas destinadas al fomento de la cr\u00eda e inscripci\u00f3n de ejemplares de razas puras de Castilla y Le\u00f3n en los\" \/>\n<meta name=\"robots\" content=\"index, follow, max-snippet:-1, max-image-preview:large, max-video-preview:-1\" \/>\n<link rel=\"canonical\" href=\"https:\/\/www.asajacyl.com\/avila\/servicios-socio\/ayudas-al-fomento-la-cria-e-inscripcion-razas-puras-castilla-leon\" \/>\n<meta property=\"og:locale\" content=\"es_ES\" \/>\n<meta property=\"og:type\" content=\"article\" \/>\n<meta property=\"og:title\" content=\"Ayudas al fomento de la cr\u00eda e inscripci\u00f3n de razas puras de Castilla y Le\u00f3n - ASAJA \u00c1vila\" \/>\n<meta property=\"og:description\" content=\"Hasta el 19 de junio pueden solicitarse las ayudas destinadas al fomento de la cr\u00eda e inscripci\u00f3n de ejemplares de razas puras de Castilla y Le\u00f3n en los\" \/>\n<meta property=\"og:url\" content=\"https:\/\/www.asajacyl.com\/avila\/servicios-socio\/ayudas-al-fomento-la-cria-e-inscripcion-razas-puras-castilla-leon\" \/>\n<meta property=\"og:site_name\" content=\"ASAJA \u00c1vila\" \/>\n<meta property=\"article:published_time\" content=\"2020-05-20T06:29:36+00:00\" \/>\n<meta property=\"og:image\" content=\"https:\/\/www.asajacyl.com\/avila\/wp-content\/uploads\/sites\/4\/2017\/11\/im_predefinida_1920x1080.jpg\" \/>\n\t<meta property=\"og:image:width\" content=\"1920\" \/>\n\t<meta property=\"og:image:height\" content=\"1080\" \/>\n\t<meta property=\"og:image:type\" content=\"image\/jpeg\" \/>\n<meta name=\"author\" content=\"Joaqu\u00edn\" \/>\n<meta name=\"twitter:card\" content=\"summary_large_image\" \/>\n<meta name=\"twitter:label1\" content=\"Escrito por\" \/>\n\t<meta name=\"twitter:data1\" content=\"Joaqu\u00edn\" \/>\n\t<meta name=\"twitter:label2\" content=\"Tiempo de lectura\" \/>\n\t<meta name=\"twitter:data2\" content=\"1 minuto\" \/>\n<script type=\"application\/ld+json\" class=\"yoast-schema-graph\">{\"@context\":\"https:\/\/schema.org\",\"@graph\":[{\"@type\":\"WebPage\",\"@id\":\"https:\/\/www.asajacyl.com\/avila\/servicios-socio\/ayudas-al-fomento-la-cria-e-inscripcion-razas-puras-castilla-leon\",\"url\":\"https:\/\/www.asajacyl.com\/avila\/servicios-socio\/ayudas-al-fomento-la-cria-e-inscripcion-razas-puras-castilla-leon\",\"name\":\"Ayudas al fomento de la cr\u00eda e inscripci\u00f3n de razas puras de Castilla y Le\u00f3n - ASAJA \u00c1vila\",\"isPartOf\":{\"@id\":\"https:\/\/www.asajacyl.com\/avila\/#website\"},\"primaryImageOfPage\":{\"@id\":\"https:\/\/www.asajacyl.com\/avila\/servicios-socio\/ayudas-al-fomento-la-cria-e-inscripcion-razas-puras-castilla-leon#primaryimage\"},\"image\":{\"@id\":\"https:\/\/www.asajacyl.com\/avila\/servicios-socio\/ayudas-al-fomento-la-cria-e-inscripcion-razas-puras-castilla-leon#primaryimage\"},\"thumbnailUrl\":\"https:\/\/www.asajacyl.com\/avila\/wp-content\/uploads\/sites\/4\/2017\/11\/im_predefinida_1920x1080.jpg\",\"datePublished\":\"2020-05-20T06:29:36+00:00\",\"author\":{\"@id\":\"https:\/\/www.asajacyl.com\/avila\/#\/schema\/person\/daf3c5c7d3afd005798ec283b78826ed\"},\"description\":\"Hasta el 19 de junio pueden solicitarse las ayudas destinadas al fomento de la cr\u00eda e inscripci\u00f3n de ejemplares de razas puras de Castilla y Le\u00f3n en los\",\"breadcrumb\":{\"@id\":\"https:\/\/www.asajacyl.com\/avila\/servicios-socio\/ayudas-al-fomento-la-cria-e-inscripcion-razas-puras-castilla-leon#breadcrumb\"},\"inLanguage\":\"es\",\"potentialAction\":[{\"@type\":\"ReadAction\",\"target\":[\"https:\/\/www.asajacyl.com\/avila\/servicios-socio\/ayudas-al-fomento-la-cria-e-inscripcion-razas-puras-castilla-leon\"]}]},{\"@type\":\"ImageObject\",\"inLanguage\":\"es\",\"@id\":\"https:\/\/www.asajacyl.com\/avila\/servicios-socio\/ayudas-al-fomento-la-cria-e-inscripcion-razas-puras-castilla-leon#primaryimage\",\"url\":\"https:\/\/www.asajacyl.com\/avila\/wp-content\/uploads\/sites\/4\/2017\/11\/im_predefinida_1920x1080.jpg\",\"contentUrl\":\"https:\/\/www.asajacyl.com\/avila\/wp-content\/uploads\/sites\/4\/2017\/11\/im_predefinida_1920x1080.jpg\",\"width\":1920,\"height\":1080,\"caption\":\"Logotipo ASAJA \u00c1vila\"},{\"@type\":\"BreadcrumbList\",\"@id\":\"https:\/\/www.asajacyl.com\/avila\/servicios-socio\/ayudas-al-fomento-la-cria-e-inscripcion-razas-puras-castilla-leon#breadcrumb\",\"itemListElement\":[{\"@type\":\"ListItem\",\"position\":1,\"name\":\"Portada\",\"item\":\"https:\/\/www.asajacyl.com\/avila\/\"},{\"@type\":\"ListItem\",\"position\":2,\"name\":\"Ayudas al fomento de la cr\u00eda e inscripci\u00f3n de razas puras de Castilla y Le\u00f3n\"}]},{\"@type\":\"WebSite\",\"@id\":\"https:\/\/www.asajacyl.com\/avila\/#website\",\"url\":\"https:\/\/www.asajacyl.com\/avila\/\",\"name\":\"ASAJA \u00c1vila\",\"description\":\"Otro sitio m\u00e1s de Provincias ASAJA Castilla y Le\u00f3n\",\"potentialAction\":[{\"@type\":\"SearchAction\",\"target\":{\"@type\":\"EntryPoint\",\"urlTemplate\":\"https:\/\/www.asajacyl.com\/avila\/?s={search_term_string}\"},\"query-input\":{\"@type\":\"PropertyValueSpecification\",\"valueRequired\":true,\"valueName\":\"search_term_string\"}}],\"inLanguage\":\"es\"},{\"@type\":\"Person\",\"@id\":\"https:\/\/www.asajacyl.com\/avila\/#\/schema\/person\/daf3c5c7d3afd005798ec283b78826ed\",\"name\":\"Joaqu\u00edn\",\"image\":{\"@type\":\"ImageObject\",\"inLanguage\":\"es\",\"@id\":\"https:\/\/www.asajacyl.com\/avila\/#\/schema\/person\/image\/\",\"url\":\"https:\/\/secure.gravatar.com\/avatar\/8a87f10166ff5a8a3b0c21a125bc069d?s=96&d=mm&r=g\",\"contentUrl\":\"https:\/\/secure.gravatar.com\/avatar\/8a87f10166ff5a8a3b0c21a125bc069d?s=96&d=mm&r=g\",\"caption\":\"Joaqu\u00edn\"},\"url\":\"https:\/\/www.asajacyl.com\/avila\/author\/joaquinap\"}]}<\/script>\n<!-- \/ Yoast SEO plugin. -->","yoast_head_json":{"title":"Ayudas al fomento de la cr\u00eda e inscripci\u00f3n de razas puras de Castilla y Le\u00f3n - ASAJA \u00c1vila","description":"Hasta el 19 de junio pueden solicitarse las ayudas destinadas al fomento de la cr\u00eda e inscripci\u00f3n de ejemplares de razas puras de Castilla y Le\u00f3n en los","robots":{"index":"index","follow":"follow","max-snippet":"max-snippet:-1","max-image-preview":"max-image-preview:large","max-video-preview":"max-video-preview:-1"},"canonical":"https:\/\/www.asajacyl.com\/avila\/servicios-socio\/ayudas-al-fomento-la-cria-e-inscripcion-razas-puras-castilla-leon","og_locale":"es_ES","og_type":"article","og_title":"Ayudas al fomento de la cr\u00eda e inscripci\u00f3n de razas puras de Castilla y Le\u00f3n - ASAJA \u00c1vila","og_description":"Hasta el 19 de junio pueden solicitarse las ayudas destinadas al fomento de la cr\u00eda e inscripci\u00f3n de ejemplares de razas puras de Castilla y Le\u00f3n en los","og_url":"https:\/\/www.asajacyl.com\/avila\/servicios-socio\/ayudas-al-fomento-la-cria-e-inscripcion-razas-puras-castilla-leon","og_site_name":"ASAJA \u00c1vila","article_published_time":"2020-05-20T06:29:36+00:00","og_image":[{"width":1920,"height":1080,"url":"https:\/\/www.asajacyl.com\/avila\/wp-content\/uploads\/sites\/4\/2017\/11\/im_predefinida_1920x1080.jpg","type":"image\/jpeg"}],"author":"Joaqu\u00edn","twitter_card":"summary_large_image","twitter_misc":{"Escrito por":"Joaqu\u00edn","Tiempo de lectura":"1 minuto"},"schema":{"@context":"https:\/\/schema.org","@graph":[{"@type":"WebPage","@id":"https:\/\/www.asajacyl.com\/avila\/servicios-socio\/ayudas-al-fomento-la-cria-e-inscripcion-razas-puras-castilla-leon","url":"https:\/\/www.asajacyl.com\/avila\/servicios-socio\/ayudas-al-fomento-la-cria-e-inscripcion-razas-puras-castilla-leon","name":"Ayudas al fomento de la cr\u00eda e inscripci\u00f3n de razas puras de Castilla y Le\u00f3n - ASAJA \u00c1vila","isPartOf":{"@id":"https:\/\/www.asajacyl.com\/avila\/#website"},"primaryImageOfPage":{"@id":"https:\/\/www.asajacyl.com\/avila\/servicios-socio\/ayudas-al-fomento-la-cria-e-inscripcion-razas-puras-castilla-leon#primaryimage"},"image":{"@id":"https:\/\/www.asajacyl.com\/avila\/servicios-socio\/ayudas-al-fomento-la-cria-e-inscripcion-razas-puras-castilla-leon#primaryimage"},"thumbnailUrl":"https:\/\/www.asajacyl.com\/avila\/wp-content\/uploads\/sites\/4\/2017\/11\/im_predefinida_1920x1080.jpg","datePublished":"2020-05-20T06:29:36+00:00","author":{"@id":"https:\/\/www.asajacyl.com\/avila\/#\/schema\/person\/daf3c5c7d3afd005798ec283b78826ed"},"description":"Hasta el 19 de junio pueden solicitarse las ayudas destinadas al fomento de la cr\u00eda e inscripci\u00f3n de ejemplares de razas puras de Castilla y Le\u00f3n en los","breadcrumb":{"@id":"https:\/\/www.asajacyl.com\/avila\/servicios-socio\/ayudas-al-fomento-la-cria-e-inscripcion-razas-puras-castilla-leon#breadcrumb"},"inLanguage":"es","potentialAction":[{"@type":"ReadAction","target":["https:\/\/www.asajacyl.com\/avila\/servicios-socio\/ayudas-al-fomento-la-cria-e-inscripcion-razas-puras-castilla-leon"]}]},{"@type":"ImageObject","inLanguage":"es","@id":"https:\/\/www.asajacyl.com\/avila\/servicios-socio\/ayudas-al-fomento-la-cria-e-inscripcion-razas-puras-castilla-leon#primaryimage","url":"https:\/\/www.asajacyl.com\/avila\/wp-content\/uploads\/sites\/4\/2017\/11\/im_predefinida_1920x1080.jpg","contentUrl":"https:\/\/www.asajacyl.com\/avila\/wp-content\/uploads\/sites\/4\/2017\/11\/im_predefinida_1920x1080.jpg","width":1920,"height":1080,"caption":"Logotipo ASAJA \u00c1vila"},{"@type":"BreadcrumbList","@id":"https:\/\/www.asajacyl.com\/avila\/servicios-socio\/ayudas-al-fomento-la-cria-e-inscripcion-razas-puras-castilla-leon#breadcrumb","itemListElement":[{"@type":"ListItem","position":1,"name":"Portada","item":"https:\/\/www.asajacyl.com\/avila\/"},{"@type":"ListItem","position":2,"name":"Ayudas al fomento de la cr\u00eda e inscripci\u00f3n de razas puras de Castilla y Le\u00f3n"}]},{"@type":"WebSite","@id":"https:\/\/www.asajacyl.com\/avila\/#website","url":"https:\/\/www.asajacyl.com\/avila\/","name":"ASAJA \u00c1vila","description":"Otro sitio m\u00e1s de Provincias ASAJA Castilla y Le\u00f3n","potentialAction":[{"@type":"SearchAction","target":{"@type":"EntryPoint","urlTemplate":"https:\/\/www.asajacyl.com\/avila\/?s={search_term_string}"},"query-input":{"@type":"PropertyValueSpecification","valueRequired":true,"valueName":"search_term_string"}}],"inLanguage":"es"},{"@type":"Person","@id":"https:\/\/www.asajacyl.com\/avila\/#\/schema\/person\/daf3c5c7d3afd005798ec283b78826ed","name":"Joaqu\u00edn","image":{"@type":"ImageObject","inLanguage":"es","@id":"https:\/\/www.asajacyl.com\/avila\/#\/schema\/person\/image\/","url":"https:\/\/secure.gravatar.com\/avatar\/8a87f10166ff5a8a3b0c21a125bc069d?s=96&d=mm&r=g","contentUrl":"https:\/\/secure.gravatar.com\/avatar\/8a87f10166ff5a8a3b0c21a125bc069d?s=96&d=mm&r=g","caption":"Joaqu\u00edn"},"url":"https:\/\/www.asajacyl.com\/avila\/author\/joaquinap"}]}},"_links":{"self":[{"href":"https:\/\/www.asajacyl.com\/avila\/wp-json\/wp\/v2\/posts\/5948"}],"collection":[{"href":"https:\/\/www.asajacyl.com\/avila\/wp-json\/wp\/v2\/posts"}],"about":[{"href":"https:\/\/www.asajacyl.com\/avila\/wp-json\/wp\/v2\/types\/post"}],"author":[{"embeddable":true,"href":"https:\/\/www.asajacyl.com\/avila\/wp-json\/wp\/v2\/users\/6"}],"replies":[{"embeddable":true,"href":"https:\/\/www.asajacyl.com\/avila\/wp-json\/wp\/v2\/comments?post=5948"}],"version-history":[{"count":2,"href":"https:\/\/www.asajacyl.com\/avila\/wp-json\/wp\/v2\/posts\/5948\/revisions"}],"predecessor-version":[{"id":5950,"href":"https:\/\/www.asajacyl.com\/avila\/wp-json\/wp\/v2\/posts\/5948\/revisions\/5950"}],"wp:featuredmedia":[{"embeddable":true,"href":"https:\/\/www.asajacyl.com\/avila\/wp-json\/wp\/v2\/media\/794"}],"wp:attachment":[{"href":"https:\/\/www.asajacyl.com\/avila\/wp-json\/wp\/v2\/media?parent=5948"}],"wp:term":[{"taxonomy":"category","embeddable":true,"href":"https:\/\/www.asajacyl.com\/avila\/wp-json\/wp\/v2\/categories?post=5948"},{"taxonomy":"post_tag","embeddable":true,"href":"https:\/\/www.asajacyl.com\/avila\/wp-json\/wp\/v2\/tags?post=5948"}],"curies":[{"name":"wp","href":"https:\/\/api.w.org\/{rel}","templated":true}]}}