{"id":6067,"date":"2020-07-01T13:07:47","date_gmt":"2020-07-01T11:07:47","guid":{"rendered":"https:\/\/www.asajacyl.com\/avila\/?p=6067"},"modified":"2020-08-17T13:12:46","modified_gmt":"2020-08-17T11:12:46","slug":"nos-meten-mano-en-la-cartera","status":"publish","type":"post","link":"https:\/\/www.asajacyl.com\/avila\/asaja-avila-informa\/nos-meten-mano-en-la-cartera","title":{"rendered":"Nos meten mano en la cartera"},"content":{"rendered":"\n<p>A comienzo de a\u00f1os nos manifest\u00e1bamos y moviliz\u00e1bamos por todo el territorio espa\u00f1ol pidiendo unos precios justos. Han pasado ya unos meses y hemos atravesado entre medias una tremenda pandemia, hemos asegurado el suministro de alimentos en todos los hogares, la sociedad ha visto la importancia del sector agrario, pero se sigue despreciando nuestro trabajo: nuestros productos no tienen precio.<\/p>\n\n\n\n<p>Mientras el importe desembolsado en la cesta de la compra no ha dejado de crecer, nosotros los agricultores y ganaderos cada vez percibimos menos por lo que producimos. Comenz\u00f3 con el precio por los suelos de cochinillos, corderos y cabritos, continu\u00f3 con la leche de cabra y oveja, el porcino ib\u00e9rico, las partes nobles del vacuno, y al que no han escapado el sector de la flor cortada o el toro de lidia.<\/p>\n\n\n\n<p>Y ahora le llega al sector del cereal. En los casos que he citado antes se ha debido a una bajada del consumo ante la situaci\u00f3n ocasionada por el Covid-19, la disminuci\u00f3n de las exportaciones y el cierre de la restauraci\u00f3n. Pero en el caso de los cereales, \u00bfqu\u00e9 est\u00e1 pasando? Pues es muy sencillo, que los intermediarios y multinacionales se han puesto de acuerdo para bajar injustificadamente los precios con el benepl\u00e1cito de nuestra casta pol\u00edtica que mira hacia otro lado mientras los especuladores hacen \u201cel agosto\u201d a costa del sacrificio de los agricultores. Unos a\u00f1os por las adversidades clim\u00e1ticas, otros porque tiran los precios de nuestros productos, siempre perdemos los mismos. De una manera o de otra siempre se aprovechan siempre del bolsillo del consumidor y del sudor y la cartera del productor. Una situaci\u00f3n que est\u00e1 llevando al envejecimiento y la despoblaci\u00f3n de nuestros pueblos. Y ello mientras nuestra clase pol\u00edtica est\u00e1 preocupada del que hay de lo m\u00edo y no del inter\u00e9s general de los consumidores y agricultores. No s\u00e9 si tenemos lo que nos merecemos, pero lo cierto es que es lo que tenemos desde hace muchos a\u00f1os, y sin visos de cambiar.<\/p>\n","protected":false},"excerpt":{"rendered":"<p>A comienzo de a\u00f1os nos manifest\u00e1bamos y moviliz\u00e1bamos por todo el territorio espa\u00f1ol pidiendo unos precios justos. Han pasado ya unos meses y hemos atravesado entre medias una tremenda pandemia, hemos asegurado el suministro de alimentos en todos los hogares, la sociedad ha visto la importancia del sector agrario, pero se sigue despreciando nuestro trabajo: [&hellip;]<\/p>\n","protected":false},"author":6,"featured_media":5221,"comment_status":"open","ping_status":"open","sticky":false,"template":"","format":"standard","meta":{"footnotes":""},"categories":[8,19],"tags":[],"yoast_head":"<!-- This site is optimized with the Yoast SEO plugin v24.5 - https:\/\/yoast.com\/wordpress\/plugins\/seo\/ -->\n<title>Nos meten mano en la cartera - ASAJA \u00c1vila<\/title>\n<meta name=\"description\" content=\"A comienzo de a\u00f1os nos manifest\u00e1bamos y moviliz\u00e1bamos por todo el territorio espa\u00f1ol pidiendo unos precios justos. Han pasado ya unos meses y hemos\" \/>\n<meta name=\"robots\" content=\"index, follow, max-snippet:-1, max-image-preview:large, max-video-preview:-1\" \/>\n<link rel=\"canonical\" href=\"https:\/\/www.asajacyl.com\/avila\/asaja-avila-informa\/nos-meten-mano-en-la-cartera\" \/>\n<meta property=\"og:locale\" content=\"es_ES\" \/>\n<meta property=\"og:type\" content=\"article\" \/>\n<meta property=\"og:title\" content=\"Nos meten mano en la cartera - ASAJA \u00c1vila\" \/>\n<meta property=\"og:description\" content=\"A comienzo de a\u00f1os nos manifest\u00e1bamos y moviliz\u00e1bamos por todo el territorio espa\u00f1ol pidiendo unos precios justos. Han pasado ya unos meses y hemos\" \/>\n<meta property=\"og:url\" content=\"https:\/\/www.asajacyl.com\/avila\/asaja-avila-informa\/nos-meten-mano-en-la-cartera\" \/>\n<meta property=\"og:site_name\" content=\"ASAJA \u00c1vila\" \/>\n<meta property=\"article:published_time\" content=\"2020-07-01T11:07:47+00:00\" \/>\n<meta property=\"article:modified_time\" content=\"2020-08-17T11:12:46+00:00\" \/>\n<meta property=\"og:image\" content=\"https:\/\/www.asajacyl.com\/avila\/wp-content\/uploads\/sites\/4\/2019\/08\/FOTO-RUEDA-DE-PRENSA-22-DE-AGOSTO-DE-2019-5.jpg\" \/>\n\t<meta property=\"og:image:width\" content=\"2500\" \/>\n\t<meta property=\"og:image:height\" content=\"1875\" \/>\n\t<meta property=\"og:image:type\" content=\"image\/jpeg\" \/>\n<meta name=\"author\" content=\"Joaqu\u00edn\" \/>\n<meta name=\"twitter:card\" content=\"summary_large_image\" \/>\n<meta name=\"twitter:label1\" content=\"Escrito por\" \/>\n\t<meta name=\"twitter:data1\" content=\"Joaqu\u00edn\" \/>\n\t<meta name=\"twitter:label2\" content=\"Tiempo de lectura\" \/>\n\t<meta name=\"twitter:data2\" content=\"2 minutos\" \/>\n<script type=\"application\/ld+json\" class=\"yoast-schema-graph\">{\"@context\":\"https:\/\/schema.org\",\"@graph\":[{\"@type\":\"WebPage\",\"@id\":\"https:\/\/www.asajacyl.com\/avila\/asaja-avila-informa\/nos-meten-mano-en-la-cartera\",\"url\":\"https:\/\/www.asajacyl.com\/avila\/asaja-avila-informa\/nos-meten-mano-en-la-cartera\",\"name\":\"Nos meten mano en la cartera - ASAJA \u00c1vila\",\"isPartOf\":{\"@id\":\"https:\/\/www.asajacyl.com\/avila\/#website\"},\"primaryImageOfPage\":{\"@id\":\"https:\/\/www.asajacyl.com\/avila\/asaja-avila-informa\/nos-meten-mano-en-la-cartera#primaryimage\"},\"image\":{\"@id\":\"https:\/\/www.asajacyl.com\/avila\/asaja-avila-informa\/nos-meten-mano-en-la-cartera#primaryimage\"},\"thumbnailUrl\":\"https:\/\/www.asajacyl.com\/avila\/wp-content\/uploads\/sites\/4\/2019\/08\/FOTO-RUEDA-DE-PRENSA-22-DE-AGOSTO-DE-2019-5.jpg\",\"datePublished\":\"2020-07-01T11:07:47+00:00\",\"dateModified\":\"2020-08-17T11:12:46+00:00\",\"author\":{\"@id\":\"https:\/\/www.asajacyl.com\/avila\/#\/schema\/person\/daf3c5c7d3afd005798ec283b78826ed\"},\"description\":\"A comienzo de a\u00f1os nos manifest\u00e1bamos y moviliz\u00e1bamos por todo el territorio espa\u00f1ol pidiendo unos precios justos. Han pasado ya unos meses y hemos\",\"breadcrumb\":{\"@id\":\"https:\/\/www.asajacyl.com\/avila\/asaja-avila-informa\/nos-meten-mano-en-la-cartera#breadcrumb\"},\"inLanguage\":\"es\",\"potentialAction\":[{\"@type\":\"ReadAction\",\"target\":[\"https:\/\/www.asajacyl.com\/avila\/asaja-avila-informa\/nos-meten-mano-en-la-cartera\"]}]},{\"@type\":\"ImageObject\",\"inLanguage\":\"es\",\"@id\":\"https:\/\/www.asajacyl.com\/avila\/asaja-avila-informa\/nos-meten-mano-en-la-cartera#primaryimage\",\"url\":\"https:\/\/www.asajacyl.com\/avila\/wp-content\/uploads\/sites\/4\/2019\/08\/FOTO-RUEDA-DE-PRENSA-22-DE-AGOSTO-DE-2019-5.jpg\",\"contentUrl\":\"https:\/\/www.asajacyl.com\/avila\/wp-content\/uploads\/sites\/4\/2019\/08\/FOTO-RUEDA-DE-PRENSA-22-DE-AGOSTO-DE-2019-5.jpg\",\"width\":2500,\"height\":1875},{\"@type\":\"BreadcrumbList\",\"@id\":\"https:\/\/www.asajacyl.com\/avila\/asaja-avila-informa\/nos-meten-mano-en-la-cartera#breadcrumb\",\"itemListElement\":[{\"@type\":\"ListItem\",\"position\":1,\"name\":\"Portada\",\"item\":\"https:\/\/www.asajacyl.com\/avila\/\"},{\"@type\":\"ListItem\",\"position\":2,\"name\":\"Nos meten mano en la cartera\"}]},{\"@type\":\"WebSite\",\"@id\":\"https:\/\/www.asajacyl.com\/avila\/#website\",\"url\":\"https:\/\/www.asajacyl.com\/avila\/\",\"name\":\"ASAJA \u00c1vila\",\"description\":\"Otro sitio m\u00e1s de Provincias ASAJA Castilla y Le\u00f3n\",\"potentialAction\":[{\"@type\":\"SearchAction\",\"target\":{\"@type\":\"EntryPoint\",\"urlTemplate\":\"https:\/\/www.asajacyl.com\/avila\/?s={search_term_string}\"},\"query-input\":{\"@type\":\"PropertyValueSpecification\",\"valueRequired\":true,\"valueName\":\"search_term_string\"}}],\"inLanguage\":\"es\"},{\"@type\":\"Person\",\"@id\":\"https:\/\/www.asajacyl.com\/avila\/#\/schema\/person\/daf3c5c7d3afd005798ec283b78826ed\",\"name\":\"Joaqu\u00edn\",\"image\":{\"@type\":\"ImageObject\",\"inLanguage\":\"es\",\"@id\":\"https:\/\/www.asajacyl.com\/avila\/#\/schema\/person\/image\/\",\"url\":\"https:\/\/secure.gravatar.com\/avatar\/8a87f10166ff5a8a3b0c21a125bc069d?s=96&d=mm&r=g\",\"contentUrl\":\"https:\/\/secure.gravatar.com\/avatar\/8a87f10166ff5a8a3b0c21a125bc069d?s=96&d=mm&r=g\",\"caption\":\"Joaqu\u00edn\"},\"url\":\"https:\/\/www.asajacyl.com\/avila\/author\/joaquinap\"}]}<\/script>\n<!-- \/ Yoast SEO plugin. -->","yoast_head_json":{"title":"Nos meten mano en la cartera - ASAJA \u00c1vila","description":"A comienzo de a\u00f1os nos manifest\u00e1bamos y moviliz\u00e1bamos por todo el territorio espa\u00f1ol pidiendo unos precios justos. Han pasado ya unos meses y hemos","robots":{"index":"index","follow":"follow","max-snippet":"max-snippet:-1","max-image-preview":"max-image-preview:large","max-video-preview":"max-video-preview:-1"},"canonical":"https:\/\/www.asajacyl.com\/avila\/asaja-avila-informa\/nos-meten-mano-en-la-cartera","og_locale":"es_ES","og_type":"article","og_title":"Nos meten mano en la cartera - ASAJA \u00c1vila","og_description":"A comienzo de a\u00f1os nos manifest\u00e1bamos y moviliz\u00e1bamos por todo el territorio espa\u00f1ol pidiendo unos precios justos. Han pasado ya unos meses y hemos","og_url":"https:\/\/www.asajacyl.com\/avila\/asaja-avila-informa\/nos-meten-mano-en-la-cartera","og_site_name":"ASAJA \u00c1vila","article_published_time":"2020-07-01T11:07:47+00:00","article_modified_time":"2020-08-17T11:12:46+00:00","og_image":[{"width":2500,"height":1875,"url":"https:\/\/www.asajacyl.com\/avila\/wp-content\/uploads\/sites\/4\/2019\/08\/FOTO-RUEDA-DE-PRENSA-22-DE-AGOSTO-DE-2019-5.jpg","type":"image\/jpeg"}],"author":"Joaqu\u00edn","twitter_card":"summary_large_image","twitter_misc":{"Escrito por":"Joaqu\u00edn","Tiempo de lectura":"2 minutos"},"schema":{"@context":"https:\/\/schema.org","@graph":[{"@type":"WebPage","@id":"https:\/\/www.asajacyl.com\/avila\/asaja-avila-informa\/nos-meten-mano-en-la-cartera","url":"https:\/\/www.asajacyl.com\/avila\/asaja-avila-informa\/nos-meten-mano-en-la-cartera","name":"Nos meten mano en la cartera - ASAJA \u00c1vila","isPartOf":{"@id":"https:\/\/www.asajacyl.com\/avila\/#website"},"primaryImageOfPage":{"@id":"https:\/\/www.asajacyl.com\/avila\/asaja-avila-informa\/nos-meten-mano-en-la-cartera#primaryimage"},"image":{"@id":"https:\/\/www.asajacyl.com\/avila\/asaja-avila-informa\/nos-meten-mano-en-la-cartera#primaryimage"},"thumbnailUrl":"https:\/\/www.asajacyl.com\/avila\/wp-content\/uploads\/sites\/4\/2019\/08\/FOTO-RUEDA-DE-PRENSA-22-DE-AGOSTO-DE-2019-5.jpg","datePublished":"2020-07-01T11:07:47+00:00","dateModified":"2020-08-17T11:12:46+00:00","author":{"@id":"https:\/\/www.asajacyl.com\/avila\/#\/schema\/person\/daf3c5c7d3afd005798ec283b78826ed"},"description":"A comienzo de a\u00f1os nos manifest\u00e1bamos y moviliz\u00e1bamos por todo el territorio espa\u00f1ol pidiendo unos precios justos. Han pasado ya unos meses y hemos","breadcrumb":{"@id":"https:\/\/www.asajacyl.com\/avila\/asaja-avila-informa\/nos-meten-mano-en-la-cartera#breadcrumb"},"inLanguage":"es","potentialAction":[{"@type":"ReadAction","target":["https:\/\/www.asajacyl.com\/avila\/asaja-avila-informa\/nos-meten-mano-en-la-cartera"]}]},{"@type":"ImageObject","inLanguage":"es","@id":"https:\/\/www.asajacyl.com\/avila\/asaja-avila-informa\/nos-meten-mano-en-la-cartera#primaryimage","url":"https:\/\/www.asajacyl.com\/avila\/wp-content\/uploads\/sites\/4\/2019\/08\/FOTO-RUEDA-DE-PRENSA-22-DE-AGOSTO-DE-2019-5.jpg","contentUrl":"https:\/\/www.asajacyl.com\/avila\/wp-content\/uploads\/sites\/4\/2019\/08\/FOTO-RUEDA-DE-PRENSA-22-DE-AGOSTO-DE-2019-5.jpg","width":2500,"height":1875},{"@type":"BreadcrumbList","@id":"https:\/\/www.asajacyl.com\/avila\/asaja-avila-informa\/nos-meten-mano-en-la-cartera#breadcrumb","itemListElement":[{"@type":"ListItem","position":1,"name":"Portada","item":"https:\/\/www.asajacyl.com\/avila\/"},{"@type":"ListItem","position":2,"name":"Nos meten mano en la cartera"}]},{"@type":"WebSite","@id":"https:\/\/www.asajacyl.com\/avila\/#website","url":"https:\/\/www.asajacyl.com\/avila\/","name":"ASAJA \u00c1vila","description":"Otro sitio m\u00e1s de Provincias ASAJA Castilla y Le\u00f3n","potentialAction":[{"@type":"SearchAction","target":{"@type":"EntryPoint","urlTemplate":"https:\/\/www.asajacyl.com\/avila\/?s={search_term_string}"},"query-input":{"@type":"PropertyValueSpecification","valueRequired":true,"valueName":"search_term_string"}}],"inLanguage":"es"},{"@type":"Person","@id":"https:\/\/www.asajacyl.com\/avila\/#\/schema\/person\/daf3c5c7d3afd005798ec283b78826ed","name":"Joaqu\u00edn","image":{"@type":"ImageObject","inLanguage":"es","@id":"https:\/\/www.asajacyl.com\/avila\/#\/schema\/person\/image\/","url":"https:\/\/secure.gravatar.com\/avatar\/8a87f10166ff5a8a3b0c21a125bc069d?s=96&d=mm&r=g","contentUrl":"https:\/\/secure.gravatar.com\/avatar\/8a87f10166ff5a8a3b0c21a125bc069d?s=96&d=mm&r=g","caption":"Joaqu\u00edn"},"url":"https:\/\/www.asajacyl.com\/avila\/author\/joaquinap"}]}},"_links":{"self":[{"href":"https:\/\/www.asajacyl.com\/avila\/wp-json\/wp\/v2\/posts\/6067"}],"collection":[{"href":"https:\/\/www.asajacyl.com\/avila\/wp-json\/wp\/v2\/posts"}],"about":[{"href":"https:\/\/www.asajacyl.com\/avila\/wp-json\/wp\/v2\/types\/post"}],"author":[{"embeddable":true,"href":"https:\/\/www.asajacyl.com\/avila\/wp-json\/wp\/v2\/users\/6"}],"replies":[{"embeddable":true,"href":"https:\/\/www.asajacyl.com\/avila\/wp-json\/wp\/v2\/comments?post=6067"}],"version-history":[{"count":1,"href":"https:\/\/www.asajacyl.com\/avila\/wp-json\/wp\/v2\/posts\/6067\/revisions"}],"predecessor-version":[{"id":6068,"href":"https:\/\/www.asajacyl.com\/avila\/wp-json\/wp\/v2\/posts\/6067\/revisions\/6068"}],"wp:featuredmedia":[{"embeddable":true,"href":"https:\/\/www.asajacyl.com\/avila\/wp-json\/wp\/v2\/media\/5221"}],"wp:attachment":[{"href":"https:\/\/www.asajacyl.com\/avila\/wp-json\/wp\/v2\/media?parent=6067"}],"wp:term":[{"taxonomy":"category","embeddable":true,"href":"https:\/\/www.asajacyl.com\/avila\/wp-json\/wp\/v2\/categories?post=6067"},{"taxonomy":"post_tag","embeddable":true,"href":"https:\/\/www.asajacyl.com\/avila\/wp-json\/wp\/v2\/tags?post=6067"}],"curies":[{"name":"wp","href":"https:\/\/api.w.org\/{rel}","templated":true}]}}