{"id":6077,"date":"2020-08-18T13:17:27","date_gmt":"2020-08-18T11:17:27","guid":{"rendered":"https:\/\/www.asajacyl.com\/avila\/?p=6077"},"modified":"2022-01-17T10:23:55","modified_gmt":"2022-01-17T09:23:55","slug":"el-lobo-arruina-a-los-ganaderos-de-avila-con-el-beneplacito-de-las-administraciones","status":"publish","type":"post","link":"https:\/\/www.asajacyl.com\/avila\/asaja-avila-informa\/el-lobo-arruina-a-los-ganaderos-de-avila-con-el-beneplacito-de-las-administraciones","title":{"rendered":"El lobo arruina a los ganaderos de \u00c1vila con el benepl\u00e1cito de las administraciones"},"content":{"rendered":"\n<p class=\"has-text-align-center\"><strong><em>ASAJA urge decisiones pol\u00edticas valientes que den soluci\u00f3n al problema<\/em><\/strong><\/p>\n\n\n\n<p><strong>Mientras la atenci\u00f3n ha estado dirigida todo este tiempo hacia la crisis sanitaria del Coronavirus, el lobo ha campado y campa a sus anchas por tierras abulenses seg\u00fan denuncia la Asociaci\u00f3n Agraria <em>J\u00f3venes Agricultores<\/em> (ASAJA) de \u00c1vila. En la \u00faltima semana la organizaci\u00f3n agraria tiene constancia de nuevos ataques al ganado: un becerro muerto en el t\u00e9rmino municipal de Sotalbo, otro en Hoyos del Espino y tres terneros m\u00e1s en Hoyos del Collado. &nbsp;<\/strong><\/p>\n\n\n\n<p>Mientras las administraciones miran hacia otro lado, el lobo cr\u00eda y campa a sus anchas por la provincia de \u00c1vila, matando el ganado y acabando con las ilusiones y pr\u00e1cticamente la \u00fanica actividad econ\u00f3mica en muchas zonas de la provincia. Las administraciones y los responsables pol\u00edticos con su inacci\u00f3n vienen dejando sin lugar a confusi\u00f3n que prefieren tener lobos a que haya ganaderos, los hechos as\u00ed lo ponen de manifiesto. Ni se controla la poblaci\u00f3n de lobos, ni se pagan las p\u00e9rdidas reales, ni lo poco que se abona se hace con prontitud, ni a\u00fan se han actualizado los baremos de indemnizaci\u00f3n tal y como se comprometi\u00f3 la administraci\u00f3n regional con ASAJA y resto de OPAS hace ya cerca de un a\u00f1o.<\/p>\n\n\n\n<p>Adem\u00e1s, la Junta de Castilla y Le\u00f3n se opone por sistema en v\u00eda administrativa a las reclamaciones de da\u00f1o patrimonial que los ganaderos les formula reclamando que se les abonen todos los perjuicios econ\u00f3micos que el lobo causa en sus explotaciones, forzando a los perjudicados a recurrir a la v\u00eda judicial para que la administraci\u00f3n les pague los da\u00f1os una vez que se ve obligada por la justicia. \u00bfPor qu\u00e9 act\u00faa as\u00ed la administraci\u00f3n? se pregunta ASAJA.<\/p>\n\n\n\n<p>ASAJA urge a los responsables pol\u00edticos a solucionar el problema y controlar la poblaci\u00f3n de lobos en la provincia de \u00c1vila, que se abonen las compensaciones econ\u00f3micas adeudadas a los ganaderos, publicar la actualizaci\u00f3n de los baremos de indemnizaci\u00f3n acordada con las organizaciones profesionales agrarias de Castilla y Le\u00f3n, y a que no obliguen a los ganaderos a recurrir a la v\u00eda judicial aceptando en v\u00eda administrativa las justas reclamaciones de da\u00f1o patrimonial que los perjudicados plantean.<\/p>\n\n\n\n<p>Por otro lado ASAJA se pregunta que, mientras este problema no deja de crecer, qu\u00e9 hacen los procuradores abulenses en las Cortes de Castilla y Le\u00f3n, pues no se les ve preocupaci\u00f3n o iniciativa alguna en la c\u00e1mara regional que busque dar soluciones a los ganaderos ni con el lobo ni con el acotamiento sistem\u00e1tico de los pastos tras los incendios que obstaculizan el cobro de las ayudas PAC y el relevo generacional. No es de recibo.<\/p>\n","protected":false},"excerpt":{"rendered":"<p>ASAJA urge decisiones pol\u00edticas valientes que den soluci\u00f3n al problema Mientras la atenci\u00f3n ha estado dirigida todo este tiempo hacia la crisis sanitaria del Coronavirus, el lobo ha campado y campa a sus anchas por tierras abulenses seg\u00fan denuncia la Asociaci\u00f3n Agraria J\u00f3venes Agricultores (ASAJA) de \u00c1vila. En la \u00faltima semana la organizaci\u00f3n agraria tiene [&hellip;]<\/p>\n","protected":false},"author":6,"featured_media":6076,"comment_status":"open","ping_status":"open","sticky":false,"template":"","format":"standard","meta":{"footnotes":""},"categories":[8,18],"tags":[],"yoast_head":"<!-- This site is optimized with the Yoast SEO plugin v24.5 - https:\/\/yoast.com\/wordpress\/plugins\/seo\/ -->\n<title>El lobo arruina a los ganaderos de \u00c1vila con el benepl\u00e1cito de las administraciones - ASAJA \u00c1vila<\/title>\n<meta name=\"description\" content=\"ASAJA urge decisiones pol\u00edticas valientes que den soluci\u00f3n al problema Mientras la atenci\u00f3n ha estado dirigida todo este tiempo hacia la crisis sanitaria\" \/>\n<meta name=\"robots\" content=\"index, follow, max-snippet:-1, max-image-preview:large, max-video-preview:-1\" \/>\n<link rel=\"canonical\" href=\"https:\/\/www.asajacyl.com\/avila\/asaja-avila-informa\/el-lobo-arruina-a-los-ganaderos-de-avila-con-el-beneplacito-de-las-administraciones\" \/>\n<meta property=\"og:locale\" content=\"es_ES\" \/>\n<meta property=\"og:type\" content=\"article\" \/>\n<meta property=\"og:title\" content=\"El lobo arruina a los ganaderos de \u00c1vila con el benepl\u00e1cito de las administraciones - ASAJA \u00c1vila\" \/>\n<meta property=\"og:description\" content=\"ASAJA urge decisiones pol\u00edticas valientes que den soluci\u00f3n al problema Mientras la atenci\u00f3n ha estado dirigida todo este tiempo hacia la crisis sanitaria\" \/>\n<meta property=\"og:url\" content=\"https:\/\/www.asajacyl.com\/avila\/asaja-avila-informa\/el-lobo-arruina-a-los-ganaderos-de-avila-con-el-beneplacito-de-las-administraciones\" \/>\n<meta property=\"og:site_name\" content=\"ASAJA \u00c1vila\" \/>\n<meta property=\"article:published_time\" content=\"2020-08-18T11:17:27+00:00\" \/>\n<meta property=\"article:modified_time\" content=\"2022-01-17T09:23:55+00:00\" \/>\n<meta property=\"og:image\" content=\"https:\/\/www.asajacyl.com\/avila\/wp-content\/uploads\/sites\/4\/2020\/08\/ternero.jpg\" \/>\n\t<meta property=\"og:image:width\" content=\"1200\" \/>\n\t<meta property=\"og:image:height\" content=\"1600\" \/>\n\t<meta property=\"og:image:type\" content=\"image\/jpeg\" \/>\n<meta name=\"author\" content=\"Joaqu\u00edn\" \/>\n<meta name=\"twitter:card\" content=\"summary_large_image\" \/>\n<meta name=\"twitter:label1\" content=\"Escrito por\" \/>\n\t<meta name=\"twitter:data1\" content=\"Joaqu\u00edn\" \/>\n\t<meta name=\"twitter:label2\" content=\"Tiempo de lectura\" \/>\n\t<meta name=\"twitter:data2\" content=\"3 minutos\" \/>\n<script type=\"application\/ld+json\" class=\"yoast-schema-graph\">{\"@context\":\"https:\/\/schema.org\",\"@graph\":[{\"@type\":\"WebPage\",\"@id\":\"https:\/\/www.asajacyl.com\/avila\/asaja-avila-informa\/el-lobo-arruina-a-los-ganaderos-de-avila-con-el-beneplacito-de-las-administraciones\",\"url\":\"https:\/\/www.asajacyl.com\/avila\/asaja-avila-informa\/el-lobo-arruina-a-los-ganaderos-de-avila-con-el-beneplacito-de-las-administraciones\",\"name\":\"El lobo arruina a los ganaderos de \u00c1vila con el benepl\u00e1cito de las administraciones - ASAJA \u00c1vila\",\"isPartOf\":{\"@id\":\"https:\/\/www.asajacyl.com\/avila\/#website\"},\"primaryImageOfPage\":{\"@id\":\"https:\/\/www.asajacyl.com\/avila\/asaja-avila-informa\/el-lobo-arruina-a-los-ganaderos-de-avila-con-el-beneplacito-de-las-administraciones#primaryimage\"},\"image\":{\"@id\":\"https:\/\/www.asajacyl.com\/avila\/asaja-avila-informa\/el-lobo-arruina-a-los-ganaderos-de-avila-con-el-beneplacito-de-las-administraciones#primaryimage\"},\"thumbnailUrl\":\"https:\/\/www.asajacyl.com\/avila\/wp-content\/uploads\/sites\/4\/2020\/08\/ternero.jpg\",\"datePublished\":\"2020-08-18T11:17:27+00:00\",\"dateModified\":\"2022-01-17T09:23:55+00:00\",\"author\":{\"@id\":\"https:\/\/www.asajacyl.com\/avila\/#\/schema\/person\/daf3c5c7d3afd005798ec283b78826ed\"},\"description\":\"ASAJA urge decisiones pol\u00edticas valientes que den soluci\u00f3n al problema Mientras la atenci\u00f3n ha estado dirigida todo este tiempo hacia la crisis sanitaria\",\"breadcrumb\":{\"@id\":\"https:\/\/www.asajacyl.com\/avila\/asaja-avila-informa\/el-lobo-arruina-a-los-ganaderos-de-avila-con-el-beneplacito-de-las-administraciones#breadcrumb\"},\"inLanguage\":\"es\",\"potentialAction\":[{\"@type\":\"ReadAction\",\"target\":[\"https:\/\/www.asajacyl.com\/avila\/asaja-avila-informa\/el-lobo-arruina-a-los-ganaderos-de-avila-con-el-beneplacito-de-las-administraciones\"]}]},{\"@type\":\"ImageObject\",\"inLanguage\":\"es\",\"@id\":\"https:\/\/www.asajacyl.com\/avila\/asaja-avila-informa\/el-lobo-arruina-a-los-ganaderos-de-avila-con-el-beneplacito-de-las-administraciones#primaryimage\",\"url\":\"https:\/\/www.asajacyl.com\/avila\/wp-content\/uploads\/sites\/4\/2020\/08\/ternero.jpg\",\"contentUrl\":\"https:\/\/www.asajacyl.com\/avila\/wp-content\/uploads\/sites\/4\/2020\/08\/ternero.jpg\",\"width\":1200,\"height\":1600},{\"@type\":\"BreadcrumbList\",\"@id\":\"https:\/\/www.asajacyl.com\/avila\/asaja-avila-informa\/el-lobo-arruina-a-los-ganaderos-de-avila-con-el-beneplacito-de-las-administraciones#breadcrumb\",\"itemListElement\":[{\"@type\":\"ListItem\",\"position\":1,\"name\":\"Portada\",\"item\":\"https:\/\/www.asajacyl.com\/avila\/\"},{\"@type\":\"ListItem\",\"position\":2,\"name\":\"El lobo arruina a los ganaderos de \u00c1vila con el benepl\u00e1cito de las administraciones\"}]},{\"@type\":\"WebSite\",\"@id\":\"https:\/\/www.asajacyl.com\/avila\/#website\",\"url\":\"https:\/\/www.asajacyl.com\/avila\/\",\"name\":\"ASAJA \u00c1vila\",\"description\":\"Otro sitio m\u00e1s de Provincias ASAJA Castilla y Le\u00f3n\",\"potentialAction\":[{\"@type\":\"SearchAction\",\"target\":{\"@type\":\"EntryPoint\",\"urlTemplate\":\"https:\/\/www.asajacyl.com\/avila\/?s={search_term_string}\"},\"query-input\":{\"@type\":\"PropertyValueSpecification\",\"valueRequired\":true,\"valueName\":\"search_term_string\"}}],\"inLanguage\":\"es\"},{\"@type\":\"Person\",\"@id\":\"https:\/\/www.asajacyl.com\/avila\/#\/schema\/person\/daf3c5c7d3afd005798ec283b78826ed\",\"name\":\"Joaqu\u00edn\",\"image\":{\"@type\":\"ImageObject\",\"inLanguage\":\"es\",\"@id\":\"https:\/\/www.asajacyl.com\/avila\/#\/schema\/person\/image\/\",\"url\":\"https:\/\/secure.gravatar.com\/avatar\/8a87f10166ff5a8a3b0c21a125bc069d?s=96&d=mm&r=g\",\"contentUrl\":\"https:\/\/secure.gravatar.com\/avatar\/8a87f10166ff5a8a3b0c21a125bc069d?s=96&d=mm&r=g\",\"caption\":\"Joaqu\u00edn\"},\"url\":\"https:\/\/www.asajacyl.com\/avila\/author\/joaquinap\"}]}<\/script>\n<!-- \/ Yoast SEO plugin. -->","yoast_head_json":{"title":"El lobo arruina a los ganaderos de \u00c1vila con el benepl\u00e1cito de las administraciones - ASAJA \u00c1vila","description":"ASAJA urge decisiones pol\u00edticas valientes que den soluci\u00f3n al problema Mientras la atenci\u00f3n ha estado dirigida todo este tiempo hacia la crisis sanitaria","robots":{"index":"index","follow":"follow","max-snippet":"max-snippet:-1","max-image-preview":"max-image-preview:large","max-video-preview":"max-video-preview:-1"},"canonical":"https:\/\/www.asajacyl.com\/avila\/asaja-avila-informa\/el-lobo-arruina-a-los-ganaderos-de-avila-con-el-beneplacito-de-las-administraciones","og_locale":"es_ES","og_type":"article","og_title":"El lobo arruina a los ganaderos de \u00c1vila con el benepl\u00e1cito de las administraciones - ASAJA \u00c1vila","og_description":"ASAJA urge decisiones pol\u00edticas valientes que den soluci\u00f3n al problema Mientras la atenci\u00f3n ha estado dirigida todo este tiempo hacia la crisis sanitaria","og_url":"https:\/\/www.asajacyl.com\/avila\/asaja-avila-informa\/el-lobo-arruina-a-los-ganaderos-de-avila-con-el-beneplacito-de-las-administraciones","og_site_name":"ASAJA \u00c1vila","article_published_time":"2020-08-18T11:17:27+00:00","article_modified_time":"2022-01-17T09:23:55+00:00","og_image":[{"width":1200,"height":1600,"url":"https:\/\/www.asajacyl.com\/avila\/wp-content\/uploads\/sites\/4\/2020\/08\/ternero.jpg","type":"image\/jpeg"}],"author":"Joaqu\u00edn","twitter_card":"summary_large_image","twitter_misc":{"Escrito por":"Joaqu\u00edn","Tiempo de lectura":"3 minutos"},"schema":{"@context":"https:\/\/schema.org","@graph":[{"@type":"WebPage","@id":"https:\/\/www.asajacyl.com\/avila\/asaja-avila-informa\/el-lobo-arruina-a-los-ganaderos-de-avila-con-el-beneplacito-de-las-administraciones","url":"https:\/\/www.asajacyl.com\/avila\/asaja-avila-informa\/el-lobo-arruina-a-los-ganaderos-de-avila-con-el-beneplacito-de-las-administraciones","name":"El lobo arruina a los ganaderos de \u00c1vila con el benepl\u00e1cito de las administraciones - ASAJA \u00c1vila","isPartOf":{"@id":"https:\/\/www.asajacyl.com\/avila\/#website"},"primaryImageOfPage":{"@id":"https:\/\/www.asajacyl.com\/avila\/asaja-avila-informa\/el-lobo-arruina-a-los-ganaderos-de-avila-con-el-beneplacito-de-las-administraciones#primaryimage"},"image":{"@id":"https:\/\/www.asajacyl.com\/avila\/asaja-avila-informa\/el-lobo-arruina-a-los-ganaderos-de-avila-con-el-beneplacito-de-las-administraciones#primaryimage"},"thumbnailUrl":"https:\/\/www.asajacyl.com\/avila\/wp-content\/uploads\/sites\/4\/2020\/08\/ternero.jpg","datePublished":"2020-08-18T11:17:27+00:00","dateModified":"2022-01-17T09:23:55+00:00","author":{"@id":"https:\/\/www.asajacyl.com\/avila\/#\/schema\/person\/daf3c5c7d3afd005798ec283b78826ed"},"description":"ASAJA urge decisiones pol\u00edticas valientes que den soluci\u00f3n al problema Mientras la atenci\u00f3n ha estado dirigida todo este tiempo hacia la crisis sanitaria","breadcrumb":{"@id":"https:\/\/www.asajacyl.com\/avila\/asaja-avila-informa\/el-lobo-arruina-a-los-ganaderos-de-avila-con-el-beneplacito-de-las-administraciones#breadcrumb"},"inLanguage":"es","potentialAction":[{"@type":"ReadAction","target":["https:\/\/www.asajacyl.com\/avila\/asaja-avila-informa\/el-lobo-arruina-a-los-ganaderos-de-avila-con-el-beneplacito-de-las-administraciones"]}]},{"@type":"ImageObject","inLanguage":"es","@id":"https:\/\/www.asajacyl.com\/avila\/asaja-avila-informa\/el-lobo-arruina-a-los-ganaderos-de-avila-con-el-beneplacito-de-las-administraciones#primaryimage","url":"https:\/\/www.asajacyl.com\/avila\/wp-content\/uploads\/sites\/4\/2020\/08\/ternero.jpg","contentUrl":"https:\/\/www.asajacyl.com\/avila\/wp-content\/uploads\/sites\/4\/2020\/08\/ternero.jpg","width":1200,"height":1600},{"@type":"BreadcrumbList","@id":"https:\/\/www.asajacyl.com\/avila\/asaja-avila-informa\/el-lobo-arruina-a-los-ganaderos-de-avila-con-el-beneplacito-de-las-administraciones#breadcrumb","itemListElement":[{"@type":"ListItem","position":1,"name":"Portada","item":"https:\/\/www.asajacyl.com\/avila\/"},{"@type":"ListItem","position":2,"name":"El lobo arruina a los ganaderos de \u00c1vila con el benepl\u00e1cito de las administraciones"}]},{"@type":"WebSite","@id":"https:\/\/www.asajacyl.com\/avila\/#website","url":"https:\/\/www.asajacyl.com\/avila\/","name":"ASAJA \u00c1vila","description":"Otro sitio m\u00e1s de Provincias ASAJA Castilla y Le\u00f3n","potentialAction":[{"@type":"SearchAction","target":{"@type":"EntryPoint","urlTemplate":"https:\/\/www.asajacyl.com\/avila\/?s={search_term_string}"},"query-input":{"@type":"PropertyValueSpecification","valueRequired":true,"valueName":"search_term_string"}}],"inLanguage":"es"},{"@type":"Person","@id":"https:\/\/www.asajacyl.com\/avila\/#\/schema\/person\/daf3c5c7d3afd005798ec283b78826ed","name":"Joaqu\u00edn","image":{"@type":"ImageObject","inLanguage":"es","@id":"https:\/\/www.asajacyl.com\/avila\/#\/schema\/person\/image\/","url":"https:\/\/secure.gravatar.com\/avatar\/8a87f10166ff5a8a3b0c21a125bc069d?s=96&d=mm&r=g","contentUrl":"https:\/\/secure.gravatar.com\/avatar\/8a87f10166ff5a8a3b0c21a125bc069d?s=96&d=mm&r=g","caption":"Joaqu\u00edn"},"url":"https:\/\/www.asajacyl.com\/avila\/author\/joaquinap"}]}},"_links":{"self":[{"href":"https:\/\/www.asajacyl.com\/avila\/wp-json\/wp\/v2\/posts\/6077"}],"collection":[{"href":"https:\/\/www.asajacyl.com\/avila\/wp-json\/wp\/v2\/posts"}],"about":[{"href":"https:\/\/www.asajacyl.com\/avila\/wp-json\/wp\/v2\/types\/post"}],"author":[{"embeddable":true,"href":"https:\/\/www.asajacyl.com\/avila\/wp-json\/wp\/v2\/users\/6"}],"replies":[{"embeddable":true,"href":"https:\/\/www.asajacyl.com\/avila\/wp-json\/wp\/v2\/comments?post=6077"}],"version-history":[{"count":5,"href":"https:\/\/www.asajacyl.com\/avila\/wp-json\/wp\/v2\/posts\/6077\/revisions"}],"predecessor-version":[{"id":6086,"href":"https:\/\/www.asajacyl.com\/avila\/wp-json\/wp\/v2\/posts\/6077\/revisions\/6086"}],"wp:featuredmedia":[{"embeddable":true,"href":"https:\/\/www.asajacyl.com\/avila\/wp-json\/wp\/v2\/media\/6076"}],"wp:attachment":[{"href":"https:\/\/www.asajacyl.com\/avila\/wp-json\/wp\/v2\/media?parent=6077"}],"wp:term":[{"taxonomy":"category","embeddable":true,"href":"https:\/\/www.asajacyl.com\/avila\/wp-json\/wp\/v2\/categories?post=6077"},{"taxonomy":"post_tag","embeddable":true,"href":"https:\/\/www.asajacyl.com\/avila\/wp-json\/wp\/v2\/tags?post=6077"}],"curies":[{"name":"wp","href":"https:\/\/api.w.org\/{rel}","templated":true}]}}