{"id":6495,"date":"2022-03-23T09:14:32","date_gmt":"2022-03-23T08:14:32","guid":{"rendered":"https:\/\/www.asajacyl.com\/avila\/?p=6495"},"modified":"2022-03-30T18:09:32","modified_gmt":"2022-03-30T16:09:32","slug":"ya-pueden-solicitarse-las-ayudas-a-infraestructuras-en-pastos-que-mejoren-la-bioseguridad-de-las-explotaciones-ganaderas","status":"publish","type":"post","link":"https:\/\/www.asajacyl.com\/avila\/servicios-socio\/ya-pueden-solicitarse-las-ayudas-a-infraestructuras-en-pastos-que-mejoren-la-bioseguridad-de-las-explotaciones-ganaderas","title":{"rendered":"Ya pueden solicitarse las ayudas a infraestructuras en pastos que mejoren la bioseguridad de las explotaciones ganaderas"},"content":{"rendered":"\n<h2 class=\"wp-block-heading\">Desde el 23 de marzo al 20 de abril pueden presentarse solicitudes a la l\u00ednea de subvenciones a las inversiones de creaci\u00f3n, mejora o ampliaci\u00f3n, a peque\u00f1a escala de infraestructuras en superficies pastables para mejorar la bioseguridad de las explotaciones ganaderas.<\/h2>\n\n\n\n<p>En esta convocatoria, la Consejer\u00eda de Agricultura y Ganader\u00eda ha introducido algunas modificaciones en las obligaciones y compromisos de los beneficiarios. Adem\u00e1s, se ampl\u00edan los criterios de selecci\u00f3n de operaciones, siendo ahora necesarios 15 puntos para poder acceder a las ayudas (antes 8). Se ha a\u00f1adido un criterio que tenga en cuenta las posibles adversidades naturales en superficies pastables y otro en funci\u00f3n de la clasificaci\u00f3n de riesgo para tuberculosis de la unidad veterinaria. Tambi\u00e9n se ha modificado la puntuaci\u00f3n de los criterios de selecci\u00f3n.<\/p>\n\n\n\n<p>Finalmente, se ampl\u00eda el periodo para renunciar a las ayudas tras la concesi\u00f3n a 30 d\u00edas.<\/p>\n\n\n\n<p>Hay que recordar que estas ayudas, comprendidas en el PDR de Castilla y Le\u00f3n y cofinanciada por el FEADER, las podr\u00e1n recibir Entidades Locales, que sean titulares o gestores de pastos de aprovechamiento com\u00fan en Castilla y Le\u00f3n y que se comprometan a mantener las inversiones en estado \u00f3ptimo durante al menos cinco a\u00f1os.<\/p>\n\n\n\n<p>Para cualquier consulta, los ganaderos pueden acudir a su oficina de ASAJA, donde les asesorar\u00e1n e informar\u00e1n ampliamente.<\/p>\n\n\n\n<p><a href=\"https:\/\/bocyl.jcyl.es\/boletines\/2022\/03\/22\/pdf\/BOCYL-D-22032022-7.pdf\">Orden de convocatoria BOCYL<\/a><\/p>\n","protected":false},"excerpt":{"rendered":"<p>Desde el 23 de marzo al 20 de abril pueden presentarse solicitudes a la l\u00ednea de subvenciones a las inversiones de creaci\u00f3n, mejora o ampliaci\u00f3n, a peque\u00f1a escala de infraestructuras en superficies pastables para mejorar la bioseguridad de las explotaciones ganaderas. En esta convocatoria, la Consejer\u00eda de Agricultura y Ganader\u00eda ha introducido algunas modificaciones en [&hellip;]<\/p>\n","protected":false},"author":16,"featured_media":794,"comment_status":"open","ping_status":"open","sticky":false,"template":"","format":"standard","meta":{"footnotes":""},"categories":[46,9],"tags":[],"yoast_head":"<!-- This site is optimized with the Yoast SEO plugin v24.5 - https:\/\/yoast.com\/wordpress\/plugins\/seo\/ -->\n<title>Ya pueden solicitarse las ayudas a infraestructuras en pastos que mejoren la bioseguridad de las explotaciones ganaderas - ASAJA \u00c1vila<\/title>\n<meta name=\"description\" content=\"Desde el 23 de marzo al 20 de abril pueden presentarse solicitudes a la l\u00ednea de subvenciones a las inversiones de creaci\u00f3n, mejora o ampliaci\u00f3n, a\" \/>\n<meta name=\"robots\" content=\"index, follow, max-snippet:-1, max-image-preview:large, max-video-preview:-1\" \/>\n<link rel=\"canonical\" href=\"https:\/\/www.asajacyl.com\/avila\/servicios-socio\/ya-pueden-solicitarse-las-ayudas-a-infraestructuras-en-pastos-que-mejoren-la-bioseguridad-de-las-explotaciones-ganaderas\" \/>\n<meta property=\"og:locale\" content=\"es_ES\" \/>\n<meta property=\"og:type\" content=\"article\" \/>\n<meta property=\"og:title\" content=\"Ya pueden solicitarse las ayudas a infraestructuras en pastos que mejoren la bioseguridad de las explotaciones ganaderas - ASAJA \u00c1vila\" \/>\n<meta property=\"og:description\" content=\"Desde el 23 de marzo al 20 de abril pueden presentarse solicitudes a la l\u00ednea de subvenciones a las inversiones de creaci\u00f3n, mejora o ampliaci\u00f3n, a\" \/>\n<meta property=\"og:url\" content=\"https:\/\/www.asajacyl.com\/avila\/servicios-socio\/ya-pueden-solicitarse-las-ayudas-a-infraestructuras-en-pastos-que-mejoren-la-bioseguridad-de-las-explotaciones-ganaderas\" \/>\n<meta property=\"og:site_name\" content=\"ASAJA \u00c1vila\" \/>\n<meta property=\"article:published_time\" content=\"2022-03-23T08:14:32+00:00\" \/>\n<meta property=\"article:modified_time\" content=\"2022-03-30T16:09:32+00:00\" \/>\n<meta name=\"author\" content=\"comunicacion\" \/>\n<meta name=\"twitter:card\" content=\"summary_large_image\" \/>\n<meta name=\"twitter:label1\" content=\"Escrito por\" \/>\n\t<meta name=\"twitter:data1\" content=\"comunicacion\" \/>\n\t<meta name=\"twitter:label2\" content=\"Tiempo de lectura\" \/>\n\t<meta name=\"twitter:data2\" content=\"1 minuto\" \/>\n<script type=\"application\/ld+json\" class=\"yoast-schema-graph\">{\"@context\":\"https:\/\/schema.org\",\"@graph\":[{\"@type\":\"WebPage\",\"@id\":\"https:\/\/www.asajacyl.com\/avila\/servicios-socio\/ya-pueden-solicitarse-las-ayudas-a-infraestructuras-en-pastos-que-mejoren-la-bioseguridad-de-las-explotaciones-ganaderas\",\"url\":\"https:\/\/www.asajacyl.com\/avila\/servicios-socio\/ya-pueden-solicitarse-las-ayudas-a-infraestructuras-en-pastos-que-mejoren-la-bioseguridad-de-las-explotaciones-ganaderas\",\"name\":\"Ya pueden solicitarse las ayudas a infraestructuras en pastos que mejoren la bioseguridad de las explotaciones ganaderas - ASAJA \u00c1vila\",\"isPartOf\":{\"@id\":\"https:\/\/www.asajacyl.com\/avila\/#website\"},\"primaryImageOfPage\":{\"@id\":\"https:\/\/www.asajacyl.com\/avila\/servicios-socio\/ya-pueden-solicitarse-las-ayudas-a-infraestructuras-en-pastos-que-mejoren-la-bioseguridad-de-las-explotaciones-ganaderas#primaryimage\"},\"image\":{\"@id\":\"https:\/\/www.asajacyl.com\/avila\/servicios-socio\/ya-pueden-solicitarse-las-ayudas-a-infraestructuras-en-pastos-que-mejoren-la-bioseguridad-de-las-explotaciones-ganaderas#primaryimage\"},\"thumbnailUrl\":\"https:\/\/www.asajacyl.com\/avila\/wp-content\/uploads\/sites\/4\/2017\/11\/im_predefinida_1920x1080.jpg\",\"datePublished\":\"2022-03-23T08:14:32+00:00\",\"dateModified\":\"2022-03-30T16:09:32+00:00\",\"author\":{\"@id\":\"https:\/\/www.asajacyl.com\/avila\/#\/schema\/person\/51bbd29d94e00aa22d79c7b8c3c404e6\"},\"description\":\"Desde el 23 de marzo al 20 de abril pueden presentarse solicitudes a la l\u00ednea de subvenciones a las inversiones de creaci\u00f3n, mejora o ampliaci\u00f3n, a\",\"breadcrumb\":{\"@id\":\"https:\/\/www.asajacyl.com\/avila\/servicios-socio\/ya-pueden-solicitarse-las-ayudas-a-infraestructuras-en-pastos-que-mejoren-la-bioseguridad-de-las-explotaciones-ganaderas#breadcrumb\"},\"inLanguage\":\"es\",\"potentialAction\":[{\"@type\":\"ReadAction\",\"target\":[\"https:\/\/www.asajacyl.com\/avila\/servicios-socio\/ya-pueden-solicitarse-las-ayudas-a-infraestructuras-en-pastos-que-mejoren-la-bioseguridad-de-las-explotaciones-ganaderas\"]}]},{\"@type\":\"ImageObject\",\"inLanguage\":\"es\",\"@id\":\"https:\/\/www.asajacyl.com\/avila\/servicios-socio\/ya-pueden-solicitarse-las-ayudas-a-infraestructuras-en-pastos-que-mejoren-la-bioseguridad-de-las-explotaciones-ganaderas#primaryimage\",\"url\":\"https:\/\/www.asajacyl.com\/avila\/wp-content\/uploads\/sites\/4\/2017\/11\/im_predefinida_1920x1080.jpg\",\"contentUrl\":\"https:\/\/www.asajacyl.com\/avila\/wp-content\/uploads\/sites\/4\/2017\/11\/im_predefinida_1920x1080.jpg\",\"width\":1920,\"height\":1080,\"caption\":\"Logotipo ASAJA \u00c1vila\"},{\"@type\":\"BreadcrumbList\",\"@id\":\"https:\/\/www.asajacyl.com\/avila\/servicios-socio\/ya-pueden-solicitarse-las-ayudas-a-infraestructuras-en-pastos-que-mejoren-la-bioseguridad-de-las-explotaciones-ganaderas#breadcrumb\",\"itemListElement\":[{\"@type\":\"ListItem\",\"position\":1,\"name\":\"Portada\",\"item\":\"https:\/\/www.asajacyl.com\/avila\/\"},{\"@type\":\"ListItem\",\"position\":2,\"name\":\"Ya pueden solicitarse las ayudas a infraestructuras en pastos que mejoren la bioseguridad de las explotaciones ganaderas\"}]},{\"@type\":\"WebSite\",\"@id\":\"https:\/\/www.asajacyl.com\/avila\/#website\",\"url\":\"https:\/\/www.asajacyl.com\/avila\/\",\"name\":\"ASAJA \u00c1vila\",\"description\":\"Otro sitio m\u00e1s de Provincias ASAJA Castilla y Le\u00f3n\",\"potentialAction\":[{\"@type\":\"SearchAction\",\"target\":{\"@type\":\"EntryPoint\",\"urlTemplate\":\"https:\/\/www.asajacyl.com\/avila\/?s={search_term_string}\"},\"query-input\":{\"@type\":\"PropertyValueSpecification\",\"valueRequired\":true,\"valueName\":\"search_term_string\"}}],\"inLanguage\":\"es\"},{\"@type\":\"Person\",\"@id\":\"https:\/\/www.asajacyl.com\/avila\/#\/schema\/person\/51bbd29d94e00aa22d79c7b8c3c404e6\",\"name\":\"comunicacion\",\"image\":{\"@type\":\"ImageObject\",\"inLanguage\":\"es\",\"@id\":\"https:\/\/www.asajacyl.com\/avila\/#\/schema\/person\/image\/\",\"url\":\"https:\/\/secure.gravatar.com\/avatar\/dacd6ac12f2f802c39afce565d232781?s=96&d=mm&r=g\",\"contentUrl\":\"https:\/\/secure.gravatar.com\/avatar\/dacd6ac12f2f802c39afce565d232781?s=96&d=mm&r=g\",\"caption\":\"comunicacion\"},\"url\":\"https:\/\/www.asajacyl.com\/avila\/author\/comunicacion\"}]}<\/script>\n<!-- \/ Yoast SEO plugin. -->","yoast_head_json":{"title":"Ya pueden solicitarse las ayudas a infraestructuras en pastos que mejoren la bioseguridad de las explotaciones ganaderas - ASAJA \u00c1vila","description":"Desde el 23 de marzo al 20 de abril pueden presentarse solicitudes a la l\u00ednea de subvenciones a las inversiones de creaci\u00f3n, mejora o ampliaci\u00f3n, a","robots":{"index":"index","follow":"follow","max-snippet":"max-snippet:-1","max-image-preview":"max-image-preview:large","max-video-preview":"max-video-preview:-1"},"canonical":"https:\/\/www.asajacyl.com\/avila\/servicios-socio\/ya-pueden-solicitarse-las-ayudas-a-infraestructuras-en-pastos-que-mejoren-la-bioseguridad-de-las-explotaciones-ganaderas","og_locale":"es_ES","og_type":"article","og_title":"Ya pueden solicitarse las ayudas a infraestructuras en pastos que mejoren la bioseguridad de las explotaciones ganaderas - ASAJA \u00c1vila","og_description":"Desde el 23 de marzo al 20 de abril pueden presentarse solicitudes a la l\u00ednea de subvenciones a las inversiones de creaci\u00f3n, mejora o ampliaci\u00f3n, a","og_url":"https:\/\/www.asajacyl.com\/avila\/servicios-socio\/ya-pueden-solicitarse-las-ayudas-a-infraestructuras-en-pastos-que-mejoren-la-bioseguridad-de-las-explotaciones-ganaderas","og_site_name":"ASAJA \u00c1vila","article_published_time":"2022-03-23T08:14:32+00:00","article_modified_time":"2022-03-30T16:09:32+00:00","author":"comunicacion","twitter_card":"summary_large_image","twitter_misc":{"Escrito por":"comunicacion","Tiempo de lectura":"1 minuto"},"schema":{"@context":"https:\/\/schema.org","@graph":[{"@type":"WebPage","@id":"https:\/\/www.asajacyl.com\/avila\/servicios-socio\/ya-pueden-solicitarse-las-ayudas-a-infraestructuras-en-pastos-que-mejoren-la-bioseguridad-de-las-explotaciones-ganaderas","url":"https:\/\/www.asajacyl.com\/avila\/servicios-socio\/ya-pueden-solicitarse-las-ayudas-a-infraestructuras-en-pastos-que-mejoren-la-bioseguridad-de-las-explotaciones-ganaderas","name":"Ya pueden solicitarse las ayudas a infraestructuras en pastos que mejoren la bioseguridad de las explotaciones ganaderas - ASAJA \u00c1vila","isPartOf":{"@id":"https:\/\/www.asajacyl.com\/avila\/#website"},"primaryImageOfPage":{"@id":"https:\/\/www.asajacyl.com\/avila\/servicios-socio\/ya-pueden-solicitarse-las-ayudas-a-infraestructuras-en-pastos-que-mejoren-la-bioseguridad-de-las-explotaciones-ganaderas#primaryimage"},"image":{"@id":"https:\/\/www.asajacyl.com\/avila\/servicios-socio\/ya-pueden-solicitarse-las-ayudas-a-infraestructuras-en-pastos-que-mejoren-la-bioseguridad-de-las-explotaciones-ganaderas#primaryimage"},"thumbnailUrl":"https:\/\/www.asajacyl.com\/avila\/wp-content\/uploads\/sites\/4\/2017\/11\/im_predefinida_1920x1080.jpg","datePublished":"2022-03-23T08:14:32+00:00","dateModified":"2022-03-30T16:09:32+00:00","author":{"@id":"https:\/\/www.asajacyl.com\/avila\/#\/schema\/person\/51bbd29d94e00aa22d79c7b8c3c404e6"},"description":"Desde el 23 de marzo al 20 de abril pueden presentarse solicitudes a la l\u00ednea de subvenciones a las inversiones de creaci\u00f3n, mejora o ampliaci\u00f3n, a","breadcrumb":{"@id":"https:\/\/www.asajacyl.com\/avila\/servicios-socio\/ya-pueden-solicitarse-las-ayudas-a-infraestructuras-en-pastos-que-mejoren-la-bioseguridad-de-las-explotaciones-ganaderas#breadcrumb"},"inLanguage":"es","potentialAction":[{"@type":"ReadAction","target":["https:\/\/www.asajacyl.com\/avila\/servicios-socio\/ya-pueden-solicitarse-las-ayudas-a-infraestructuras-en-pastos-que-mejoren-la-bioseguridad-de-las-explotaciones-ganaderas"]}]},{"@type":"ImageObject","inLanguage":"es","@id":"https:\/\/www.asajacyl.com\/avila\/servicios-socio\/ya-pueden-solicitarse-las-ayudas-a-infraestructuras-en-pastos-que-mejoren-la-bioseguridad-de-las-explotaciones-ganaderas#primaryimage","url":"https:\/\/www.asajacyl.com\/avila\/wp-content\/uploads\/sites\/4\/2017\/11\/im_predefinida_1920x1080.jpg","contentUrl":"https:\/\/www.asajacyl.com\/avila\/wp-content\/uploads\/sites\/4\/2017\/11\/im_predefinida_1920x1080.jpg","width":1920,"height":1080,"caption":"Logotipo ASAJA \u00c1vila"},{"@type":"BreadcrumbList","@id":"https:\/\/www.asajacyl.com\/avila\/servicios-socio\/ya-pueden-solicitarse-las-ayudas-a-infraestructuras-en-pastos-que-mejoren-la-bioseguridad-de-las-explotaciones-ganaderas#breadcrumb","itemListElement":[{"@type":"ListItem","position":1,"name":"Portada","item":"https:\/\/www.asajacyl.com\/avila\/"},{"@type":"ListItem","position":2,"name":"Ya pueden solicitarse las ayudas a infraestructuras en pastos que mejoren la bioseguridad de las explotaciones ganaderas"}]},{"@type":"WebSite","@id":"https:\/\/www.asajacyl.com\/avila\/#website","url":"https:\/\/www.asajacyl.com\/avila\/","name":"ASAJA \u00c1vila","description":"Otro sitio m\u00e1s de Provincias ASAJA Castilla y Le\u00f3n","potentialAction":[{"@type":"SearchAction","target":{"@type":"EntryPoint","urlTemplate":"https:\/\/www.asajacyl.com\/avila\/?s={search_term_string}"},"query-input":{"@type":"PropertyValueSpecification","valueRequired":true,"valueName":"search_term_string"}}],"inLanguage":"es"},{"@type":"Person","@id":"https:\/\/www.asajacyl.com\/avila\/#\/schema\/person\/51bbd29d94e00aa22d79c7b8c3c404e6","name":"comunicacion","image":{"@type":"ImageObject","inLanguage":"es","@id":"https:\/\/www.asajacyl.com\/avila\/#\/schema\/person\/image\/","url":"https:\/\/secure.gravatar.com\/avatar\/dacd6ac12f2f802c39afce565d232781?s=96&d=mm&r=g","contentUrl":"https:\/\/secure.gravatar.com\/avatar\/dacd6ac12f2f802c39afce565d232781?s=96&d=mm&r=g","caption":"comunicacion"},"url":"https:\/\/www.asajacyl.com\/avila\/author\/comunicacion"}]}},"_links":{"self":[{"href":"https:\/\/www.asajacyl.com\/avila\/wp-json\/wp\/v2\/posts\/6495"}],"collection":[{"href":"https:\/\/www.asajacyl.com\/avila\/wp-json\/wp\/v2\/posts"}],"about":[{"href":"https:\/\/www.asajacyl.com\/avila\/wp-json\/wp\/v2\/types\/post"}],"author":[{"embeddable":true,"href":"https:\/\/www.asajacyl.com\/avila\/wp-json\/wp\/v2\/users\/16"}],"replies":[{"embeddable":true,"href":"https:\/\/www.asajacyl.com\/avila\/wp-json\/wp\/v2\/comments?post=6495"}],"version-history":[{"count":3,"href":"https:\/\/www.asajacyl.com\/avila\/wp-json\/wp\/v2\/posts\/6495\/revisions"}],"predecessor-version":[{"id":6512,"href":"https:\/\/www.asajacyl.com\/avila\/wp-json\/wp\/v2\/posts\/6495\/revisions\/6512"}],"wp:featuredmedia":[{"embeddable":true,"href":"https:\/\/www.asajacyl.com\/avila\/wp-json\/wp\/v2\/media\/794"}],"wp:attachment":[{"href":"https:\/\/www.asajacyl.com\/avila\/wp-json\/wp\/v2\/media?parent=6495"}],"wp:term":[{"taxonomy":"category","embeddable":true,"href":"https:\/\/www.asajacyl.com\/avila\/wp-json\/wp\/v2\/categories?post=6495"},{"taxonomy":"post_tag","embeddable":true,"href":"https:\/\/www.asajacyl.com\/avila\/wp-json\/wp\/v2\/tags?post=6495"}],"curies":[{"name":"wp","href":"https:\/\/api.w.org\/{rel}","templated":true}]}}