{"id":6515,"date":"2022-04-01T08:59:39","date_gmt":"2022-04-01T06:59:39","guid":{"rendered":"https:\/\/www.asajacyl.com\/avila\/?p=6515"},"modified":"2022-04-01T08:59:41","modified_gmt":"2022-04-01T06:59:41","slug":"subvenciones-directas-a-los-ganaderos-de-vacuno-de-leche","status":"publish","type":"post","link":"https:\/\/www.asajacyl.com\/avila\/servicios-socio\/subvenciones-directas-a-los-ganaderos-de-vacuno-de-leche","title":{"rendered":"Subvenciones directas a los ganaderos de vacuno de leche"},"content":{"rendered":"\n<p>Dentro del paquete de ayudas para el sector agrario y pesquero aprobado por el Consejo de ministros, con motivo de la crisis econ\u00f3mica derivada de la guerra en Ucrania, la mayor partida ser\u00e1 la dirigida a los productores de leche espa\u00f1ol, que contar\u00e1 con 169 millones de euros en ayudas directas. El sector l\u00e1cteo es sin duda uno de los m\u00e1s afectados por el incremento de los costes por el precio de la electricidad, los piensos de alimentaci\u00f3n animal y los combustibles, por lo que&nbsp;<strong>ASAJA subraya que esta ayuda, pese a ser importante, no cubrir\u00e1 las p\u00e9rdidas, que deben ser atajadas en primer lugar con un precio de venta digno y la moderaci\u00f3n en unos costes de producci\u00f3n que hoy est\u00e1n desbocados.<\/strong><\/p>\n\n\n\n<p>De esta cantidad, 124 millones de euros son para el sector productor de&nbsp;<strong>leche de vaca<\/strong>&nbsp;(210 euros por vaca hasta un m\u00e1ximo de 40 animales por beneficiario, 140 euros por animal entre 41 y 180 cabezas; y 100 euros por m\u00e1s de 180 vacas); 32,3 millones de euros para los productores de&nbsp;<strong>leche de oveja<\/strong>&nbsp;(15 euros por animal); y 12,7 millones de euros para los de<strong>&nbsp;leche de cabra<\/strong>&nbsp;(10 euros por cabeza).<\/p>\n\n\n\n<p>Es importante destacar que el i<strong>mporte m\u00e1ximo a percibir por empresa no podr\u00e1 superar los 35.000 euros<\/strong>. Eso significa que el n\u00famero de animales m\u00e1ximo por el que se recibir\u00e1 ayuda ser\u00e1 de 250 vacas, en el caso del vacuno de leche; 2.330 ovejas, el ovino lechero, y 3.500 cabras, en caprino de leche. Estos l\u00edmites afectar\u00e1n especialmente en el vacuno de leche, donde por razones productivas las explotaciones deben tener mayor dimensi\u00f3n, tal como apunta ASAJA.<\/p>\n\n\n\n<p>Estas ayudas&nbsp;<strong>se gestionar\u00e1n de forma urgente e inmediata, una vez entre en vigor el real decreto-ley, y se tramitar\u00e1n de oficio<\/strong>, es decir, ser\u00e1 el propio Ministerio el que publique pr\u00f3ximamente una relaci\u00f3n de los titulares de las explotaciones que re\u00fanan los requisitos requeridos, el n\u00famero de cabezas de ganado computadas y la cuant\u00eda provisional de la ayuda a recibir.<\/p>\n","protected":false},"excerpt":{"rendered":"<p>Dentro del paquete de ayudas para el sector agrario y pesquero aprobado por el Consejo de ministros, con motivo de la crisis econ\u00f3mica derivada de la guerra en Ucrania, la mayor partida ser\u00e1 la dirigida a los productores de leche espa\u00f1ol, que contar\u00e1 con 169 millones de euros en ayudas directas. El sector l\u00e1cteo es [&hellip;]<\/p>\n","protected":false},"author":16,"featured_media":794,"comment_status":"open","ping_status":"open","sticky":false,"template":"","format":"standard","meta":{"footnotes":""},"categories":[46,9],"tags":[],"yoast_head":"<!-- This site is optimized with the Yoast SEO plugin v24.5 - https:\/\/yoast.com\/wordpress\/plugins\/seo\/ -->\n<title>Subvenciones directas a los ganaderos de vacuno de leche - ASAJA \u00c1vila<\/title>\n<meta name=\"description\" content=\"Dentro del paquete de ayudas para el sector agrario y pesquero aprobado por el Consejo de ministros, con motivo de la crisis econ\u00f3mica derivada de la\" \/>\n<meta name=\"robots\" content=\"index, follow, max-snippet:-1, max-image-preview:large, max-video-preview:-1\" \/>\n<link rel=\"canonical\" href=\"https:\/\/www.asajacyl.com\/avila\/servicios-socio\/subvenciones-directas-a-los-ganaderos-de-vacuno-de-leche\" \/>\n<meta property=\"og:locale\" content=\"es_ES\" \/>\n<meta property=\"og:type\" content=\"article\" \/>\n<meta property=\"og:title\" content=\"Subvenciones directas a los ganaderos de vacuno de leche - ASAJA \u00c1vila\" \/>\n<meta property=\"og:description\" content=\"Dentro del paquete de ayudas para el sector agrario y pesquero aprobado por el Consejo de ministros, con motivo de la crisis econ\u00f3mica derivada de la\" \/>\n<meta property=\"og:url\" content=\"https:\/\/www.asajacyl.com\/avila\/servicios-socio\/subvenciones-directas-a-los-ganaderos-de-vacuno-de-leche\" \/>\n<meta property=\"og:site_name\" content=\"ASAJA \u00c1vila\" \/>\n<meta property=\"article:published_time\" content=\"2022-04-01T06:59:39+00:00\" \/>\n<meta property=\"article:modified_time\" content=\"2022-04-01T06:59:41+00:00\" \/>\n<meta name=\"author\" content=\"comunicacion\" \/>\n<meta name=\"twitter:card\" content=\"summary_large_image\" \/>\n<meta name=\"twitter:label1\" content=\"Escrito por\" \/>\n\t<meta name=\"twitter:data1\" content=\"comunicacion\" \/>\n\t<meta name=\"twitter:label2\" content=\"Tiempo de lectura\" \/>\n\t<meta name=\"twitter:data2\" content=\"2 minutos\" \/>\n<script type=\"application\/ld+json\" class=\"yoast-schema-graph\">{\"@context\":\"https:\/\/schema.org\",\"@graph\":[{\"@type\":\"WebPage\",\"@id\":\"https:\/\/www.asajacyl.com\/avila\/servicios-socio\/subvenciones-directas-a-los-ganaderos-de-vacuno-de-leche\",\"url\":\"https:\/\/www.asajacyl.com\/avila\/servicios-socio\/subvenciones-directas-a-los-ganaderos-de-vacuno-de-leche\",\"name\":\"Subvenciones directas a los ganaderos de vacuno de leche - ASAJA \u00c1vila\",\"isPartOf\":{\"@id\":\"https:\/\/www.asajacyl.com\/avila\/#website\"},\"primaryImageOfPage\":{\"@id\":\"https:\/\/www.asajacyl.com\/avila\/servicios-socio\/subvenciones-directas-a-los-ganaderos-de-vacuno-de-leche#primaryimage\"},\"image\":{\"@id\":\"https:\/\/www.asajacyl.com\/avila\/servicios-socio\/subvenciones-directas-a-los-ganaderos-de-vacuno-de-leche#primaryimage\"},\"thumbnailUrl\":\"https:\/\/www.asajacyl.com\/avila\/wp-content\/uploads\/sites\/4\/2017\/11\/im_predefinida_1920x1080.jpg\",\"datePublished\":\"2022-04-01T06:59:39+00:00\",\"dateModified\":\"2022-04-01T06:59:41+00:00\",\"author\":{\"@id\":\"https:\/\/www.asajacyl.com\/avila\/#\/schema\/person\/51bbd29d94e00aa22d79c7b8c3c404e6\"},\"description\":\"Dentro del paquete de ayudas para el sector agrario y pesquero aprobado por el Consejo de ministros, con motivo de la crisis econ\u00f3mica derivada de la\",\"breadcrumb\":{\"@id\":\"https:\/\/www.asajacyl.com\/avila\/servicios-socio\/subvenciones-directas-a-los-ganaderos-de-vacuno-de-leche#breadcrumb\"},\"inLanguage\":\"es\",\"potentialAction\":[{\"@type\":\"ReadAction\",\"target\":[\"https:\/\/www.asajacyl.com\/avila\/servicios-socio\/subvenciones-directas-a-los-ganaderos-de-vacuno-de-leche\"]}]},{\"@type\":\"ImageObject\",\"inLanguage\":\"es\",\"@id\":\"https:\/\/www.asajacyl.com\/avila\/servicios-socio\/subvenciones-directas-a-los-ganaderos-de-vacuno-de-leche#primaryimage\",\"url\":\"https:\/\/www.asajacyl.com\/avila\/wp-content\/uploads\/sites\/4\/2017\/11\/im_predefinida_1920x1080.jpg\",\"contentUrl\":\"https:\/\/www.asajacyl.com\/avila\/wp-content\/uploads\/sites\/4\/2017\/11\/im_predefinida_1920x1080.jpg\",\"width\":1920,\"height\":1080,\"caption\":\"Logotipo ASAJA \u00c1vila\"},{\"@type\":\"BreadcrumbList\",\"@id\":\"https:\/\/www.asajacyl.com\/avila\/servicios-socio\/subvenciones-directas-a-los-ganaderos-de-vacuno-de-leche#breadcrumb\",\"itemListElement\":[{\"@type\":\"ListItem\",\"position\":1,\"name\":\"Portada\",\"item\":\"https:\/\/www.asajacyl.com\/avila\/\"},{\"@type\":\"ListItem\",\"position\":2,\"name\":\"Subvenciones directas a los ganaderos de vacuno de leche\"}]},{\"@type\":\"WebSite\",\"@id\":\"https:\/\/www.asajacyl.com\/avila\/#website\",\"url\":\"https:\/\/www.asajacyl.com\/avila\/\",\"name\":\"ASAJA \u00c1vila\",\"description\":\"Otro sitio m\u00e1s de Provincias ASAJA Castilla y Le\u00f3n\",\"potentialAction\":[{\"@type\":\"SearchAction\",\"target\":{\"@type\":\"EntryPoint\",\"urlTemplate\":\"https:\/\/www.asajacyl.com\/avila\/?s={search_term_string}\"},\"query-input\":{\"@type\":\"PropertyValueSpecification\",\"valueRequired\":true,\"valueName\":\"search_term_string\"}}],\"inLanguage\":\"es\"},{\"@type\":\"Person\",\"@id\":\"https:\/\/www.asajacyl.com\/avila\/#\/schema\/person\/51bbd29d94e00aa22d79c7b8c3c404e6\",\"name\":\"comunicacion\",\"image\":{\"@type\":\"ImageObject\",\"inLanguage\":\"es\",\"@id\":\"https:\/\/www.asajacyl.com\/avila\/#\/schema\/person\/image\/\",\"url\":\"https:\/\/secure.gravatar.com\/avatar\/dacd6ac12f2f802c39afce565d232781?s=96&d=mm&r=g\",\"contentUrl\":\"https:\/\/secure.gravatar.com\/avatar\/dacd6ac12f2f802c39afce565d232781?s=96&d=mm&r=g\",\"caption\":\"comunicacion\"},\"url\":\"https:\/\/www.asajacyl.com\/avila\/author\/comunicacion\"}]}<\/script>\n<!-- \/ Yoast SEO plugin. -->","yoast_head_json":{"title":"Subvenciones directas a los ganaderos de vacuno de leche - ASAJA \u00c1vila","description":"Dentro del paquete de ayudas para el sector agrario y pesquero aprobado por el Consejo de ministros, con motivo de la crisis econ\u00f3mica derivada de la","robots":{"index":"index","follow":"follow","max-snippet":"max-snippet:-1","max-image-preview":"max-image-preview:large","max-video-preview":"max-video-preview:-1"},"canonical":"https:\/\/www.asajacyl.com\/avila\/servicios-socio\/subvenciones-directas-a-los-ganaderos-de-vacuno-de-leche","og_locale":"es_ES","og_type":"article","og_title":"Subvenciones directas a los ganaderos de vacuno de leche - ASAJA \u00c1vila","og_description":"Dentro del paquete de ayudas para el sector agrario y pesquero aprobado por el Consejo de ministros, con motivo de la crisis econ\u00f3mica derivada de la","og_url":"https:\/\/www.asajacyl.com\/avila\/servicios-socio\/subvenciones-directas-a-los-ganaderos-de-vacuno-de-leche","og_site_name":"ASAJA \u00c1vila","article_published_time":"2022-04-01T06:59:39+00:00","article_modified_time":"2022-04-01T06:59:41+00:00","author":"comunicacion","twitter_card":"summary_large_image","twitter_misc":{"Escrito por":"comunicacion","Tiempo de lectura":"2 minutos"},"schema":{"@context":"https:\/\/schema.org","@graph":[{"@type":"WebPage","@id":"https:\/\/www.asajacyl.com\/avila\/servicios-socio\/subvenciones-directas-a-los-ganaderos-de-vacuno-de-leche","url":"https:\/\/www.asajacyl.com\/avila\/servicios-socio\/subvenciones-directas-a-los-ganaderos-de-vacuno-de-leche","name":"Subvenciones directas a los ganaderos de vacuno de leche - ASAJA \u00c1vila","isPartOf":{"@id":"https:\/\/www.asajacyl.com\/avila\/#website"},"primaryImageOfPage":{"@id":"https:\/\/www.asajacyl.com\/avila\/servicios-socio\/subvenciones-directas-a-los-ganaderos-de-vacuno-de-leche#primaryimage"},"image":{"@id":"https:\/\/www.asajacyl.com\/avila\/servicios-socio\/subvenciones-directas-a-los-ganaderos-de-vacuno-de-leche#primaryimage"},"thumbnailUrl":"https:\/\/www.asajacyl.com\/avila\/wp-content\/uploads\/sites\/4\/2017\/11\/im_predefinida_1920x1080.jpg","datePublished":"2022-04-01T06:59:39+00:00","dateModified":"2022-04-01T06:59:41+00:00","author":{"@id":"https:\/\/www.asajacyl.com\/avila\/#\/schema\/person\/51bbd29d94e00aa22d79c7b8c3c404e6"},"description":"Dentro del paquete de ayudas para el sector agrario y pesquero aprobado por el Consejo de ministros, con motivo de la crisis econ\u00f3mica derivada de la","breadcrumb":{"@id":"https:\/\/www.asajacyl.com\/avila\/servicios-socio\/subvenciones-directas-a-los-ganaderos-de-vacuno-de-leche#breadcrumb"},"inLanguage":"es","potentialAction":[{"@type":"ReadAction","target":["https:\/\/www.asajacyl.com\/avila\/servicios-socio\/subvenciones-directas-a-los-ganaderos-de-vacuno-de-leche"]}]},{"@type":"ImageObject","inLanguage":"es","@id":"https:\/\/www.asajacyl.com\/avila\/servicios-socio\/subvenciones-directas-a-los-ganaderos-de-vacuno-de-leche#primaryimage","url":"https:\/\/www.asajacyl.com\/avila\/wp-content\/uploads\/sites\/4\/2017\/11\/im_predefinida_1920x1080.jpg","contentUrl":"https:\/\/www.asajacyl.com\/avila\/wp-content\/uploads\/sites\/4\/2017\/11\/im_predefinida_1920x1080.jpg","width":1920,"height":1080,"caption":"Logotipo ASAJA \u00c1vila"},{"@type":"BreadcrumbList","@id":"https:\/\/www.asajacyl.com\/avila\/servicios-socio\/subvenciones-directas-a-los-ganaderos-de-vacuno-de-leche#breadcrumb","itemListElement":[{"@type":"ListItem","position":1,"name":"Portada","item":"https:\/\/www.asajacyl.com\/avila\/"},{"@type":"ListItem","position":2,"name":"Subvenciones directas a los ganaderos de vacuno de leche"}]},{"@type":"WebSite","@id":"https:\/\/www.asajacyl.com\/avila\/#website","url":"https:\/\/www.asajacyl.com\/avila\/","name":"ASAJA \u00c1vila","description":"Otro sitio m\u00e1s de Provincias ASAJA Castilla y Le\u00f3n","potentialAction":[{"@type":"SearchAction","target":{"@type":"EntryPoint","urlTemplate":"https:\/\/www.asajacyl.com\/avila\/?s={search_term_string}"},"query-input":{"@type":"PropertyValueSpecification","valueRequired":true,"valueName":"search_term_string"}}],"inLanguage":"es"},{"@type":"Person","@id":"https:\/\/www.asajacyl.com\/avila\/#\/schema\/person\/51bbd29d94e00aa22d79c7b8c3c404e6","name":"comunicacion","image":{"@type":"ImageObject","inLanguage":"es","@id":"https:\/\/www.asajacyl.com\/avila\/#\/schema\/person\/image\/","url":"https:\/\/secure.gravatar.com\/avatar\/dacd6ac12f2f802c39afce565d232781?s=96&d=mm&r=g","contentUrl":"https:\/\/secure.gravatar.com\/avatar\/dacd6ac12f2f802c39afce565d232781?s=96&d=mm&r=g","caption":"comunicacion"},"url":"https:\/\/www.asajacyl.com\/avila\/author\/comunicacion"}]}},"_links":{"self":[{"href":"https:\/\/www.asajacyl.com\/avila\/wp-json\/wp\/v2\/posts\/6515"}],"collection":[{"href":"https:\/\/www.asajacyl.com\/avila\/wp-json\/wp\/v2\/posts"}],"about":[{"href":"https:\/\/www.asajacyl.com\/avila\/wp-json\/wp\/v2\/types\/post"}],"author":[{"embeddable":true,"href":"https:\/\/www.asajacyl.com\/avila\/wp-json\/wp\/v2\/users\/16"}],"replies":[{"embeddable":true,"href":"https:\/\/www.asajacyl.com\/avila\/wp-json\/wp\/v2\/comments?post=6515"}],"version-history":[{"count":1,"href":"https:\/\/www.asajacyl.com\/avila\/wp-json\/wp\/v2\/posts\/6515\/revisions"}],"predecessor-version":[{"id":6516,"href":"https:\/\/www.asajacyl.com\/avila\/wp-json\/wp\/v2\/posts\/6515\/revisions\/6516"}],"wp:featuredmedia":[{"embeddable":true,"href":"https:\/\/www.asajacyl.com\/avila\/wp-json\/wp\/v2\/media\/794"}],"wp:attachment":[{"href":"https:\/\/www.asajacyl.com\/avila\/wp-json\/wp\/v2\/media?parent=6515"}],"wp:term":[{"taxonomy":"category","embeddable":true,"href":"https:\/\/www.asajacyl.com\/avila\/wp-json\/wp\/v2\/categories?post=6515"},{"taxonomy":"post_tag","embeddable":true,"href":"https:\/\/www.asajacyl.com\/avila\/wp-json\/wp\/v2\/tags?post=6515"}],"curies":[{"name":"wp","href":"https:\/\/api.w.org\/{rel}","templated":true}]}}