{"id":6521,"date":"2022-04-05T11:24:55","date_gmt":"2022-04-05T09:24:55","guid":{"rendered":"https:\/\/www.asajacyl.com\/avila\/?p=6521"},"modified":"2022-04-05T11:33:50","modified_gmt":"2022-04-05T09:33:50","slug":"lonja-semana-del-4-de-abril-de-2022","status":"publish","type":"post","link":"https:\/\/www.asajacyl.com\/avila\/servicios-socio\/lonja-semana-del-4-de-abril-de-2022","title":{"rendered":"Lonja, semana del 4 de abril de 2022"},"content":{"rendered":"\n<p><strong>LONJA AGROPECUARIA DE SALAMANCA<\/strong><\/p>\n\n\n\n<p><strong>Mesa de cereales<\/strong><\/p>\n\n\n\n<p><strong>TRIGO BLANDO<\/strong>&nbsp;&nbsp;&nbsp;&nbsp;&nbsp;&nbsp;&nbsp;&nbsp;&nbsp;&nbsp;&nbsp;&nbsp;&nbsp;&nbsp;&nbsp;&nbsp;&nbsp;&nbsp;&nbsp;&nbsp;&nbsp;&nbsp;&nbsp;&nbsp;&nbsp;&nbsp;&nbsp;&nbsp;&nbsp;&nbsp;&nbsp;&nbsp;&nbsp;&nbsp;&nbsp; <strong>365\u20ac\/Tn &nbsp;<\/strong> <strong><\/strong><\/p>\n\n\n\n<p><strong>CEBADA<\/strong>&nbsp;&nbsp;&nbsp;&nbsp;&nbsp;&nbsp;&nbsp;&nbsp;&nbsp;&nbsp;&nbsp;&nbsp;&nbsp;&nbsp;&nbsp;&nbsp;&nbsp;&nbsp;&nbsp;&nbsp;&nbsp;&nbsp;&nbsp;&nbsp;&nbsp;&nbsp;&nbsp;&nbsp;&nbsp;&nbsp;&nbsp;&nbsp;&nbsp;&nbsp;&nbsp;&nbsp;&nbsp;&nbsp;&nbsp;&nbsp;&nbsp;&nbsp;&nbsp;&nbsp;&nbsp;&nbsp;&nbsp;&nbsp;&nbsp;&nbsp;&nbsp;&nbsp;&nbsp;&nbsp; <strong>355\u20ac\/Tn &nbsp;<\/strong> <strong><\/strong><\/p>\n\n\n\n<p><strong>CENTENO<\/strong>&nbsp;&nbsp;&nbsp;&nbsp;&nbsp;&nbsp;&nbsp;&nbsp;&nbsp;&nbsp;&nbsp;&nbsp;&nbsp;&nbsp;&nbsp;&nbsp;&nbsp;&nbsp;&nbsp;&nbsp;&nbsp;&nbsp;&nbsp;&nbsp;&nbsp;&nbsp;&nbsp;&nbsp;&nbsp;&nbsp;&nbsp;&nbsp;&nbsp;&nbsp;&nbsp;&nbsp;&nbsp;&nbsp;&nbsp;&nbsp;&nbsp;&nbsp;&nbsp;&nbsp;&nbsp;&nbsp;&nbsp;&nbsp;&nbsp;&nbsp;&nbsp; <strong>352\u20ac\/Tn &nbsp;&nbsp;<\/strong> <strong><\/strong><\/p>\n\n\n\n<p><strong>MA\u00cdZ<\/strong>&nbsp;&nbsp;&nbsp;&nbsp;&nbsp;&nbsp;&nbsp;&nbsp;&nbsp;&nbsp;&nbsp;&nbsp;&nbsp;&nbsp;&nbsp;&nbsp;&nbsp;&nbsp;&nbsp;&nbsp;&nbsp;&nbsp;&nbsp;&nbsp;&nbsp;&nbsp;&nbsp;&nbsp;&nbsp;&nbsp;&nbsp;&nbsp;&nbsp;&nbsp;&nbsp;&nbsp;&nbsp;&nbsp;&nbsp;&nbsp;&nbsp;&nbsp;&nbsp;&nbsp;&nbsp;&nbsp;&nbsp;&nbsp;&nbsp;&nbsp;&nbsp;&nbsp;&nbsp;&nbsp;&nbsp;&nbsp;&nbsp;&nbsp;&nbsp;&nbsp;&nbsp;&nbsp;&nbsp; <strong>367\u20ac\/Tn &nbsp;<\/strong> <strong><\/strong><\/p>\n\n\n\n<p><strong>AVENA<\/strong><strong>&nbsp;&nbsp;&nbsp;&nbsp;&nbsp;&nbsp;&nbsp;&nbsp;&nbsp;&nbsp;&nbsp;&nbsp;&nbsp;&nbsp;&nbsp;&nbsp;&nbsp;&nbsp;&nbsp;&nbsp;&nbsp;&nbsp;&nbsp;&nbsp;&nbsp;&nbsp;&nbsp;&nbsp;&nbsp;&nbsp;&nbsp;&nbsp;&nbsp;&nbsp;&nbsp;&nbsp;&nbsp;&nbsp;&nbsp;&nbsp;&nbsp;&nbsp;&nbsp; 346\u20ac\/Tn &nbsp;<\/strong> <strong><\/strong><\/p>\n\n\n\n<p><strong>PAJA<\/strong><\/p>\n\n\n\n<p><strong>&nbsp;&nbsp;&nbsp;&nbsp;&nbsp;&nbsp;&nbsp;&nbsp;&nbsp;&nbsp;&nbsp; Paquete grande&nbsp;&nbsp;&nbsp;&nbsp;&nbsp;&nbsp;&nbsp;&nbsp;&nbsp;&nbsp;&nbsp;&nbsp;&nbsp;&nbsp;&nbsp;&nbsp;&nbsp;&nbsp;&nbsp;&nbsp; 51\u20ac\/Tn &nbsp;<\/strong> <strong><\/strong><\/p>\n\n\n\n<p>Ca\u00edda generalizada en las cotizaciones de la mesa de cereales de la lonja de Salamanca. Baja el precio del trigo blando y se sit\u00faa a 365 euros la tonelada, al igual que baja la cebada hasta los 355 euros por tonelada y el centeno tras su bajada se sit\u00faa en 352 euros por tonelada. El ma\u00edz tambi\u00e9n pierde cotizaci\u00f3n y se paga a 367 euros la tonelada. Adem\u00e1s, tambi\u00e9n cae la avena, cuya cotizaci\u00f3n se establece en 346 euros por tonelada.<\/p>\n\n\n\n<p>Si que encontramos una subida en la cotizaci\u00f3n de paquete de paja grande que continua una semana con una cotizaci\u00f3n de 51\u20ac por tonelada.<\/p>\n\n\n\n<p><\/p>\n\n\n\n<p><strong>LONJA AGROPECUARIA DE SEGOVIA<\/strong><\/p>\n\n\n\n<p><strong>Mesa del porcino blanco<\/strong><\/p>\n\n\n\n<p><strong>CERDO&nbsp; CEBADO<\/strong><strong>&nbsp; &nbsp;&nbsp;&nbsp;&nbsp;&nbsp;&nbsp;&nbsp;&nbsp;&nbsp;&nbsp;&nbsp; 1,47 \u20ac Kg vivo<\/strong><\/p>\n\n\n\n<p><strong>CERDO GRASO<\/strong><strong>&nbsp;&nbsp;&nbsp;&nbsp;&nbsp;&nbsp;&nbsp;&nbsp;&nbsp;&nbsp;&nbsp;&nbsp;&nbsp;&nbsp;&nbsp;&nbsp; 1,55 \u20ac Kg vivo<\/strong><\/p>\n\n\n\n<p><strong>COCHINILLO <\/strong>&nbsp;&nbsp;&nbsp;&nbsp;&nbsp;&nbsp;&nbsp;&nbsp;&nbsp;&nbsp;&nbsp;&nbsp;&nbsp;&nbsp;&nbsp;&nbsp;&nbsp;&nbsp;&nbsp;&nbsp;&nbsp;&nbsp;&nbsp;&nbsp;&nbsp; <strong>36,00 \u20ac\/unidad =<\/strong><strong><\/strong><\/p>\n\n\n\n<p>En la Mesa del Porcino Blanco de la Lonja de Segovia, encontramos un aumento en la cotizaci\u00f3n del cerdo cebado que alcanza los 1.47\u20ac por kilo vivo, tambi\u00e9n aumenta el precio del kilo de cerdo graso que se coloca en 1,55\u20ac.<\/p>\n\n\n\n<p>El cochinillo mantiene una semana m\u00e1s su cotizaci\u00f3n y se sit\u00faa en 36\u20ac.<\/p>\n\n\n\n<p><\/p>\n\n\n\n<p><strong>LONJA AGROPECUARIA DE SALAMANCA<\/strong><\/p>\n\n\n\n<p><strong>Mesa del porcino ib\u00e9rico<\/strong><\/p>\n\n\n\n<p><strong>CEBO DE CAMPO <\/strong>&nbsp;&nbsp;&nbsp;&nbsp;&nbsp;&nbsp;&nbsp;&nbsp;&nbsp;&nbsp;&nbsp;&nbsp;&nbsp;&nbsp;&nbsp; <strong>2,43 \u20ac\/Kg vivo<\/strong><\/p>\n\n\n\n<p><strong>CEBO<\/strong>&nbsp;&nbsp;&nbsp;&nbsp;&nbsp;&nbsp;&nbsp;&nbsp;&nbsp;&nbsp;&nbsp;&nbsp;&nbsp;&nbsp;&nbsp;&nbsp;&nbsp;&nbsp;&nbsp;&nbsp;&nbsp;&nbsp;&nbsp;&nbsp;&nbsp;&nbsp;&nbsp;&nbsp;&nbsp;&nbsp;&nbsp;&nbsp;&nbsp;&nbsp;&nbsp;&nbsp;&nbsp;&nbsp;&nbsp;&nbsp;&nbsp;&nbsp;&nbsp;&nbsp;&nbsp;&nbsp;&nbsp; <strong>2,21 \u20ac\/Kg vivo<\/strong><\/p>\n\n\n\n<p>Esta semana en la Mesa del Porcino Ib\u00e9rico de la Lonja de Salamanca encontramos un aumento de cotizaciones del porcino ib\u00e9rico de bellota. En el caso del cebo de campo sube su valor con respecto a la semana pasada y se sit\u00faa en 2,43 euros el kilo, el cebo tambi\u00e9n aumenta su cotizaci\u00f3n y alcanza los 2,21 euros por kilo vivo.<\/p>\n\n\n\n<p><\/p>\n\n\n\n<p><strong>LONJA AGROPECUARIA DE SALAMANCA<\/strong><\/p>\n\n\n\n<p><strong>Mesa de Ovino<\/strong><\/p>\n\n\n\n<p><strong>LECHAZO<\/strong><strong>&nbsp;&nbsp;&nbsp; &nbsp;&nbsp;&nbsp;&nbsp;&nbsp;&nbsp;&nbsp;&nbsp;&nbsp;&nbsp;&nbsp; 4,20 \u20ac\/Kg vivo =<\/strong><\/p>\n\n\n\n<p><strong>(de 13 a 15 kg)<\/strong><\/p>\n\n\n\n<p><strong>CORDERO<\/strong><strong>&nbsp;&nbsp; &nbsp;&nbsp;&nbsp;&nbsp;&nbsp;&nbsp;&nbsp;&nbsp;&nbsp;&nbsp;&nbsp; 3,85 \u20ac\/Kg vivo =<\/strong><\/p>\n\n\n\n<p><strong>&nbsp;(de 19 a 23 kg)<\/strong><\/p>\n\n\n\n<p>Sin cambios en la mesa de ovino de la lonja de Salamanca, esta semana continua la \u00a0cotizaci\u00f3n del lechazo de 13 a<strong> <\/strong>15<strong> <\/strong>kilos en 4,20 euros por kilo vivo, en el caso del cordero de 19 a 23 kilos tambi\u00e9n se mantiene la cotizaci\u00f3n en 3,85 euros por kilo vivo.<\/p>\n\n\n\n<p><\/p>\n\n\n\n<p><strong>MERCADO DE GANADOS DE TALAVERA DE LA REINA<\/strong><\/p>\n\n\n\n<p><strong>Cabrito lechal<\/strong>&nbsp;&nbsp;&nbsp;&nbsp;&nbsp;&nbsp;&nbsp;&nbsp;&nbsp;&nbsp;&nbsp;&nbsp;&nbsp;&nbsp;&nbsp;&nbsp;&nbsp;&nbsp;&nbsp;&nbsp;&nbsp;&nbsp;&nbsp;&nbsp;&nbsp;&nbsp;&nbsp;&nbsp;&nbsp;&nbsp; <strong>4,10 \u20ac\/Kg vivo =<\/strong><strong><\/strong><\/p>\n\n\n\n<p><strong>(entre 7 y 10 kg)<\/strong><\/p>\n\n\n\n<p>La carne de cabrito esta semana en el Mercado de Ganados de Talavera de la Reina mantiene su cotizaci\u00f3n a 4,10 euros por kilo vivo.<\/p>\n\n\n\n<p><\/p>\n\n\n\n<p><strong>LONJA AGROPECUARIA DE SALAMANCA<\/strong><\/p>\n\n\n\n<p><strong>Mesa de vacuno<\/strong><\/p>\n\n\n\n<p><strong>BOVINO DE CARNE<\/strong><strong>&nbsp;&nbsp;&nbsp;&nbsp;&nbsp;&nbsp;&nbsp;&nbsp;&nbsp;&nbsp;&nbsp;&nbsp;&nbsp;&nbsp;&nbsp;&nbsp;&nbsp;&nbsp;&nbsp;&nbsp; 4,93 \u20ac\/Kg canal&nbsp;<\/strong><\/p>\n\n\n\n<p><strong>(Menor de 12 meses)<\/strong><\/p>\n\n\n\n<p><strong>Primera macho<\/strong><\/p>\n\n\n\n<p><strong>BOVINO DE CARNE<\/strong>&nbsp;&nbsp;&nbsp;&nbsp;&nbsp;&nbsp;&nbsp;&nbsp;&nbsp;&nbsp;&nbsp;&nbsp;&nbsp;&nbsp;&nbsp;&nbsp;&nbsp;&nbsp;&nbsp;&nbsp;&nbsp;&nbsp;&nbsp;&nbsp;&nbsp;&nbsp; <strong>4,81\u20ac\/Kg canal <a>&nbsp;<\/a><\/strong><\/p>\n\n\n\n<p><strong>(Menor de 12 meses)<\/strong><\/p>\n\n\n\n<p><strong>Primera hembra 180 a 220 kg<\/strong><\/p>\n\n\n\n<p><strong>TERNERAS<\/strong><strong>&nbsp;&nbsp;&nbsp;&nbsp;&nbsp;&nbsp;&nbsp;&nbsp;&nbsp;&nbsp;&nbsp;&nbsp;&nbsp;&nbsp;&nbsp;&nbsp;&nbsp;&nbsp;&nbsp;&nbsp;&nbsp;&nbsp;&nbsp;&nbsp; &nbsp;&nbsp;&nbsp;&nbsp;&nbsp;&nbsp;&nbsp;&nbsp;&nbsp;&nbsp;&nbsp; 4,71 \u20ac\/Kg canal &nbsp;<\/strong><\/p>\n\n\n\n<p><strong>(Mayor de 12 meses)<\/strong><\/p>\n\n\n\n<p><strong>Primera mayor 270 kg<\/strong><\/p>\n\n\n\n<p><strong>A\u00d1OJOS<\/strong><strong>&nbsp;&nbsp;&nbsp;&nbsp;&nbsp;&nbsp;&nbsp;&nbsp;&nbsp;&nbsp;&nbsp;&nbsp;&nbsp;&nbsp;&nbsp;&nbsp;&nbsp;&nbsp;&nbsp;&nbsp;&nbsp;&nbsp;&nbsp;&nbsp;&nbsp;&nbsp;&nbsp;&nbsp;&nbsp;&nbsp;&nbsp;&nbsp;&nbsp;&nbsp;&nbsp;&nbsp;&nbsp;&nbsp;&nbsp;&nbsp;&nbsp;&nbsp; 4,80\u20ac\/Kg canal &nbsp;<\/strong><\/p>\n\n\n\n<p><strong>Primera mayor 350 kg<\/strong><\/p>\n\n\n\n<p><strong>NOVILLOS<\/strong><strong>&nbsp;&nbsp;&nbsp;&nbsp;&nbsp;&nbsp;&nbsp;&nbsp;&nbsp;&nbsp;&nbsp;&nbsp;&nbsp;&nbsp;&nbsp;&nbsp;&nbsp;&nbsp;&nbsp;&nbsp;&nbsp;&nbsp;&nbsp;&nbsp;&nbsp; &nbsp;&nbsp;&nbsp;&nbsp;&nbsp;&nbsp;&nbsp;&nbsp;&nbsp;&nbsp;&nbsp; 2,88 \u20ac\/Kg canal &nbsp;<\/strong><\/p>\n\n\n\n<p><strong>Primera<\/strong><\/p>\n\n\n\n<p>Aumento de cotizaciones generalizada en la Mesa de Vacuno de la Lonja de Salamanca de esta semana. La cotizaci\u00f3n del bovino de carne menor de 12 meses primera macho se aumenta hasta los 4,93 euros por kilo canal. En el caso del bovino de carne menor de 12 meses, primera hembra, su cotizaci\u00f3n aumenta hasta los 4,81\u20ac el kilo. La ternera sube su cotizaci\u00f3n y alcanza los 4,71\u20ac por kilo, tambi\u00e9n suben los a\u00f1ojos que se colocan a 4,80\u20ac el kilo. Por \u00faltimo, los novillos alcanzan los 2,88 euros por kilo canal.<\/p>\n","protected":false},"excerpt":{"rendered":"<p>LONJA AGROPECUARIA DE SALAMANCA Mesa de cereales TRIGO BLANDO&nbsp;&nbsp;&nbsp;&nbsp;&nbsp;&nbsp;&nbsp;&nbsp;&nbsp;&nbsp;&nbsp;&nbsp;&nbsp;&nbsp;&nbsp;&nbsp;&nbsp;&nbsp;&nbsp;&nbsp;&nbsp;&nbsp;&nbsp;&nbsp;&nbsp;&nbsp;&nbsp;&nbsp;&nbsp;&nbsp;&nbsp;&nbsp;&nbsp;&nbsp;&nbsp; 365\u20ac\/Tn &nbsp; CEBADA&nbsp;&nbsp;&nbsp;&nbsp;&nbsp;&nbsp;&nbsp;&nbsp;&nbsp;&nbsp;&nbsp;&nbsp;&nbsp;&nbsp;&nbsp;&nbsp;&nbsp;&nbsp;&nbsp;&nbsp;&nbsp;&nbsp;&nbsp;&nbsp;&nbsp;&nbsp;&nbsp;&nbsp;&nbsp;&nbsp;&nbsp;&nbsp;&nbsp;&nbsp;&nbsp;&nbsp;&nbsp;&nbsp;&nbsp;&nbsp;&nbsp;&nbsp;&nbsp;&nbsp;&nbsp;&nbsp;&nbsp;&nbsp;&nbsp;&nbsp;&nbsp;&nbsp;&nbsp;&nbsp; 355\u20ac\/Tn &nbsp; CENTENO&nbsp;&nbsp;&nbsp;&nbsp;&nbsp;&nbsp;&nbsp;&nbsp;&nbsp;&nbsp;&nbsp;&nbsp;&nbsp;&nbsp;&nbsp;&nbsp;&nbsp;&nbsp;&nbsp;&nbsp;&nbsp;&nbsp;&nbsp;&nbsp;&nbsp;&nbsp;&nbsp;&nbsp;&nbsp;&nbsp;&nbsp;&nbsp;&nbsp;&nbsp;&nbsp;&nbsp;&nbsp;&nbsp;&nbsp;&nbsp;&nbsp;&nbsp;&nbsp;&nbsp;&nbsp;&nbsp;&nbsp;&nbsp;&nbsp;&nbsp;&nbsp; 352\u20ac\/Tn &nbsp;&nbsp; MA\u00cdZ&nbsp;&nbsp;&nbsp;&nbsp;&nbsp;&nbsp;&nbsp;&nbsp;&nbsp;&nbsp;&nbsp;&nbsp;&nbsp;&nbsp;&nbsp;&nbsp;&nbsp;&nbsp;&nbsp;&nbsp;&nbsp;&nbsp;&nbsp;&nbsp;&nbsp;&nbsp;&nbsp;&nbsp;&nbsp;&nbsp;&nbsp;&nbsp;&nbsp;&nbsp;&nbsp;&nbsp;&nbsp;&nbsp;&nbsp;&nbsp;&nbsp;&nbsp;&nbsp;&nbsp;&nbsp;&nbsp;&nbsp;&nbsp;&nbsp;&nbsp;&nbsp;&nbsp;&nbsp;&nbsp;&nbsp;&nbsp;&nbsp;&nbsp;&nbsp;&nbsp;&nbsp;&nbsp;&nbsp; 367\u20ac\/Tn &nbsp; AVENA&nbsp;&nbsp;&nbsp;&nbsp;&nbsp;&nbsp;&nbsp;&nbsp;&nbsp;&nbsp;&nbsp;&nbsp;&nbsp;&nbsp;&nbsp;&nbsp;&nbsp;&nbsp;&nbsp;&nbsp;&nbsp;&nbsp;&nbsp;&nbsp;&nbsp;&nbsp;&nbsp;&nbsp;&nbsp;&nbsp;&nbsp;&nbsp;&nbsp;&nbsp;&nbsp;&nbsp;&nbsp;&nbsp;&nbsp;&nbsp;&nbsp;&nbsp;&nbsp; 346\u20ac\/Tn &nbsp; PAJA &nbsp;&nbsp;&nbsp;&nbsp;&nbsp;&nbsp;&nbsp;&nbsp;&nbsp;&nbsp;&nbsp; Paquete grande&nbsp;&nbsp;&nbsp;&nbsp;&nbsp;&nbsp;&nbsp;&nbsp;&nbsp;&nbsp;&nbsp;&nbsp;&nbsp;&nbsp;&nbsp;&nbsp;&nbsp;&nbsp;&nbsp;&nbsp; 51\u20ac\/Tn &nbsp; Ca\u00edda generalizada en las cotizaciones de la mesa de cereales de la lonja de Salamanca. Baja el precio del trigo blando y se sit\u00faa a 365 [&hellip;]<\/p>\n","protected":false},"author":16,"featured_media":5681,"comment_status":"open","ping_status":"open","sticky":false,"template":"","format":"standard","meta":{"footnotes":""},"categories":[44,45,9],"tags":[],"yoast_head":"<!-- This site is optimized with the Yoast SEO plugin v24.5 - https:\/\/yoast.com\/wordpress\/plugins\/seo\/ -->\n<title>Lonja, semana del 4 de abril de 2022 - ASAJA \u00c1vila<\/title>\n<meta name=\"description\" content=\"LONJA AGROPECUARIA DE SALAMANCA Mesa de cereales TRIGO\" \/>\n<meta name=\"robots\" content=\"index, follow, max-snippet:-1, max-image-preview:large, max-video-preview:-1\" \/>\n<link rel=\"canonical\" href=\"https:\/\/www.asajacyl.com\/avila\/servicios-socio\/lonja-semana-del-4-de-abril-de-2022\" \/>\n<meta property=\"og:locale\" content=\"es_ES\" \/>\n<meta property=\"og:type\" content=\"article\" \/>\n<meta property=\"og:title\" content=\"Lonja, semana del 4 de abril de 2022 - ASAJA \u00c1vila\" \/>\n<meta property=\"og:description\" content=\"LONJA AGROPECUARIA DE SALAMANCA Mesa de cereales TRIGO\" \/>\n<meta property=\"og:url\" content=\"https:\/\/www.asajacyl.com\/avila\/servicios-socio\/lonja-semana-del-4-de-abril-de-2022\" \/>\n<meta property=\"og:site_name\" content=\"ASAJA \u00c1vila\" \/>\n<meta property=\"article:published_time\" content=\"2022-04-05T09:24:55+00:00\" \/>\n<meta property=\"article:modified_time\" content=\"2022-04-05T09:33:50+00:00\" \/>\n<meta property=\"og:image\" content=\"https:\/\/www.asajacyl.com\/avila\/wp-content\/uploads\/sites\/4\/2020\/03\/LONJAS_ASAJA-150x150.jpg\" \/>\n\t<meta property=\"og:image:width\" content=\"150\" \/>\n\t<meta property=\"og:image:height\" content=\"150\" \/>\n\t<meta property=\"og:image:type\" content=\"image\/jpeg\" \/>\n<meta name=\"author\" content=\"comunicacion\" \/>\n<meta name=\"twitter:card\" content=\"summary_large_image\" \/>\n<meta name=\"twitter:label1\" content=\"Escrito por\" \/>\n\t<meta name=\"twitter:data1\" content=\"comunicacion\" \/>\n\t<meta name=\"twitter:label2\" content=\"Tiempo de lectura\" \/>\n\t<meta name=\"twitter:data2\" content=\"3 minutos\" \/>\n<script type=\"application\/ld+json\" class=\"yoast-schema-graph\">{\"@context\":\"https:\/\/schema.org\",\"@graph\":[{\"@type\":\"WebPage\",\"@id\":\"https:\/\/www.asajacyl.com\/avila\/servicios-socio\/lonja-semana-del-4-de-abril-de-2022\",\"url\":\"https:\/\/www.asajacyl.com\/avila\/servicios-socio\/lonja-semana-del-4-de-abril-de-2022\",\"name\":\"Lonja, semana del 4 de abril de 2022 - ASAJA \u00c1vila\",\"isPartOf\":{\"@id\":\"https:\/\/www.asajacyl.com\/avila\/#website\"},\"primaryImageOfPage\":{\"@id\":\"https:\/\/www.asajacyl.com\/avila\/servicios-socio\/lonja-semana-del-4-de-abril-de-2022#primaryimage\"},\"image\":{\"@id\":\"https:\/\/www.asajacyl.com\/avila\/servicios-socio\/lonja-semana-del-4-de-abril-de-2022#primaryimage\"},\"thumbnailUrl\":\"https:\/\/www.asajacyl.com\/avila\/wp-content\/uploads\/sites\/4\/2020\/03\/LONJAS_ASAJA-150x150.jpg\",\"datePublished\":\"2022-04-05T09:24:55+00:00\",\"dateModified\":\"2022-04-05T09:33:50+00:00\",\"author\":{\"@id\":\"https:\/\/www.asajacyl.com\/avila\/#\/schema\/person\/51bbd29d94e00aa22d79c7b8c3c404e6\"},\"description\":\"LONJA AGROPECUARIA DE SALAMANCA Mesa de cereales TRIGO\",\"breadcrumb\":{\"@id\":\"https:\/\/www.asajacyl.com\/avila\/servicios-socio\/lonja-semana-del-4-de-abril-de-2022#breadcrumb\"},\"inLanguage\":\"es\",\"potentialAction\":[{\"@type\":\"ReadAction\",\"target\":[\"https:\/\/www.asajacyl.com\/avila\/servicios-socio\/lonja-semana-del-4-de-abril-de-2022\"]}]},{\"@type\":\"ImageObject\",\"inLanguage\":\"es\",\"@id\":\"https:\/\/www.asajacyl.com\/avila\/servicios-socio\/lonja-semana-del-4-de-abril-de-2022#primaryimage\",\"url\":\"https:\/\/www.asajacyl.com\/avila\/wp-content\/uploads\/sites\/4\/2020\/03\/LONJAS_ASAJA-150x150.jpg\",\"contentUrl\":\"https:\/\/www.asajacyl.com\/avila\/wp-content\/uploads\/sites\/4\/2020\/03\/LONJAS_ASAJA-150x150.jpg\",\"width\":150,\"height\":150},{\"@type\":\"BreadcrumbList\",\"@id\":\"https:\/\/www.asajacyl.com\/avila\/servicios-socio\/lonja-semana-del-4-de-abril-de-2022#breadcrumb\",\"itemListElement\":[{\"@type\":\"ListItem\",\"position\":1,\"name\":\"Portada\",\"item\":\"https:\/\/www.asajacyl.com\/avila\/\"},{\"@type\":\"ListItem\",\"position\":2,\"name\":\"Lonja, semana del 4 de abril de 2022\"}]},{\"@type\":\"WebSite\",\"@id\":\"https:\/\/www.asajacyl.com\/avila\/#website\",\"url\":\"https:\/\/www.asajacyl.com\/avila\/\",\"name\":\"ASAJA \u00c1vila\",\"description\":\"Otro sitio m\u00e1s de Provincias ASAJA Castilla y Le\u00f3n\",\"potentialAction\":[{\"@type\":\"SearchAction\",\"target\":{\"@type\":\"EntryPoint\",\"urlTemplate\":\"https:\/\/www.asajacyl.com\/avila\/?s={search_term_string}\"},\"query-input\":{\"@type\":\"PropertyValueSpecification\",\"valueRequired\":true,\"valueName\":\"search_term_string\"}}],\"inLanguage\":\"es\"},{\"@type\":\"Person\",\"@id\":\"https:\/\/www.asajacyl.com\/avila\/#\/schema\/person\/51bbd29d94e00aa22d79c7b8c3c404e6\",\"name\":\"comunicacion\",\"image\":{\"@type\":\"ImageObject\",\"inLanguage\":\"es\",\"@id\":\"https:\/\/www.asajacyl.com\/avila\/#\/schema\/person\/image\/\",\"url\":\"https:\/\/secure.gravatar.com\/avatar\/dacd6ac12f2f802c39afce565d232781?s=96&d=mm&r=g\",\"contentUrl\":\"https:\/\/secure.gravatar.com\/avatar\/dacd6ac12f2f802c39afce565d232781?s=96&d=mm&r=g\",\"caption\":\"comunicacion\"},\"url\":\"https:\/\/www.asajacyl.com\/avila\/author\/comunicacion\"}]}<\/script>\n<!-- \/ Yoast SEO plugin. -->","yoast_head_json":{"title":"Lonja, semana del 4 de abril de 2022 - ASAJA \u00c1vila","description":"LONJA AGROPECUARIA DE SALAMANCA Mesa de cereales TRIGO","robots":{"index":"index","follow":"follow","max-snippet":"max-snippet:-1","max-image-preview":"max-image-preview:large","max-video-preview":"max-video-preview:-1"},"canonical":"https:\/\/www.asajacyl.com\/avila\/servicios-socio\/lonja-semana-del-4-de-abril-de-2022","og_locale":"es_ES","og_type":"article","og_title":"Lonja, semana del 4 de abril de 2022 - ASAJA \u00c1vila","og_description":"LONJA AGROPECUARIA DE SALAMANCA Mesa de cereales TRIGO","og_url":"https:\/\/www.asajacyl.com\/avila\/servicios-socio\/lonja-semana-del-4-de-abril-de-2022","og_site_name":"ASAJA \u00c1vila","article_published_time":"2022-04-05T09:24:55+00:00","article_modified_time":"2022-04-05T09:33:50+00:00","og_image":[{"width":150,"height":150,"url":"https:\/\/www.asajacyl.com\/avila\/wp-content\/uploads\/sites\/4\/2020\/03\/LONJAS_ASAJA-150x150.jpg","type":"image\/jpeg"}],"author":"comunicacion","twitter_card":"summary_large_image","twitter_misc":{"Escrito por":"comunicacion","Tiempo de lectura":"3 minutos"},"schema":{"@context":"https:\/\/schema.org","@graph":[{"@type":"WebPage","@id":"https:\/\/www.asajacyl.com\/avila\/servicios-socio\/lonja-semana-del-4-de-abril-de-2022","url":"https:\/\/www.asajacyl.com\/avila\/servicios-socio\/lonja-semana-del-4-de-abril-de-2022","name":"Lonja, semana del 4 de abril de 2022 - ASAJA \u00c1vila","isPartOf":{"@id":"https:\/\/www.asajacyl.com\/avila\/#website"},"primaryImageOfPage":{"@id":"https:\/\/www.asajacyl.com\/avila\/servicios-socio\/lonja-semana-del-4-de-abril-de-2022#primaryimage"},"image":{"@id":"https:\/\/www.asajacyl.com\/avila\/servicios-socio\/lonja-semana-del-4-de-abril-de-2022#primaryimage"},"thumbnailUrl":"https:\/\/www.asajacyl.com\/avila\/wp-content\/uploads\/sites\/4\/2020\/03\/LONJAS_ASAJA-150x150.jpg","datePublished":"2022-04-05T09:24:55+00:00","dateModified":"2022-04-05T09:33:50+00:00","author":{"@id":"https:\/\/www.asajacyl.com\/avila\/#\/schema\/person\/51bbd29d94e00aa22d79c7b8c3c404e6"},"description":"LONJA AGROPECUARIA DE SALAMANCA Mesa de cereales TRIGO","breadcrumb":{"@id":"https:\/\/www.asajacyl.com\/avila\/servicios-socio\/lonja-semana-del-4-de-abril-de-2022#breadcrumb"},"inLanguage":"es","potentialAction":[{"@type":"ReadAction","target":["https:\/\/www.asajacyl.com\/avila\/servicios-socio\/lonja-semana-del-4-de-abril-de-2022"]}]},{"@type":"ImageObject","inLanguage":"es","@id":"https:\/\/www.asajacyl.com\/avila\/servicios-socio\/lonja-semana-del-4-de-abril-de-2022#primaryimage","url":"https:\/\/www.asajacyl.com\/avila\/wp-content\/uploads\/sites\/4\/2020\/03\/LONJAS_ASAJA-150x150.jpg","contentUrl":"https:\/\/www.asajacyl.com\/avila\/wp-content\/uploads\/sites\/4\/2020\/03\/LONJAS_ASAJA-150x150.jpg","width":150,"height":150},{"@type":"BreadcrumbList","@id":"https:\/\/www.asajacyl.com\/avila\/servicios-socio\/lonja-semana-del-4-de-abril-de-2022#breadcrumb","itemListElement":[{"@type":"ListItem","position":1,"name":"Portada","item":"https:\/\/www.asajacyl.com\/avila\/"},{"@type":"ListItem","position":2,"name":"Lonja, semana del 4 de abril de 2022"}]},{"@type":"WebSite","@id":"https:\/\/www.asajacyl.com\/avila\/#website","url":"https:\/\/www.asajacyl.com\/avila\/","name":"ASAJA \u00c1vila","description":"Otro sitio m\u00e1s de Provincias ASAJA Castilla y Le\u00f3n","potentialAction":[{"@type":"SearchAction","target":{"@type":"EntryPoint","urlTemplate":"https:\/\/www.asajacyl.com\/avila\/?s={search_term_string}"},"query-input":{"@type":"PropertyValueSpecification","valueRequired":true,"valueName":"search_term_string"}}],"inLanguage":"es"},{"@type":"Person","@id":"https:\/\/www.asajacyl.com\/avila\/#\/schema\/person\/51bbd29d94e00aa22d79c7b8c3c404e6","name":"comunicacion","image":{"@type":"ImageObject","inLanguage":"es","@id":"https:\/\/www.asajacyl.com\/avila\/#\/schema\/person\/image\/","url":"https:\/\/secure.gravatar.com\/avatar\/dacd6ac12f2f802c39afce565d232781?s=96&d=mm&r=g","contentUrl":"https:\/\/secure.gravatar.com\/avatar\/dacd6ac12f2f802c39afce565d232781?s=96&d=mm&r=g","caption":"comunicacion"},"url":"https:\/\/www.asajacyl.com\/avila\/author\/comunicacion"}]}},"_links":{"self":[{"href":"https:\/\/www.asajacyl.com\/avila\/wp-json\/wp\/v2\/posts\/6521"}],"collection":[{"href":"https:\/\/www.asajacyl.com\/avila\/wp-json\/wp\/v2\/posts"}],"about":[{"href":"https:\/\/www.asajacyl.com\/avila\/wp-json\/wp\/v2\/types\/post"}],"author":[{"embeddable":true,"href":"https:\/\/www.asajacyl.com\/avila\/wp-json\/wp\/v2\/users\/16"}],"replies":[{"embeddable":true,"href":"https:\/\/www.asajacyl.com\/avila\/wp-json\/wp\/v2\/comments?post=6521"}],"version-history":[{"count":1,"href":"https:\/\/www.asajacyl.com\/avila\/wp-json\/wp\/v2\/posts\/6521\/revisions"}],"predecessor-version":[{"id":6522,"href":"https:\/\/www.asajacyl.com\/avila\/wp-json\/wp\/v2\/posts\/6521\/revisions\/6522"}],"wp:featuredmedia":[{"embeddable":true,"href":"https:\/\/www.asajacyl.com\/avila\/wp-json\/wp\/v2\/media\/5681"}],"wp:attachment":[{"href":"https:\/\/www.asajacyl.com\/avila\/wp-json\/wp\/v2\/media?parent=6521"}],"wp:term":[{"taxonomy":"category","embeddable":true,"href":"https:\/\/www.asajacyl.com\/avila\/wp-json\/wp\/v2\/categories?post=6521"},{"taxonomy":"post_tag","embeddable":true,"href":"https:\/\/www.asajacyl.com\/avila\/wp-json\/wp\/v2\/tags?post=6521"}],"curies":[{"name":"wp","href":"https:\/\/api.w.org\/{rel}","templated":true}]}}