{"id":6545,"date":"2022-05-04T13:51:13","date_gmt":"2022-05-04T11:51:13","guid":{"rendered":"https:\/\/www.asajacyl.com\/avila\/?p=6545"},"modified":"2022-05-04T13:51:15","modified_gmt":"2022-05-04T11:51:15","slug":"lonja-semana-03-de-mayo-de-2022","status":"publish","type":"post","link":"https:\/\/www.asajacyl.com\/avila\/servicios-socio\/lonja-semana-03-de-mayo-de-2022","title":{"rendered":"Lonja semana 03 de mayo de 2022"},"content":{"rendered":"\n<p><strong>LONJA AGROPECUARIA DE SALAMANCA<\/strong><\/p>\n\n\n\n<p><strong>Mesa de cereales<\/strong><\/p>\n\n\n\n<p><strong>TRIGO BLANDO<\/strong>\u00a0\u00a0\u00a0\u00a0\u00a0\u00a0\u00a0\u00a0\u00a0\u00a0\u00a0\u00a0\u00a0\u00a0\u00a0\u00a0\u00a0\u00a0\u00a0\u00a0\u00a0\u00a0\u00a0\u00a0\u00a0\u00a0\u00a0\u00a0\u00a0\u00a0\u00a0\u00a0\u00a0\u00a0\u00a0     <strong>365\u20ac\/Tn \u00a0<\/strong><\/p>\n\n\n\n<p><strong>CEBADA<\/strong>\u00a0\u00a0\u00a0\u00a0\u00a0\u00a0\u00a0\u00a0\u00a0\u00a0\u00a0\u00a0\u00a0\u00a0\u00a0\u00a0\u00a0\u00a0\u00a0\u00a0\u00a0\u00a0\u00a0\u00a0\u00a0\u00a0\u00a0\u00a0\u00a0\u00a0\u00a0\u00a0\u00a0\u00a0\u00a0\u00a0\u00a0\u00a0\u00a0\u00a0\u00a0\u00a0\u00a0\u00a0\u00a0\u00a0\u00a0\u00a0\u00a0\u00a0\u00a0<strong>355\u20ac\/Tn \u00a0<\/strong> <\/p>\n\n\n\n<p><strong>CENTENO<\/strong>\u00a0\u00a0\u00a0\u00a0\u00a0\u00a0\u00a0\u00a0\u00a0\u00a0\u00a0\u00a0\u00a0\u00a0\u00a0\u00a0\u00a0\u00a0\u00a0\u00a0\u00a0\u00a0\u00a0\u00a0\u00a0\u00a0\u00a0\u00a0\u00a0\u00a0\u00a0\u00a0\u00a0\u00a0\u00a0\u00a0\u00a0\u00a0\u00a0\u00a0\u00a0\u00a0\u00a0\u00a0\u00a0\u00a0\u00a0\u00a0\u00a0<strong>349\u20ac\/Tn \u00a0\u00a0<\/strong><\/p>\n\n\n\n<p><strong>MA\u00cdZ<\/strong>\u00a0\u00a0\u00a0\u00a0\u00a0\u00a0\u00a0\u00a0\u00a0\u00a0\u00a0\u00a0\u00a0\u00a0\u00a0\u00a0\u00a0\u00a0\u00a0\u00a0\u00a0\u00a0\u00a0\u00a0\u00a0\u00a0\u00a0\u00a0\u00a0\u00a0\u00a0\u00a0\u00a0\u00a0\u00a0\u00a0\u00a0\u00a0\u00a0\u00a0\u00a0\u00a0\u00a0\u00a0\u00a0\u00a0\u00a0\u00a0\u00a0\u00a0\u00a0\u00a0\u00a0\u00a0\u00a0\u00a0<strong>360\u20ac\/Tn \u00a0<\/strong><\/p>\n\n\n\n<p><strong>AVENA\u00a0\u00a0\u00a0\u00a0\u00a0\u00a0\u00a0\u00a0\u00a0\u00a0\u00a0\u00a0\u00a0\u00a0\u00a0\u00a0\u00a0\u00a0\u00a0\u00a0\u00a0\u00a0\u00a0\u00a0\u00a0\u00a0\u00a0\u00a0\u00a0\u00a0\u00a0\u00a0\u00a0\u00a0\u00a0\u00a0\u00a0\u00a0\u00a0\u00a0\u00a0\u00a0\u00a0           346\u20ac\/Tn \u00a0<\/strong><\/p>\n\n\n\n<p><strong>PAJA<\/strong><\/p>\n\n\n\n<p><strong>Paquete grande\u00a0\u00a0\u00a0\u00a0                   \u00a0\u00a0\u00a0\u00a0\u00a0\u00a0\u00a0\u00a0\u00a0\u00a0\u00a0\u00a0\u00a0\u00a0\u00a0\u00a0 53\u20ac\/Tn \u00a0<\/strong><\/p>\n\n\n\n<p><strong>Encontramos pocos cambios con respecto a la semana anterior en la mesa del cereal de la lonja de Salamanca. El trigo blando mantiene su cotizaci\u00f3n en 365 euros la tonelada, si que varia la cebada que aumenta su valor hasta los 355 euros la tonelada. Sin cambios en el precio del centeno que continua a 349 euros la tonelada, tampoco var\u00eda el ma\u00edz que una semana m\u00e1s se cotiza a 360 euros la tonelada, ni la avena que esta semana se cotiza a 346 euros la tonelada. Por \u00faltimo, el paquete paja grande continua una semana m\u00e1s con un valor establecido en 53 euros la tonelada.<\/strong><\/p>\n\n\n\n<p><\/p>\n\n\n\n<p><strong>LONJA AGROPECUARIA DE SEGOVIA<\/strong><\/p>\n\n\n\n<p><strong>Mesa del porcino blanco<\/strong><\/p>\n\n\n\n<p><strong>CERDO&nbsp; CEBADO<\/strong><strong>&nbsp; &nbsp;&nbsp;&nbsp;&nbsp;&nbsp;&nbsp;&nbsp;&nbsp;&nbsp;&nbsp;&nbsp; 1,54 \u20ac Kg vivo<\/strong> <strong><\/strong><\/p>\n\n\n\n<p><strong>CERDO GRASO<\/strong><strong>&nbsp;&nbsp;&nbsp;&nbsp;&nbsp;&nbsp;&nbsp;&nbsp;&nbsp;&nbsp;&nbsp;&nbsp;&nbsp;&nbsp;&nbsp;&nbsp; 1,57 \u20ac Kg vivo<\/strong><\/p>\n\n\n\n<p><strong>COCHINILLO <\/strong>\u00a0\u00a0\u00a0\u00a0\u00a0\u00a0\u00a0\u00a0\u00a0\u00a0\u00a0\u00a0\u00a0\u00a0\u00a0\u00a0\u00a0 <strong>37,00 \u20ac\/unidad <\/strong><\/p>\n\n\n\n<p><strong>Algunos cambios en la Mesa del Porcino Blanco de la Lonja de Segovia, el cerdo cebado aumenta su cotizaci\u00f3n y alcanza el 1,54 euros el kilo vivo, tambi\u00e9n aumenta el valor del cerdo graso que se cotiza a 1,57 euros el ki\u00f1o vivo. Donde no encontramos variaci\u00f3n es en el precio del cochinillo que continua una semana m\u00e1s a 37 euros la unidad.<\/strong><\/p>\n\n\n\n<p><strong>LONJA AGROPECUARIA DE SALAMANCA<\/strong><\/p>\n\n\n\n<p><strong>Mesa del porcino ib\u00e9rico<\/strong><\/p>\n\n\n\n<p><strong>CEBO DE CAMPO <\/strong>&nbsp;&nbsp;&nbsp;&nbsp;&nbsp;&nbsp;&nbsp;&nbsp;&nbsp;&nbsp;&nbsp;&nbsp;&nbsp;&nbsp;&nbsp; <strong>2,45 \u20ac\/Kg vivo<\/strong><\/p>\n\n\n\n<p><strong>CEBO<\/strong>\u00a0\u00a0\u00a0\u00a0\u00a0\u00a0\u00a0\u00a0\u00a0\u00a0\u00a0\u00a0\u00a0\u00a0\u00a0\u00a0\u00a0\u00a0\u00a0\u00a0\u00a0\u00a0\u00a0\u00a0\u00a0\u00a0\u00a0\u00a0\u00a0\u00a0\u00a0\u00a0\u00a0\u00a0 <strong>2,22 \u20ac\/Kg vivo<\/strong> <\/p>\n\n\n\n<p><strong>Esta semana en la Mesa del Porcino Ib\u00e9rico de la Lonja de Salamanca encontramos un aumento de cotizaciones en el cebo de campo que sube su valor con respecto a la semana pasada y se sit\u00faa en 2,45 euros el kilo, tambi\u00e9n aumenta la cotizaci\u00f3n del cebo hasta los 2,22 euros el kilo. &nbsp;<\/strong><\/p>\n\n\n\n<p><\/p>\n\n\n\n<p><strong>LONJA AGROPECUARIA DE SALAMANCA<\/strong><\/p>\n\n\n\n<p><strong>Mesa de Ovino<\/strong><\/p>\n\n\n\n<p><strong>LECHAZO\u00a0\u00a0\u00a0 \u00a0\u00a0\u00a0\u00a0\u00a0\u00a0\u00a0\u00a0\u00a0\u00a0\u00a0 4,20 \u20ac\/Kg vivo <\/strong><\/p>\n\n\n\n<p><strong>(de 13 a 15 kg)<\/strong><\/p>\n\n\n\n<p><strong>CORDERO\u00a0\u00a0 \u00a0\u00a0\u00a0\u00a0\u00a0\u00a0\u00a0\u00a0\u00a0\u00a0\u00a0 3,75 \u20ac\/Kg vivo <\/strong><\/p>\n\n\n\n<p><strong>&nbsp;(de 19 a 23 kg)<\/strong><\/p>\n\n\n\n<p><strong>Sin cambios en las cotizaciones de la mesa de ovino de la lonja de Salamanca, la &nbsp;cotizaci\u00f3n del lechazo de 13 a 15 kilos que se mantiene una semana m\u00e1s en 4,20 euros por kilo vivo. En el caso del cordero de 19 a 23 kilos, esta semana tampoco muestra variaci\u00f3n y se mantiene en 3,75 euros el kilo.<\/strong><\/p>\n\n\n\n<p><\/p>\n\n\n\n<p><strong>MERCADO DE GANADOS DE TALAVERA DE LA REINA<\/strong><\/p>\n\n\n\n<p><strong>Cabrito lechal<\/strong>\u00a0\u00a0\u00a0\u00a0\u00a0\u00a0\u00a0\u00a0\u00a0\u00a0\u00a0\u00a0\u00a0\u00a0\u00a0\u00a0\u00a0\u00a0\u00a0\u00a0\u00a0\u00a0\u00a0\u00a0\u00a0\u00a0\u00a0\u00a0\u00a0\u00a0 <strong>4,00 \u20ac\/Kg vivo <\/strong><\/p>\n\n\n\n<p><strong>(entre 7 y 10 kg)<\/strong><\/p>\n\n\n\n<p><strong>La carne de cabrito esta semana en el Mercado de Ganados de Talavera de la Reina mantiene su cotizaci\u00f3n y se sit\u00faa a &nbsp;4,00 euros el kilo de cabrito lechal vivo.<\/strong><\/p>\n\n\n\n<p><\/p>\n\n\n\n<p><strong>LONJA AGROPECUARIA DE SALAMANCA<\/strong><\/p>\n\n\n\n<p><strong>Mesa de vacuno<\/strong><\/p>\n\n\n\n<p><strong>BOVINO DE CARNE\u00a0\u00a0\u00a0\u00a0\u00a0\u00a0\u00a0\u00a0\u00a0\u00a0\u00a0\u00a0\u00a0\u00a0\u00a0\u00a0\u00a0\u00a0\u00a0\u00a0       4,95 \u20ac\/Kg canal\u00a0 <\/strong><\/p>\n\n\n\n<p><strong>(Menor de 12 meses)<\/strong><\/p>\n\n\n\n<p><strong>Primera macho<\/strong><\/p>\n\n\n\n<p><strong>BOVINO DE CARNE<\/strong>\u00a0\u00a0\u00a0\u00a0\u00a0\u00a0\u00a0\u00a0\u00a0\u00a0\u00a0\u00a0\u00a0\u00a0\u00a0\u00a0\u00a0\u00a0\u00a0\u00a0\u00a0\u00a0\u00a0\u00a0\u00a0\u00a0 <strong>4,85\u20ac\/Kg canal <a>\u00a0<\/a><\/strong><\/p>\n\n\n\n<p><strong>(Menor de 12 meses)<\/strong><\/p>\n\n\n\n<p><strong>Primera hembra 180 a 220 kg<\/strong><\/p>\n\n\n\n<p><strong>TERNERAS\u00a0\u00a0\u00a0\u00a0\u00a0\u00a0\u00a0\u00a0\u00a0\u00a0\u00a0\u00a0\u00a0\u00a0\u00a0\u00a0\u00a0\u00a0\u00a0\u00a0\u00a0\u00a0\u00a0\u00a0 \u00a0\u00a0\u00a0\u00a0\u00a0\u00a0\u00a0\u00a0\u00a0\u00a0\u00a0    4,99 \u20ac\/Kg canal \u00a0<\/strong><\/p>\n\n\n\n<p><strong>(Mayor de 12 meses)<\/strong><\/p>\n\n\n\n<p><strong>Primera mayor 270 kg<\/strong><\/p>\n\n\n\n<p><strong>A\u00d1OJOS\u00a0\u00a0\u00a0\u00a0\u00a0\u00a0\u00a0\u00a0\u00a0\u00a0\u00a0\u00a0\u00a0\u00a0\u00a0\u00a0\u00a0\u00a0\u00a0\u00a0\u00a0\u00a0\u00a0\u00a0\u00a0\u00a0\u00a0\u00a0\u00a0\u00a0\u00a0\u00a0\u00a0\u00a0\u00a0\u00a0\u00a0\u00a0\u00a0\u00a0\u00a0\u00a0   4,82\u20ac\/Kg canal \u00a0<\/strong><\/p>\n\n\n\n<p><strong>Primera mayor 350 kg<\/strong><\/p>\n\n\n\n<p><strong>NOVILLOS\u00a0\u00a0\u00a0\u00a0\u00a0\u00a0\u00a0\u00a0\u00a0\u00a0\u00a0\u00a0\u00a0\u00a0\u00a0\u00a0\u00a0\u00a0\u00a0\u00a0\u00a0\u00a0\u00a0\u00a0\u00a0 \u00a0\u00a0\u00a0\u00a0\u00a0\u00a0\u00a0\u00a0\u00a0\u00a0\u00a0   2,90 \u20ac\/Kg canal \u00a0<\/strong><\/p>\n\n\n\n<p><strong>Primera<\/strong><\/p>\n\n\n\n<p><strong>Sin cambios en la Mesa de Vacuno de la Lonja de Salamanca de esta semana. La cotizaci\u00f3n del bovino de carne menor de 12 meses primera macho se mantiene en los 4,95 euros por kilo canal. En el caso del bovino de carne menor de 12 meses, primera hembra, su cotizaci\u00f3n se establece en 4.85 euros el kilo. La ternera mantiene una semana m\u00e1s la cotizaci\u00f3n en 4.99 euros el kilo. Tampoco encontramos cambios en las cotizaciones de los a\u00f1ojos y novillos de primera que mantienen su valor en 4,82 euros el kilo y en 2,90 euros el kilo respectivamente.<\/strong><\/p>\n","protected":false},"excerpt":{"rendered":"<p>LONJA AGROPECUARIA DE SALAMANCA Mesa de cereales TRIGO BLANDO\u00a0\u00a0\u00a0\u00a0\u00a0\u00a0\u00a0\u00a0\u00a0\u00a0\u00a0\u00a0\u00a0\u00a0\u00a0\u00a0\u00a0\u00a0\u00a0\u00a0\u00a0\u00a0\u00a0\u00a0\u00a0\u00a0\u00a0\u00a0\u00a0\u00a0\u00a0\u00a0\u00a0\u00a0\u00a0 365\u20ac\/Tn \u00a0 CEBADA\u00a0\u00a0\u00a0\u00a0\u00a0\u00a0\u00a0\u00a0\u00a0\u00a0\u00a0\u00a0\u00a0\u00a0\u00a0\u00a0\u00a0\u00a0\u00a0\u00a0\u00a0\u00a0\u00a0\u00a0\u00a0\u00a0\u00a0\u00a0\u00a0\u00a0\u00a0\u00a0\u00a0\u00a0\u00a0\u00a0\u00a0\u00a0\u00a0\u00a0\u00a0\u00a0\u00a0\u00a0\u00a0\u00a0\u00a0\u00a0\u00a0\u00a0\u00a0355\u20ac\/Tn \u00a0 CENTENO\u00a0\u00a0\u00a0\u00a0\u00a0\u00a0\u00a0\u00a0\u00a0\u00a0\u00a0\u00a0\u00a0\u00a0\u00a0\u00a0\u00a0\u00a0\u00a0\u00a0\u00a0\u00a0\u00a0\u00a0\u00a0\u00a0\u00a0\u00a0\u00a0\u00a0\u00a0\u00a0\u00a0\u00a0\u00a0\u00a0\u00a0\u00a0\u00a0\u00a0\u00a0\u00a0\u00a0\u00a0\u00a0\u00a0\u00a0\u00a0\u00a0349\u20ac\/Tn \u00a0\u00a0 MA\u00cdZ\u00a0\u00a0\u00a0\u00a0\u00a0\u00a0\u00a0\u00a0\u00a0\u00a0\u00a0\u00a0\u00a0\u00a0\u00a0\u00a0\u00a0\u00a0\u00a0\u00a0\u00a0\u00a0\u00a0\u00a0\u00a0\u00a0\u00a0\u00a0\u00a0\u00a0\u00a0\u00a0\u00a0\u00a0\u00a0\u00a0\u00a0\u00a0\u00a0\u00a0\u00a0\u00a0\u00a0\u00a0\u00a0\u00a0\u00a0\u00a0\u00a0\u00a0\u00a0\u00a0\u00a0\u00a0\u00a0\u00a0360\u20ac\/Tn \u00a0 AVENA\u00a0\u00a0\u00a0\u00a0\u00a0\u00a0\u00a0\u00a0\u00a0\u00a0\u00a0\u00a0\u00a0\u00a0\u00a0\u00a0\u00a0\u00a0\u00a0\u00a0\u00a0\u00a0\u00a0\u00a0\u00a0\u00a0\u00a0\u00a0\u00a0\u00a0\u00a0\u00a0\u00a0\u00a0\u00a0\u00a0\u00a0\u00a0\u00a0\u00a0\u00a0\u00a0\u00a0 346\u20ac\/Tn \u00a0 PAJA Paquete grande\u00a0\u00a0\u00a0\u00a0 \u00a0\u00a0\u00a0\u00a0\u00a0\u00a0\u00a0\u00a0\u00a0\u00a0\u00a0\u00a0\u00a0\u00a0\u00a0\u00a0 53\u20ac\/Tn \u00a0 Encontramos pocos cambios con respecto a la semana anterior en la mesa del cereal de la lonja de Salamanca. El trigo blando mantiene su cotizaci\u00f3n en 365 euros la [&hellip;]<\/p>\n","protected":false},"author":16,"featured_media":794,"comment_status":"open","ping_status":"open","sticky":false,"template":"","format":"standard","meta":{"footnotes":""},"categories":[44,9],"tags":[],"yoast_head":"<!-- This site is optimized with the Yoast SEO plugin v24.5 - https:\/\/yoast.com\/wordpress\/plugins\/seo\/ -->\n<title>Lonja semana 03 de mayo de 2022 - ASAJA \u00c1vila<\/title>\n<meta name=\"description\" content=\"LONJA AGROPECUARIA DE SALAMANCA Mesa de cereales TRIGO BLANDO\u00a0\u00a0\u00a0\u00a0\u00a0\u00a0\u00a0\u00a0\u00a0\u00a0\u00a0\u00a0\u00a0\u00a0\u00a0\u00a0\u00a0\u00a0\u00a0\u00a0\u00a0\u00a0\u00a0\u00a0\u00a0\u00a0\u00a0\u00a0\u00a0\u00a0\u00a0\u00a0\u00a0\u00a0\u00a0 365\u20ac\/Tn \u00a0\" \/>\n<meta name=\"robots\" content=\"index, follow, max-snippet:-1, max-image-preview:large, max-video-preview:-1\" \/>\n<link rel=\"canonical\" href=\"https:\/\/www.asajacyl.com\/avila\/servicios-socio\/lonja-semana-03-de-mayo-de-2022\" \/>\n<meta property=\"og:locale\" content=\"es_ES\" \/>\n<meta property=\"og:type\" content=\"article\" \/>\n<meta property=\"og:title\" content=\"Lonja semana 03 de mayo de 2022 - ASAJA \u00c1vila\" \/>\n<meta property=\"og:description\" content=\"LONJA AGROPECUARIA DE SALAMANCA Mesa de cereales TRIGO BLANDO\u00a0\u00a0\u00a0\u00a0\u00a0\u00a0\u00a0\u00a0\u00a0\u00a0\u00a0\u00a0\u00a0\u00a0\u00a0\u00a0\u00a0\u00a0\u00a0\u00a0\u00a0\u00a0\u00a0\u00a0\u00a0\u00a0\u00a0\u00a0\u00a0\u00a0\u00a0\u00a0\u00a0\u00a0\u00a0 365\u20ac\/Tn \u00a0\" \/>\n<meta property=\"og:url\" content=\"https:\/\/www.asajacyl.com\/avila\/servicios-socio\/lonja-semana-03-de-mayo-de-2022\" \/>\n<meta property=\"og:site_name\" content=\"ASAJA \u00c1vila\" \/>\n<meta property=\"article:published_time\" content=\"2022-05-04T11:51:13+00:00\" \/>\n<meta property=\"article:modified_time\" content=\"2022-05-04T11:51:15+00:00\" \/>\n<meta name=\"author\" content=\"comunicacion\" \/>\n<meta name=\"twitter:card\" content=\"summary_large_image\" \/>\n<meta name=\"twitter:label1\" content=\"Escrito por\" \/>\n\t<meta name=\"twitter:data1\" content=\"comunicacion\" \/>\n\t<meta name=\"twitter:label2\" content=\"Tiempo de lectura\" \/>\n\t<meta name=\"twitter:data2\" content=\"3 minutos\" \/>\n<script type=\"application\/ld+json\" class=\"yoast-schema-graph\">{\"@context\":\"https:\/\/schema.org\",\"@graph\":[{\"@type\":\"WebPage\",\"@id\":\"https:\/\/www.asajacyl.com\/avila\/servicios-socio\/lonja-semana-03-de-mayo-de-2022\",\"url\":\"https:\/\/www.asajacyl.com\/avila\/servicios-socio\/lonja-semana-03-de-mayo-de-2022\",\"name\":\"Lonja semana 03 de mayo de 2022 - ASAJA \u00c1vila\",\"isPartOf\":{\"@id\":\"https:\/\/www.asajacyl.com\/avila\/#website\"},\"primaryImageOfPage\":{\"@id\":\"https:\/\/www.asajacyl.com\/avila\/servicios-socio\/lonja-semana-03-de-mayo-de-2022#primaryimage\"},\"image\":{\"@id\":\"https:\/\/www.asajacyl.com\/avila\/servicios-socio\/lonja-semana-03-de-mayo-de-2022#primaryimage\"},\"thumbnailUrl\":\"https:\/\/www.asajacyl.com\/avila\/wp-content\/uploads\/sites\/4\/2017\/11\/im_predefinida_1920x1080.jpg\",\"datePublished\":\"2022-05-04T11:51:13+00:00\",\"dateModified\":\"2022-05-04T11:51:15+00:00\",\"author\":{\"@id\":\"https:\/\/www.asajacyl.com\/avila\/#\/schema\/person\/51bbd29d94e00aa22d79c7b8c3c404e6\"},\"description\":\"LONJA AGROPECUARIA DE SALAMANCA Mesa de cereales TRIGO BLANDO\u00a0\u00a0\u00a0\u00a0\u00a0\u00a0\u00a0\u00a0\u00a0\u00a0\u00a0\u00a0\u00a0\u00a0\u00a0\u00a0\u00a0\u00a0\u00a0\u00a0\u00a0\u00a0\u00a0\u00a0\u00a0\u00a0\u00a0\u00a0\u00a0\u00a0\u00a0\u00a0\u00a0\u00a0\u00a0 365\u20ac\/Tn \u00a0\",\"breadcrumb\":{\"@id\":\"https:\/\/www.asajacyl.com\/avila\/servicios-socio\/lonja-semana-03-de-mayo-de-2022#breadcrumb\"},\"inLanguage\":\"es\",\"potentialAction\":[{\"@type\":\"ReadAction\",\"target\":[\"https:\/\/www.asajacyl.com\/avila\/servicios-socio\/lonja-semana-03-de-mayo-de-2022\"]}]},{\"@type\":\"ImageObject\",\"inLanguage\":\"es\",\"@id\":\"https:\/\/www.asajacyl.com\/avila\/servicios-socio\/lonja-semana-03-de-mayo-de-2022#primaryimage\",\"url\":\"https:\/\/www.asajacyl.com\/avila\/wp-content\/uploads\/sites\/4\/2017\/11\/im_predefinida_1920x1080.jpg\",\"contentUrl\":\"https:\/\/www.asajacyl.com\/avila\/wp-content\/uploads\/sites\/4\/2017\/11\/im_predefinida_1920x1080.jpg\",\"width\":1920,\"height\":1080,\"caption\":\"Logotipo ASAJA \u00c1vila\"},{\"@type\":\"BreadcrumbList\",\"@id\":\"https:\/\/www.asajacyl.com\/avila\/servicios-socio\/lonja-semana-03-de-mayo-de-2022#breadcrumb\",\"itemListElement\":[{\"@type\":\"ListItem\",\"position\":1,\"name\":\"Portada\",\"item\":\"https:\/\/www.asajacyl.com\/avila\/\"},{\"@type\":\"ListItem\",\"position\":2,\"name\":\"Lonja semana 03 de mayo de 2022\"}]},{\"@type\":\"WebSite\",\"@id\":\"https:\/\/www.asajacyl.com\/avila\/#website\",\"url\":\"https:\/\/www.asajacyl.com\/avila\/\",\"name\":\"ASAJA \u00c1vila\",\"description\":\"Otro sitio m\u00e1s de Provincias ASAJA Castilla y Le\u00f3n\",\"potentialAction\":[{\"@type\":\"SearchAction\",\"target\":{\"@type\":\"EntryPoint\",\"urlTemplate\":\"https:\/\/www.asajacyl.com\/avila\/?s={search_term_string}\"},\"query-input\":{\"@type\":\"PropertyValueSpecification\",\"valueRequired\":true,\"valueName\":\"search_term_string\"}}],\"inLanguage\":\"es\"},{\"@type\":\"Person\",\"@id\":\"https:\/\/www.asajacyl.com\/avila\/#\/schema\/person\/51bbd29d94e00aa22d79c7b8c3c404e6\",\"name\":\"comunicacion\",\"image\":{\"@type\":\"ImageObject\",\"inLanguage\":\"es\",\"@id\":\"https:\/\/www.asajacyl.com\/avila\/#\/schema\/person\/image\/\",\"url\":\"https:\/\/secure.gravatar.com\/avatar\/dacd6ac12f2f802c39afce565d232781?s=96&d=mm&r=g\",\"contentUrl\":\"https:\/\/secure.gravatar.com\/avatar\/dacd6ac12f2f802c39afce565d232781?s=96&d=mm&r=g\",\"caption\":\"comunicacion\"},\"url\":\"https:\/\/www.asajacyl.com\/avila\/author\/comunicacion\"}]}<\/script>\n<!-- \/ Yoast SEO plugin. -->","yoast_head_json":{"title":"Lonja semana 03 de mayo de 2022 - ASAJA \u00c1vila","description":"LONJA AGROPECUARIA DE SALAMANCA Mesa de cereales TRIGO BLANDO\u00a0\u00a0\u00a0\u00a0\u00a0\u00a0\u00a0\u00a0\u00a0\u00a0\u00a0\u00a0\u00a0\u00a0\u00a0\u00a0\u00a0\u00a0\u00a0\u00a0\u00a0\u00a0\u00a0\u00a0\u00a0\u00a0\u00a0\u00a0\u00a0\u00a0\u00a0\u00a0\u00a0\u00a0\u00a0 365\u20ac\/Tn \u00a0","robots":{"index":"index","follow":"follow","max-snippet":"max-snippet:-1","max-image-preview":"max-image-preview:large","max-video-preview":"max-video-preview:-1"},"canonical":"https:\/\/www.asajacyl.com\/avila\/servicios-socio\/lonja-semana-03-de-mayo-de-2022","og_locale":"es_ES","og_type":"article","og_title":"Lonja semana 03 de mayo de 2022 - ASAJA \u00c1vila","og_description":"LONJA AGROPECUARIA DE SALAMANCA Mesa de cereales TRIGO BLANDO\u00a0\u00a0\u00a0\u00a0\u00a0\u00a0\u00a0\u00a0\u00a0\u00a0\u00a0\u00a0\u00a0\u00a0\u00a0\u00a0\u00a0\u00a0\u00a0\u00a0\u00a0\u00a0\u00a0\u00a0\u00a0\u00a0\u00a0\u00a0\u00a0\u00a0\u00a0\u00a0\u00a0\u00a0\u00a0 365\u20ac\/Tn \u00a0","og_url":"https:\/\/www.asajacyl.com\/avila\/servicios-socio\/lonja-semana-03-de-mayo-de-2022","og_site_name":"ASAJA \u00c1vila","article_published_time":"2022-05-04T11:51:13+00:00","article_modified_time":"2022-05-04T11:51:15+00:00","author":"comunicacion","twitter_card":"summary_large_image","twitter_misc":{"Escrito por":"comunicacion","Tiempo de lectura":"3 minutos"},"schema":{"@context":"https:\/\/schema.org","@graph":[{"@type":"WebPage","@id":"https:\/\/www.asajacyl.com\/avila\/servicios-socio\/lonja-semana-03-de-mayo-de-2022","url":"https:\/\/www.asajacyl.com\/avila\/servicios-socio\/lonja-semana-03-de-mayo-de-2022","name":"Lonja semana 03 de mayo de 2022 - ASAJA \u00c1vila","isPartOf":{"@id":"https:\/\/www.asajacyl.com\/avila\/#website"},"primaryImageOfPage":{"@id":"https:\/\/www.asajacyl.com\/avila\/servicios-socio\/lonja-semana-03-de-mayo-de-2022#primaryimage"},"image":{"@id":"https:\/\/www.asajacyl.com\/avila\/servicios-socio\/lonja-semana-03-de-mayo-de-2022#primaryimage"},"thumbnailUrl":"https:\/\/www.asajacyl.com\/avila\/wp-content\/uploads\/sites\/4\/2017\/11\/im_predefinida_1920x1080.jpg","datePublished":"2022-05-04T11:51:13+00:00","dateModified":"2022-05-04T11:51:15+00:00","author":{"@id":"https:\/\/www.asajacyl.com\/avila\/#\/schema\/person\/51bbd29d94e00aa22d79c7b8c3c404e6"},"description":"LONJA AGROPECUARIA DE SALAMANCA Mesa de cereales TRIGO BLANDO\u00a0\u00a0\u00a0\u00a0\u00a0\u00a0\u00a0\u00a0\u00a0\u00a0\u00a0\u00a0\u00a0\u00a0\u00a0\u00a0\u00a0\u00a0\u00a0\u00a0\u00a0\u00a0\u00a0\u00a0\u00a0\u00a0\u00a0\u00a0\u00a0\u00a0\u00a0\u00a0\u00a0\u00a0\u00a0 365\u20ac\/Tn \u00a0","breadcrumb":{"@id":"https:\/\/www.asajacyl.com\/avila\/servicios-socio\/lonja-semana-03-de-mayo-de-2022#breadcrumb"},"inLanguage":"es","potentialAction":[{"@type":"ReadAction","target":["https:\/\/www.asajacyl.com\/avila\/servicios-socio\/lonja-semana-03-de-mayo-de-2022"]}]},{"@type":"ImageObject","inLanguage":"es","@id":"https:\/\/www.asajacyl.com\/avila\/servicios-socio\/lonja-semana-03-de-mayo-de-2022#primaryimage","url":"https:\/\/www.asajacyl.com\/avila\/wp-content\/uploads\/sites\/4\/2017\/11\/im_predefinida_1920x1080.jpg","contentUrl":"https:\/\/www.asajacyl.com\/avila\/wp-content\/uploads\/sites\/4\/2017\/11\/im_predefinida_1920x1080.jpg","width":1920,"height":1080,"caption":"Logotipo ASAJA \u00c1vila"},{"@type":"BreadcrumbList","@id":"https:\/\/www.asajacyl.com\/avila\/servicios-socio\/lonja-semana-03-de-mayo-de-2022#breadcrumb","itemListElement":[{"@type":"ListItem","position":1,"name":"Portada","item":"https:\/\/www.asajacyl.com\/avila\/"},{"@type":"ListItem","position":2,"name":"Lonja semana 03 de mayo de 2022"}]},{"@type":"WebSite","@id":"https:\/\/www.asajacyl.com\/avila\/#website","url":"https:\/\/www.asajacyl.com\/avila\/","name":"ASAJA \u00c1vila","description":"Otro sitio m\u00e1s de Provincias ASAJA Castilla y Le\u00f3n","potentialAction":[{"@type":"SearchAction","target":{"@type":"EntryPoint","urlTemplate":"https:\/\/www.asajacyl.com\/avila\/?s={search_term_string}"},"query-input":{"@type":"PropertyValueSpecification","valueRequired":true,"valueName":"search_term_string"}}],"inLanguage":"es"},{"@type":"Person","@id":"https:\/\/www.asajacyl.com\/avila\/#\/schema\/person\/51bbd29d94e00aa22d79c7b8c3c404e6","name":"comunicacion","image":{"@type":"ImageObject","inLanguage":"es","@id":"https:\/\/www.asajacyl.com\/avila\/#\/schema\/person\/image\/","url":"https:\/\/secure.gravatar.com\/avatar\/dacd6ac12f2f802c39afce565d232781?s=96&d=mm&r=g","contentUrl":"https:\/\/secure.gravatar.com\/avatar\/dacd6ac12f2f802c39afce565d232781?s=96&d=mm&r=g","caption":"comunicacion"},"url":"https:\/\/www.asajacyl.com\/avila\/author\/comunicacion"}]}},"_links":{"self":[{"href":"https:\/\/www.asajacyl.com\/avila\/wp-json\/wp\/v2\/posts\/6545"}],"collection":[{"href":"https:\/\/www.asajacyl.com\/avila\/wp-json\/wp\/v2\/posts"}],"about":[{"href":"https:\/\/www.asajacyl.com\/avila\/wp-json\/wp\/v2\/types\/post"}],"author":[{"embeddable":true,"href":"https:\/\/www.asajacyl.com\/avila\/wp-json\/wp\/v2\/users\/16"}],"replies":[{"embeddable":true,"href":"https:\/\/www.asajacyl.com\/avila\/wp-json\/wp\/v2\/comments?post=6545"}],"version-history":[{"count":3,"href":"https:\/\/www.asajacyl.com\/avila\/wp-json\/wp\/v2\/posts\/6545\/revisions"}],"predecessor-version":[{"id":6548,"href":"https:\/\/www.asajacyl.com\/avila\/wp-json\/wp\/v2\/posts\/6545\/revisions\/6548"}],"wp:featuredmedia":[{"embeddable":true,"href":"https:\/\/www.asajacyl.com\/avila\/wp-json\/wp\/v2\/media\/794"}],"wp:attachment":[{"href":"https:\/\/www.asajacyl.com\/avila\/wp-json\/wp\/v2\/media?parent=6545"}],"wp:term":[{"taxonomy":"category","embeddable":true,"href":"https:\/\/www.asajacyl.com\/avila\/wp-json\/wp\/v2\/categories?post=6545"},{"taxonomy":"post_tag","embeddable":true,"href":"https:\/\/www.asajacyl.com\/avila\/wp-json\/wp\/v2\/tags?post=6545"}],"curies":[{"name":"wp","href":"https:\/\/api.w.org\/{rel}","templated":true}]}}