{"id":6562,"date":"2022-05-06T13:05:44","date_gmt":"2022-05-06T11:05:44","guid":{"rendered":"https:\/\/www.asajacyl.com\/avila\/?p=6562"},"modified":"2022-06-20T12:27:56","modified_gmt":"2022-06-20T10:27:56","slug":"jaime-lamo-de-espinosa-recibira-la-insignia-de-oro-de-asaja-en-el-acto-del-iv-centenario-de-la-canonizacion-de-san-isidro-labrador","status":"publish","type":"post","link":"https:\/\/www.asajacyl.com\/avila\/asaja-avila-informa\/jaime-lamo-de-espinosa-recibira-la-insignia-de-oro-de-asaja-en-el-acto-del-iv-centenario-de-la-canonizacion-de-san-isidro-labrador","title":{"rendered":"Jaime Lamo de Espinosa recibir\u00e1 la Insignia de Oro de ASAJA en el acto del IV Centenario de la Canonizaci\u00f3n de San Isidro Labrador"},"content":{"rendered":"\n<p>La Asociaci\u00f3n Agraria J\u00f3venes Agricultores (ASAJA) de \u00c1vila, la delegaci\u00f3n en \u00c1vila del Colegio Oficial de Ingenieros T\u00e9cnicos Agr\u00edcolas de Centro y la Universidad Cat\u00f3lica de \u00c1vila (UCAV) entregar\u00e1n sus m\u00e1ximas distinciones en el acto del IV Centenario de la Canonizaci\u00f3n de San Isidro Labrador (1622-2022) que tendr\u00e1 lugar el pr\u00f3ximo s\u00e1bado 14 de mayo. La Insignia de Oro de ASAJA ser\u00e1 entregada a Jaime Lamo de Espinosa, ex ministro de Agricultura; la delegaci\u00f3n en \u00c1vila del Colegio Oficial de Ingenieros T\u00e9cnicos Agr\u00edcolas de Centro reconocer\u00e1 la labor de Gemma Rodr\u00edguez, directora t\u00e9cnica de \u00c1vila Aut\u00e9ntica; mientras que la UCAV har\u00e1 lo propio con Alberto Pascual, CEO del Grupo Kerbest. Este acto est\u00e1 enmarcado en las actividades del 25 Aniversario de la UCAV.<\/p>\n\n\n\n<p><strong>Insignia de Oro de ASAJA. Jaime Lamo de Espinosa<\/strong><\/p>\n\n\n\n<p>La Asociaci\u00f3n Agraria J\u00f3venes Agricultores (ASAJA) de \u00c1vila ha acordado este a\u00f1o 2022 distinguir con su m\u00e1ximo galard\u00f3n, la Insignia de Oro de ASAJA, al doctor ingeniero agr\u00f3nomo, economista y pol\u00edtico espa\u00f1ol Jaime Lamo de Espinosa. Con este reconocimiento, ASAJA reconoce su labor, dedicaci\u00f3n y trabajo realizado en el sector de la agricultura en nuestro pa\u00eds. Catedr\u00e1tico Em\u00e9rito de Econom\u00eda en la UPM. Tambi\u00e9n Catedr\u00e1tico \u201cJean Monnet\u201d por la Uni\u00f3n Europea. Ha sido Catedr\u00e1tico de Econom\u00eda Agraria en la UPV y la UPM.<\/p>\n\n\n\n<p>Jaime Lamo de Espinosa fue Ministro de Agricultura (1978-1982) y Ministro Adjunto al Presidente del Gobierno (1982). Unifica las competencias agroalimentarias en el Ministerio de Agricultura reconvirti\u00e9ndole en \u201cAgricultura, Pesca y Alimentaci\u00f3n\u201d. Adem\u00e1s, su papel fue determinante para el impulso y aprobaci\u00f3n de la ley de Seguros Agrarios, herramienta fundamental para el sector que ha llegado hasta la actualidad, entre otras.<\/p>\n\n\n\n<p>Es presidente, por elecci\u00f3n, de la XX Conferencia Mundial de FAO de 1979.&nbsp; Acad\u00e9mico de la Academia de Agricultura de Francia, de la Real Academia de Doctores y de la Real Academia de Ciencias Econ\u00f3micas y Financieras.<\/p>\n\n\n\n<p>Premio Rey Jaime I de Econom\u00eda en 1999 (en el Jurado interven\u00edan 3 Premios Nobel de Econom\u00eda). Adem\u00e1s es presidente de Honor y fundador de la Asociaci\u00f3n Espa\u00f1a-FAO (AEFAO).<\/p>\n\n\n\n<p><strong>Premio San Isidro 2022 de la Delegaci\u00f3n en \u00c1vila del Colegio Oficial de Ingenieros T\u00e9cnicos Agr\u00edcolas de Centro. Gemma Rodr\u00edgez, directora t\u00e9cnica de \u00c1vila Aut\u00e9ntica<\/strong><\/p>\n\n\n\n<p>El Premio San Isidro 2022 ha reca\u00eddo en Gemma Rodr\u00edguez por su labor en el desarrollo de la puesta en marcha de la marca \u00c1vila Aut\u00e9ntica. Estudi\u00f3 Ingenier\u00eda T\u00e9cnica Agr\u00edcola con especialidad en Industrias Agrarias y Alimentarias en la Escuela Polit\u00e9cnica Superior de Zamora de la Universidad de Salamanca y M\u00e1ster de Ingenier\u00eda Agron\u00f3mica en la Universidad Cat\u00f3lica de \u00c1vila.<\/p>\n\n\n\n<p>Su trayectoria profesional se ha desarrollado siempre vinculada al sector agrario y agroalimentario de la provincia de \u00c1vila.<\/p>\n\n\n\n<p>Destaca fundamentalmente su paso por la Cooperativa Alta Mora\u00f1a, donde desempe\u00f1\u00f3 principalmente funciones como responsable de calidad en la fabricaci\u00f3n de piensos en cumplimiento de una marca de calidad certificada, as\u00ed como otras funciones relacionadas con la promoci\u00f3n o el control de marcas de productos c\u00e1rnicos.<\/p>\n\n\n\n<p>As\u00ed como su trabajo en la Diputaci\u00f3n de \u00c1vila con la que lleva vinculada m\u00e1s de una d\u00e9cada. Realizando tareas desde el \u00c1rea de Desarrollo Rural, relacionadas con el desarrollo y puesta en marcha de proyectos de desarrollo en el medio rural o con la tramitaci\u00f3n administrativa de convenios, contratos y subvenciones cuya finalidad siempre ha tenido el denominador com\u00fan de la puesta en valor del sector agrario y agroalimentario abulense.<\/p>\n\n\n\n<p>Aunque su principal labor en la Instituci\u00f3n Provincial gira en torno a la marca colectiva \u00c1vila Aut\u00e9ntica, para la que desempe\u00f1a funciones como Directora T\u00e9cnica desde el inicio de la propia marca hace ya once a\u00f1os y mediante la cual mantiene contacto directo con los profesionales de la industria agroalimentaria, el comercio minorista de alimentaci\u00f3n y los establecimientos de hosteler\u00eda y de alojamiento rural de la provincia.<\/p>\n\n\n\n<p>A trav\u00e9s del trabajo desarrollado desde la marca colectiva, trabaja para la identificaci\u00f3n geogr\u00e1fica de la producci\u00f3n agroalimentaria, la generaci\u00f3n de un espacio de cooperaci\u00f3n intersectorial, el impulso de la notoriedad y prestigio de los productos y empresas abulenses con el fin de potenciar su desarrollo y expansi\u00f3n y el desarrollo de estrategias de promoci\u00f3n y comercializaci\u00f3n.<\/p>\n\n\n\n<p><strong>Premio Universidad Cat\u00f3lica de \u00c1vila. Alberto Pascual, CEO Grupo Kerbest<\/strong><\/p>\n\n\n\n<p>El Grupo Kerbest, en colaboraci\u00f3n con la UCAV, cuenta con dos CDTI (Centro para el Desarrollo Tecnol\u00f3gico e Industrial) enfocados a la producci\u00f3n porcina sostenible con econom\u00eda circular para aprovechar las oportunidades de los purines como fuente de nitr\u00f3geno, f\u00f3sforo y potasio org\u00e1nico \u2013evitar as\u00ed fertilizantes-, y eliminar los posibles problemas de contaminaci\u00f3n que tienen asociados. El objetivo es transformar eso en una oportunidad. El Grupo Kerbest cuenta con la certificaci\u00f3n en calidad medioambiental (ISO 14000).<\/p>\n\n\n\n<p>El DCTI Smartfert es una soluci\u00f3n integral orientada a optimizar la gesti\u00f3n de los purines generados en las explotaciones agropecuarias porcinas. Se trata de un sistema que combina varias tecnolog\u00edas como la teledetecci\u00f3n, la computaci\u00f3n en cloud, el IoT y las comunicaciones para conseguir una aplicaci\u00f3n inteligente de este abono org\u00e1nico en los terrenos de cultivo. Con el uso de esta tecnolog\u00eda logran optimizar el subproducto en el campo, evitan emisiones al medioambiente, y garantizan tanto la trazabilidad como el registro de las aplicaciones en campo.<\/p>\n\n\n\n<p>El segundo CDTI que Kerbest est\u00e1 desarrollando junto con la UCAV y en el que participa Casaseca es el de Grupos Operativos de la Consejer\u00eda de Agricultura de la Junta de Castilla y Le\u00f3n. Se eval\u00faan distintas actuaciones para reducir las emisiones a la atm\u00f3sfera generadas por la ganader\u00eda. Se van a realizar distintas actuaciones para reducir contaminaci\u00f3n y se va a evaluar hasta d\u00f3nde se puede llegar en esta reducci\u00f3n.<\/p>\n\n\n\n<p>Adem\u00e1s, ambas instituciones est\u00e1n desarrollando un tercer proyecto de cultivo de algas utilizando purines para producir ox\u00edgeno.<\/p>\n\n\n\n<p>El Grupo Kerbest y la Universidad Cat\u00f3lica de \u00c1vila han creado la C\u00e1tedra de Sostenibilidad Agroganadera y que se va a encargar de profundizar en estos temas de lograr una ganader\u00eda muy sostenible medioambientalmente.<\/p>\n\n\n\n<p><strong>400 Aniversario San Isidro Labrador<\/strong><\/p>\n\n\n\n<p>D\u00eda: S\u00e1bado, 14 de mayo de 2022.<\/p>\n\n\n\n<p>Lugar: Universidad Cat\u00f3lica de \u00c1vila (C\/ Canteros, s\/n).<\/p>\n\n\n\n<p>13,00 h.: Santa Misa.<\/p>\n\n\n\n<p>14,00 h.: C\u00f3ctel.<\/p>\n\n\n\n<p>15,00 h.: Entrega de premios.<\/p>\n\n\n\n<p><em>Organizan: ASAJA, la delegaci\u00f3n en \u00c1vila del Colegio Oficial de Ingenieros T\u00e9cnicos Agr\u00edcolas de Centro y la Universidad Cat\u00f3lica de \u00c1vila (UCAV)<\/em><\/p>\n","protected":false},"excerpt":{"rendered":"<p>La Asociaci\u00f3n Agraria J\u00f3venes Agricultores (ASAJA) de \u00c1vila, la delegaci\u00f3n en \u00c1vila del Colegio Oficial de Ingenieros T\u00e9cnicos Agr\u00edcolas de Centro y la Universidad Cat\u00f3lica de \u00c1vila (UCAV) entregar\u00e1n sus m\u00e1ximas distinciones en el acto del IV Centenario de la Canonizaci\u00f3n de San Isidro Labrador (1622-2022) que tendr\u00e1 lugar el pr\u00f3ximo s\u00e1bado 14 de mayo. [&hellip;]<\/p>\n","protected":false},"author":16,"featured_media":6563,"comment_status":"open","ping_status":"open","sticky":false,"template":"","format":"standard","meta":{"footnotes":""},"categories":[8,18],"tags":[],"yoast_head":"<!-- This site is optimized with the Yoast SEO plugin v24.5 - https:\/\/yoast.com\/wordpress\/plugins\/seo\/ -->\n<title>Jaime Lamo de Espinosa recibir\u00e1 la Insignia de Oro de ASAJA en el acto del IV Centenario de la Canonizaci\u00f3n de San Isidro Labrador - ASAJA \u00c1vila<\/title>\n<meta name=\"description\" content=\"La Asociaci\u00f3n Agraria J\u00f3venes Agricultores (ASAJA) de \u00c1vila, la delegaci\u00f3n en \u00c1vila del Colegio Oficial de Ingenieros T\u00e9cnicos Agr\u00edcolas de Centro y la\" \/>\n<meta name=\"robots\" content=\"index, follow, max-snippet:-1, max-image-preview:large, max-video-preview:-1\" \/>\n<link rel=\"canonical\" href=\"https:\/\/www.asajacyl.com\/avila\/asaja-avila-informa\/jaime-lamo-de-espinosa-recibira-la-insignia-de-oro-de-asaja-en-el-acto-del-iv-centenario-de-la-canonizacion-de-san-isidro-labrador\" \/>\n<meta property=\"og:locale\" content=\"es_ES\" \/>\n<meta property=\"og:type\" content=\"article\" \/>\n<meta property=\"og:title\" content=\"Jaime Lamo de Espinosa recibir\u00e1 la Insignia de Oro de ASAJA en el acto del IV Centenario de la Canonizaci\u00f3n de San Isidro Labrador - ASAJA \u00c1vila\" \/>\n<meta property=\"og:description\" content=\"La Asociaci\u00f3n Agraria J\u00f3venes Agricultores (ASAJA) de \u00c1vila, la delegaci\u00f3n en \u00c1vila del Colegio Oficial de Ingenieros T\u00e9cnicos Agr\u00edcolas de Centro y la\" \/>\n<meta property=\"og:url\" content=\"https:\/\/www.asajacyl.com\/avila\/asaja-avila-informa\/jaime-lamo-de-espinosa-recibira-la-insignia-de-oro-de-asaja-en-el-acto-del-iv-centenario-de-la-canonizacion-de-san-isidro-labrador\" \/>\n<meta property=\"og:site_name\" content=\"ASAJA \u00c1vila\" \/>\n<meta property=\"article:published_time\" content=\"2022-05-06T11:05:44+00:00\" \/>\n<meta property=\"article:modified_time\" content=\"2022-06-20T10:27:56+00:00\" \/>\n<meta property=\"og:image\" content=\"https:\/\/www.asajacyl.com\/avila\/wp-content\/uploads\/sites\/4\/2022\/05\/jaime-lamo3.jpg\" \/>\n\t<meta property=\"og:image:width\" content=\"644\" \/>\n\t<meta property=\"og:image:height\" content=\"362\" \/>\n\t<meta property=\"og:image:type\" content=\"image\/jpeg\" \/>\n<meta name=\"author\" content=\"comunicacion\" \/>\n<meta name=\"twitter:card\" content=\"summary_large_image\" \/>\n<meta name=\"twitter:label1\" content=\"Escrito por\" \/>\n\t<meta name=\"twitter:data1\" content=\"comunicacion\" \/>\n\t<meta name=\"twitter:label2\" content=\"Tiempo de lectura\" \/>\n\t<meta name=\"twitter:data2\" content=\"5 minutos\" \/>\n<script type=\"application\/ld+json\" class=\"yoast-schema-graph\">{\"@context\":\"https:\/\/schema.org\",\"@graph\":[{\"@type\":\"WebPage\",\"@id\":\"https:\/\/www.asajacyl.com\/avila\/asaja-avila-informa\/jaime-lamo-de-espinosa-recibira-la-insignia-de-oro-de-asaja-en-el-acto-del-iv-centenario-de-la-canonizacion-de-san-isidro-labrador\",\"url\":\"https:\/\/www.asajacyl.com\/avila\/asaja-avila-informa\/jaime-lamo-de-espinosa-recibira-la-insignia-de-oro-de-asaja-en-el-acto-del-iv-centenario-de-la-canonizacion-de-san-isidro-labrador\",\"name\":\"Jaime Lamo de Espinosa recibir\u00e1 la Insignia de Oro de ASAJA en el acto del IV Centenario de la Canonizaci\u00f3n de San Isidro Labrador - ASAJA \u00c1vila\",\"isPartOf\":{\"@id\":\"https:\/\/www.asajacyl.com\/avila\/#website\"},\"primaryImageOfPage\":{\"@id\":\"https:\/\/www.asajacyl.com\/avila\/asaja-avila-informa\/jaime-lamo-de-espinosa-recibira-la-insignia-de-oro-de-asaja-en-el-acto-del-iv-centenario-de-la-canonizacion-de-san-isidro-labrador#primaryimage\"},\"image\":{\"@id\":\"https:\/\/www.asajacyl.com\/avila\/asaja-avila-informa\/jaime-lamo-de-espinosa-recibira-la-insignia-de-oro-de-asaja-en-el-acto-del-iv-centenario-de-la-canonizacion-de-san-isidro-labrador#primaryimage\"},\"thumbnailUrl\":\"https:\/\/www.asajacyl.com\/avila\/wp-content\/uploads\/sites\/4\/2022\/05\/jaime-lamo3.jpg\",\"datePublished\":\"2022-05-06T11:05:44+00:00\",\"dateModified\":\"2022-06-20T10:27:56+00:00\",\"author\":{\"@id\":\"https:\/\/www.asajacyl.com\/avila\/#\/schema\/person\/51bbd29d94e00aa22d79c7b8c3c404e6\"},\"description\":\"La Asociaci\u00f3n Agraria J\u00f3venes Agricultores (ASAJA) de \u00c1vila, la delegaci\u00f3n en \u00c1vila del Colegio Oficial de Ingenieros T\u00e9cnicos Agr\u00edcolas de Centro y la\",\"breadcrumb\":{\"@id\":\"https:\/\/www.asajacyl.com\/avila\/asaja-avila-informa\/jaime-lamo-de-espinosa-recibira-la-insignia-de-oro-de-asaja-en-el-acto-del-iv-centenario-de-la-canonizacion-de-san-isidro-labrador#breadcrumb\"},\"inLanguage\":\"es\",\"potentialAction\":[{\"@type\":\"ReadAction\",\"target\":[\"https:\/\/www.asajacyl.com\/avila\/asaja-avila-informa\/jaime-lamo-de-espinosa-recibira-la-insignia-de-oro-de-asaja-en-el-acto-del-iv-centenario-de-la-canonizacion-de-san-isidro-labrador\"]}]},{\"@type\":\"ImageObject\",\"inLanguage\":\"es\",\"@id\":\"https:\/\/www.asajacyl.com\/avila\/asaja-avila-informa\/jaime-lamo-de-espinosa-recibira-la-insignia-de-oro-de-asaja-en-el-acto-del-iv-centenario-de-la-canonizacion-de-san-isidro-labrador#primaryimage\",\"url\":\"https:\/\/www.asajacyl.com\/avila\/wp-content\/uploads\/sites\/4\/2022\/05\/jaime-lamo3.jpg\",\"contentUrl\":\"https:\/\/www.asajacyl.com\/avila\/wp-content\/uploads\/sites\/4\/2022\/05\/jaime-lamo3.jpg\",\"width\":644,\"height\":362},{\"@type\":\"BreadcrumbList\",\"@id\":\"https:\/\/www.asajacyl.com\/avila\/asaja-avila-informa\/jaime-lamo-de-espinosa-recibira-la-insignia-de-oro-de-asaja-en-el-acto-del-iv-centenario-de-la-canonizacion-de-san-isidro-labrador#breadcrumb\",\"itemListElement\":[{\"@type\":\"ListItem\",\"position\":1,\"name\":\"Portada\",\"item\":\"https:\/\/www.asajacyl.com\/avila\/\"},{\"@type\":\"ListItem\",\"position\":2,\"name\":\"Jaime Lamo de Espinosa recibir\u00e1 la Insignia de Oro de ASAJA en el acto del IV Centenario de la Canonizaci\u00f3n de San Isidro Labrador\"}]},{\"@type\":\"WebSite\",\"@id\":\"https:\/\/www.asajacyl.com\/avila\/#website\",\"url\":\"https:\/\/www.asajacyl.com\/avila\/\",\"name\":\"ASAJA \u00c1vila\",\"description\":\"Otro sitio m\u00e1s de Provincias ASAJA Castilla y Le\u00f3n\",\"potentialAction\":[{\"@type\":\"SearchAction\",\"target\":{\"@type\":\"EntryPoint\",\"urlTemplate\":\"https:\/\/www.asajacyl.com\/avila\/?s={search_term_string}\"},\"query-input\":{\"@type\":\"PropertyValueSpecification\",\"valueRequired\":true,\"valueName\":\"search_term_string\"}}],\"inLanguage\":\"es\"},{\"@type\":\"Person\",\"@id\":\"https:\/\/www.asajacyl.com\/avila\/#\/schema\/person\/51bbd29d94e00aa22d79c7b8c3c404e6\",\"name\":\"comunicacion\",\"image\":{\"@type\":\"ImageObject\",\"inLanguage\":\"es\",\"@id\":\"https:\/\/www.asajacyl.com\/avila\/#\/schema\/person\/image\/\",\"url\":\"https:\/\/secure.gravatar.com\/avatar\/dacd6ac12f2f802c39afce565d232781?s=96&d=mm&r=g\",\"contentUrl\":\"https:\/\/secure.gravatar.com\/avatar\/dacd6ac12f2f802c39afce565d232781?s=96&d=mm&r=g\",\"caption\":\"comunicacion\"},\"url\":\"https:\/\/www.asajacyl.com\/avila\/author\/comunicacion\"}]}<\/script>\n<!-- \/ Yoast SEO plugin. -->","yoast_head_json":{"title":"Jaime Lamo de Espinosa recibir\u00e1 la Insignia de Oro de ASAJA en el acto del IV Centenario de la Canonizaci\u00f3n de San Isidro Labrador - ASAJA \u00c1vila","description":"La Asociaci\u00f3n Agraria J\u00f3venes Agricultores (ASAJA) de \u00c1vila, la delegaci\u00f3n en \u00c1vila del Colegio Oficial de Ingenieros T\u00e9cnicos Agr\u00edcolas de Centro y la","robots":{"index":"index","follow":"follow","max-snippet":"max-snippet:-1","max-image-preview":"max-image-preview:large","max-video-preview":"max-video-preview:-1"},"canonical":"https:\/\/www.asajacyl.com\/avila\/asaja-avila-informa\/jaime-lamo-de-espinosa-recibira-la-insignia-de-oro-de-asaja-en-el-acto-del-iv-centenario-de-la-canonizacion-de-san-isidro-labrador","og_locale":"es_ES","og_type":"article","og_title":"Jaime Lamo de Espinosa recibir\u00e1 la Insignia de Oro de ASAJA en el acto del IV Centenario de la Canonizaci\u00f3n de San Isidro Labrador - ASAJA \u00c1vila","og_description":"La Asociaci\u00f3n Agraria J\u00f3venes Agricultores (ASAJA) de \u00c1vila, la delegaci\u00f3n en \u00c1vila del Colegio Oficial de Ingenieros T\u00e9cnicos Agr\u00edcolas de Centro y la","og_url":"https:\/\/www.asajacyl.com\/avila\/asaja-avila-informa\/jaime-lamo-de-espinosa-recibira-la-insignia-de-oro-de-asaja-en-el-acto-del-iv-centenario-de-la-canonizacion-de-san-isidro-labrador","og_site_name":"ASAJA \u00c1vila","article_published_time":"2022-05-06T11:05:44+00:00","article_modified_time":"2022-06-20T10:27:56+00:00","og_image":[{"width":644,"height":362,"url":"https:\/\/www.asajacyl.com\/avila\/wp-content\/uploads\/sites\/4\/2022\/05\/jaime-lamo3.jpg","type":"image\/jpeg"}],"author":"comunicacion","twitter_card":"summary_large_image","twitter_misc":{"Escrito por":"comunicacion","Tiempo de lectura":"5 minutos"},"schema":{"@context":"https:\/\/schema.org","@graph":[{"@type":"WebPage","@id":"https:\/\/www.asajacyl.com\/avila\/asaja-avila-informa\/jaime-lamo-de-espinosa-recibira-la-insignia-de-oro-de-asaja-en-el-acto-del-iv-centenario-de-la-canonizacion-de-san-isidro-labrador","url":"https:\/\/www.asajacyl.com\/avila\/asaja-avila-informa\/jaime-lamo-de-espinosa-recibira-la-insignia-de-oro-de-asaja-en-el-acto-del-iv-centenario-de-la-canonizacion-de-san-isidro-labrador","name":"Jaime Lamo de Espinosa recibir\u00e1 la Insignia de Oro de ASAJA en el acto del IV Centenario de la Canonizaci\u00f3n de San Isidro Labrador - ASAJA \u00c1vila","isPartOf":{"@id":"https:\/\/www.asajacyl.com\/avila\/#website"},"primaryImageOfPage":{"@id":"https:\/\/www.asajacyl.com\/avila\/asaja-avila-informa\/jaime-lamo-de-espinosa-recibira-la-insignia-de-oro-de-asaja-en-el-acto-del-iv-centenario-de-la-canonizacion-de-san-isidro-labrador#primaryimage"},"image":{"@id":"https:\/\/www.asajacyl.com\/avila\/asaja-avila-informa\/jaime-lamo-de-espinosa-recibira-la-insignia-de-oro-de-asaja-en-el-acto-del-iv-centenario-de-la-canonizacion-de-san-isidro-labrador#primaryimage"},"thumbnailUrl":"https:\/\/www.asajacyl.com\/avila\/wp-content\/uploads\/sites\/4\/2022\/05\/jaime-lamo3.jpg","datePublished":"2022-05-06T11:05:44+00:00","dateModified":"2022-06-20T10:27:56+00:00","author":{"@id":"https:\/\/www.asajacyl.com\/avila\/#\/schema\/person\/51bbd29d94e00aa22d79c7b8c3c404e6"},"description":"La Asociaci\u00f3n Agraria J\u00f3venes Agricultores (ASAJA) de \u00c1vila, la delegaci\u00f3n en \u00c1vila del Colegio Oficial de Ingenieros T\u00e9cnicos Agr\u00edcolas de Centro y la","breadcrumb":{"@id":"https:\/\/www.asajacyl.com\/avila\/asaja-avila-informa\/jaime-lamo-de-espinosa-recibira-la-insignia-de-oro-de-asaja-en-el-acto-del-iv-centenario-de-la-canonizacion-de-san-isidro-labrador#breadcrumb"},"inLanguage":"es","potentialAction":[{"@type":"ReadAction","target":["https:\/\/www.asajacyl.com\/avila\/asaja-avila-informa\/jaime-lamo-de-espinosa-recibira-la-insignia-de-oro-de-asaja-en-el-acto-del-iv-centenario-de-la-canonizacion-de-san-isidro-labrador"]}]},{"@type":"ImageObject","inLanguage":"es","@id":"https:\/\/www.asajacyl.com\/avila\/asaja-avila-informa\/jaime-lamo-de-espinosa-recibira-la-insignia-de-oro-de-asaja-en-el-acto-del-iv-centenario-de-la-canonizacion-de-san-isidro-labrador#primaryimage","url":"https:\/\/www.asajacyl.com\/avila\/wp-content\/uploads\/sites\/4\/2022\/05\/jaime-lamo3.jpg","contentUrl":"https:\/\/www.asajacyl.com\/avila\/wp-content\/uploads\/sites\/4\/2022\/05\/jaime-lamo3.jpg","width":644,"height":362},{"@type":"BreadcrumbList","@id":"https:\/\/www.asajacyl.com\/avila\/asaja-avila-informa\/jaime-lamo-de-espinosa-recibira-la-insignia-de-oro-de-asaja-en-el-acto-del-iv-centenario-de-la-canonizacion-de-san-isidro-labrador#breadcrumb","itemListElement":[{"@type":"ListItem","position":1,"name":"Portada","item":"https:\/\/www.asajacyl.com\/avila\/"},{"@type":"ListItem","position":2,"name":"Jaime Lamo de Espinosa recibir\u00e1 la Insignia de Oro de ASAJA en el acto del IV Centenario de la Canonizaci\u00f3n de San Isidro Labrador"}]},{"@type":"WebSite","@id":"https:\/\/www.asajacyl.com\/avila\/#website","url":"https:\/\/www.asajacyl.com\/avila\/","name":"ASAJA \u00c1vila","description":"Otro sitio m\u00e1s de Provincias ASAJA Castilla y Le\u00f3n","potentialAction":[{"@type":"SearchAction","target":{"@type":"EntryPoint","urlTemplate":"https:\/\/www.asajacyl.com\/avila\/?s={search_term_string}"},"query-input":{"@type":"PropertyValueSpecification","valueRequired":true,"valueName":"search_term_string"}}],"inLanguage":"es"},{"@type":"Person","@id":"https:\/\/www.asajacyl.com\/avila\/#\/schema\/person\/51bbd29d94e00aa22d79c7b8c3c404e6","name":"comunicacion","image":{"@type":"ImageObject","inLanguage":"es","@id":"https:\/\/www.asajacyl.com\/avila\/#\/schema\/person\/image\/","url":"https:\/\/secure.gravatar.com\/avatar\/dacd6ac12f2f802c39afce565d232781?s=96&d=mm&r=g","contentUrl":"https:\/\/secure.gravatar.com\/avatar\/dacd6ac12f2f802c39afce565d232781?s=96&d=mm&r=g","caption":"comunicacion"},"url":"https:\/\/www.asajacyl.com\/avila\/author\/comunicacion"}]}},"_links":{"self":[{"href":"https:\/\/www.asajacyl.com\/avila\/wp-json\/wp\/v2\/posts\/6562"}],"collection":[{"href":"https:\/\/www.asajacyl.com\/avila\/wp-json\/wp\/v2\/posts"}],"about":[{"href":"https:\/\/www.asajacyl.com\/avila\/wp-json\/wp\/v2\/types\/post"}],"author":[{"embeddable":true,"href":"https:\/\/www.asajacyl.com\/avila\/wp-json\/wp\/v2\/users\/16"}],"replies":[{"embeddable":true,"href":"https:\/\/www.asajacyl.com\/avila\/wp-json\/wp\/v2\/comments?post=6562"}],"version-history":[{"count":2,"href":"https:\/\/www.asajacyl.com\/avila\/wp-json\/wp\/v2\/posts\/6562\/revisions"}],"predecessor-version":[{"id":6567,"href":"https:\/\/www.asajacyl.com\/avila\/wp-json\/wp\/v2\/posts\/6562\/revisions\/6567"}],"wp:featuredmedia":[{"embeddable":true,"href":"https:\/\/www.asajacyl.com\/avila\/wp-json\/wp\/v2\/media\/6563"}],"wp:attachment":[{"href":"https:\/\/www.asajacyl.com\/avila\/wp-json\/wp\/v2\/media?parent=6562"}],"wp:term":[{"taxonomy":"category","embeddable":true,"href":"https:\/\/www.asajacyl.com\/avila\/wp-json\/wp\/v2\/categories?post=6562"},{"taxonomy":"post_tag","embeddable":true,"href":"https:\/\/www.asajacyl.com\/avila\/wp-json\/wp\/v2\/tags?post=6562"}],"curies":[{"name":"wp","href":"https:\/\/api.w.org\/{rel}","templated":true}]}}