{"id":6572,"date":"2022-05-11T12:38:03","date_gmt":"2022-05-11T10:38:03","guid":{"rendered":"https:\/\/www.asajacyl.com\/avila\/?p=6572"},"modified":"2022-05-11T12:38:05","modified_gmt":"2022-05-11T10:38:05","slug":"la-ayuda-a-las-titularidades-compartidas-hasta-el-31-de-mayo","status":"publish","type":"post","link":"https:\/\/www.asajacyl.com\/avila\/servicios-socio\/la-ayuda-a-las-titularidades-compartidas-hasta-el-31-de-mayo","title":{"rendered":"La ayuda a las titularidades compartidas, hasta el 31 de mayo"},"content":{"rendered":"\n<h2 class=\"wp-block-heading\">Hasta 429 explotaciones agrarias castellanas y leonesas gestionadas bajo la figura de Titularidad Compartida (TC) se podr\u00e1n beneficiar de la ayuda de 1.500 euros, convocada por el Ministerio de Agricultura, y publicada hoy en el BOE. Estas ayudas est\u00e1n reguladas en el RD 819\/2021, y hay de plazo para pedirlas hasta el 31 de mayo.<\/h2>\n\n\n\n<p>Con datos recientes, en Espa\u00f1a hay registradas 993 explotaciones que se gestionan bajo la forma de titularidades compartidas, formadas por c\u00f3nyuges o parejas de hecho que comparten a partes iguales la gesti\u00f3n del negocio agrario. Castilla y Le\u00f3n es la comunidad aut\u00f3noma con m\u00e1s explotaciones incluidas en este registro, doblando pr\u00e1cticamente a la siguiente, Castilla-La Mancha. Destaca Le\u00f3n, la provincia que se sit\u00faa a la cabeza, representando el 15,6% de todas las inscritas en Espa\u00f1a.<\/p>\n\n\n\n<p>Esta figura asociativa est\u00e1 regulada por la Ley&nbsp;35\/2011, de&nbsp;4 de octubre, sobre titularidad compartida de las explotaciones agrarias. Los agricultores y agricultoras se han decidido por esta forma de gestionar las explotaciones cuando han visto ventajas derivadas del desarrollo de la propia Ley, como tambi\u00e9n ventajas que han ido introduciendo con car\u00e1cter horizontal distintas administraciones con competencias agrarias. Desde las oficinas de ASAJA se han tramitado un buen n\u00famero de estas titularidades compartidas.<\/p>\n","protected":false},"excerpt":{"rendered":"<p>Hasta 429 explotaciones agrarias castellanas y leonesas gestionadas bajo la figura de Titularidad Compartida (TC) se podr\u00e1n beneficiar de la ayuda de 1.500 euros, convocada por el Ministerio de Agricultura, y publicada hoy en el BOE. Estas ayudas est\u00e1n reguladas en el RD 819\/2021, y hay de plazo para pedirlas hasta el 31 de mayo. [&hellip;]<\/p>\n","protected":false},"author":16,"featured_media":794,"comment_status":"open","ping_status":"open","sticky":false,"template":"","format":"standard","meta":{"footnotes":""},"categories":[46,9],"tags":[],"yoast_head":"<!-- This site is optimized with the Yoast SEO plugin v24.5 - https:\/\/yoast.com\/wordpress\/plugins\/seo\/ -->\n<title>La ayuda a las titularidades compartidas, hasta el 31 de mayo - ASAJA \u00c1vila<\/title>\n<meta name=\"description\" content=\"Hasta 429 explotaciones agrarias castellanas y leonesas gestionadas bajo la figura de Titularidad Compartida (TC) se podr\u00e1n beneficiar de la ayuda de\" \/>\n<meta name=\"robots\" content=\"index, follow, max-snippet:-1, max-image-preview:large, max-video-preview:-1\" \/>\n<link rel=\"canonical\" href=\"https:\/\/www.asajacyl.com\/avila\/servicios-socio\/la-ayuda-a-las-titularidades-compartidas-hasta-el-31-de-mayo\" \/>\n<meta property=\"og:locale\" content=\"es_ES\" \/>\n<meta property=\"og:type\" content=\"article\" \/>\n<meta property=\"og:title\" content=\"La ayuda a las titularidades compartidas, hasta el 31 de mayo - ASAJA \u00c1vila\" \/>\n<meta property=\"og:description\" content=\"Hasta 429 explotaciones agrarias castellanas y leonesas gestionadas bajo la figura de Titularidad Compartida (TC) se podr\u00e1n beneficiar de la ayuda de\" \/>\n<meta property=\"og:url\" content=\"https:\/\/www.asajacyl.com\/avila\/servicios-socio\/la-ayuda-a-las-titularidades-compartidas-hasta-el-31-de-mayo\" \/>\n<meta property=\"og:site_name\" content=\"ASAJA \u00c1vila\" \/>\n<meta property=\"article:published_time\" content=\"2022-05-11T10:38:03+00:00\" \/>\n<meta property=\"article:modified_time\" content=\"2022-05-11T10:38:05+00:00\" \/>\n<meta name=\"author\" content=\"comunicacion\" \/>\n<meta name=\"twitter:card\" content=\"summary_large_image\" \/>\n<meta name=\"twitter:label1\" content=\"Escrito por\" \/>\n\t<meta name=\"twitter:data1\" content=\"comunicacion\" \/>\n\t<meta name=\"twitter:label2\" content=\"Tiempo de lectura\" \/>\n\t<meta name=\"twitter:data2\" content=\"1 minuto\" \/>\n<script type=\"application\/ld+json\" class=\"yoast-schema-graph\">{\"@context\":\"https:\/\/schema.org\",\"@graph\":[{\"@type\":\"WebPage\",\"@id\":\"https:\/\/www.asajacyl.com\/avila\/servicios-socio\/la-ayuda-a-las-titularidades-compartidas-hasta-el-31-de-mayo\",\"url\":\"https:\/\/www.asajacyl.com\/avila\/servicios-socio\/la-ayuda-a-las-titularidades-compartidas-hasta-el-31-de-mayo\",\"name\":\"La ayuda a las titularidades compartidas, hasta el 31 de mayo - ASAJA \u00c1vila\",\"isPartOf\":{\"@id\":\"https:\/\/www.asajacyl.com\/avila\/#website\"},\"primaryImageOfPage\":{\"@id\":\"https:\/\/www.asajacyl.com\/avila\/servicios-socio\/la-ayuda-a-las-titularidades-compartidas-hasta-el-31-de-mayo#primaryimage\"},\"image\":{\"@id\":\"https:\/\/www.asajacyl.com\/avila\/servicios-socio\/la-ayuda-a-las-titularidades-compartidas-hasta-el-31-de-mayo#primaryimage\"},\"thumbnailUrl\":\"https:\/\/www.asajacyl.com\/avila\/wp-content\/uploads\/sites\/4\/2017\/11\/im_predefinida_1920x1080.jpg\",\"datePublished\":\"2022-05-11T10:38:03+00:00\",\"dateModified\":\"2022-05-11T10:38:05+00:00\",\"author\":{\"@id\":\"https:\/\/www.asajacyl.com\/avila\/#\/schema\/person\/51bbd29d94e00aa22d79c7b8c3c404e6\"},\"description\":\"Hasta 429 explotaciones agrarias castellanas y leonesas gestionadas bajo la figura de Titularidad Compartida (TC) se podr\u00e1n beneficiar de la ayuda de\",\"breadcrumb\":{\"@id\":\"https:\/\/www.asajacyl.com\/avila\/servicios-socio\/la-ayuda-a-las-titularidades-compartidas-hasta-el-31-de-mayo#breadcrumb\"},\"inLanguage\":\"es\",\"potentialAction\":[{\"@type\":\"ReadAction\",\"target\":[\"https:\/\/www.asajacyl.com\/avila\/servicios-socio\/la-ayuda-a-las-titularidades-compartidas-hasta-el-31-de-mayo\"]}]},{\"@type\":\"ImageObject\",\"inLanguage\":\"es\",\"@id\":\"https:\/\/www.asajacyl.com\/avila\/servicios-socio\/la-ayuda-a-las-titularidades-compartidas-hasta-el-31-de-mayo#primaryimage\",\"url\":\"https:\/\/www.asajacyl.com\/avila\/wp-content\/uploads\/sites\/4\/2017\/11\/im_predefinida_1920x1080.jpg\",\"contentUrl\":\"https:\/\/www.asajacyl.com\/avila\/wp-content\/uploads\/sites\/4\/2017\/11\/im_predefinida_1920x1080.jpg\",\"width\":1920,\"height\":1080,\"caption\":\"Logotipo ASAJA \u00c1vila\"},{\"@type\":\"BreadcrumbList\",\"@id\":\"https:\/\/www.asajacyl.com\/avila\/servicios-socio\/la-ayuda-a-las-titularidades-compartidas-hasta-el-31-de-mayo#breadcrumb\",\"itemListElement\":[{\"@type\":\"ListItem\",\"position\":1,\"name\":\"Portada\",\"item\":\"https:\/\/www.asajacyl.com\/avila\/\"},{\"@type\":\"ListItem\",\"position\":2,\"name\":\"La ayuda a las titularidades compartidas, hasta el 31 de mayo\"}]},{\"@type\":\"WebSite\",\"@id\":\"https:\/\/www.asajacyl.com\/avila\/#website\",\"url\":\"https:\/\/www.asajacyl.com\/avila\/\",\"name\":\"ASAJA \u00c1vila\",\"description\":\"Otro sitio m\u00e1s de Provincias ASAJA Castilla y Le\u00f3n\",\"potentialAction\":[{\"@type\":\"SearchAction\",\"target\":{\"@type\":\"EntryPoint\",\"urlTemplate\":\"https:\/\/www.asajacyl.com\/avila\/?s={search_term_string}\"},\"query-input\":{\"@type\":\"PropertyValueSpecification\",\"valueRequired\":true,\"valueName\":\"search_term_string\"}}],\"inLanguage\":\"es\"},{\"@type\":\"Person\",\"@id\":\"https:\/\/www.asajacyl.com\/avila\/#\/schema\/person\/51bbd29d94e00aa22d79c7b8c3c404e6\",\"name\":\"comunicacion\",\"image\":{\"@type\":\"ImageObject\",\"inLanguage\":\"es\",\"@id\":\"https:\/\/www.asajacyl.com\/avila\/#\/schema\/person\/image\/\",\"url\":\"https:\/\/secure.gravatar.com\/avatar\/dacd6ac12f2f802c39afce565d232781?s=96&d=mm&r=g\",\"contentUrl\":\"https:\/\/secure.gravatar.com\/avatar\/dacd6ac12f2f802c39afce565d232781?s=96&d=mm&r=g\",\"caption\":\"comunicacion\"},\"url\":\"https:\/\/www.asajacyl.com\/avila\/author\/comunicacion\"}]}<\/script>\n<!-- \/ Yoast SEO plugin. -->","yoast_head_json":{"title":"La ayuda a las titularidades compartidas, hasta el 31 de mayo - ASAJA \u00c1vila","description":"Hasta 429 explotaciones agrarias castellanas y leonesas gestionadas bajo la figura de Titularidad Compartida (TC) se podr\u00e1n beneficiar de la ayuda de","robots":{"index":"index","follow":"follow","max-snippet":"max-snippet:-1","max-image-preview":"max-image-preview:large","max-video-preview":"max-video-preview:-1"},"canonical":"https:\/\/www.asajacyl.com\/avila\/servicios-socio\/la-ayuda-a-las-titularidades-compartidas-hasta-el-31-de-mayo","og_locale":"es_ES","og_type":"article","og_title":"La ayuda a las titularidades compartidas, hasta el 31 de mayo - ASAJA \u00c1vila","og_description":"Hasta 429 explotaciones agrarias castellanas y leonesas gestionadas bajo la figura de Titularidad Compartida (TC) se podr\u00e1n beneficiar de la ayuda de","og_url":"https:\/\/www.asajacyl.com\/avila\/servicios-socio\/la-ayuda-a-las-titularidades-compartidas-hasta-el-31-de-mayo","og_site_name":"ASAJA \u00c1vila","article_published_time":"2022-05-11T10:38:03+00:00","article_modified_time":"2022-05-11T10:38:05+00:00","author":"comunicacion","twitter_card":"summary_large_image","twitter_misc":{"Escrito por":"comunicacion","Tiempo de lectura":"1 minuto"},"schema":{"@context":"https:\/\/schema.org","@graph":[{"@type":"WebPage","@id":"https:\/\/www.asajacyl.com\/avila\/servicios-socio\/la-ayuda-a-las-titularidades-compartidas-hasta-el-31-de-mayo","url":"https:\/\/www.asajacyl.com\/avila\/servicios-socio\/la-ayuda-a-las-titularidades-compartidas-hasta-el-31-de-mayo","name":"La ayuda a las titularidades compartidas, hasta el 31 de mayo - ASAJA \u00c1vila","isPartOf":{"@id":"https:\/\/www.asajacyl.com\/avila\/#website"},"primaryImageOfPage":{"@id":"https:\/\/www.asajacyl.com\/avila\/servicios-socio\/la-ayuda-a-las-titularidades-compartidas-hasta-el-31-de-mayo#primaryimage"},"image":{"@id":"https:\/\/www.asajacyl.com\/avila\/servicios-socio\/la-ayuda-a-las-titularidades-compartidas-hasta-el-31-de-mayo#primaryimage"},"thumbnailUrl":"https:\/\/www.asajacyl.com\/avila\/wp-content\/uploads\/sites\/4\/2017\/11\/im_predefinida_1920x1080.jpg","datePublished":"2022-05-11T10:38:03+00:00","dateModified":"2022-05-11T10:38:05+00:00","author":{"@id":"https:\/\/www.asajacyl.com\/avila\/#\/schema\/person\/51bbd29d94e00aa22d79c7b8c3c404e6"},"description":"Hasta 429 explotaciones agrarias castellanas y leonesas gestionadas bajo la figura de Titularidad Compartida (TC) se podr\u00e1n beneficiar de la ayuda de","breadcrumb":{"@id":"https:\/\/www.asajacyl.com\/avila\/servicios-socio\/la-ayuda-a-las-titularidades-compartidas-hasta-el-31-de-mayo#breadcrumb"},"inLanguage":"es","potentialAction":[{"@type":"ReadAction","target":["https:\/\/www.asajacyl.com\/avila\/servicios-socio\/la-ayuda-a-las-titularidades-compartidas-hasta-el-31-de-mayo"]}]},{"@type":"ImageObject","inLanguage":"es","@id":"https:\/\/www.asajacyl.com\/avila\/servicios-socio\/la-ayuda-a-las-titularidades-compartidas-hasta-el-31-de-mayo#primaryimage","url":"https:\/\/www.asajacyl.com\/avila\/wp-content\/uploads\/sites\/4\/2017\/11\/im_predefinida_1920x1080.jpg","contentUrl":"https:\/\/www.asajacyl.com\/avila\/wp-content\/uploads\/sites\/4\/2017\/11\/im_predefinida_1920x1080.jpg","width":1920,"height":1080,"caption":"Logotipo ASAJA \u00c1vila"},{"@type":"BreadcrumbList","@id":"https:\/\/www.asajacyl.com\/avila\/servicios-socio\/la-ayuda-a-las-titularidades-compartidas-hasta-el-31-de-mayo#breadcrumb","itemListElement":[{"@type":"ListItem","position":1,"name":"Portada","item":"https:\/\/www.asajacyl.com\/avila\/"},{"@type":"ListItem","position":2,"name":"La ayuda a las titularidades compartidas, hasta el 31 de mayo"}]},{"@type":"WebSite","@id":"https:\/\/www.asajacyl.com\/avila\/#website","url":"https:\/\/www.asajacyl.com\/avila\/","name":"ASAJA \u00c1vila","description":"Otro sitio m\u00e1s de Provincias ASAJA Castilla y Le\u00f3n","potentialAction":[{"@type":"SearchAction","target":{"@type":"EntryPoint","urlTemplate":"https:\/\/www.asajacyl.com\/avila\/?s={search_term_string}"},"query-input":{"@type":"PropertyValueSpecification","valueRequired":true,"valueName":"search_term_string"}}],"inLanguage":"es"},{"@type":"Person","@id":"https:\/\/www.asajacyl.com\/avila\/#\/schema\/person\/51bbd29d94e00aa22d79c7b8c3c404e6","name":"comunicacion","image":{"@type":"ImageObject","inLanguage":"es","@id":"https:\/\/www.asajacyl.com\/avila\/#\/schema\/person\/image\/","url":"https:\/\/secure.gravatar.com\/avatar\/dacd6ac12f2f802c39afce565d232781?s=96&d=mm&r=g","contentUrl":"https:\/\/secure.gravatar.com\/avatar\/dacd6ac12f2f802c39afce565d232781?s=96&d=mm&r=g","caption":"comunicacion"},"url":"https:\/\/www.asajacyl.com\/avila\/author\/comunicacion"}]}},"_links":{"self":[{"href":"https:\/\/www.asajacyl.com\/avila\/wp-json\/wp\/v2\/posts\/6572"}],"collection":[{"href":"https:\/\/www.asajacyl.com\/avila\/wp-json\/wp\/v2\/posts"}],"about":[{"href":"https:\/\/www.asajacyl.com\/avila\/wp-json\/wp\/v2\/types\/post"}],"author":[{"embeddable":true,"href":"https:\/\/www.asajacyl.com\/avila\/wp-json\/wp\/v2\/users\/16"}],"replies":[{"embeddable":true,"href":"https:\/\/www.asajacyl.com\/avila\/wp-json\/wp\/v2\/comments?post=6572"}],"version-history":[{"count":1,"href":"https:\/\/www.asajacyl.com\/avila\/wp-json\/wp\/v2\/posts\/6572\/revisions"}],"predecessor-version":[{"id":6573,"href":"https:\/\/www.asajacyl.com\/avila\/wp-json\/wp\/v2\/posts\/6572\/revisions\/6573"}],"wp:featuredmedia":[{"embeddable":true,"href":"https:\/\/www.asajacyl.com\/avila\/wp-json\/wp\/v2\/media\/794"}],"wp:attachment":[{"href":"https:\/\/www.asajacyl.com\/avila\/wp-json\/wp\/v2\/media?parent=6572"}],"wp:term":[{"taxonomy":"category","embeddable":true,"href":"https:\/\/www.asajacyl.com\/avila\/wp-json\/wp\/v2\/categories?post=6572"},{"taxonomy":"post_tag","embeddable":true,"href":"https:\/\/www.asajacyl.com\/avila\/wp-json\/wp\/v2\/tags?post=6572"}],"curies":[{"name":"wp","href":"https:\/\/api.w.org\/{rel}","templated":true}]}}