{"id":6583,"date":"2022-05-16T14:19:00","date_gmt":"2022-05-16T12:19:00","guid":{"rendered":"https:\/\/www.asajacyl.com\/avila\/?p=6583"},"modified":"2022-05-16T14:19:02","modified_gmt":"2022-05-16T12:19:02","slug":"lonja-semana-del-16-de-mayo-de-2022","status":"publish","type":"post","link":"https:\/\/www.asajacyl.com\/avila\/servicios-socio\/lonja-semana-del-16-de-mayo-de-2022","title":{"rendered":"Lonja semana del 16 de mayo de 2022"},"content":{"rendered":"\n<p><strong>Una semana m\u00e1s, comenzamos con el repaso semanal a los mercados agrarios de la Comunidad para conocer las cotizaciones de las mesas de ganado y cereales.<\/strong><\/p>\n\n\n\n<p><\/p>\n\n\n\n<p><strong>LONJA AGROPECUARIA DE SALAMANCA<\/strong><\/p>\n\n\n\n<p><strong>Mesa de cereales<\/strong><\/p>\n\n\n\n<p><strong>TRIGO BLANDO<\/strong>&nbsp;&nbsp;&nbsp;&nbsp;&nbsp;&nbsp;&nbsp;&nbsp;&nbsp;&nbsp;&nbsp;&nbsp;&nbsp;&nbsp;&nbsp;&nbsp;&nbsp;&nbsp;&nbsp;&nbsp;&nbsp;&nbsp;&nbsp;&nbsp;&nbsp;&nbsp;&nbsp;&nbsp;&nbsp;&nbsp;&nbsp;&nbsp;&nbsp;&nbsp;&nbsp; <strong>370\u20ac\/Tn &nbsp;<\/strong> <strong><\/strong><\/p>\n\n\n\n<p><strong>CEBADA<\/strong>\u00a0\u00a0\u00a0\u00a0\u00a0\u00a0\u00a0\u00a0\u00a0\u00a0\u00a0\u00a0\u00a0\u00a0\u00a0\u00a0\u00a0\u00a0\u00a0\u00a0\u00a0\u00a0\u00a0\u00a0\u00a0\u00a0\u00a0\u00a0\u00a0\u00a0\u00a0\u00a0\u00a0\u00a0\u00a0\u00a0\u00a0\u00a0\u00a0\u00a0\u00a0\u00a0\u00a0\u00a0\u00a0\u00a0\u00a0 <strong>360\u20ac\/Tn \u00a0<\/strong> <\/p>\n\n\n\n<p><strong>CENTENO<\/strong>\u00a0\u00a0\u00a0\u00a0\u00a0\u00a0\u00a0\u00a0\u00a0\u00a0\u00a0\u00a0\u00a0\u00a0\u00a0\u00a0\u00a0\u00a0\u00a0\u00a0\u00a0\u00a0\u00a0\u00a0\u00a0\u00a0\u00a0\u00a0\u00a0\u00a0\u00a0\u00a0\u00a0\u00a0\u00a0\u00a0\u00a0\u00a0\u00a0\u00a0\u00a0\u00a0\u00a0\u00a0\u00a0\u00a0<strong>354\u20ac\/Tn \u00a0\u00a0<\/strong> <\/p>\n\n\n\n<p><strong>MA\u00cdZ<\/strong>\u00a0\u00a0\u00a0\u00a0\u00a0\u00a0\u00a0\u00a0\u00a0\u00a0\u00a0\u00a0\u00a0\u00a0\u00a0\u00a0\u00a0\u00a0\u00a0\u00a0\u00a0\u00a0\u00a0\u00a0\u00a0\u00a0\u00a0\u00a0\u00a0\u00a0\u00a0\u00a0\u00a0\u00a0\u00a0\u00a0\u00a0\u00a0\u00a0\u00a0\u00a0\u00a0\u00a0\u00a0\u00a0\u00a0\u00a0\u00a0\u00a0\u00a0\u00a0\u00a0 <strong>368\u20ac\/Tn \u00a0<\/strong> <\/p>\n\n\n\n<p><strong>AVENA\u00a0\u00a0\u00a0\u00a0\u00a0\u00a0\u00a0\u00a0\u00a0\u00a0\u00a0\u00a0\u00a0\u00a0\u00a0\u00a0\u00a0\u00a0\u00a0\u00a0\u00a0\u00a0\u00a0\u00a0\u00a0\u00a0\u00a0\u00a0\u00a0\u00a0\u00a0\u00a0\u00a0\u00a0\u00a0\u00a0\u00a0\u00a0\u00a0\u00a0\u00a0\u00a0\u00a0        351\u20ac\/Tn \u00a0<\/strong> <\/p>\n\n\n\n<p><strong>PAJA<\/strong><\/p>\n\n\n\n<p><strong>&nbsp;&nbsp;&nbsp;&nbsp;&nbsp;&nbsp;&nbsp;&nbsp;&nbsp;&nbsp;&nbsp; Paquete grande&nbsp;&nbsp;&nbsp;&nbsp;&nbsp;&nbsp;&nbsp;&nbsp;&nbsp;&nbsp;&nbsp;&nbsp;&nbsp;&nbsp;&nbsp;&nbsp;&nbsp;&nbsp;&nbsp;&nbsp; 53\u20ac\/Tn &nbsp;=<\/strong><\/p>\n\n\n\n<p><strong>Subida general de las cotizaciones con respecto a la semana pasada en la mesa del cereal de la lonja de Salamanca. El aumenta su cotizaci\u00f3n en 5 euros y alcanza un valor de 370 euros la tonelada, el mismo aumento tiene la cebada que sit\u00faa su cotizaci\u00f3n en 360 euros la tonelada. El centeno alcanza esta semana los 354 euros por tonelada y el ma\u00edz los 368 euros con un aumento de 7 euros con respecto a la semana anterior. Por \u00faltimo, tambi\u00e9n aumenta la cotizaci\u00f3n de la avena, que se sit\u00faa en 351 euros por tonelada.<\/strong><\/p>\n\n\n\n<p><strong>Donde no encontramos cambios es en el precio del paquete grande de paja, que se mantiene una semana m\u00e1s en 53 euros.<\/strong><\/p>\n\n\n\n<p><\/p>\n\n\n\n<p><strong>LONJA AGROPECUARIA DE SEGOVIA<\/strong><\/p>\n\n\n\n<p><strong>Mesa del porcino blanco<\/strong><\/p>\n\n\n\n<p><strong>CERDO CEBADO<\/strong><strong>&nbsp;&nbsp; &nbsp;&nbsp;&nbsp;&nbsp;&nbsp;&nbsp;&nbsp;&nbsp;&nbsp;&nbsp;&nbsp; 1,54 \u20ac Kg vivo =<\/strong><\/p>\n\n\n\n<p><strong>CERDO GRASO<\/strong><strong>&nbsp;&nbsp;&nbsp;&nbsp;&nbsp;&nbsp;&nbsp;&nbsp;&nbsp;&nbsp;&nbsp;&nbsp;&nbsp;&nbsp;&nbsp;&nbsp; 1,59 \u20ac Kg vivo =<\/strong><\/p>\n\n\n\n<p><strong>COCHINILLO <\/strong>\u00a0\u00a0\u00a0\u00a0\u00a0\u00a0\u00a0\u00a0\u00a0\u00a0\u00a0\u00a0\u00a0\u00a0\u00a0\u00a0\u00a0\u00a0\u00a0<strong>37,00 \u20ac\/unidad<\/strong> <\/p>\n\n\n\n<p><strong>Pocos cambios en la Mesa del Porcino Blanco de la Lonja de Segovia, el cerdo cebado mantiene su cotizaci\u00f3n en 1,54 euros el kilo vivo, tampoco varia el valor del cerdo graso que se cotiza a 1,59 euros el kilo vivo. Donde s\u00ed encontramos variaci\u00f3n es en el precio del cochinillo disminuye su cotizaci\u00f3n a 37 euros la unidad.<\/strong><\/p>\n\n\n\n<p><\/p>\n\n\n\n<p><strong>LONJA AGROPECUARIA DE SALAMANCA<\/strong><\/p>\n\n\n\n<p><strong>Mesa del porcino ib\u00e9rico<\/strong><\/p>\n\n\n\n<p><strong>CEBO DE CAMPO <\/strong>&nbsp;&nbsp;&nbsp;&nbsp;&nbsp;&nbsp;&nbsp;&nbsp;&nbsp;&nbsp;&nbsp;&nbsp;&nbsp;&nbsp;&nbsp; <strong>2,46 \u20ac\/Kg vivo<\/strong><\/p>\n\n\n\n<p><strong>CEBO<\/strong>\u00a0\u00a0\u00a0\u00a0\u00a0\u00a0\u00a0\u00a0\u00a0\u00a0\u00a0\u00a0\u00a0\u00a0\u00a0\u00a0\u00a0\u00a0\u00a0\u00a0\u00a0\u00a0\u00a0\u00a0\u00a0\u00a0\u00a0\u00a0\u00a0\u00a0\u00a0\u00a0\u00a0  <strong>2,23 \u20ac\/Kg vivo<\/strong> <\/p>\n\n\n\n<p><strong>Esta semana en la Mesa del Porcino Ib\u00e9rico de la Lonja de Salamanca encontramos un ligero aumento de cotizaciones en el cebo de campo que sube su valor con respecto a la semana pasada y se sit\u00faa en 2,46 euros el kilo, tambi\u00e9n aumenta la cotizaci\u00f3n del cebo hasta los 2,23 euros el kilo. &nbsp;<\/strong><\/p>\n\n\n\n<p><\/p>\n\n\n\n<p><strong>LONJA AGROPECUARIA DE SALAMANCA<\/strong><\/p>\n\n\n\n<p><strong>Mesa de Ovino<\/strong><\/p>\n\n\n\n<p><strong>LECHAZO<\/strong><strong>&nbsp;&nbsp;&nbsp; &nbsp;&nbsp;&nbsp;&nbsp;&nbsp;&nbsp;&nbsp;&nbsp;&nbsp;&nbsp;&nbsp; 4,25 \u20ac\/Kg vivo<\/strong> <strong><\/strong><\/p>\n\n\n\n<p><strong>(de 13 a 15 kg)<\/strong><\/p>\n\n\n\n<p><strong>CORDERO<\/strong><strong>&nbsp;&nbsp; &nbsp;&nbsp;&nbsp;&nbsp;&nbsp;&nbsp;&nbsp;&nbsp;&nbsp;&nbsp;&nbsp; 3,75 \u20ac\/Kg vivo =<\/strong><\/p>\n\n\n\n<p><strong>&nbsp;(de 19 a 23 kg)<\/strong><\/p>\n\n\n\n<p><strong>En el caso de la mesa de ovino de la lonja de Salamanca, encontramos cambios en la cotizaci\u00f3n del lechazo de 13 a 15 kilos que aumenta su valor hasta los 4,25 euros por kilo vivo. En el caso del cordero de 19 a 23 kilos, esta semana tampoco muestra variaci\u00f3n y se mantiene en 3,75 euros el kilo.<\/strong><\/p>\n\n\n\n<p><\/p>\n\n\n\n<p><strong>MERCADO DE GANADOS DE TALAVERA DE LA REINA<\/strong><\/p>\n\n\n\n<p><strong>Cabrito lechal<\/strong>&nbsp;&nbsp;&nbsp;&nbsp;&nbsp;&nbsp;&nbsp;&nbsp;&nbsp;&nbsp;&nbsp;&nbsp;&nbsp;&nbsp;&nbsp;&nbsp;&nbsp;&nbsp;&nbsp;&nbsp;&nbsp;&nbsp;&nbsp;&nbsp;&nbsp;&nbsp;&nbsp;&nbsp;&nbsp;&nbsp; <strong>4,00 \u20ac\/Kg vivo =<\/strong><strong><\/strong><\/p>\n\n\n\n<p><strong>(entre 7 y 10 kg)<\/strong><\/p>\n\n\n\n<p><strong>La carne de cabrito esta semana en el Mercado de Ganados de Talavera de la Reina mantiene su cotizaci\u00f3n y se sit\u00faa en 4,00 euros el kilo de cabrito lechal vivo.<\/strong><\/p>\n\n\n\n<p><\/p>\n\n\n\n<p><strong>LONJA AGROPECUARIA DE SALAMANCA<\/strong><\/p>\n\n\n\n<p><strong>Mesa de vacuno<\/strong><\/p>\n\n\n\n<p><strong>BOVINO DE CARNE\u00a0\u00a0\u00a0\u00a0\u00a0\u00a0\u00a0\u00a0\u00a0\u00a0\u00a0\u00a0\u00a0\u00a0\u00a0\u00a0\u00a0\u00a0\u00a0\u00a0       4,93 \u20ac\/Kg canal\u00a0<\/strong> <\/p>\n\n\n\n<p><strong>Menor de 12 meses)<\/strong><\/p>\n\n\n\n<p><strong>Primera macho<\/strong><\/p>\n\n\n\n<p><strong>BOVINO DE CARNE<\/strong>&nbsp;&nbsp;&nbsp;&nbsp;&nbsp;&nbsp;&nbsp;&nbsp;&nbsp;&nbsp;&nbsp;&nbsp;&nbsp;&nbsp;&nbsp;&nbsp;&nbsp;&nbsp;&nbsp;&nbsp;&nbsp;&nbsp;&nbsp;&nbsp;&nbsp;&nbsp; <strong>4,88\u20ac\/Kg canal <a>&nbsp;<\/a>=<\/strong><\/p>\n\n\n\n<p><strong>(Menor de 12 meses)<\/strong><\/p>\n\n\n\n<p><strong>Primera hembra 180 a 220 kg<\/strong><\/p>\n\n\n\n<p><strong>TERNERAS\u00a0\u00a0\u00a0\u00a0\u00a0\u00a0\u00a0\u00a0\u00a0\u00a0\u00a0\u00a0\u00a0\u00a0\u00a0\u00a0\u00a0\u00a0\u00a0\u00a0\u00a0\u00a0\u00a0\u00a0 \u00a0\u00a0\u00a0\u00a0\u00a0\u00a0\u00a0\u00a0\u00a0\u00a0\u00a0     4,99 \u20ac\/Kg canal \u00a0=<\/strong><\/p>\n\n\n\n<p><strong>(Mayor de 12 meses)<\/strong><\/p>\n\n\n\n<p><strong>Primera mayor 270 kg<\/strong><\/p>\n\n\n\n<p><strong>A\u00d1OJOS\u00a0\u00a0\u00a0\u00a0\u00a0\u00a0\u00a0\u00a0\u00a0\u00a0\u00a0\u00a0\u00a0\u00a0\u00a0\u00a0\u00a0\u00a0\u00a0\u00a0\u00a0\u00a0\u00a0\u00a0\u00a0\u00a0\u00a0\u00a0\u00a0\u00a0\u00a0\u00a0\u00a0\u00a0\u00a0\u00a0\u00a0\u00a0\u00a0\u00a0\u00a0\u00a0   4,80\u20ac\/Kg canal \u00a0<\/strong> <\/p>\n\n\n\n<p><strong>Primera mayor 350 kg<\/strong><\/p>\n\n\n\n<p><strong>NOVILLOS\u00a0\u00a0\u00a0\u00a0\u00a0\u00a0\u00a0\u00a0\u00a0\u00a0\u00a0\u00a0\u00a0\u00a0\u00a0\u00a0\u00a0\u00a0\u00a0\u00a0\u00a0\u00a0\u00a0\u00a0\u00a0 \u00a0\u00a0\u00a0\u00a0\u00a0\u00a0\u00a0\u00a0\u00a0\u00a0\u00a0    2,89 \u20ac\/Kg canal \u00a0<\/strong> <\/p>\n\n\n\n<p><strong>Primera<\/strong><\/p>\n\n\n\n<p><strong>Granes cambios en la Mesa de Vacuno de la Lonja de Salamanca de esta semana. La cotizaci\u00f3n del bovino de carne menor de 12 meses primera macho disminuye y se sit\u00faa en los 4,93 euros por kilo canal. En el caso del bovino de carne menor de 12 meses, primera hembra, su cotizaci\u00f3n se establece en 4.88 euros el kilo. La ternera mantiene una semana m\u00e1s la cotizaci\u00f3n en 4.99 euros el kilo. Disminuyen las cotizaciones de los a\u00f1ojos y novillos, situ\u00e1ndose el valor del a\u00f1ojo primera mayo de 350kg en 4,80 euros el kilo y el de los novillos de primera en 2,89 euros el kilo.<\/strong><\/p>\n","protected":false},"excerpt":{"rendered":"<p>Una semana m\u00e1s, comenzamos con el repaso semanal a los mercados agrarios de la Comunidad para conocer las cotizaciones de las mesas de ganado y cereales. LONJA AGROPECUARIA DE SALAMANCA Mesa de cereales TRIGO BLANDO&nbsp;&nbsp;&nbsp;&nbsp;&nbsp;&nbsp;&nbsp;&nbsp;&nbsp;&nbsp;&nbsp;&nbsp;&nbsp;&nbsp;&nbsp;&nbsp;&nbsp;&nbsp;&nbsp;&nbsp;&nbsp;&nbsp;&nbsp;&nbsp;&nbsp;&nbsp;&nbsp;&nbsp;&nbsp;&nbsp;&nbsp;&nbsp;&nbsp;&nbsp;&nbsp; 370\u20ac\/Tn &nbsp; CEBADA\u00a0\u00a0\u00a0\u00a0\u00a0\u00a0\u00a0\u00a0\u00a0\u00a0\u00a0\u00a0\u00a0\u00a0\u00a0\u00a0\u00a0\u00a0\u00a0\u00a0\u00a0\u00a0\u00a0\u00a0\u00a0\u00a0\u00a0\u00a0\u00a0\u00a0\u00a0\u00a0\u00a0\u00a0\u00a0\u00a0\u00a0\u00a0\u00a0\u00a0\u00a0\u00a0\u00a0\u00a0\u00a0\u00a0\u00a0 360\u20ac\/Tn \u00a0 CENTENO\u00a0\u00a0\u00a0\u00a0\u00a0\u00a0\u00a0\u00a0\u00a0\u00a0\u00a0\u00a0\u00a0\u00a0\u00a0\u00a0\u00a0\u00a0\u00a0\u00a0\u00a0\u00a0\u00a0\u00a0\u00a0\u00a0\u00a0\u00a0\u00a0\u00a0\u00a0\u00a0\u00a0\u00a0\u00a0\u00a0\u00a0\u00a0\u00a0\u00a0\u00a0\u00a0\u00a0\u00a0\u00a0\u00a0354\u20ac\/Tn \u00a0\u00a0 MA\u00cdZ\u00a0\u00a0\u00a0\u00a0\u00a0\u00a0\u00a0\u00a0\u00a0\u00a0\u00a0\u00a0\u00a0\u00a0\u00a0\u00a0\u00a0\u00a0\u00a0\u00a0\u00a0\u00a0\u00a0\u00a0\u00a0\u00a0\u00a0\u00a0\u00a0\u00a0\u00a0\u00a0\u00a0\u00a0\u00a0\u00a0\u00a0\u00a0\u00a0\u00a0\u00a0\u00a0\u00a0\u00a0\u00a0\u00a0\u00a0\u00a0\u00a0\u00a0\u00a0\u00a0 368\u20ac\/Tn \u00a0 AVENA\u00a0\u00a0\u00a0\u00a0\u00a0\u00a0\u00a0\u00a0\u00a0\u00a0\u00a0\u00a0\u00a0\u00a0\u00a0\u00a0\u00a0\u00a0\u00a0\u00a0\u00a0\u00a0\u00a0\u00a0\u00a0\u00a0\u00a0\u00a0\u00a0\u00a0\u00a0\u00a0\u00a0\u00a0\u00a0\u00a0\u00a0\u00a0\u00a0\u00a0\u00a0\u00a0\u00a0 351\u20ac\/Tn \u00a0 PAJA &nbsp;&nbsp;&nbsp;&nbsp;&nbsp;&nbsp;&nbsp;&nbsp;&nbsp;&nbsp;&nbsp; Paquete grande&nbsp;&nbsp;&nbsp;&nbsp;&nbsp;&nbsp;&nbsp;&nbsp;&nbsp;&nbsp;&nbsp;&nbsp;&nbsp;&nbsp;&nbsp;&nbsp;&nbsp;&nbsp;&nbsp;&nbsp; 53\u20ac\/Tn &nbsp;= Subida [&hellip;]<\/p>\n","protected":false},"author":16,"featured_media":5681,"comment_status":"open","ping_status":"open","sticky":false,"template":"","format":"standard","meta":{"footnotes":""},"categories":[44,9],"tags":[],"yoast_head":"<!-- This site is optimized with the Yoast SEO plugin v24.5 - https:\/\/yoast.com\/wordpress\/plugins\/seo\/ -->\n<title>Lonja semana del 16 de mayo de 2022 - ASAJA \u00c1vila<\/title>\n<meta name=\"description\" content=\"Una semana m\u00e1s, comenzamos con el repaso semanal a los mercados agrarios de la Comunidad para conocer las cotizaciones de las mesas de ganado y cereales.\" \/>\n<meta name=\"robots\" content=\"index, follow, max-snippet:-1, max-image-preview:large, max-video-preview:-1\" \/>\n<link rel=\"canonical\" href=\"https:\/\/www.asajacyl.com\/avila\/servicios-socio\/lonja-semana-del-16-de-mayo-de-2022\" \/>\n<meta property=\"og:locale\" content=\"es_ES\" \/>\n<meta property=\"og:type\" content=\"article\" \/>\n<meta property=\"og:title\" content=\"Lonja semana del 16 de mayo de 2022 - ASAJA \u00c1vila\" \/>\n<meta property=\"og:description\" content=\"Una semana m\u00e1s, comenzamos con el repaso semanal a los mercados agrarios de la Comunidad para conocer las cotizaciones de las mesas de ganado y cereales.\" \/>\n<meta property=\"og:url\" content=\"https:\/\/www.asajacyl.com\/avila\/servicios-socio\/lonja-semana-del-16-de-mayo-de-2022\" \/>\n<meta property=\"og:site_name\" content=\"ASAJA \u00c1vila\" \/>\n<meta property=\"article:published_time\" content=\"2022-05-16T12:19:00+00:00\" \/>\n<meta property=\"article:modified_time\" content=\"2022-05-16T12:19:02+00:00\" \/>\n<meta property=\"og:image\" content=\"https:\/\/www.asajacyl.com\/avila\/wp-content\/uploads\/sites\/4\/2020\/03\/LONJAS_ASAJA-150x150.jpg\" \/>\n\t<meta property=\"og:image:width\" content=\"150\" \/>\n\t<meta property=\"og:image:height\" content=\"150\" \/>\n\t<meta property=\"og:image:type\" content=\"image\/jpeg\" \/>\n<meta name=\"author\" content=\"comunicacion\" \/>\n<meta name=\"twitter:card\" content=\"summary_large_image\" \/>\n<meta name=\"twitter:label1\" content=\"Escrito por\" \/>\n\t<meta name=\"twitter:data1\" content=\"comunicacion\" \/>\n\t<meta name=\"twitter:label2\" content=\"Tiempo de lectura\" \/>\n\t<meta name=\"twitter:data2\" content=\"3 minutos\" \/>\n<script type=\"application\/ld+json\" class=\"yoast-schema-graph\">{\"@context\":\"https:\/\/schema.org\",\"@graph\":[{\"@type\":\"WebPage\",\"@id\":\"https:\/\/www.asajacyl.com\/avila\/servicios-socio\/lonja-semana-del-16-de-mayo-de-2022\",\"url\":\"https:\/\/www.asajacyl.com\/avila\/servicios-socio\/lonja-semana-del-16-de-mayo-de-2022\",\"name\":\"Lonja semana del 16 de mayo de 2022 - ASAJA \u00c1vila\",\"isPartOf\":{\"@id\":\"https:\/\/www.asajacyl.com\/avila\/#website\"},\"primaryImageOfPage\":{\"@id\":\"https:\/\/www.asajacyl.com\/avila\/servicios-socio\/lonja-semana-del-16-de-mayo-de-2022#primaryimage\"},\"image\":{\"@id\":\"https:\/\/www.asajacyl.com\/avila\/servicios-socio\/lonja-semana-del-16-de-mayo-de-2022#primaryimage\"},\"thumbnailUrl\":\"https:\/\/www.asajacyl.com\/avila\/wp-content\/uploads\/sites\/4\/2020\/03\/LONJAS_ASAJA-150x150.jpg\",\"datePublished\":\"2022-05-16T12:19:00+00:00\",\"dateModified\":\"2022-05-16T12:19:02+00:00\",\"author\":{\"@id\":\"https:\/\/www.asajacyl.com\/avila\/#\/schema\/person\/51bbd29d94e00aa22d79c7b8c3c404e6\"},\"description\":\"Una semana m\u00e1s, comenzamos con el repaso semanal a los mercados agrarios de la Comunidad para conocer las cotizaciones de las mesas de ganado y cereales.\",\"breadcrumb\":{\"@id\":\"https:\/\/www.asajacyl.com\/avila\/servicios-socio\/lonja-semana-del-16-de-mayo-de-2022#breadcrumb\"},\"inLanguage\":\"es\",\"potentialAction\":[{\"@type\":\"ReadAction\",\"target\":[\"https:\/\/www.asajacyl.com\/avila\/servicios-socio\/lonja-semana-del-16-de-mayo-de-2022\"]}]},{\"@type\":\"ImageObject\",\"inLanguage\":\"es\",\"@id\":\"https:\/\/www.asajacyl.com\/avila\/servicios-socio\/lonja-semana-del-16-de-mayo-de-2022#primaryimage\",\"url\":\"https:\/\/www.asajacyl.com\/avila\/wp-content\/uploads\/sites\/4\/2020\/03\/LONJAS_ASAJA-150x150.jpg\",\"contentUrl\":\"https:\/\/www.asajacyl.com\/avila\/wp-content\/uploads\/sites\/4\/2020\/03\/LONJAS_ASAJA-150x150.jpg\",\"width\":150,\"height\":150},{\"@type\":\"BreadcrumbList\",\"@id\":\"https:\/\/www.asajacyl.com\/avila\/servicios-socio\/lonja-semana-del-16-de-mayo-de-2022#breadcrumb\",\"itemListElement\":[{\"@type\":\"ListItem\",\"position\":1,\"name\":\"Portada\",\"item\":\"https:\/\/www.asajacyl.com\/avila\/\"},{\"@type\":\"ListItem\",\"position\":2,\"name\":\"Lonja semana del 16 de mayo de 2022\"}]},{\"@type\":\"WebSite\",\"@id\":\"https:\/\/www.asajacyl.com\/avila\/#website\",\"url\":\"https:\/\/www.asajacyl.com\/avila\/\",\"name\":\"ASAJA \u00c1vila\",\"description\":\"Otro sitio m\u00e1s de Provincias ASAJA Castilla y Le\u00f3n\",\"potentialAction\":[{\"@type\":\"SearchAction\",\"target\":{\"@type\":\"EntryPoint\",\"urlTemplate\":\"https:\/\/www.asajacyl.com\/avila\/?s={search_term_string}\"},\"query-input\":{\"@type\":\"PropertyValueSpecification\",\"valueRequired\":true,\"valueName\":\"search_term_string\"}}],\"inLanguage\":\"es\"},{\"@type\":\"Person\",\"@id\":\"https:\/\/www.asajacyl.com\/avila\/#\/schema\/person\/51bbd29d94e00aa22d79c7b8c3c404e6\",\"name\":\"comunicacion\",\"image\":{\"@type\":\"ImageObject\",\"inLanguage\":\"es\",\"@id\":\"https:\/\/www.asajacyl.com\/avila\/#\/schema\/person\/image\/\",\"url\":\"https:\/\/secure.gravatar.com\/avatar\/dacd6ac12f2f802c39afce565d232781?s=96&d=mm&r=g\",\"contentUrl\":\"https:\/\/secure.gravatar.com\/avatar\/dacd6ac12f2f802c39afce565d232781?s=96&d=mm&r=g\",\"caption\":\"comunicacion\"},\"url\":\"https:\/\/www.asajacyl.com\/avila\/author\/comunicacion\"}]}<\/script>\n<!-- \/ Yoast SEO plugin. -->","yoast_head_json":{"title":"Lonja semana del 16 de mayo de 2022 - ASAJA \u00c1vila","description":"Una semana m\u00e1s, comenzamos con el repaso semanal a los mercados agrarios de la Comunidad para conocer las cotizaciones de las mesas de ganado y cereales.","robots":{"index":"index","follow":"follow","max-snippet":"max-snippet:-1","max-image-preview":"max-image-preview:large","max-video-preview":"max-video-preview:-1"},"canonical":"https:\/\/www.asajacyl.com\/avila\/servicios-socio\/lonja-semana-del-16-de-mayo-de-2022","og_locale":"es_ES","og_type":"article","og_title":"Lonja semana del 16 de mayo de 2022 - ASAJA \u00c1vila","og_description":"Una semana m\u00e1s, comenzamos con el repaso semanal a los mercados agrarios de la Comunidad para conocer las cotizaciones de las mesas de ganado y cereales.","og_url":"https:\/\/www.asajacyl.com\/avila\/servicios-socio\/lonja-semana-del-16-de-mayo-de-2022","og_site_name":"ASAJA \u00c1vila","article_published_time":"2022-05-16T12:19:00+00:00","article_modified_time":"2022-05-16T12:19:02+00:00","og_image":[{"width":150,"height":150,"url":"https:\/\/www.asajacyl.com\/avila\/wp-content\/uploads\/sites\/4\/2020\/03\/LONJAS_ASAJA-150x150.jpg","type":"image\/jpeg"}],"author":"comunicacion","twitter_card":"summary_large_image","twitter_misc":{"Escrito por":"comunicacion","Tiempo de lectura":"3 minutos"},"schema":{"@context":"https:\/\/schema.org","@graph":[{"@type":"WebPage","@id":"https:\/\/www.asajacyl.com\/avila\/servicios-socio\/lonja-semana-del-16-de-mayo-de-2022","url":"https:\/\/www.asajacyl.com\/avila\/servicios-socio\/lonja-semana-del-16-de-mayo-de-2022","name":"Lonja semana del 16 de mayo de 2022 - ASAJA \u00c1vila","isPartOf":{"@id":"https:\/\/www.asajacyl.com\/avila\/#website"},"primaryImageOfPage":{"@id":"https:\/\/www.asajacyl.com\/avila\/servicios-socio\/lonja-semana-del-16-de-mayo-de-2022#primaryimage"},"image":{"@id":"https:\/\/www.asajacyl.com\/avila\/servicios-socio\/lonja-semana-del-16-de-mayo-de-2022#primaryimage"},"thumbnailUrl":"https:\/\/www.asajacyl.com\/avila\/wp-content\/uploads\/sites\/4\/2020\/03\/LONJAS_ASAJA-150x150.jpg","datePublished":"2022-05-16T12:19:00+00:00","dateModified":"2022-05-16T12:19:02+00:00","author":{"@id":"https:\/\/www.asajacyl.com\/avila\/#\/schema\/person\/51bbd29d94e00aa22d79c7b8c3c404e6"},"description":"Una semana m\u00e1s, comenzamos con el repaso semanal a los mercados agrarios de la Comunidad para conocer las cotizaciones de las mesas de ganado y cereales.","breadcrumb":{"@id":"https:\/\/www.asajacyl.com\/avila\/servicios-socio\/lonja-semana-del-16-de-mayo-de-2022#breadcrumb"},"inLanguage":"es","potentialAction":[{"@type":"ReadAction","target":["https:\/\/www.asajacyl.com\/avila\/servicios-socio\/lonja-semana-del-16-de-mayo-de-2022"]}]},{"@type":"ImageObject","inLanguage":"es","@id":"https:\/\/www.asajacyl.com\/avila\/servicios-socio\/lonja-semana-del-16-de-mayo-de-2022#primaryimage","url":"https:\/\/www.asajacyl.com\/avila\/wp-content\/uploads\/sites\/4\/2020\/03\/LONJAS_ASAJA-150x150.jpg","contentUrl":"https:\/\/www.asajacyl.com\/avila\/wp-content\/uploads\/sites\/4\/2020\/03\/LONJAS_ASAJA-150x150.jpg","width":150,"height":150},{"@type":"BreadcrumbList","@id":"https:\/\/www.asajacyl.com\/avila\/servicios-socio\/lonja-semana-del-16-de-mayo-de-2022#breadcrumb","itemListElement":[{"@type":"ListItem","position":1,"name":"Portada","item":"https:\/\/www.asajacyl.com\/avila\/"},{"@type":"ListItem","position":2,"name":"Lonja semana del 16 de mayo de 2022"}]},{"@type":"WebSite","@id":"https:\/\/www.asajacyl.com\/avila\/#website","url":"https:\/\/www.asajacyl.com\/avila\/","name":"ASAJA \u00c1vila","description":"Otro sitio m\u00e1s de Provincias ASAJA Castilla y Le\u00f3n","potentialAction":[{"@type":"SearchAction","target":{"@type":"EntryPoint","urlTemplate":"https:\/\/www.asajacyl.com\/avila\/?s={search_term_string}"},"query-input":{"@type":"PropertyValueSpecification","valueRequired":true,"valueName":"search_term_string"}}],"inLanguage":"es"},{"@type":"Person","@id":"https:\/\/www.asajacyl.com\/avila\/#\/schema\/person\/51bbd29d94e00aa22d79c7b8c3c404e6","name":"comunicacion","image":{"@type":"ImageObject","inLanguage":"es","@id":"https:\/\/www.asajacyl.com\/avila\/#\/schema\/person\/image\/","url":"https:\/\/secure.gravatar.com\/avatar\/dacd6ac12f2f802c39afce565d232781?s=96&d=mm&r=g","contentUrl":"https:\/\/secure.gravatar.com\/avatar\/dacd6ac12f2f802c39afce565d232781?s=96&d=mm&r=g","caption":"comunicacion"},"url":"https:\/\/www.asajacyl.com\/avila\/author\/comunicacion"}]}},"_links":{"self":[{"href":"https:\/\/www.asajacyl.com\/avila\/wp-json\/wp\/v2\/posts\/6583"}],"collection":[{"href":"https:\/\/www.asajacyl.com\/avila\/wp-json\/wp\/v2\/posts"}],"about":[{"href":"https:\/\/www.asajacyl.com\/avila\/wp-json\/wp\/v2\/types\/post"}],"author":[{"embeddable":true,"href":"https:\/\/www.asajacyl.com\/avila\/wp-json\/wp\/v2\/users\/16"}],"replies":[{"embeddable":true,"href":"https:\/\/www.asajacyl.com\/avila\/wp-json\/wp\/v2\/comments?post=6583"}],"version-history":[{"count":1,"href":"https:\/\/www.asajacyl.com\/avila\/wp-json\/wp\/v2\/posts\/6583\/revisions"}],"predecessor-version":[{"id":6584,"href":"https:\/\/www.asajacyl.com\/avila\/wp-json\/wp\/v2\/posts\/6583\/revisions\/6584"}],"wp:featuredmedia":[{"embeddable":true,"href":"https:\/\/www.asajacyl.com\/avila\/wp-json\/wp\/v2\/media\/5681"}],"wp:attachment":[{"href":"https:\/\/www.asajacyl.com\/avila\/wp-json\/wp\/v2\/media?parent=6583"}],"wp:term":[{"taxonomy":"category","embeddable":true,"href":"https:\/\/www.asajacyl.com\/avila\/wp-json\/wp\/v2\/categories?post=6583"},{"taxonomy":"post_tag","embeddable":true,"href":"https:\/\/www.asajacyl.com\/avila\/wp-json\/wp\/v2\/tags?post=6583"}],"curies":[{"name":"wp","href":"https:\/\/api.w.org\/{rel}","templated":true}]}}