{"id":6632,"date":"2022-08-08T11:16:00","date_gmt":"2022-08-08T09:16:00","guid":{"rendered":"https:\/\/www.asajacyl.com\/avila\/?p=6632"},"modified":"2022-09-16T13:49:45","modified_gmt":"2022-09-16T11:49:45","slug":"asaja-urge-ayudas-para-los-ganaderos-afectados-por-los-incendios-de-cebreros-y-san-juan-de-la-nava","status":"publish","type":"post","link":"https:\/\/www.asajacyl.com\/avila\/asaja-avila-informa\/asaja-urge-ayudas-para-los-ganaderos-afectados-por-los-incendios-de-cebreros-y-san-juan-de-la-nava","title":{"rendered":"ASAJA urge ayudas para los ganaderos afectados por los incendios de Cebreros y San Juan de la Nava"},"content":{"rendered":"\n<p><strong>La organizaci\u00f3n agraria pide celeridad a la consejer\u00eda de Agricultura, Ganader\u00eda y Desarrollo Rural de Castilla y Le\u00f3n para que surta la alimentaci\u00f3n comprometida ante la opini\u00f3n p\u00fablica a los ganaderos afectados<\/strong><\/p>\n\n\n\n<p>La Asociaci\u00f3n Agraria <em>J\u00f3venes Agricultores<\/em> (ASAJA) de \u00c1vila ha reclamado que de manera urgente se surta de forrajes a los ganaderos de Cebreros y El Hoyo de Pinares, as\u00ed como a los de San Juan de la Nava, y adem\u00e1s haga una previsi\u00f3n para acompa\u00f1arlos surti\u00e9ndolos de agua, paja y pienso ante el largo oto\u00f1o, invierno y primavera que se los avecina. Todo ello a la espera de que se sofoque el incendio de Santa Cruz de Valle, y se puedan valorar los da\u00f1os que all\u00ed se est\u00e1n produciendo.<\/p>\n\n\n\n<p>El presidente provincial de ASAJA en \u00c1vila, Joaqu\u00edn Antonio Pino, junto a varios t\u00e9cnicos e ingenieros de la organizaci\u00f3n, han visitado a los ganaderos afectados por los incendios que est\u00e1n asolando nuevamente esta temporada la provincia de \u00c1vila. Pudieron contemplar <em>in situ<\/em> el desastre y conversar con los ganaderos afectados de las localidades de El Hoyo de Pinares y Cebreros, localidades donde los incendios han arrasado m\u00e1s de 4.000 hect\u00e1reas. All\u00ed, la \u00fanica ayuda que ha llegado hasta el momento ha sido poco m\u00e1s de una decena de camiones de paja fletados por la Diputaci\u00f3n Provincial de \u00c1vila, sin que hasta la fecha la consejer\u00eda de Agricultura -que es quien ostenta por mandato constitucional las competencias en materia de agricultura y ganader\u00eda- haya enviado la alimentaci\u00f3n de urgencia que necesitan los afectados.<\/p>\n\n\n\n<p>En concreto, la caba\u00f1a ganadera afectada de estas dos localidades precisa la disposici\u00f3n inmediata de forrajes, as\u00ed como llevar a cabo una planificaci\u00f3n para el suministro de agua y los necesarios abrevaderos que en breve se predicen necesarios, junto a un suministro estable y en funci\u00f3n de las cabezas de ganado de cada explotaci\u00f3n de paja y heno. Asimismo, se solicita a los ayuntamientos la condonaci\u00f3n a los ganaderos del pago por aprovechamiento de pastos comunales. Adem\u00e1s, han sido varias las parcelas de vi\u00f1edo de la D.O. Cebreros afectadas.<\/p>\n\n\n\n<p>Por otro lado, los servicios t\u00e9cnicos de ASAJA de \u00c1vila y su presidente, pudieron contemplar los estragos que los incendios han provocado principalmente en el t\u00e9rmino municipal de San Juan de la Nava, y en menor superficie en El Barraco, con un \u00e1rea quemada de m\u00e1s de 500 hect\u00e1reas. Cabe recordar que estos dos municipios fueron tambi\u00e9n afectados el pasado a\u00f1o por pavoroso incendi\u00f3 que asol\u00f3 la sierra de La Paramera que devast\u00f3 m\u00e1s de 20.000 hect\u00e1reas. Este incendi\u00f3 ha afectado un enclave donde el ganado pasta y pasa el invierno, y donde los ganaderos de vacuno ten\u00edan hecho su acopio mediante pilas de heno y forraje para esos momentos, alimentaci\u00f3n que tambi\u00e9n se ha quemado. Una zona que tambi\u00e9n era aprovechada a diente mediante el pastoreo del ganado ovino del municipio, del poco que queda en la zona, y donde tambi\u00e9n ha sido afectada superficie de vi\u00f1edos.<\/p>\n\n\n\n<p>El presidente de ASAJA de \u00c1vila ha indicado que la ganader\u00eda no entiende de d\u00edas ni vacaciones, y necesita cuidados y alimentaci\u00f3n a diario, por lo que insta a la consejer\u00eda de Agricultura, Ganader\u00eda y Desarrollo Rural a ponerse manos a la obra y por la v\u00eda de urgencia haga unos primeros env\u00edos de forraje y heno, sin olvidar la planificaci\u00f3n del suministro de agua. Ahora es cuando m\u00e1s se necesita la ayuda y el acompa\u00f1amiento a los ganaderos.<\/p>\n\n\n\n<p>Adem\u00e1s, ASAJA reclama al Servicio Territorial de Medio Ambiente y la Delegaci\u00f3n de la Junta de \u00c1vila en su conjunto el levantamiento del acotado de los pastos afectados que permita a los ganaderos el cobro de las ayudas de la PAC el pr\u00f3ximo a\u00f1o, y que de una vez por todas se cumpla el compromiso de la Junta de Castilla y Le\u00f3n con ASAJA de modificar el art\u00edculo 92 de la Ley de Montes de Castilla y Le\u00f3n que criminaliza injustamente al sector ganadero, una cuesti\u00f3n que debe ser prioritaria para el presidente de la Junta, Alfonso Fern\u00e1ndez Ma\u00f1ueco, y que debe materializar de una vez por todas en las Cortes de Castilla y Le\u00f3n.<\/p>\n\n\n\n<p><strong>Gobierno de Espa\u00f1a<\/strong><\/p>\n\n\n\n<p>El presidente de ASAJA de \u00c1vila, Joaqu\u00edn Antonio Pino, reclam\u00f3 ayudas directas para el sector agrario afectado por los incendios y una implicaci\u00f3n real tanto del Ministerio de Agricultura, Pesca y Alimentaci\u00f3n como del Ministerio para la Transici\u00f3n Ecol\u00f3gica y el Reto Demogr\u00e1fico, para que no ocurra lo que temporada pasada donde los afectados -ganaderos y agricultores- por el incendio de Navalacruz no han recibido ning\u00fan apoyo por parte del Gobierno de Espa\u00f1a pese al despliegue medi\u00e1tico del que hizo gala tras ser sofocado el incendio el propio presidente del Gobierno, Pedro S\u00e1nchez.<\/p>\n","protected":false},"excerpt":{"rendered":"<p>La organizaci\u00f3n agraria pide celeridad a la consejer\u00eda de Agricultura, Ganader\u00eda y Desarrollo Rural de Castilla y Le\u00f3n para que surta la alimentaci\u00f3n comprometida ante la opini\u00f3n p\u00fablica a los ganaderos afectados La Asociaci\u00f3n Agraria J\u00f3venes Agricultores (ASAJA) de \u00c1vila ha reclamado que de manera urgente se surta de forrajes a los ganaderos de Cebreros [&hellip;]<\/p>\n","protected":false},"author":16,"featured_media":6633,"comment_status":"open","ping_status":"open","sticky":false,"template":"","format":"standard","meta":{"footnotes":""},"categories":[8,18],"tags":[],"yoast_head":"<!-- This site is optimized with the Yoast SEO plugin v24.5 - https:\/\/yoast.com\/wordpress\/plugins\/seo\/ -->\n<title>ASAJA urge ayudas para los ganaderos afectados por los incendios de Cebreros y San Juan de la Nava - ASAJA \u00c1vila<\/title>\n<meta name=\"description\" content=\"La organizaci\u00f3n agraria pide celeridad a la consejer\u00eda de Agricultura, Ganader\u00eda y Desarrollo Rural de Castilla y Le\u00f3n para que surta la alimentaci\u00f3n\" \/>\n<meta name=\"robots\" content=\"index, follow, max-snippet:-1, max-image-preview:large, max-video-preview:-1\" \/>\n<link rel=\"canonical\" href=\"https:\/\/www.asajacyl.com\/avila\/asaja-avila-informa\/asaja-urge-ayudas-para-los-ganaderos-afectados-por-los-incendios-de-cebreros-y-san-juan-de-la-nava\" \/>\n<meta property=\"og:locale\" content=\"es_ES\" \/>\n<meta property=\"og:type\" content=\"article\" \/>\n<meta property=\"og:title\" content=\"ASAJA urge ayudas para los ganaderos afectados por los incendios de Cebreros y San Juan de la Nava - ASAJA \u00c1vila\" \/>\n<meta property=\"og:description\" content=\"La organizaci\u00f3n agraria pide celeridad a la consejer\u00eda de Agricultura, Ganader\u00eda y Desarrollo Rural de Castilla y Le\u00f3n para que surta la alimentaci\u00f3n\" \/>\n<meta property=\"og:url\" content=\"https:\/\/www.asajacyl.com\/avila\/asaja-avila-informa\/asaja-urge-ayudas-para-los-ganaderos-afectados-por-los-incendios-de-cebreros-y-san-juan-de-la-nava\" \/>\n<meta property=\"og:site_name\" content=\"ASAJA \u00c1vila\" \/>\n<meta property=\"article:published_time\" content=\"2022-08-08T09:16:00+00:00\" \/>\n<meta property=\"article:modified_time\" content=\"2022-09-16T11:49:45+00:00\" \/>\n<meta property=\"og:image\" content=\"https:\/\/www.asajacyl.com\/avila\/wp-content\/uploads\/sites\/4\/2022\/08\/foto-incendio-San-Juan-de-la-Nava-1.jpg\" \/>\n\t<meta property=\"og:image:width\" content=\"2500\" \/>\n\t<meta property=\"og:image:height\" content=\"1875\" \/>\n\t<meta property=\"og:image:type\" content=\"image\/jpeg\" \/>\n<meta name=\"author\" content=\"comunicacion\" \/>\n<meta name=\"twitter:card\" content=\"summary_large_image\" \/>\n<meta name=\"twitter:label1\" content=\"Escrito por\" \/>\n\t<meta name=\"twitter:data1\" content=\"comunicacion\" \/>\n\t<meta name=\"twitter:label2\" content=\"Tiempo de lectura\" \/>\n\t<meta name=\"twitter:data2\" content=\"4 minutos\" \/>\n<script type=\"application\/ld+json\" class=\"yoast-schema-graph\">{\"@context\":\"https:\/\/schema.org\",\"@graph\":[{\"@type\":\"WebPage\",\"@id\":\"https:\/\/www.asajacyl.com\/avila\/asaja-avila-informa\/asaja-urge-ayudas-para-los-ganaderos-afectados-por-los-incendios-de-cebreros-y-san-juan-de-la-nava\",\"url\":\"https:\/\/www.asajacyl.com\/avila\/asaja-avila-informa\/asaja-urge-ayudas-para-los-ganaderos-afectados-por-los-incendios-de-cebreros-y-san-juan-de-la-nava\",\"name\":\"ASAJA urge ayudas para los ganaderos afectados por los incendios de Cebreros y San Juan de la Nava - ASAJA \u00c1vila\",\"isPartOf\":{\"@id\":\"https:\/\/www.asajacyl.com\/avila\/#website\"},\"primaryImageOfPage\":{\"@id\":\"https:\/\/www.asajacyl.com\/avila\/asaja-avila-informa\/asaja-urge-ayudas-para-los-ganaderos-afectados-por-los-incendios-de-cebreros-y-san-juan-de-la-nava#primaryimage\"},\"image\":{\"@id\":\"https:\/\/www.asajacyl.com\/avila\/asaja-avila-informa\/asaja-urge-ayudas-para-los-ganaderos-afectados-por-los-incendios-de-cebreros-y-san-juan-de-la-nava#primaryimage\"},\"thumbnailUrl\":\"https:\/\/www.asajacyl.com\/avila\/wp-content\/uploads\/sites\/4\/2022\/08\/foto-incendio-San-Juan-de-la-Nava-1.jpg\",\"datePublished\":\"2022-08-08T09:16:00+00:00\",\"dateModified\":\"2022-09-16T11:49:45+00:00\",\"author\":{\"@id\":\"https:\/\/www.asajacyl.com\/avila\/#\/schema\/person\/51bbd29d94e00aa22d79c7b8c3c404e6\"},\"description\":\"La organizaci\u00f3n agraria pide celeridad a la consejer\u00eda de Agricultura, Ganader\u00eda y Desarrollo Rural de Castilla y Le\u00f3n para que surta la alimentaci\u00f3n\",\"breadcrumb\":{\"@id\":\"https:\/\/www.asajacyl.com\/avila\/asaja-avila-informa\/asaja-urge-ayudas-para-los-ganaderos-afectados-por-los-incendios-de-cebreros-y-san-juan-de-la-nava#breadcrumb\"},\"inLanguage\":\"es\",\"potentialAction\":[{\"@type\":\"ReadAction\",\"target\":[\"https:\/\/www.asajacyl.com\/avila\/asaja-avila-informa\/asaja-urge-ayudas-para-los-ganaderos-afectados-por-los-incendios-de-cebreros-y-san-juan-de-la-nava\"]}]},{\"@type\":\"ImageObject\",\"inLanguage\":\"es\",\"@id\":\"https:\/\/www.asajacyl.com\/avila\/asaja-avila-informa\/asaja-urge-ayudas-para-los-ganaderos-afectados-por-los-incendios-de-cebreros-y-san-juan-de-la-nava#primaryimage\",\"url\":\"https:\/\/www.asajacyl.com\/avila\/wp-content\/uploads\/sites\/4\/2022\/08\/foto-incendio-San-Juan-de-la-Nava-1.jpg\",\"contentUrl\":\"https:\/\/www.asajacyl.com\/avila\/wp-content\/uploads\/sites\/4\/2022\/08\/foto-incendio-San-Juan-de-la-Nava-1.jpg\",\"width\":2500,\"height\":1875},{\"@type\":\"BreadcrumbList\",\"@id\":\"https:\/\/www.asajacyl.com\/avila\/asaja-avila-informa\/asaja-urge-ayudas-para-los-ganaderos-afectados-por-los-incendios-de-cebreros-y-san-juan-de-la-nava#breadcrumb\",\"itemListElement\":[{\"@type\":\"ListItem\",\"position\":1,\"name\":\"Portada\",\"item\":\"https:\/\/www.asajacyl.com\/avila\/\"},{\"@type\":\"ListItem\",\"position\":2,\"name\":\"ASAJA urge ayudas para los ganaderos afectados por los incendios de Cebreros y San Juan de la Nava\"}]},{\"@type\":\"WebSite\",\"@id\":\"https:\/\/www.asajacyl.com\/avila\/#website\",\"url\":\"https:\/\/www.asajacyl.com\/avila\/\",\"name\":\"ASAJA \u00c1vila\",\"description\":\"Otro sitio m\u00e1s de Provincias ASAJA Castilla y Le\u00f3n\",\"potentialAction\":[{\"@type\":\"SearchAction\",\"target\":{\"@type\":\"EntryPoint\",\"urlTemplate\":\"https:\/\/www.asajacyl.com\/avila\/?s={search_term_string}\"},\"query-input\":{\"@type\":\"PropertyValueSpecification\",\"valueRequired\":true,\"valueName\":\"search_term_string\"}}],\"inLanguage\":\"es\"},{\"@type\":\"Person\",\"@id\":\"https:\/\/www.asajacyl.com\/avila\/#\/schema\/person\/51bbd29d94e00aa22d79c7b8c3c404e6\",\"name\":\"comunicacion\",\"image\":{\"@type\":\"ImageObject\",\"inLanguage\":\"es\",\"@id\":\"https:\/\/www.asajacyl.com\/avila\/#\/schema\/person\/image\/\",\"url\":\"https:\/\/secure.gravatar.com\/avatar\/dacd6ac12f2f802c39afce565d232781?s=96&d=mm&r=g\",\"contentUrl\":\"https:\/\/secure.gravatar.com\/avatar\/dacd6ac12f2f802c39afce565d232781?s=96&d=mm&r=g\",\"caption\":\"comunicacion\"},\"url\":\"https:\/\/www.asajacyl.com\/avila\/author\/comunicacion\"}]}<\/script>\n<!-- \/ Yoast SEO plugin. -->","yoast_head_json":{"title":"ASAJA urge ayudas para los ganaderos afectados por los incendios de Cebreros y San Juan de la Nava - ASAJA \u00c1vila","description":"La organizaci\u00f3n agraria pide celeridad a la consejer\u00eda de Agricultura, Ganader\u00eda y Desarrollo Rural de Castilla y Le\u00f3n para que surta la alimentaci\u00f3n","robots":{"index":"index","follow":"follow","max-snippet":"max-snippet:-1","max-image-preview":"max-image-preview:large","max-video-preview":"max-video-preview:-1"},"canonical":"https:\/\/www.asajacyl.com\/avila\/asaja-avila-informa\/asaja-urge-ayudas-para-los-ganaderos-afectados-por-los-incendios-de-cebreros-y-san-juan-de-la-nava","og_locale":"es_ES","og_type":"article","og_title":"ASAJA urge ayudas para los ganaderos afectados por los incendios de Cebreros y San Juan de la Nava - ASAJA \u00c1vila","og_description":"La organizaci\u00f3n agraria pide celeridad a la consejer\u00eda de Agricultura, Ganader\u00eda y Desarrollo Rural de Castilla y Le\u00f3n para que surta la alimentaci\u00f3n","og_url":"https:\/\/www.asajacyl.com\/avila\/asaja-avila-informa\/asaja-urge-ayudas-para-los-ganaderos-afectados-por-los-incendios-de-cebreros-y-san-juan-de-la-nava","og_site_name":"ASAJA \u00c1vila","article_published_time":"2022-08-08T09:16:00+00:00","article_modified_time":"2022-09-16T11:49:45+00:00","og_image":[{"width":2500,"height":1875,"url":"https:\/\/www.asajacyl.com\/avila\/wp-content\/uploads\/sites\/4\/2022\/08\/foto-incendio-San-Juan-de-la-Nava-1.jpg","type":"image\/jpeg"}],"author":"comunicacion","twitter_card":"summary_large_image","twitter_misc":{"Escrito por":"comunicacion","Tiempo de lectura":"4 minutos"},"schema":{"@context":"https:\/\/schema.org","@graph":[{"@type":"WebPage","@id":"https:\/\/www.asajacyl.com\/avila\/asaja-avila-informa\/asaja-urge-ayudas-para-los-ganaderos-afectados-por-los-incendios-de-cebreros-y-san-juan-de-la-nava","url":"https:\/\/www.asajacyl.com\/avila\/asaja-avila-informa\/asaja-urge-ayudas-para-los-ganaderos-afectados-por-los-incendios-de-cebreros-y-san-juan-de-la-nava","name":"ASAJA urge ayudas para los ganaderos afectados por los incendios de Cebreros y San Juan de la Nava - ASAJA \u00c1vila","isPartOf":{"@id":"https:\/\/www.asajacyl.com\/avila\/#website"},"primaryImageOfPage":{"@id":"https:\/\/www.asajacyl.com\/avila\/asaja-avila-informa\/asaja-urge-ayudas-para-los-ganaderos-afectados-por-los-incendios-de-cebreros-y-san-juan-de-la-nava#primaryimage"},"image":{"@id":"https:\/\/www.asajacyl.com\/avila\/asaja-avila-informa\/asaja-urge-ayudas-para-los-ganaderos-afectados-por-los-incendios-de-cebreros-y-san-juan-de-la-nava#primaryimage"},"thumbnailUrl":"https:\/\/www.asajacyl.com\/avila\/wp-content\/uploads\/sites\/4\/2022\/08\/foto-incendio-San-Juan-de-la-Nava-1.jpg","datePublished":"2022-08-08T09:16:00+00:00","dateModified":"2022-09-16T11:49:45+00:00","author":{"@id":"https:\/\/www.asajacyl.com\/avila\/#\/schema\/person\/51bbd29d94e00aa22d79c7b8c3c404e6"},"description":"La organizaci\u00f3n agraria pide celeridad a la consejer\u00eda de Agricultura, Ganader\u00eda y Desarrollo Rural de Castilla y Le\u00f3n para que surta la alimentaci\u00f3n","breadcrumb":{"@id":"https:\/\/www.asajacyl.com\/avila\/asaja-avila-informa\/asaja-urge-ayudas-para-los-ganaderos-afectados-por-los-incendios-de-cebreros-y-san-juan-de-la-nava#breadcrumb"},"inLanguage":"es","potentialAction":[{"@type":"ReadAction","target":["https:\/\/www.asajacyl.com\/avila\/asaja-avila-informa\/asaja-urge-ayudas-para-los-ganaderos-afectados-por-los-incendios-de-cebreros-y-san-juan-de-la-nava"]}]},{"@type":"ImageObject","inLanguage":"es","@id":"https:\/\/www.asajacyl.com\/avila\/asaja-avila-informa\/asaja-urge-ayudas-para-los-ganaderos-afectados-por-los-incendios-de-cebreros-y-san-juan-de-la-nava#primaryimage","url":"https:\/\/www.asajacyl.com\/avila\/wp-content\/uploads\/sites\/4\/2022\/08\/foto-incendio-San-Juan-de-la-Nava-1.jpg","contentUrl":"https:\/\/www.asajacyl.com\/avila\/wp-content\/uploads\/sites\/4\/2022\/08\/foto-incendio-San-Juan-de-la-Nava-1.jpg","width":2500,"height":1875},{"@type":"BreadcrumbList","@id":"https:\/\/www.asajacyl.com\/avila\/asaja-avila-informa\/asaja-urge-ayudas-para-los-ganaderos-afectados-por-los-incendios-de-cebreros-y-san-juan-de-la-nava#breadcrumb","itemListElement":[{"@type":"ListItem","position":1,"name":"Portada","item":"https:\/\/www.asajacyl.com\/avila\/"},{"@type":"ListItem","position":2,"name":"ASAJA urge ayudas para los ganaderos afectados por los incendios de Cebreros y San Juan de la Nava"}]},{"@type":"WebSite","@id":"https:\/\/www.asajacyl.com\/avila\/#website","url":"https:\/\/www.asajacyl.com\/avila\/","name":"ASAJA \u00c1vila","description":"Otro sitio m\u00e1s de Provincias ASAJA Castilla y Le\u00f3n","potentialAction":[{"@type":"SearchAction","target":{"@type":"EntryPoint","urlTemplate":"https:\/\/www.asajacyl.com\/avila\/?s={search_term_string}"},"query-input":{"@type":"PropertyValueSpecification","valueRequired":true,"valueName":"search_term_string"}}],"inLanguage":"es"},{"@type":"Person","@id":"https:\/\/www.asajacyl.com\/avila\/#\/schema\/person\/51bbd29d94e00aa22d79c7b8c3c404e6","name":"comunicacion","image":{"@type":"ImageObject","inLanguage":"es","@id":"https:\/\/www.asajacyl.com\/avila\/#\/schema\/person\/image\/","url":"https:\/\/secure.gravatar.com\/avatar\/dacd6ac12f2f802c39afce565d232781?s=96&d=mm&r=g","contentUrl":"https:\/\/secure.gravatar.com\/avatar\/dacd6ac12f2f802c39afce565d232781?s=96&d=mm&r=g","caption":"comunicacion"},"url":"https:\/\/www.asajacyl.com\/avila\/author\/comunicacion"}]}},"_links":{"self":[{"href":"https:\/\/www.asajacyl.com\/avila\/wp-json\/wp\/v2\/posts\/6632"}],"collection":[{"href":"https:\/\/www.asajacyl.com\/avila\/wp-json\/wp\/v2\/posts"}],"about":[{"href":"https:\/\/www.asajacyl.com\/avila\/wp-json\/wp\/v2\/types\/post"}],"author":[{"embeddable":true,"href":"https:\/\/www.asajacyl.com\/avila\/wp-json\/wp\/v2\/users\/16"}],"replies":[{"embeddable":true,"href":"https:\/\/www.asajacyl.com\/avila\/wp-json\/wp\/v2\/comments?post=6632"}],"version-history":[{"count":1,"href":"https:\/\/www.asajacyl.com\/avila\/wp-json\/wp\/v2\/posts\/6632\/revisions"}],"predecessor-version":[{"id":6634,"href":"https:\/\/www.asajacyl.com\/avila\/wp-json\/wp\/v2\/posts\/6632\/revisions\/6634"}],"wp:featuredmedia":[{"embeddable":true,"href":"https:\/\/www.asajacyl.com\/avila\/wp-json\/wp\/v2\/media\/6633"}],"wp:attachment":[{"href":"https:\/\/www.asajacyl.com\/avila\/wp-json\/wp\/v2\/media?parent=6632"}],"wp:term":[{"taxonomy":"category","embeddable":true,"href":"https:\/\/www.asajacyl.com\/avila\/wp-json\/wp\/v2\/categories?post=6632"},{"taxonomy":"post_tag","embeddable":true,"href":"https:\/\/www.asajacyl.com\/avila\/wp-json\/wp\/v2\/tags?post=6632"}],"curies":[{"name":"wp","href":"https:\/\/api.w.org\/{rel}","templated":true}]}}