{"id":6668,"date":"2023-12-04T18:25:03","date_gmt":"2023-12-04T17:25:03","guid":{"rendered":"https:\/\/www.asajacyl.com\/avila\/?p=6668"},"modified":"2024-02-21T09:58:20","modified_gmt":"2024-02-21T08:58:20","slug":"acciones-de-formacion-informacion-y-demostracion-en-el-marco-de-la-intervencion-transferencia-de-conocimiento-y-actividades-de-formacion-e-informacion","status":"publish","type":"post","link":"https:\/\/www.asajacyl.com\/avila\/asaja-avila-informa\/acciones-de-formacion-informacion-y-demostracion-en-el-marco-de-la-intervencion-transferencia-de-conocimiento-y-actividades-de-formacion-e-informacion","title":{"rendered":"Acciones de formaci\u00f3n, informaci\u00f3n y demostraci\u00f3n en el marco de la intervenci\u00f3n \u00abTransferencia de conocimiento y actividades de formaci\u00f3n e informaci\u00f3n\u00bb del PE PAC 2023-27, cofinanciadas por el FEADER"},"content":{"rendered":"<div class=\"wp-block-image\">\n<figure class=\"aligncenter size-full\"><img loading=\"lazy\" decoding=\"async\" width=\"839\" height=\"135\" src=\"https:\/\/www.asajacyl.com\/avila\/wp-content\/uploads\/sites\/4\/2023\/12\/ayuda_feder3.jpg\" alt=\"\" class=\"wp-image-6678\" srcset=\"https:\/\/www.asajacyl.com\/avila\/wp-content\/uploads\/sites\/4\/2023\/12\/ayuda_feder3.jpg 839w, https:\/\/www.asajacyl.com\/avila\/wp-content\/uploads\/sites\/4\/2023\/12\/ayuda_feder3-300x48.jpg 300w, https:\/\/www.asajacyl.com\/avila\/wp-content\/uploads\/sites\/4\/2023\/12\/ayuda_feder3-768x124.jpg 768w, https:\/\/www.asajacyl.com\/avila\/wp-content\/uploads\/sites\/4\/2023\/12\/ayuda_feder3-696x112.jpg 696w\" sizes=\"(max-width: 839px) 100vw, 839px\" \/><\/figure><\/div>\n\n\n<p><strong>DESCRIPCI\u00d3N DE LA OPERACI\u00d3N<\/strong><\/p>\n\n\n\n<p>Acciones amparadas por la Orden de 22 de mayo de 2023, de la Consejer\u00eda de Agricultura, Ganader\u00eda y Desarrollo Rural por la que se convocan ayudas para la realizaci\u00f3n de acciones de formaci\u00f3n, informaci\u00f3n y demostraci\u00f3n en el marco de la intervenci\u00f3n \u00abTransferencia de conocimiento y actividades de formaci\u00f3n e informaci\u00f3n\u00bb del PE PAC 2023-27, cofinanciadas por el FEADER.<\/p>\n\n\n\n<p><\/p>\n\n\n\n<p><\/p>\n\n\n\n<p><strong>OBJETIVO<\/strong><\/p>\n\n\n\n<p>Mejorar la capacitaci\u00f3n profesional de los sectores agrario, forestal\/medioambiental, agroalimentario y del desarrollo rural, con el objetivo transversal de modernizar el sector, fomentando y compartiendo el conocimiento, la innovaci\u00f3n y la digitalizaci\u00f3n en la agricultura y las zonas rurales, y alentando su adopci\u00f3n.<\/p>\n\n\n\n<p><strong>LA ENTIDAD ASAJA \u00c1VILA, HA SIDO CONCESIONARIA DE 4 ACCIONES POR UN IMPORTE TOTAL DE 24.000 \u20ac<\/strong><\/p>\n\n\n\n<p><\/p>\n\n\n\n<p>ESTAS ACCIONES EST\u00c1N COFINANCIADAS POR LA UNI\u00d3N EUROPEA A TRAV\u00c9S DEL FEADER EN UN 55%<\/p>\n\n\n\n<p><\/p>\n\n\n\n<p><\/p>\n","protected":false},"excerpt":{"rendered":"<p>DESCRIPCI\u00d3N DE LA OPERACI\u00d3N Acciones amparadas por la Orden de 22 de mayo de 2023, de la Consejer\u00eda de Agricultura, Ganader\u00eda y Desarrollo Rural por la que se convocan ayudas para la realizaci\u00f3n de acciones de formaci\u00f3n, informaci\u00f3n y demostraci\u00f3n en el marco de la intervenci\u00f3n \u00abTransferencia de conocimiento y actividades de formaci\u00f3n e informaci\u00f3n\u00bb [&hellip;]<\/p>\n","protected":false},"author":4,"featured_media":6674,"comment_status":"open","ping_status":"open","sticky":false,"template":"","format":"standard","meta":{"footnotes":""},"categories":[8,18],"tags":[53,54],"yoast_head":"<!-- This site is optimized with the Yoast SEO plugin v24.5 - https:\/\/yoast.com\/wordpress\/plugins\/seo\/ -->\n<title>Acciones de formaci\u00f3n, informaci\u00f3n y demostraci\u00f3n en el marco de la intervenci\u00f3n &quot;Transferencia de conocimiento y actividades de formaci\u00f3n e informaci\u00f3n&quot; del PE PAC 2023-27, cofinanciadas por el FEADER - ASAJA \u00c1vila<\/title>\n<meta name=\"description\" content=\"DESCRIPCI\u00d3N DE LA OPERACI\u00d3N Acciones amparadas por la Orden de 22 de mayo de 2023, de la Consejer\u00eda de Agricultura, Ganader\u00eda y Desarrollo Rural por la\" \/>\n<meta name=\"robots\" content=\"index, follow, max-snippet:-1, max-image-preview:large, max-video-preview:-1\" \/>\n<link rel=\"canonical\" href=\"https:\/\/www.asajacyl.com\/avila\/asaja-avila-informa\/acciones-de-formacion-informacion-y-demostracion-en-el-marco-de-la-intervencion-transferencia-de-conocimiento-y-actividades-de-formacion-e-informacion\" \/>\n<meta property=\"og:locale\" content=\"es_ES\" \/>\n<meta property=\"og:type\" content=\"article\" \/>\n<meta property=\"og:title\" content=\"Acciones de formaci\u00f3n, informaci\u00f3n y demostraci\u00f3n en el marco de la intervenci\u00f3n &quot;Transferencia de conocimiento y actividades de formaci\u00f3n e informaci\u00f3n&quot; del PE PAC 2023-27, cofinanciadas por el FEADER - ASAJA \u00c1vila\" \/>\n<meta property=\"og:description\" content=\"DESCRIPCI\u00d3N DE LA OPERACI\u00d3N Acciones amparadas por la Orden de 22 de mayo de 2023, de la Consejer\u00eda de Agricultura, Ganader\u00eda y Desarrollo Rural por la\" \/>\n<meta property=\"og:url\" content=\"https:\/\/www.asajacyl.com\/avila\/asaja-avila-informa\/acciones-de-formacion-informacion-y-demostracion-en-el-marco-de-la-intervencion-transferencia-de-conocimiento-y-actividades-de-formacion-e-informacion\" \/>\n<meta property=\"og:site_name\" content=\"ASAJA \u00c1vila\" \/>\n<meta property=\"article:published_time\" content=\"2023-12-04T17:25:03+00:00\" \/>\n<meta property=\"article:modified_time\" content=\"2024-02-21T08:58:20+00:00\" \/>\n<meta property=\"og:image\" content=\"https:\/\/www.asajacyl.com\/avila\/wp-content\/uploads\/sites\/4\/2023\/12\/ayuda_feader2.jpg\" \/>\n\t<meta property=\"og:image:width\" content=\"871\" \/>\n\t<meta property=\"og:image:height\" content=\"359\" \/>\n\t<meta property=\"og:image:type\" content=\"image\/jpeg\" \/>\n<meta name=\"author\" content=\"Victoria\" \/>\n<meta name=\"twitter:card\" content=\"summary_large_image\" \/>\n<meta name=\"twitter:label1\" content=\"Escrito por\" \/>\n\t<meta name=\"twitter:data1\" content=\"Victoria\" \/>\n\t<meta name=\"twitter:label2\" content=\"Tiempo de lectura\" \/>\n\t<meta name=\"twitter:data2\" content=\"2 minutos\" \/>\n<script type=\"application\/ld+json\" class=\"yoast-schema-graph\">{\"@context\":\"https:\/\/schema.org\",\"@graph\":[{\"@type\":\"WebPage\",\"@id\":\"https:\/\/www.asajacyl.com\/avila\/asaja-avila-informa\/acciones-de-formacion-informacion-y-demostracion-en-el-marco-de-la-intervencion-transferencia-de-conocimiento-y-actividades-de-formacion-e-informacion\",\"url\":\"https:\/\/www.asajacyl.com\/avila\/asaja-avila-informa\/acciones-de-formacion-informacion-y-demostracion-en-el-marco-de-la-intervencion-transferencia-de-conocimiento-y-actividades-de-formacion-e-informacion\",\"name\":\"Acciones de formaci\u00f3n, informaci\u00f3n y demostraci\u00f3n en el marco de la intervenci\u00f3n \\\"Transferencia de conocimiento y actividades de formaci\u00f3n e informaci\u00f3n\\\" del PE PAC 2023-27, cofinanciadas por el FEADER - ASAJA \u00c1vila\",\"isPartOf\":{\"@id\":\"https:\/\/www.asajacyl.com\/avila\/#website\"},\"primaryImageOfPage\":{\"@id\":\"https:\/\/www.asajacyl.com\/avila\/asaja-avila-informa\/acciones-de-formacion-informacion-y-demostracion-en-el-marco-de-la-intervencion-transferencia-de-conocimiento-y-actividades-de-formacion-e-informacion#primaryimage\"},\"image\":{\"@id\":\"https:\/\/www.asajacyl.com\/avila\/asaja-avila-informa\/acciones-de-formacion-informacion-y-demostracion-en-el-marco-de-la-intervencion-transferencia-de-conocimiento-y-actividades-de-formacion-e-informacion#primaryimage\"},\"thumbnailUrl\":\"https:\/\/www.asajacyl.com\/avila\/wp-content\/uploads\/sites\/4\/2023\/12\/ayuda_feader2.jpg\",\"datePublished\":\"2023-12-04T17:25:03+00:00\",\"dateModified\":\"2024-02-21T08:58:20+00:00\",\"author\":{\"@id\":\"https:\/\/www.asajacyl.com\/avila\/#\/schema\/person\/c2cc32fc6a21a9c21f4a408c1a357b73\"},\"description\":\"DESCRIPCI\u00d3N DE LA OPERACI\u00d3N Acciones amparadas por la Orden de 22 de mayo de 2023, de la Consejer\u00eda de Agricultura, Ganader\u00eda y Desarrollo Rural por la\",\"breadcrumb\":{\"@id\":\"https:\/\/www.asajacyl.com\/avila\/asaja-avila-informa\/acciones-de-formacion-informacion-y-demostracion-en-el-marco-de-la-intervencion-transferencia-de-conocimiento-y-actividades-de-formacion-e-informacion#breadcrumb\"},\"inLanguage\":\"es\",\"potentialAction\":[{\"@type\":\"ReadAction\",\"target\":[\"https:\/\/www.asajacyl.com\/avila\/asaja-avila-informa\/acciones-de-formacion-informacion-y-demostracion-en-el-marco-de-la-intervencion-transferencia-de-conocimiento-y-actividades-de-formacion-e-informacion\"]}]},{\"@type\":\"ImageObject\",\"inLanguage\":\"es\",\"@id\":\"https:\/\/www.asajacyl.com\/avila\/asaja-avila-informa\/acciones-de-formacion-informacion-y-demostracion-en-el-marco-de-la-intervencion-transferencia-de-conocimiento-y-actividades-de-formacion-e-informacion#primaryimage\",\"url\":\"https:\/\/www.asajacyl.com\/avila\/wp-content\/uploads\/sites\/4\/2023\/12\/ayuda_feader2.jpg\",\"contentUrl\":\"https:\/\/www.asajacyl.com\/avila\/wp-content\/uploads\/sites\/4\/2023\/12\/ayuda_feader2.jpg\",\"width\":871,\"height\":359},{\"@type\":\"BreadcrumbList\",\"@id\":\"https:\/\/www.asajacyl.com\/avila\/asaja-avila-informa\/acciones-de-formacion-informacion-y-demostracion-en-el-marco-de-la-intervencion-transferencia-de-conocimiento-y-actividades-de-formacion-e-informacion#breadcrumb\",\"itemListElement\":[{\"@type\":\"ListItem\",\"position\":1,\"name\":\"Portada\",\"item\":\"https:\/\/www.asajacyl.com\/avila\/\"},{\"@type\":\"ListItem\",\"position\":2,\"name\":\"Acciones de formaci\u00f3n, informaci\u00f3n y demostraci\u00f3n en el marco de la intervenci\u00f3n \u00abTransferencia de conocimiento y actividades de formaci\u00f3n e informaci\u00f3n\u00bb del PE PAC 2023-27, cofinanciadas por el FEADER\"}]},{\"@type\":\"WebSite\",\"@id\":\"https:\/\/www.asajacyl.com\/avila\/#website\",\"url\":\"https:\/\/www.asajacyl.com\/avila\/\",\"name\":\"ASAJA \u00c1vila\",\"description\":\"Otro sitio m\u00e1s de Provincias ASAJA Castilla y Le\u00f3n\",\"potentialAction\":[{\"@type\":\"SearchAction\",\"target\":{\"@type\":\"EntryPoint\",\"urlTemplate\":\"https:\/\/www.asajacyl.com\/avila\/?s={search_term_string}\"},\"query-input\":{\"@type\":\"PropertyValueSpecification\",\"valueRequired\":true,\"valueName\":\"search_term_string\"}}],\"inLanguage\":\"es\"},{\"@type\":\"Person\",\"@id\":\"https:\/\/www.asajacyl.com\/avila\/#\/schema\/person\/c2cc32fc6a21a9c21f4a408c1a357b73\",\"name\":\"Victoria\",\"image\":{\"@type\":\"ImageObject\",\"inLanguage\":\"es\",\"@id\":\"https:\/\/www.asajacyl.com\/avila\/#\/schema\/person\/image\/\",\"url\":\"https:\/\/secure.gravatar.com\/avatar\/2966827efa121688dfe3102fd9351455?s=96&d=mm&r=g\",\"contentUrl\":\"https:\/\/secure.gravatar.com\/avatar\/2966827efa121688dfe3102fd9351455?s=96&d=mm&r=g\",\"caption\":\"Victoria\"},\"url\":\"https:\/\/www.asajacyl.com\/avila\/author\/victoriaps\"}]}<\/script>\n<!-- \/ Yoast SEO plugin. -->","yoast_head_json":{"title":"Acciones de formaci\u00f3n, informaci\u00f3n y demostraci\u00f3n en el marco de la intervenci\u00f3n \"Transferencia de conocimiento y actividades de formaci\u00f3n e informaci\u00f3n\" del PE PAC 2023-27, cofinanciadas por el FEADER - ASAJA \u00c1vila","description":"DESCRIPCI\u00d3N DE LA OPERACI\u00d3N Acciones amparadas por la Orden de 22 de mayo de 2023, de la Consejer\u00eda de Agricultura, Ganader\u00eda y Desarrollo Rural por la","robots":{"index":"index","follow":"follow","max-snippet":"max-snippet:-1","max-image-preview":"max-image-preview:large","max-video-preview":"max-video-preview:-1"},"canonical":"https:\/\/www.asajacyl.com\/avila\/asaja-avila-informa\/acciones-de-formacion-informacion-y-demostracion-en-el-marco-de-la-intervencion-transferencia-de-conocimiento-y-actividades-de-formacion-e-informacion","og_locale":"es_ES","og_type":"article","og_title":"Acciones de formaci\u00f3n, informaci\u00f3n y demostraci\u00f3n en el marco de la intervenci\u00f3n \"Transferencia de conocimiento y actividades de formaci\u00f3n e informaci\u00f3n\" del PE PAC 2023-27, cofinanciadas por el FEADER - ASAJA \u00c1vila","og_description":"DESCRIPCI\u00d3N DE LA OPERACI\u00d3N Acciones amparadas por la Orden de 22 de mayo de 2023, de la Consejer\u00eda de Agricultura, Ganader\u00eda y Desarrollo Rural por la","og_url":"https:\/\/www.asajacyl.com\/avila\/asaja-avila-informa\/acciones-de-formacion-informacion-y-demostracion-en-el-marco-de-la-intervencion-transferencia-de-conocimiento-y-actividades-de-formacion-e-informacion","og_site_name":"ASAJA \u00c1vila","article_published_time":"2023-12-04T17:25:03+00:00","article_modified_time":"2024-02-21T08:58:20+00:00","og_image":[{"width":871,"height":359,"url":"https:\/\/www.asajacyl.com\/avila\/wp-content\/uploads\/sites\/4\/2023\/12\/ayuda_feader2.jpg","type":"image\/jpeg"}],"author":"Victoria","twitter_card":"summary_large_image","twitter_misc":{"Escrito por":"Victoria","Tiempo de lectura":"2 minutos"},"schema":{"@context":"https:\/\/schema.org","@graph":[{"@type":"WebPage","@id":"https:\/\/www.asajacyl.com\/avila\/asaja-avila-informa\/acciones-de-formacion-informacion-y-demostracion-en-el-marco-de-la-intervencion-transferencia-de-conocimiento-y-actividades-de-formacion-e-informacion","url":"https:\/\/www.asajacyl.com\/avila\/asaja-avila-informa\/acciones-de-formacion-informacion-y-demostracion-en-el-marco-de-la-intervencion-transferencia-de-conocimiento-y-actividades-de-formacion-e-informacion","name":"Acciones de formaci\u00f3n, informaci\u00f3n y demostraci\u00f3n en el marco de la intervenci\u00f3n \"Transferencia de conocimiento y actividades de formaci\u00f3n e informaci\u00f3n\" del PE PAC 2023-27, cofinanciadas por el FEADER - ASAJA \u00c1vila","isPartOf":{"@id":"https:\/\/www.asajacyl.com\/avila\/#website"},"primaryImageOfPage":{"@id":"https:\/\/www.asajacyl.com\/avila\/asaja-avila-informa\/acciones-de-formacion-informacion-y-demostracion-en-el-marco-de-la-intervencion-transferencia-de-conocimiento-y-actividades-de-formacion-e-informacion#primaryimage"},"image":{"@id":"https:\/\/www.asajacyl.com\/avila\/asaja-avila-informa\/acciones-de-formacion-informacion-y-demostracion-en-el-marco-de-la-intervencion-transferencia-de-conocimiento-y-actividades-de-formacion-e-informacion#primaryimage"},"thumbnailUrl":"https:\/\/www.asajacyl.com\/avila\/wp-content\/uploads\/sites\/4\/2023\/12\/ayuda_feader2.jpg","datePublished":"2023-12-04T17:25:03+00:00","dateModified":"2024-02-21T08:58:20+00:00","author":{"@id":"https:\/\/www.asajacyl.com\/avila\/#\/schema\/person\/c2cc32fc6a21a9c21f4a408c1a357b73"},"description":"DESCRIPCI\u00d3N DE LA OPERACI\u00d3N Acciones amparadas por la Orden de 22 de mayo de 2023, de la Consejer\u00eda de Agricultura, Ganader\u00eda y Desarrollo Rural por la","breadcrumb":{"@id":"https:\/\/www.asajacyl.com\/avila\/asaja-avila-informa\/acciones-de-formacion-informacion-y-demostracion-en-el-marco-de-la-intervencion-transferencia-de-conocimiento-y-actividades-de-formacion-e-informacion#breadcrumb"},"inLanguage":"es","potentialAction":[{"@type":"ReadAction","target":["https:\/\/www.asajacyl.com\/avila\/asaja-avila-informa\/acciones-de-formacion-informacion-y-demostracion-en-el-marco-de-la-intervencion-transferencia-de-conocimiento-y-actividades-de-formacion-e-informacion"]}]},{"@type":"ImageObject","inLanguage":"es","@id":"https:\/\/www.asajacyl.com\/avila\/asaja-avila-informa\/acciones-de-formacion-informacion-y-demostracion-en-el-marco-de-la-intervencion-transferencia-de-conocimiento-y-actividades-de-formacion-e-informacion#primaryimage","url":"https:\/\/www.asajacyl.com\/avila\/wp-content\/uploads\/sites\/4\/2023\/12\/ayuda_feader2.jpg","contentUrl":"https:\/\/www.asajacyl.com\/avila\/wp-content\/uploads\/sites\/4\/2023\/12\/ayuda_feader2.jpg","width":871,"height":359},{"@type":"BreadcrumbList","@id":"https:\/\/www.asajacyl.com\/avila\/asaja-avila-informa\/acciones-de-formacion-informacion-y-demostracion-en-el-marco-de-la-intervencion-transferencia-de-conocimiento-y-actividades-de-formacion-e-informacion#breadcrumb","itemListElement":[{"@type":"ListItem","position":1,"name":"Portada","item":"https:\/\/www.asajacyl.com\/avila\/"},{"@type":"ListItem","position":2,"name":"Acciones de formaci\u00f3n, informaci\u00f3n y demostraci\u00f3n en el marco de la intervenci\u00f3n \u00abTransferencia de conocimiento y actividades de formaci\u00f3n e informaci\u00f3n\u00bb del PE PAC 2023-27, cofinanciadas por el FEADER"}]},{"@type":"WebSite","@id":"https:\/\/www.asajacyl.com\/avila\/#website","url":"https:\/\/www.asajacyl.com\/avila\/","name":"ASAJA \u00c1vila","description":"Otro sitio m\u00e1s de Provincias ASAJA Castilla y Le\u00f3n","potentialAction":[{"@type":"SearchAction","target":{"@type":"EntryPoint","urlTemplate":"https:\/\/www.asajacyl.com\/avila\/?s={search_term_string}"},"query-input":{"@type":"PropertyValueSpecification","valueRequired":true,"valueName":"search_term_string"}}],"inLanguage":"es"},{"@type":"Person","@id":"https:\/\/www.asajacyl.com\/avila\/#\/schema\/person\/c2cc32fc6a21a9c21f4a408c1a357b73","name":"Victoria","image":{"@type":"ImageObject","inLanguage":"es","@id":"https:\/\/www.asajacyl.com\/avila\/#\/schema\/person\/image\/","url":"https:\/\/secure.gravatar.com\/avatar\/2966827efa121688dfe3102fd9351455?s=96&d=mm&r=g","contentUrl":"https:\/\/secure.gravatar.com\/avatar\/2966827efa121688dfe3102fd9351455?s=96&d=mm&r=g","caption":"Victoria"},"url":"https:\/\/www.asajacyl.com\/avila\/author\/victoriaps"}]}},"_links":{"self":[{"href":"https:\/\/www.asajacyl.com\/avila\/wp-json\/wp\/v2\/posts\/6668"}],"collection":[{"href":"https:\/\/www.asajacyl.com\/avila\/wp-json\/wp\/v2\/posts"}],"about":[{"href":"https:\/\/www.asajacyl.com\/avila\/wp-json\/wp\/v2\/types\/post"}],"author":[{"embeddable":true,"href":"https:\/\/www.asajacyl.com\/avila\/wp-json\/wp\/v2\/users\/4"}],"replies":[{"embeddable":true,"href":"https:\/\/www.asajacyl.com\/avila\/wp-json\/wp\/v2\/comments?post=6668"}],"version-history":[{"count":4,"href":"https:\/\/www.asajacyl.com\/avila\/wp-json\/wp\/v2\/posts\/6668\/revisions"}],"predecessor-version":[{"id":6681,"href":"https:\/\/www.asajacyl.com\/avila\/wp-json\/wp\/v2\/posts\/6668\/revisions\/6681"}],"wp:featuredmedia":[{"embeddable":true,"href":"https:\/\/www.asajacyl.com\/avila\/wp-json\/wp\/v2\/media\/6674"}],"wp:attachment":[{"href":"https:\/\/www.asajacyl.com\/avila\/wp-json\/wp\/v2\/media?parent=6668"}],"wp:term":[{"taxonomy":"category","embeddable":true,"href":"https:\/\/www.asajacyl.com\/avila\/wp-json\/wp\/v2\/categories?post=6668"},{"taxonomy":"post_tag","embeddable":true,"href":"https:\/\/www.asajacyl.com\/avila\/wp-json\/wp\/v2\/tags?post=6668"}],"curies":[{"name":"wp","href":"https:\/\/api.w.org\/{rel}","templated":true}]}}