{"id":6709,"date":"2024-07-31T13:20:15","date_gmt":"2024-07-31T11:20:15","guid":{"rendered":"https:\/\/www.asajacyl.com\/avila\/?p=6709"},"modified":"2024-11-28T09:21:02","modified_gmt":"2024-11-28T08:21:02","slug":"kit-digital-ampliacion-de-plazo-para-el-segmento-iii-hasta-el-31-de-octubre-de-2025","status":"publish","type":"post","link":"https:\/\/www.asajacyl.com\/avila\/asaja-avila-informa\/kit-digital-ampliacion-de-plazo-para-el-segmento-iii-hasta-el-31-de-octubre-de-2025","title":{"rendered":"Asaja \u00c1vila informa sobre la ampliaci\u00f3n de plazo para la solicitud del Kit digital: hasta el 31 de octubre de 2025"},"content":{"rendered":"\n<figure class=\"wp-block-gallery has-nested-images columns-default is-cropped wp-block-gallery-1 is-layout-flex wp-block-gallery-is-layout-flex\">\n<figure class=\"wp-block-image size-full\"><img loading=\"lazy\" decoding=\"async\" width=\"1024\" height=\"108\" data-id=\"6711\" src=\"https:\/\/www.asajacyl.com\/avila\/wp-content\/uploads\/sites\/4\/2024\/07\/img_kit_digital.png\" alt=\"Kit Digital. Con la colaboraci\u00f3n de Asaja.\" class=\"wp-image-6711\" srcset=\"https:\/\/www.asajacyl.com\/avila\/wp-content\/uploads\/sites\/4\/2024\/07\/img_kit_digital.png 1024w, https:\/\/www.asajacyl.com\/avila\/wp-content\/uploads\/sites\/4\/2024\/07\/img_kit_digital-300x32.png 300w, https:\/\/www.asajacyl.com\/avila\/wp-content\/uploads\/sites\/4\/2024\/07\/img_kit_digital-768x81.png 768w, https:\/\/www.asajacyl.com\/avila\/wp-content\/uploads\/sites\/4\/2024\/07\/img_kit_digital-696x73.png 696w\" sizes=\"(max-width: 1024px) 100vw, 1024px\" \/><\/figure>\n<\/figure>\n\n\n\n<p>La organizaci\u00f3n agraria ASAJA hace un llamamiento a los profesionales del sector agrario y ganaderos para que aprovechen las oportunidades de digitalizaci\u00f3n que brinda el Programa Kit Digital, una iniciativa del Gobierno de Espa\u00f1a gestionada por red.es.<\/p>\n\n\n\n<p>Este programa tiene como objetivo impulsar la digitalizaci\u00f3n de las microempresas y aut\u00f3nomos del sector agr\u00edcola, mejorando la productividad, sostenibilidad y rentabilidad de las explotaciones.<\/p>\n\n\n\n<p>El programa ha sufrido cambios significativos como el incremento para el segmento III de 2.000 a 3.000 euros; una ampliaci\u00f3n de 1.000 euros con los que conseguir un ordenador (Puesto de trabajo seguro). Adem\u00e1s, aquellos que ya recibieron 2.000 euros pueden solicitar el incremento adicional de 1.000 euros, asegurando un mayor apoyo financiero para la digitalizaci\u00f3n.<\/p>\n\n\n\n<p>Otra de las novedades importantes se refiere a la ampliaci\u00f3n de plazos y presupuestos para el segmento III. El plazo para solicitar estas ayudas se ha extendido hasta el <strong>31 de octubre de 2025<\/strong>, y el presupuesto asignado al programa ha aumentado a 1.000 millones de euros, permitiendo una mayor cobertura y apoyo a m\u00e1s beneficiarios.<\/p>\n\n\n\n<p><strong>Nueva Categor\u00eda de Soluci\u00f3n: Puesto de Trabajo Seguro<\/strong><\/p>\n\n\n\n<p>El Puesto de Trabajo Seguro es una soluci\u00f3n dise\u00f1ada para proporcionar un dispositivo hardware (ordenador) equipado con caracter\u00edsticas avanzadas de seguridad y servicios de soporte t\u00e9cnico y ciberseguridad. Esta opci\u00f3n est\u00e1 disponible exclusivamente para aquellos que ya hayan validado otro acuerdo de digitalizaci\u00f3n dentro del programa.<\/p>\n\n\n\n<p><strong>Beneficios de la digitalizaci\u00f3n en el sector agro<\/strong><\/p>\n\n\n\n<p>La adopci\u00f3n de tecnolog\u00edas digitales en la agricultura y la ganader\u00eda ofrece m\u00faltiples ventajas, entre ellas:<\/p>\n\n\n\n<ul>\n<li><strong>Mayor productividad<\/strong>: La digitalizaci\u00f3n permite una gesti\u00f3n m\u00e1s eficiente de cultivos y ganado, optimizando los recursos y reduciendo los costos operativos.<\/li>\n\n\n\n<li><strong>Sostenibilidad ambiental<\/strong>: Las pr\u00e1cticas agr\u00edcolas y ganaderas digitales contribuyen a un uso m\u00e1s eficiente de los recursos naturales y a una menor huella ambiental\u200b.<\/li>\n\n\n\n<li><strong>Toma de decisiones informadas<\/strong>: El acceso a datos en tiempo real mejora la toma de decisiones, la gesti\u00f3n de riesgos y la planificaci\u00f3n estrat\u00e9gica\u200b.<\/li>\n\n\n\n<li><strong>Competitividad mejorada<\/strong>: Los agricultores y ganaderos que adoptan tecnolog\u00edas digitales pueden adaptarse mejor a las demandas del mercado y a las condiciones clim\u00e1ticas cambiantes, manteni\u00e9ndose a la vanguardia de la industria\u200b.<\/li>\n<\/ul>\n\n\n\n<p><strong>Sobre Kit Digital<\/strong><\/p>\n\n\n\n<p><em>UN PROGRAMA FINANCIADO POR EL PLAN DE RECUPERACI\u00d3N, TRANSFORMACI\u00d3N Y RESILIENCIA \u2013 NEXT GENERATION EU<\/em><\/p>\n\n\n\n<p><em>Kit Digital es un Programa del Gobierno de Espa\u00f1a, gestionado por Red.es, entidad adscrita al Ministerio para la Transformaci\u00f3n Digital y de la Funci\u00f3n P\u00fablica a trav\u00e9s de la Secretar\u00eda de Estado de Digitalizaci\u00f3n e Inteligencia Artificial. El Programa Kit Digital est\u00e1 dotado con un presupuesto de 3.067 millones de euros, financiado por la Uni\u00f3n Europea a trav\u00e9s de los fondos NextGenerationEU en el marco del Plan de Recuperaci\u00f3n, Transformaci\u00f3n y Resiliencia la agenda Espa\u00f1a Digital 2026 y el Plan de Digitalizaci\u00f3n de Pymes 2021-2025. Tiene el objetivo de digitalizar a peque\u00f1as empresas, microempresas y aut\u00f3nomos de todos los sectores y en todo el territorio nacional.<\/em><\/p>\n\n\n\n<p><em>Los interesados pueden recibir m\u00e1s informaci\u00f3n sobre el Programa en el tel\u00e9fono 900 909 001, en el correo electr\u00f3nico info@acelerapyme.gob.es y en la p\u00e1gina web www.acelerapyme.es donde tambi\u00e9n podr\u00e1n localizar su Oficina Acelera pyme m\u00e1s cercana para recibir asesoramiento presencial.<\/em><\/p>\n\n\n\n<p><em>Adem\u00e1s, Red.es ha habilitado un canal de atenci\u00f3n al agente digitalizador en el que podr\u00e1 realizar sus consultas o dudas. Puede contactar en el tel\u00e9fono 900 906 677 o en el correo electr\u00f3nico infodigitalizador@acelerapyme.gob.es.<\/em><em><\/em><\/p>\n","protected":false},"excerpt":{"rendered":"<p>La organizaci\u00f3n agraria ASAJA hace un llamamiento a los profesionales del sector agrario y ganaderos para que aprovechen las oportunidades de digitalizaci\u00f3n que brinda el Programa Kit Digital, una iniciativa del Gobierno de Espa\u00f1a gestionada por red.es. Este programa tiene como objetivo impulsar la digitalizaci\u00f3n de las microempresas y aut\u00f3nomos del sector agr\u00edcola, mejorando la [&hellip;]<\/p>\n","protected":false},"author":4,"featured_media":6711,"comment_status":"open","ping_status":"open","sticky":false,"template":"","format":"standard","meta":{"footnotes":""},"categories":[8,18],"tags":[],"yoast_head":"<!-- This site is optimized with the Yoast SEO plugin v24.5 - https:\/\/yoast.com\/wordpress\/plugins\/seo\/ -->\n<title>Asaja \u00c1vila informa sobre la ampliaci\u00f3n de plazo para la solicitud del Kit digital: hasta el 31 de octubre de 2025 - ASAJA \u00c1vila<\/title>\n<meta name=\"description\" content=\"La organizaci\u00f3n agraria ASAJA hace un llamamiento a los profesionales del sector agrario y ganaderos para que aprovechen las oportunidades de\" \/>\n<meta name=\"robots\" content=\"index, follow, max-snippet:-1, max-image-preview:large, max-video-preview:-1\" \/>\n<link rel=\"canonical\" href=\"https:\/\/www.asajacyl.com\/avila\/asaja-avila-informa\/kit-digital-ampliacion-de-plazo-para-el-segmento-iii-hasta-el-31-de-octubre-de-2025\" \/>\n<meta property=\"og:locale\" content=\"es_ES\" \/>\n<meta property=\"og:type\" content=\"article\" \/>\n<meta property=\"og:title\" content=\"Asaja \u00c1vila informa sobre la ampliaci\u00f3n de plazo para la solicitud del Kit digital: hasta el 31 de octubre de 2025 - ASAJA \u00c1vila\" \/>\n<meta property=\"og:description\" content=\"La organizaci\u00f3n agraria ASAJA hace un llamamiento a los profesionales del sector agrario y ganaderos para que aprovechen las oportunidades de\" \/>\n<meta property=\"og:url\" content=\"https:\/\/www.asajacyl.com\/avila\/asaja-avila-informa\/kit-digital-ampliacion-de-plazo-para-el-segmento-iii-hasta-el-31-de-octubre-de-2025\" \/>\n<meta property=\"og:site_name\" content=\"ASAJA \u00c1vila\" \/>\n<meta property=\"article:published_time\" content=\"2024-07-31T11:20:15+00:00\" \/>\n<meta property=\"article:modified_time\" content=\"2024-11-28T08:21:02+00:00\" \/>\n<meta property=\"og:image\" content=\"https:\/\/www.asajacyl.com\/avila\/wp-content\/uploads\/sites\/4\/2024\/07\/img_kit_digital.png\" \/>\n\t<meta property=\"og:image:width\" content=\"1024\" \/>\n\t<meta property=\"og:image:height\" content=\"108\" \/>\n\t<meta property=\"og:image:type\" content=\"image\/png\" \/>\n<meta name=\"author\" content=\"Victoria\" \/>\n<meta name=\"twitter:card\" content=\"summary_large_image\" \/>\n<meta name=\"twitter:label1\" content=\"Escrito por\" \/>\n\t<meta name=\"twitter:data1\" content=\"Victoria\" \/>\n\t<meta name=\"twitter:label2\" content=\"Tiempo de lectura\" \/>\n\t<meta name=\"twitter:data2\" content=\"3 minutos\" \/>\n<script type=\"application\/ld+json\" class=\"yoast-schema-graph\">{\"@context\":\"https:\/\/schema.org\",\"@graph\":[{\"@type\":\"WebPage\",\"@id\":\"https:\/\/www.asajacyl.com\/avila\/asaja-avila-informa\/kit-digital-ampliacion-de-plazo-para-el-segmento-iii-hasta-el-31-de-octubre-de-2025\",\"url\":\"https:\/\/www.asajacyl.com\/avila\/asaja-avila-informa\/kit-digital-ampliacion-de-plazo-para-el-segmento-iii-hasta-el-31-de-octubre-de-2025\",\"name\":\"Asaja \u00c1vila informa sobre la ampliaci\u00f3n de plazo para la solicitud del Kit digital: hasta el 31 de octubre de 2025 - ASAJA \u00c1vila\",\"isPartOf\":{\"@id\":\"https:\/\/www.asajacyl.com\/avila\/#website\"},\"primaryImageOfPage\":{\"@id\":\"https:\/\/www.asajacyl.com\/avila\/asaja-avila-informa\/kit-digital-ampliacion-de-plazo-para-el-segmento-iii-hasta-el-31-de-octubre-de-2025#primaryimage\"},\"image\":{\"@id\":\"https:\/\/www.asajacyl.com\/avila\/asaja-avila-informa\/kit-digital-ampliacion-de-plazo-para-el-segmento-iii-hasta-el-31-de-octubre-de-2025#primaryimage\"},\"thumbnailUrl\":\"https:\/\/www.asajacyl.com\/avila\/wp-content\/uploads\/sites\/4\/2024\/07\/img_kit_digital.png\",\"datePublished\":\"2024-07-31T11:20:15+00:00\",\"dateModified\":\"2024-11-28T08:21:02+00:00\",\"author\":{\"@id\":\"https:\/\/www.asajacyl.com\/avila\/#\/schema\/person\/c2cc32fc6a21a9c21f4a408c1a357b73\"},\"description\":\"La organizaci\u00f3n agraria ASAJA hace un llamamiento a los profesionales del sector agrario y ganaderos para que aprovechen las oportunidades de\",\"breadcrumb\":{\"@id\":\"https:\/\/www.asajacyl.com\/avila\/asaja-avila-informa\/kit-digital-ampliacion-de-plazo-para-el-segmento-iii-hasta-el-31-de-octubre-de-2025#breadcrumb\"},\"inLanguage\":\"es\",\"potentialAction\":[{\"@type\":\"ReadAction\",\"target\":[\"https:\/\/www.asajacyl.com\/avila\/asaja-avila-informa\/kit-digital-ampliacion-de-plazo-para-el-segmento-iii-hasta-el-31-de-octubre-de-2025\"]}]},{\"@type\":\"ImageObject\",\"inLanguage\":\"es\",\"@id\":\"https:\/\/www.asajacyl.com\/avila\/asaja-avila-informa\/kit-digital-ampliacion-de-plazo-para-el-segmento-iii-hasta-el-31-de-octubre-de-2025#primaryimage\",\"url\":\"https:\/\/www.asajacyl.com\/avila\/wp-content\/uploads\/sites\/4\/2024\/07\/img_kit_digital.png\",\"contentUrl\":\"https:\/\/www.asajacyl.com\/avila\/wp-content\/uploads\/sites\/4\/2024\/07\/img_kit_digital.png\",\"width\":1024,\"height\":108,\"caption\":\"Kit Digital.\"},{\"@type\":\"BreadcrumbList\",\"@id\":\"https:\/\/www.asajacyl.com\/avila\/asaja-avila-informa\/kit-digital-ampliacion-de-plazo-para-el-segmento-iii-hasta-el-31-de-octubre-de-2025#breadcrumb\",\"itemListElement\":[{\"@type\":\"ListItem\",\"position\":1,\"name\":\"Portada\",\"item\":\"https:\/\/www.asajacyl.com\/avila\/\"},{\"@type\":\"ListItem\",\"position\":2,\"name\":\"Asaja \u00c1vila informa sobre la ampliaci\u00f3n de plazo para la solicitud del Kit digital: hasta el 31 de octubre de 2025\"}]},{\"@type\":\"WebSite\",\"@id\":\"https:\/\/www.asajacyl.com\/avila\/#website\",\"url\":\"https:\/\/www.asajacyl.com\/avila\/\",\"name\":\"ASAJA \u00c1vila\",\"description\":\"Otro sitio m\u00e1s de Provincias ASAJA Castilla y Le\u00f3n\",\"potentialAction\":[{\"@type\":\"SearchAction\",\"target\":{\"@type\":\"EntryPoint\",\"urlTemplate\":\"https:\/\/www.asajacyl.com\/avila\/?s={search_term_string}\"},\"query-input\":{\"@type\":\"PropertyValueSpecification\",\"valueRequired\":true,\"valueName\":\"search_term_string\"}}],\"inLanguage\":\"es\"},{\"@type\":\"Person\",\"@id\":\"https:\/\/www.asajacyl.com\/avila\/#\/schema\/person\/c2cc32fc6a21a9c21f4a408c1a357b73\",\"name\":\"Victoria\",\"image\":{\"@type\":\"ImageObject\",\"inLanguage\":\"es\",\"@id\":\"https:\/\/www.asajacyl.com\/avila\/#\/schema\/person\/image\/\",\"url\":\"https:\/\/secure.gravatar.com\/avatar\/2966827efa121688dfe3102fd9351455?s=96&d=mm&r=g\",\"contentUrl\":\"https:\/\/secure.gravatar.com\/avatar\/2966827efa121688dfe3102fd9351455?s=96&d=mm&r=g\",\"caption\":\"Victoria\"},\"url\":\"https:\/\/www.asajacyl.com\/avila\/author\/victoriaps\"}]}<\/script>\n<!-- \/ Yoast SEO plugin. -->","yoast_head_json":{"title":"Asaja \u00c1vila informa sobre la ampliaci\u00f3n de plazo para la solicitud del Kit digital: hasta el 31 de octubre de 2025 - ASAJA \u00c1vila","description":"La organizaci\u00f3n agraria ASAJA hace un llamamiento a los profesionales del sector agrario y ganaderos para que aprovechen las oportunidades de","robots":{"index":"index","follow":"follow","max-snippet":"max-snippet:-1","max-image-preview":"max-image-preview:large","max-video-preview":"max-video-preview:-1"},"canonical":"https:\/\/www.asajacyl.com\/avila\/asaja-avila-informa\/kit-digital-ampliacion-de-plazo-para-el-segmento-iii-hasta-el-31-de-octubre-de-2025","og_locale":"es_ES","og_type":"article","og_title":"Asaja \u00c1vila informa sobre la ampliaci\u00f3n de plazo para la solicitud del Kit digital: hasta el 31 de octubre de 2025 - ASAJA \u00c1vila","og_description":"La organizaci\u00f3n agraria ASAJA hace un llamamiento a los profesionales del sector agrario y ganaderos para que aprovechen las oportunidades de","og_url":"https:\/\/www.asajacyl.com\/avila\/asaja-avila-informa\/kit-digital-ampliacion-de-plazo-para-el-segmento-iii-hasta-el-31-de-octubre-de-2025","og_site_name":"ASAJA \u00c1vila","article_published_time":"2024-07-31T11:20:15+00:00","article_modified_time":"2024-11-28T08:21:02+00:00","og_image":[{"width":1024,"height":108,"url":"https:\/\/www.asajacyl.com\/avila\/wp-content\/uploads\/sites\/4\/2024\/07\/img_kit_digital.png","type":"image\/png"}],"author":"Victoria","twitter_card":"summary_large_image","twitter_misc":{"Escrito por":"Victoria","Tiempo de lectura":"3 minutos"},"schema":{"@context":"https:\/\/schema.org","@graph":[{"@type":"WebPage","@id":"https:\/\/www.asajacyl.com\/avila\/asaja-avila-informa\/kit-digital-ampliacion-de-plazo-para-el-segmento-iii-hasta-el-31-de-octubre-de-2025","url":"https:\/\/www.asajacyl.com\/avila\/asaja-avila-informa\/kit-digital-ampliacion-de-plazo-para-el-segmento-iii-hasta-el-31-de-octubre-de-2025","name":"Asaja \u00c1vila informa sobre la ampliaci\u00f3n de plazo para la solicitud del Kit digital: hasta el 31 de octubre de 2025 - ASAJA \u00c1vila","isPartOf":{"@id":"https:\/\/www.asajacyl.com\/avila\/#website"},"primaryImageOfPage":{"@id":"https:\/\/www.asajacyl.com\/avila\/asaja-avila-informa\/kit-digital-ampliacion-de-plazo-para-el-segmento-iii-hasta-el-31-de-octubre-de-2025#primaryimage"},"image":{"@id":"https:\/\/www.asajacyl.com\/avila\/asaja-avila-informa\/kit-digital-ampliacion-de-plazo-para-el-segmento-iii-hasta-el-31-de-octubre-de-2025#primaryimage"},"thumbnailUrl":"https:\/\/www.asajacyl.com\/avila\/wp-content\/uploads\/sites\/4\/2024\/07\/img_kit_digital.png","datePublished":"2024-07-31T11:20:15+00:00","dateModified":"2024-11-28T08:21:02+00:00","author":{"@id":"https:\/\/www.asajacyl.com\/avila\/#\/schema\/person\/c2cc32fc6a21a9c21f4a408c1a357b73"},"description":"La organizaci\u00f3n agraria ASAJA hace un llamamiento a los profesionales del sector agrario y ganaderos para que aprovechen las oportunidades de","breadcrumb":{"@id":"https:\/\/www.asajacyl.com\/avila\/asaja-avila-informa\/kit-digital-ampliacion-de-plazo-para-el-segmento-iii-hasta-el-31-de-octubre-de-2025#breadcrumb"},"inLanguage":"es","potentialAction":[{"@type":"ReadAction","target":["https:\/\/www.asajacyl.com\/avila\/asaja-avila-informa\/kit-digital-ampliacion-de-plazo-para-el-segmento-iii-hasta-el-31-de-octubre-de-2025"]}]},{"@type":"ImageObject","inLanguage":"es","@id":"https:\/\/www.asajacyl.com\/avila\/asaja-avila-informa\/kit-digital-ampliacion-de-plazo-para-el-segmento-iii-hasta-el-31-de-octubre-de-2025#primaryimage","url":"https:\/\/www.asajacyl.com\/avila\/wp-content\/uploads\/sites\/4\/2024\/07\/img_kit_digital.png","contentUrl":"https:\/\/www.asajacyl.com\/avila\/wp-content\/uploads\/sites\/4\/2024\/07\/img_kit_digital.png","width":1024,"height":108,"caption":"Kit Digital."},{"@type":"BreadcrumbList","@id":"https:\/\/www.asajacyl.com\/avila\/asaja-avila-informa\/kit-digital-ampliacion-de-plazo-para-el-segmento-iii-hasta-el-31-de-octubre-de-2025#breadcrumb","itemListElement":[{"@type":"ListItem","position":1,"name":"Portada","item":"https:\/\/www.asajacyl.com\/avila\/"},{"@type":"ListItem","position":2,"name":"Asaja \u00c1vila informa sobre la ampliaci\u00f3n de plazo para la solicitud del Kit digital: hasta el 31 de octubre de 2025"}]},{"@type":"WebSite","@id":"https:\/\/www.asajacyl.com\/avila\/#website","url":"https:\/\/www.asajacyl.com\/avila\/","name":"ASAJA \u00c1vila","description":"Otro sitio m\u00e1s de Provincias ASAJA Castilla y Le\u00f3n","potentialAction":[{"@type":"SearchAction","target":{"@type":"EntryPoint","urlTemplate":"https:\/\/www.asajacyl.com\/avila\/?s={search_term_string}"},"query-input":{"@type":"PropertyValueSpecification","valueRequired":true,"valueName":"search_term_string"}}],"inLanguage":"es"},{"@type":"Person","@id":"https:\/\/www.asajacyl.com\/avila\/#\/schema\/person\/c2cc32fc6a21a9c21f4a408c1a357b73","name":"Victoria","image":{"@type":"ImageObject","inLanguage":"es","@id":"https:\/\/www.asajacyl.com\/avila\/#\/schema\/person\/image\/","url":"https:\/\/secure.gravatar.com\/avatar\/2966827efa121688dfe3102fd9351455?s=96&d=mm&r=g","contentUrl":"https:\/\/secure.gravatar.com\/avatar\/2966827efa121688dfe3102fd9351455?s=96&d=mm&r=g","caption":"Victoria"},"url":"https:\/\/www.asajacyl.com\/avila\/author\/victoriaps"}]}},"_links":{"self":[{"href":"https:\/\/www.asajacyl.com\/avila\/wp-json\/wp\/v2\/posts\/6709"}],"collection":[{"href":"https:\/\/www.asajacyl.com\/avila\/wp-json\/wp\/v2\/posts"}],"about":[{"href":"https:\/\/www.asajacyl.com\/avila\/wp-json\/wp\/v2\/types\/post"}],"author":[{"embeddable":true,"href":"https:\/\/www.asajacyl.com\/avila\/wp-json\/wp\/v2\/users\/4"}],"replies":[{"embeddable":true,"href":"https:\/\/www.asajacyl.com\/avila\/wp-json\/wp\/v2\/comments?post=6709"}],"version-history":[{"count":5,"href":"https:\/\/www.asajacyl.com\/avila\/wp-json\/wp\/v2\/posts\/6709\/revisions"}],"predecessor-version":[{"id":6715,"href":"https:\/\/www.asajacyl.com\/avila\/wp-json\/wp\/v2\/posts\/6709\/revisions\/6715"}],"wp:featuredmedia":[{"embeddable":true,"href":"https:\/\/www.asajacyl.com\/avila\/wp-json\/wp\/v2\/media\/6711"}],"wp:attachment":[{"href":"https:\/\/www.asajacyl.com\/avila\/wp-json\/wp\/v2\/media?parent=6709"}],"wp:term":[{"taxonomy":"category","embeddable":true,"href":"https:\/\/www.asajacyl.com\/avila\/wp-json\/wp\/v2\/categories?post=6709"},{"taxonomy":"post_tag","embeddable":true,"href":"https:\/\/www.asajacyl.com\/avila\/wp-json\/wp\/v2\/tags?post=6709"}],"curies":[{"name":"wp","href":"https:\/\/api.w.org\/{rel}","templated":true}]}}