{"id":6759,"date":"2025-11-06T14:33:20","date_gmt":"2025-11-06T13:33:20","guid":{"rendered":"https:\/\/www.asajacyl.com\/avila\/?p=6759"},"modified":"2025-11-06T14:55:46","modified_gmt":"2025-11-06T13:55:46","slug":"los-ganaderos-de-avila-al-borde-del-colapso-por-los-ataques-del-lobo-y-el-abandono-institucional","status":"publish","type":"post","link":"https:\/\/www.asajacyl.com\/avila\/asaja-avila-informa\/noticias\/destacados\/los-ganaderos-de-avila-al-borde-del-colapso-por-los-ataques-del-lobo-y-el-abandono-institucional","title":{"rendered":"LOS GANADEROS DE \u00c1VILA, AL BORDE DEL COLAPSO POR LOS ATAQUES DEL LOBO Y EL ABANDONO INSTITUCIONAL"},"content":{"rendered":"\n<p><strong><em>Indignaci\u00f3n en el campo abulense: la Junta paga 680 euros por un ternero muerto cuando las p\u00e9rdidas superan los 2.000<\/em><\/strong><\/p>\n\n\n\n<p>La Asociaci\u00f3n Agraria J\u00f3venes Agricultores (ASAJA) de \u00c1vila denuncia con rotundidad la situaci\u00f3n l\u00edmite que viven los ganaderos de la provincia ante el incremento imparable de los ataques de lobo, que se suceden a diario en pr\u00e1cticamente todas las comarcas ganaderas de \u00c1vila, \u00faltimamente cebados en localidades como San Mart\u00edn de la Vega del Alberche, La Herguijuela o Serranillos, entre muchas otras.<\/p>\n\n\n\n<p>\u00c1vila es hoy la provincia m\u00e1s afectada de toda Castilla y Le\u00f3n por la expansi\u00f3n descontrolada del lobo, y los ataques se han convertido en una tragedia cotidiana que est\u00e1 llevando a muchas explotaciones al borde del abandono. Desde ASAJA \u00c1vila exigimos a la Junta de Castilla y Le\u00f3n y al Gobierno central medidas urgentes y efectivas, porque las palabras y las modificaciones legislativas no sirven de nada si en la pr\u00e1ctica el ganadero sigue desamparado, sin poder defender a sus animales ni recibir una compensaci\u00f3n justa por las p\u00e9rdidas sufridas.<\/p>\n\n\n\n<p>A esta dram\u00e1tica situaci\u00f3n se suma la falta de rigor en las peritaciones: en demasiadas ocasiones, los guardas de medio ambiente de la Junta califican las muertes como \u201cindeterminadas\u201d, aun cuando los propios ganaderos, con la experiencia de toda una vida en el campo, saben perfectamente que se trata de un ataque de lobo. Esa pr\u00e1ctica supone una doble injusticia, por un lado, se niega la evidencia y, por otro, se deja al ganadero sin indemnizaci\u00f3n.<\/p>\n\n\n\n<p>Pero lo m\u00e1s sangrante es la injusticia econ\u00f3mica de los baremos de indemnizaci\u00f3n que aplica la Junta de Castilla y Le\u00f3n, que condenan al ganadero a la impotencia, sin poder actuar ni defender su medio de vida frente a unos ataques constantes, mientras carga con las p\u00e9rdidas a sus espaldas. Las compensaciones no cubren ni la mitad del valor real de los animales perdidos, y en algunos casos, como el de los terneros menores de tres meses, ni siquiera se abona el lucro cesante que se produce en el conjunto del reba\u00f1o.<\/p>\n\n\n\n<p>ASAJA \u00c1vila quiere poner un ejemplo claro y did\u00e1ctico, que ilustra la crudeza de esta situaci\u00f3n: Cuando un lobo mata a un ternero de menos de tres meses, la Junta indemniza con 680 euros en concepto de valor del animal. No paga nada por lucro cesante, es decir, por la p\u00e9rdida de rendimiento futuro del reba\u00f1o. Sin embargo, el valor real de mercado de un ternero pastero al destete se sit\u00faa hoy en 1.500 euros, y el lucro cesante medio deber\u00eda ser del 50% del valor del animal, es decir, 750 euros adicionales. Por tanto, las p\u00e9rdidas reales para el ganadero ascienden a 2.250 euros, mientras que la Junta solo abona 680 euros, es decir, apenas el 30% de las p\u00e9rdidas reales. Los 1.570 euros restantes los paga, una vez m\u00e1s, el ganadero, el mismo que cada d\u00eda vela por la ganader\u00eda extensiva, cuida el territorio y mantiene vivo el medio rural.<\/p>\n\n\n\n<p>\u201cEs una tomadura de pelo. El ganadero alimenta a la sociedad y hace de guardi\u00e1n del paisaje, mantiene los pueblos y la biodiversidad, pero las administraciones le dan la espalda y le obligan a asumir el 70% de los destrozos que causa el lobo\u201d, denuncia Joaqu\u00edn Antonio Pino, presidente de ASAJA \u00c1vila.<\/p>\n\n\n\n<p>ASAJA \u00c1vila considera inadmisible que se siga hablando de convivencia entre el lobo y la ganader\u00eda cuando el equilibrio es inexistente y la protecci\u00f3n del lobo es absoluta, mientras la protecci\u00f3n del ganadero es nula. Por ello, la organizaci\u00f3n agraria exige:<\/p>\n\n\n\n<ol start=\"1\">\n<li>La puesta en marcha urgente de un plan de control poblacional del lobo, que garantice la sostenibilidad de la ganader\u00eda extensiva y la seguridad de las explotaciones.<\/li>\n<\/ol>\n\n\n\n<ol start=\"2\">\n<li>La revisi\u00f3n inmediata de los baremos de indemnizaci\u00f3n, adapt\u00e1ndolos al valor real de mercado y reconociendo el lucro cesante en todos los casos.<\/li>\n<\/ol>\n\n\n\n<ol start=\"3\">\n<li>El reconocimiento de los ataques de lobo cuando la evidencia as\u00ed lo indique, evitando la calificaci\u00f3n arbitraria de \u201cindeterminados\u201d.<\/li>\n<\/ol>\n\n\n\n<p>\u201cSi no se act\u00faa ya, no solo desaparecer\u00e1n los reba\u00f1os, desaparecer\u00e1n tambi\u00e9n los ganaderos, y con ellos un modo de vida, una cultura y una forma de gesti\u00f3n del territorio que ha hecho posible que \u00c1vila siga siendo una provincia viva\u201d, concluye ASAJA \u00c1vila.<\/p>\n\n\n\n<figure class=\"wp-block-image size-large\"><img loading=\"lazy\" decoding=\"async\" width=\"1024\" height=\"768\" src=\"https:\/\/www.asajacyl.com\/avila\/wp-content\/uploads\/sites\/4\/2025\/11\/Ataque-lobos-Avila-002-1024x768.jpg\" alt=\"\" class=\"wp-image-6760\" srcset=\"https:\/\/www.asajacyl.com\/avila\/wp-content\/uploads\/sites\/4\/2025\/11\/Ataque-lobos-Avila-002-1024x768.jpg 1024w, https:\/\/www.asajacyl.com\/avila\/wp-content\/uploads\/sites\/4\/2025\/11\/Ataque-lobos-Avila-002-300x225.jpg 300w, https:\/\/www.asajacyl.com\/avila\/wp-content\/uploads\/sites\/4\/2025\/11\/Ataque-lobos-Avila-002-768x576.jpg 768w, https:\/\/www.asajacyl.com\/avila\/wp-content\/uploads\/sites\/4\/2025\/11\/Ataque-lobos-Avila-002-1536x1152.jpg 1536w, https:\/\/www.asajacyl.com\/avila\/wp-content\/uploads\/sites\/4\/2025\/11\/Ataque-lobos-Avila-002-560x420.jpg 560w, https:\/\/www.asajacyl.com\/avila\/wp-content\/uploads\/sites\/4\/2025\/11\/Ataque-lobos-Avila-002-80x60.jpg 80w, https:\/\/www.asajacyl.com\/avila\/wp-content\/uploads\/sites\/4\/2025\/11\/Ataque-lobos-Avila-002-696x522.jpg 696w, https:\/\/www.asajacyl.com\/avila\/wp-content\/uploads\/sites\/4\/2025\/11\/Ataque-lobos-Avila-002-1068x801.jpg 1068w, https:\/\/www.asajacyl.com\/avila\/wp-content\/uploads\/sites\/4\/2025\/11\/Ataque-lobos-Avila-002.jpg 1600w\" sizes=\"(max-width: 1024px) 100vw, 1024px\" \/><\/figure>\n","protected":false},"excerpt":{"rendered":"<p>Indignaci\u00f3n en el campo abulense: la Junta paga 680 euros por un ternero muerto cuando las p\u00e9rdidas superan los 2.000 La Asociaci\u00f3n Agraria J\u00f3venes Agricultores (ASAJA) de \u00c1vila denuncia con rotundidad la situaci\u00f3n l\u00edmite que viven los ganaderos de la provincia ante el incremento imparable de los ataques de lobo, que se suceden a diario [&hellip;]<\/p>\n","protected":false},"author":16,"featured_media":6760,"comment_status":"open","ping_status":"open","sticky":true,"template":"","format":"standard","meta":{"footnotes":""},"categories":[8,28,18],"tags":[],"yoast_head":"<!-- This site is optimized with the Yoast SEO plugin v24.5 - https:\/\/yoast.com\/wordpress\/plugins\/seo\/ -->\n<title>LOS GANADEROS DE \u00c1VILA, AL BORDE DEL COLAPSO POR LOS ATAQUES DEL LOBO Y EL ABANDONO INSTITUCIONAL - ASAJA \u00c1vila<\/title>\n<meta name=\"description\" content=\"Indignaci\u00f3n en el campo abulense: la Junta paga 680 euros por un ternero muerto cuando las p\u00e9rdidas superan los 2.000 La Asociaci\u00f3n Agraria J\u00f3venes\" \/>\n<meta name=\"robots\" content=\"index, follow, max-snippet:-1, max-image-preview:large, max-video-preview:-1\" \/>\n<link rel=\"canonical\" href=\"https:\/\/www.asajacyl.com\/avila\/asaja-avila-informa\/noticias\/destacados\/los-ganaderos-de-avila-al-borde-del-colapso-por-los-ataques-del-lobo-y-el-abandono-institucional\" \/>\n<meta property=\"og:locale\" content=\"es_ES\" \/>\n<meta property=\"og:type\" content=\"article\" \/>\n<meta property=\"og:title\" content=\"LOS GANADEROS DE \u00c1VILA, AL BORDE DEL COLAPSO POR LOS ATAQUES DEL LOBO Y EL ABANDONO INSTITUCIONAL - ASAJA \u00c1vila\" \/>\n<meta property=\"og:description\" content=\"Indignaci\u00f3n en el campo abulense: la Junta paga 680 euros por un ternero muerto cuando las p\u00e9rdidas superan los 2.000 La Asociaci\u00f3n Agraria J\u00f3venes\" \/>\n<meta property=\"og:url\" content=\"https:\/\/www.asajacyl.com\/avila\/asaja-avila-informa\/noticias\/destacados\/los-ganaderos-de-avila-al-borde-del-colapso-por-los-ataques-del-lobo-y-el-abandono-institucional\" \/>\n<meta property=\"og:site_name\" content=\"ASAJA \u00c1vila\" \/>\n<meta property=\"article:published_time\" content=\"2025-11-06T13:33:20+00:00\" \/>\n<meta property=\"article:modified_time\" content=\"2025-11-06T13:55:46+00:00\" \/>\n<meta property=\"og:image\" content=\"https:\/\/www.asajacyl.com\/avila\/wp-content\/uploads\/sites\/4\/2025\/11\/Ataque-lobos-Avila-002.jpg\" \/>\n\t<meta property=\"og:image:width\" content=\"1600\" \/>\n\t<meta property=\"og:image:height\" content=\"1200\" \/>\n\t<meta property=\"og:image:type\" content=\"image\/jpeg\" \/>\n<meta name=\"author\" content=\"comunicacion\" \/>\n<meta name=\"twitter:card\" content=\"summary_large_image\" \/>\n<meta name=\"twitter:label1\" content=\"Escrito por\" \/>\n\t<meta name=\"twitter:data1\" content=\"comunicacion\" \/>\n\t<meta name=\"twitter:label2\" content=\"Tiempo de lectura\" \/>\n\t<meta name=\"twitter:data2\" content=\"4 minutos\" \/>\n<script type=\"application\/ld+json\" class=\"yoast-schema-graph\">{\"@context\":\"https:\/\/schema.org\",\"@graph\":[{\"@type\":\"WebPage\",\"@id\":\"https:\/\/www.asajacyl.com\/avila\/asaja-avila-informa\/noticias\/destacados\/los-ganaderos-de-avila-al-borde-del-colapso-por-los-ataques-del-lobo-y-el-abandono-institucional\",\"url\":\"https:\/\/www.asajacyl.com\/avila\/asaja-avila-informa\/noticias\/destacados\/los-ganaderos-de-avila-al-borde-del-colapso-por-los-ataques-del-lobo-y-el-abandono-institucional\",\"name\":\"LOS GANADEROS DE \u00c1VILA, AL BORDE DEL COLAPSO POR LOS ATAQUES DEL LOBO Y EL ABANDONO INSTITUCIONAL - ASAJA \u00c1vila\",\"isPartOf\":{\"@id\":\"https:\/\/www.asajacyl.com\/avila\/#website\"},\"primaryImageOfPage\":{\"@id\":\"https:\/\/www.asajacyl.com\/avila\/asaja-avila-informa\/noticias\/destacados\/los-ganaderos-de-avila-al-borde-del-colapso-por-los-ataques-del-lobo-y-el-abandono-institucional#primaryimage\"},\"image\":{\"@id\":\"https:\/\/www.asajacyl.com\/avila\/asaja-avila-informa\/noticias\/destacados\/los-ganaderos-de-avila-al-borde-del-colapso-por-los-ataques-del-lobo-y-el-abandono-institucional#primaryimage\"},\"thumbnailUrl\":\"https:\/\/www.asajacyl.com\/avila\/wp-content\/uploads\/sites\/4\/2025\/11\/Ataque-lobos-Avila-002.jpg\",\"datePublished\":\"2025-11-06T13:33:20+00:00\",\"dateModified\":\"2025-11-06T13:55:46+00:00\",\"author\":{\"@id\":\"https:\/\/www.asajacyl.com\/avila\/#\/schema\/person\/51bbd29d94e00aa22d79c7b8c3c404e6\"},\"description\":\"Indignaci\u00f3n en el campo abulense: la Junta paga 680 euros por un ternero muerto cuando las p\u00e9rdidas superan los 2.000 La Asociaci\u00f3n Agraria J\u00f3venes\",\"breadcrumb\":{\"@id\":\"https:\/\/www.asajacyl.com\/avila\/asaja-avila-informa\/noticias\/destacados\/los-ganaderos-de-avila-al-borde-del-colapso-por-los-ataques-del-lobo-y-el-abandono-institucional#breadcrumb\"},\"inLanguage\":\"es\",\"potentialAction\":[{\"@type\":\"ReadAction\",\"target\":[\"https:\/\/www.asajacyl.com\/avila\/asaja-avila-informa\/noticias\/destacados\/los-ganaderos-de-avila-al-borde-del-colapso-por-los-ataques-del-lobo-y-el-abandono-institucional\"]}]},{\"@type\":\"ImageObject\",\"inLanguage\":\"es\",\"@id\":\"https:\/\/www.asajacyl.com\/avila\/asaja-avila-informa\/noticias\/destacados\/los-ganaderos-de-avila-al-borde-del-colapso-por-los-ataques-del-lobo-y-el-abandono-institucional#primaryimage\",\"url\":\"https:\/\/www.asajacyl.com\/avila\/wp-content\/uploads\/sites\/4\/2025\/11\/Ataque-lobos-Avila-002.jpg\",\"contentUrl\":\"https:\/\/www.asajacyl.com\/avila\/wp-content\/uploads\/sites\/4\/2025\/11\/Ataque-lobos-Avila-002.jpg\",\"width\":1600,\"height\":1200},{\"@type\":\"BreadcrumbList\",\"@id\":\"https:\/\/www.asajacyl.com\/avila\/asaja-avila-informa\/noticias\/destacados\/los-ganaderos-de-avila-al-borde-del-colapso-por-los-ataques-del-lobo-y-el-abandono-institucional#breadcrumb\",\"itemListElement\":[{\"@type\":\"ListItem\",\"position\":1,\"name\":\"Portada\",\"item\":\"https:\/\/www.asajacyl.com\/avila\/\"},{\"@type\":\"ListItem\",\"position\":2,\"name\":\"LOS GANADEROS DE \u00c1VILA, AL BORDE DEL COLAPSO POR LOS ATAQUES DEL LOBO Y EL ABANDONO INSTITUCIONAL\"}]},{\"@type\":\"WebSite\",\"@id\":\"https:\/\/www.asajacyl.com\/avila\/#website\",\"url\":\"https:\/\/www.asajacyl.com\/avila\/\",\"name\":\"ASAJA \u00c1vila\",\"description\":\"Otro sitio m\u00e1s de Provincias ASAJA Castilla y Le\u00f3n\",\"potentialAction\":[{\"@type\":\"SearchAction\",\"target\":{\"@type\":\"EntryPoint\",\"urlTemplate\":\"https:\/\/www.asajacyl.com\/avila\/?s={search_term_string}\"},\"query-input\":{\"@type\":\"PropertyValueSpecification\",\"valueRequired\":true,\"valueName\":\"search_term_string\"}}],\"inLanguage\":\"es\"},{\"@type\":\"Person\",\"@id\":\"https:\/\/www.asajacyl.com\/avila\/#\/schema\/person\/51bbd29d94e00aa22d79c7b8c3c404e6\",\"name\":\"comunicacion\",\"image\":{\"@type\":\"ImageObject\",\"inLanguage\":\"es\",\"@id\":\"https:\/\/www.asajacyl.com\/avila\/#\/schema\/person\/image\/\",\"url\":\"https:\/\/secure.gravatar.com\/avatar\/dacd6ac12f2f802c39afce565d232781?s=96&d=mm&r=g\",\"contentUrl\":\"https:\/\/secure.gravatar.com\/avatar\/dacd6ac12f2f802c39afce565d232781?s=96&d=mm&r=g\",\"caption\":\"comunicacion\"},\"url\":\"https:\/\/www.asajacyl.com\/avila\/author\/comunicacion\"}]}<\/script>\n<!-- \/ Yoast SEO plugin. -->","yoast_head_json":{"title":"LOS GANADEROS DE \u00c1VILA, AL BORDE DEL COLAPSO POR LOS ATAQUES DEL LOBO Y EL ABANDONO INSTITUCIONAL - ASAJA \u00c1vila","description":"Indignaci\u00f3n en el campo abulense: la Junta paga 680 euros por un ternero muerto cuando las p\u00e9rdidas superan los 2.000 La Asociaci\u00f3n Agraria J\u00f3venes","robots":{"index":"index","follow":"follow","max-snippet":"max-snippet:-1","max-image-preview":"max-image-preview:large","max-video-preview":"max-video-preview:-1"},"canonical":"https:\/\/www.asajacyl.com\/avila\/asaja-avila-informa\/noticias\/destacados\/los-ganaderos-de-avila-al-borde-del-colapso-por-los-ataques-del-lobo-y-el-abandono-institucional","og_locale":"es_ES","og_type":"article","og_title":"LOS GANADEROS DE \u00c1VILA, AL BORDE DEL COLAPSO POR LOS ATAQUES DEL LOBO Y EL ABANDONO INSTITUCIONAL - ASAJA \u00c1vila","og_description":"Indignaci\u00f3n en el campo abulense: la Junta paga 680 euros por un ternero muerto cuando las p\u00e9rdidas superan los 2.000 La Asociaci\u00f3n Agraria J\u00f3venes","og_url":"https:\/\/www.asajacyl.com\/avila\/asaja-avila-informa\/noticias\/destacados\/los-ganaderos-de-avila-al-borde-del-colapso-por-los-ataques-del-lobo-y-el-abandono-institucional","og_site_name":"ASAJA \u00c1vila","article_published_time":"2025-11-06T13:33:20+00:00","article_modified_time":"2025-11-06T13:55:46+00:00","og_image":[{"width":1600,"height":1200,"url":"https:\/\/www.asajacyl.com\/avila\/wp-content\/uploads\/sites\/4\/2025\/11\/Ataque-lobos-Avila-002.jpg","type":"image\/jpeg"}],"author":"comunicacion","twitter_card":"summary_large_image","twitter_misc":{"Escrito por":"comunicacion","Tiempo de lectura":"4 minutos"},"schema":{"@context":"https:\/\/schema.org","@graph":[{"@type":"WebPage","@id":"https:\/\/www.asajacyl.com\/avila\/asaja-avila-informa\/noticias\/destacados\/los-ganaderos-de-avila-al-borde-del-colapso-por-los-ataques-del-lobo-y-el-abandono-institucional","url":"https:\/\/www.asajacyl.com\/avila\/asaja-avila-informa\/noticias\/destacados\/los-ganaderos-de-avila-al-borde-del-colapso-por-los-ataques-del-lobo-y-el-abandono-institucional","name":"LOS GANADEROS DE \u00c1VILA, AL BORDE DEL COLAPSO POR LOS ATAQUES DEL LOBO Y EL ABANDONO INSTITUCIONAL - ASAJA \u00c1vila","isPartOf":{"@id":"https:\/\/www.asajacyl.com\/avila\/#website"},"primaryImageOfPage":{"@id":"https:\/\/www.asajacyl.com\/avila\/asaja-avila-informa\/noticias\/destacados\/los-ganaderos-de-avila-al-borde-del-colapso-por-los-ataques-del-lobo-y-el-abandono-institucional#primaryimage"},"image":{"@id":"https:\/\/www.asajacyl.com\/avila\/asaja-avila-informa\/noticias\/destacados\/los-ganaderos-de-avila-al-borde-del-colapso-por-los-ataques-del-lobo-y-el-abandono-institucional#primaryimage"},"thumbnailUrl":"https:\/\/www.asajacyl.com\/avila\/wp-content\/uploads\/sites\/4\/2025\/11\/Ataque-lobos-Avila-002.jpg","datePublished":"2025-11-06T13:33:20+00:00","dateModified":"2025-11-06T13:55:46+00:00","author":{"@id":"https:\/\/www.asajacyl.com\/avila\/#\/schema\/person\/51bbd29d94e00aa22d79c7b8c3c404e6"},"description":"Indignaci\u00f3n en el campo abulense: la Junta paga 680 euros por un ternero muerto cuando las p\u00e9rdidas superan los 2.000 La Asociaci\u00f3n Agraria J\u00f3venes","breadcrumb":{"@id":"https:\/\/www.asajacyl.com\/avila\/asaja-avila-informa\/noticias\/destacados\/los-ganaderos-de-avila-al-borde-del-colapso-por-los-ataques-del-lobo-y-el-abandono-institucional#breadcrumb"},"inLanguage":"es","potentialAction":[{"@type":"ReadAction","target":["https:\/\/www.asajacyl.com\/avila\/asaja-avila-informa\/noticias\/destacados\/los-ganaderos-de-avila-al-borde-del-colapso-por-los-ataques-del-lobo-y-el-abandono-institucional"]}]},{"@type":"ImageObject","inLanguage":"es","@id":"https:\/\/www.asajacyl.com\/avila\/asaja-avila-informa\/noticias\/destacados\/los-ganaderos-de-avila-al-borde-del-colapso-por-los-ataques-del-lobo-y-el-abandono-institucional#primaryimage","url":"https:\/\/www.asajacyl.com\/avila\/wp-content\/uploads\/sites\/4\/2025\/11\/Ataque-lobos-Avila-002.jpg","contentUrl":"https:\/\/www.asajacyl.com\/avila\/wp-content\/uploads\/sites\/4\/2025\/11\/Ataque-lobos-Avila-002.jpg","width":1600,"height":1200},{"@type":"BreadcrumbList","@id":"https:\/\/www.asajacyl.com\/avila\/asaja-avila-informa\/noticias\/destacados\/los-ganaderos-de-avila-al-borde-del-colapso-por-los-ataques-del-lobo-y-el-abandono-institucional#breadcrumb","itemListElement":[{"@type":"ListItem","position":1,"name":"Portada","item":"https:\/\/www.asajacyl.com\/avila\/"},{"@type":"ListItem","position":2,"name":"LOS GANADEROS DE \u00c1VILA, AL BORDE DEL COLAPSO POR LOS ATAQUES DEL LOBO Y EL ABANDONO INSTITUCIONAL"}]},{"@type":"WebSite","@id":"https:\/\/www.asajacyl.com\/avila\/#website","url":"https:\/\/www.asajacyl.com\/avila\/","name":"ASAJA \u00c1vila","description":"Otro sitio m\u00e1s de Provincias ASAJA Castilla y Le\u00f3n","potentialAction":[{"@type":"SearchAction","target":{"@type":"EntryPoint","urlTemplate":"https:\/\/www.asajacyl.com\/avila\/?s={search_term_string}"},"query-input":{"@type":"PropertyValueSpecification","valueRequired":true,"valueName":"search_term_string"}}],"inLanguage":"es"},{"@type":"Person","@id":"https:\/\/www.asajacyl.com\/avila\/#\/schema\/person\/51bbd29d94e00aa22d79c7b8c3c404e6","name":"comunicacion","image":{"@type":"ImageObject","inLanguage":"es","@id":"https:\/\/www.asajacyl.com\/avila\/#\/schema\/person\/image\/","url":"https:\/\/secure.gravatar.com\/avatar\/dacd6ac12f2f802c39afce565d232781?s=96&d=mm&r=g","contentUrl":"https:\/\/secure.gravatar.com\/avatar\/dacd6ac12f2f802c39afce565d232781?s=96&d=mm&r=g","caption":"comunicacion"},"url":"https:\/\/www.asajacyl.com\/avila\/author\/comunicacion"}]}},"_links":{"self":[{"href":"https:\/\/www.asajacyl.com\/avila\/wp-json\/wp\/v2\/posts\/6759"}],"collection":[{"href":"https:\/\/www.asajacyl.com\/avila\/wp-json\/wp\/v2\/posts"}],"about":[{"href":"https:\/\/www.asajacyl.com\/avila\/wp-json\/wp\/v2\/types\/post"}],"author":[{"embeddable":true,"href":"https:\/\/www.asajacyl.com\/avila\/wp-json\/wp\/v2\/users\/16"}],"replies":[{"embeddable":true,"href":"https:\/\/www.asajacyl.com\/avila\/wp-json\/wp\/v2\/comments?post=6759"}],"version-history":[{"count":1,"href":"https:\/\/www.asajacyl.com\/avila\/wp-json\/wp\/v2\/posts\/6759\/revisions"}],"predecessor-version":[{"id":6761,"href":"https:\/\/www.asajacyl.com\/avila\/wp-json\/wp\/v2\/posts\/6759\/revisions\/6761"}],"wp:featuredmedia":[{"embeddable":true,"href":"https:\/\/www.asajacyl.com\/avila\/wp-json\/wp\/v2\/media\/6760"}],"wp:attachment":[{"href":"https:\/\/www.asajacyl.com\/avila\/wp-json\/wp\/v2\/media?parent=6759"}],"wp:term":[{"taxonomy":"category","embeddable":true,"href":"https:\/\/www.asajacyl.com\/avila\/wp-json\/wp\/v2\/categories?post=6759"},{"taxonomy":"post_tag","embeddable":true,"href":"https:\/\/www.asajacyl.com\/avila\/wp-json\/wp\/v2\/tags?post=6759"}],"curies":[{"name":"wp","href":"https:\/\/api.w.org\/{rel}","templated":true}]}}