{"id":6766,"date":"2025-11-14T14:04:02","date_gmt":"2025-11-14T13:04:02","guid":{"rendered":"https:\/\/www.asajacyl.com\/avila\/?p=6766"},"modified":"2025-11-14T14:04:04","modified_gmt":"2025-11-14T13:04:04","slug":"asaja-denuncia-que-los-agricultores-pagan-tres-veces-mas-por-abonar-mientras-el-cereal-se-vende-al-precio-de-hace-una-decada","status":"publish","type":"post","link":"https:\/\/www.asajacyl.com\/avila\/asaja-avila-informa\/noticias\/asaja-denuncia-que-los-agricultores-pagan-tres-veces-mas-por-abonar-mientras-el-cereal-se-vende-al-precio-de-hace-una-decada","title":{"rendered":"ASAJA denuncia que los agricultores pagan tres veces m\u00e1s por abonar mientras el cereal se vende al precio de hace una d\u00e9cada"},"content":{"rendered":"\n<p><em>\u201cSembrar hoy es un acto de fe: los costes se disparan y los precios se hunden\u201d<\/em><\/p>\n\n\n\n<p>Las organizaciones provinciales de <strong>ASAJA en \u00c1vila, Segovia y Valladolid<\/strong> alertan de una situaci\u00f3n cr\u00edtica que amenaza la viabilidad del campo cerealista en Castilla y Le\u00f3n. Mientras los precios del trigo y la cebada se mantienen en niveles similares a los de hace diez a\u00f1os &#8211;<strong>en torno a 180 &#8211; 190 \u20ac\/t<\/strong>-, los <strong>fertilizantes han subido hasta un 30 % en apenas un a\u00f1o<\/strong>, consolidando una tendencia de los \u00faltimos a\u00f1os que est\u00e1 ahogando a los agricultores.<\/p>\n\n\n\n<p>Hoy, <strong>el agricultor necesita vender tres kilos de cereal para pagar un solo kilo de abono<\/strong>, cuando hace apenas unos a\u00f1os bastaba con uno. Es el mejor ejemplo de c\u00f3mo el esfuerzo del campo se ha devaluado mientras los costes de producci\u00f3n se disparan.<\/p>\n\n\n\n<p>Los precios de los <strong>abonos complejos<\/strong> alcanzan actualmente entre <strong>400 y 600 \u20ac\/t<\/strong>, y los <strong>nitrogenados<\/strong> entre <strong>550 y 700 \u20ac\/t<\/strong>, nuevamente superiores a los de la campa\u00f1a pasada. Desde ASAJA \u00c1vila, Valladolid y Segovia se denuncia que esta situaci\u00f3n se ha agravado por decisiones pol\u00edticas como la <strong>imposici\u00f3n de aranceles a los fertilizantes importados<\/strong>, lo que est\u00e1 repercutiendo directamente en el encarecimiento artificial de los abonos utilizados por los agricultores espa\u00f1oles. ASAJA hace un llamamiento urgente a los europarlamentarios para que reaccionen y terminen con los aranceles a los fertilizantes \u201cpor el bien del campo\u201d.<\/p>\n\n\n\n<p>\u201cEl campo no puede ser el pagano de decisiones tomadas a miles de kil\u00f3metros. Sin fertilizantes asequibles no hay cosecha, y sin cosecha no hay alimentos\u201d, denuncian desde ASAJA.<\/p>\n\n\n\n<p>En este escenario, ASAJA \u00c1vila, Valladolid y Segovia exigen al Gobierno de Espa\u00f1a y a las instituciones comunitarias que adopten de inmediato las siguientes medidas: La <strong>eliminaci\u00f3n de los aranceles y las medidas antidumping<\/strong> que gravan los fertilizantes procedentes de pa\u00edses de fuera, principalmente Rusia y Bielorrusia. La puesta en marcha de <strong>mecanismos autom\u00e1ticos de salvaguarda<\/strong> para que cuando los costes de los insumos se disparen, se activen ayudas sin dilaci\u00f3n y <strong>compensaciones directas<\/strong> a los agricultores ante la escalada de costes de fertilizantes, para que no tengan que asumir en solitario una subida que no han provocado.<\/p>\n\n\n\n<p>ASAJA advierte de que sin fertilizantes asequibles no hay producci\u00f3n, y eso conduce al abandono de las explotaciones y al paisaje de campos vac\u00edos. Si no se act\u00faa con urgencia, muchos agricultores se ver\u00e1n obligados a reducir la superficie de siembra o incluso a <strong>abandonar la actividad<\/strong>. \u201cCada campa\u00f1a que pasa, los m\u00e1rgenes se estrechan m\u00e1s. Se est\u00e1 sembrando a p\u00e9rdidas\u201d, lamentan los representantes provinciales.<\/p>\n\n\n\n<p>Estas tres organizaciones provinciales alertan, <strong>que este es un problema tambi\u00e9n del consumidor que est\u00e1 sufriendo un encarecimiento de los precios muy importante,<\/strong> mientras sus representantes pol\u00edticos juegan a intercambiar armas por alimentos.<\/p>\n\n\n\n<p>ASAJA est\u00e1 <strong>muy preocupada<\/strong> por las consecuencias negativas que los aranceles impuestos a los fertilizantes nitrogenados est\u00e1n teniendo sobre la viabilidad del sector agrario, tanto en Espa\u00f1a como en el conjunto de la Uni\u00f3n Europea. Estas medidas, adoptadas en un momento de inestabilidad global y con los costes de los insumos ya desbocados, suponen un encarecimiento desproporcionado de un insumo esencial para la actividad agr\u00edcola. Los fertilizantes no son un lujo: son una necesidad. Gravarlos en un contexto como el actual solo sirve para elevar los costes de producci\u00f3n, recortar la competitividad de las explotaciones europeas y reforzar la dependencia de terceros pa\u00edses que no est\u00e1n sujetos a estas cargas. ASAJA \u00c1vila, Valladolid y Segovia solicitan tambi\u00e9n la apertura de un <strong>di\u00e1logo inmediato<\/strong> con el Ministerio de Agricultura y con la Consejer\u00eda de Agricultura de Castilla y Le\u00f3n para determinar la magnitud real del impacto en la nueva sementera y dise\u00f1ar un paquete de medidas extraordinarias que salvaguarde la rentabilidad del campo en nuestra regi\u00f3n.<\/p>\n\n\n\n<p><\/p>\n","protected":false},"excerpt":{"rendered":"<p>\u201cSembrar hoy es un acto de fe: los costes se disparan y los precios se hunden\u201d Las organizaciones provinciales de ASAJA en \u00c1vila, Segovia y Valladolid alertan de una situaci\u00f3n cr\u00edtica que amenaza la viabilidad del campo cerealista en Castilla y Le\u00f3n. Mientras los precios del trigo y la cebada se mantienen en niveles similares [&hellip;]<\/p>\n","protected":false},"author":16,"featured_media":6767,"comment_status":"open","ping_status":"open","sticky":false,"template":"","format":"standard","meta":{"footnotes":""},"categories":[8,28,18],"tags":[53,54],"yoast_head":"<!-- This site is optimized with the Yoast SEO plugin v24.5 - https:\/\/yoast.com\/wordpress\/plugins\/seo\/ -->\n<title>ASAJA denuncia que los agricultores pagan tres veces m\u00e1s por abonar mientras el cereal se vende al precio de hace una d\u00e9cada - ASAJA \u00c1vila<\/title>\n<meta name=\"description\" content=\"\u201cSembrar hoy es un acto de fe: los costes se disparan y los precios se hunden\u201d Las organizaciones provinciales de ASAJA en \u00c1vila, Segovia y Valladolid\" \/>\n<meta name=\"robots\" content=\"index, follow, max-snippet:-1, max-image-preview:large, max-video-preview:-1\" \/>\n<link rel=\"canonical\" href=\"https:\/\/www.asajacyl.com\/avila\/asaja-avila-informa\/noticias\/asaja-denuncia-que-los-agricultores-pagan-tres-veces-mas-por-abonar-mientras-el-cereal-se-vende-al-precio-de-hace-una-decada\" \/>\n<meta property=\"og:locale\" content=\"es_ES\" \/>\n<meta property=\"og:type\" content=\"article\" \/>\n<meta property=\"og:title\" content=\"ASAJA denuncia que los agricultores pagan tres veces m\u00e1s por abonar mientras el cereal se vende al precio de hace una d\u00e9cada - ASAJA \u00c1vila\" \/>\n<meta property=\"og:description\" content=\"\u201cSembrar hoy es un acto de fe: los costes se disparan y los precios se hunden\u201d Las organizaciones provinciales de ASAJA en \u00c1vila, Segovia y Valladolid\" \/>\n<meta property=\"og:url\" content=\"https:\/\/www.asajacyl.com\/avila\/asaja-avila-informa\/noticias\/asaja-denuncia-que-los-agricultores-pagan-tres-veces-mas-por-abonar-mientras-el-cereal-se-vende-al-precio-de-hace-una-decada\" \/>\n<meta property=\"og:site_name\" content=\"ASAJA \u00c1vila\" \/>\n<meta property=\"article:published_time\" content=\"2025-11-14T13:04:02+00:00\" \/>\n<meta property=\"article:modified_time\" content=\"2025-11-14T13:04:04+00:00\" \/>\n<meta property=\"og:image\" content=\"https:\/\/www.asajacyl.com\/avila\/wp-content\/uploads\/sites\/4\/2025\/11\/campo-de-cereal-1024x683-1.jpg\" \/>\n\t<meta property=\"og:image:width\" content=\"1024\" \/>\n\t<meta property=\"og:image:height\" content=\"683\" \/>\n\t<meta property=\"og:image:type\" content=\"image\/jpeg\" \/>\n<meta name=\"author\" content=\"comunicacion\" \/>\n<meta name=\"twitter:card\" content=\"summary_large_image\" \/>\n<meta name=\"twitter:label1\" content=\"Escrito por\" \/>\n\t<meta name=\"twitter:data1\" content=\"comunicacion\" \/>\n\t<meta name=\"twitter:label2\" content=\"Tiempo de lectura\" \/>\n\t<meta name=\"twitter:data2\" content=\"4 minutos\" \/>\n<script type=\"application\/ld+json\" class=\"yoast-schema-graph\">{\"@context\":\"https:\/\/schema.org\",\"@graph\":[{\"@type\":\"WebPage\",\"@id\":\"https:\/\/www.asajacyl.com\/avila\/asaja-avila-informa\/noticias\/asaja-denuncia-que-los-agricultores-pagan-tres-veces-mas-por-abonar-mientras-el-cereal-se-vende-al-precio-de-hace-una-decada\",\"url\":\"https:\/\/www.asajacyl.com\/avila\/asaja-avila-informa\/noticias\/asaja-denuncia-que-los-agricultores-pagan-tres-veces-mas-por-abonar-mientras-el-cereal-se-vende-al-precio-de-hace-una-decada\",\"name\":\"ASAJA denuncia que los agricultores pagan tres veces m\u00e1s por abonar mientras el cereal se vende al precio de hace una d\u00e9cada - ASAJA \u00c1vila\",\"isPartOf\":{\"@id\":\"https:\/\/www.asajacyl.com\/avila\/#website\"},\"primaryImageOfPage\":{\"@id\":\"https:\/\/www.asajacyl.com\/avila\/asaja-avila-informa\/noticias\/asaja-denuncia-que-los-agricultores-pagan-tres-veces-mas-por-abonar-mientras-el-cereal-se-vende-al-precio-de-hace-una-decada#primaryimage\"},\"image\":{\"@id\":\"https:\/\/www.asajacyl.com\/avila\/asaja-avila-informa\/noticias\/asaja-denuncia-que-los-agricultores-pagan-tres-veces-mas-por-abonar-mientras-el-cereal-se-vende-al-precio-de-hace-una-decada#primaryimage\"},\"thumbnailUrl\":\"https:\/\/www.asajacyl.com\/avila\/wp-content\/uploads\/sites\/4\/2025\/11\/campo-de-cereal-1024x683-1.jpg\",\"datePublished\":\"2025-11-14T13:04:02+00:00\",\"dateModified\":\"2025-11-14T13:04:04+00:00\",\"author\":{\"@id\":\"https:\/\/www.asajacyl.com\/avila\/#\/schema\/person\/51bbd29d94e00aa22d79c7b8c3c404e6\"},\"description\":\"\u201cSembrar hoy es un acto de fe: los costes se disparan y los precios se hunden\u201d Las organizaciones provinciales de ASAJA en \u00c1vila, Segovia y Valladolid\",\"breadcrumb\":{\"@id\":\"https:\/\/www.asajacyl.com\/avila\/asaja-avila-informa\/noticias\/asaja-denuncia-que-los-agricultores-pagan-tres-veces-mas-por-abonar-mientras-el-cereal-se-vende-al-precio-de-hace-una-decada#breadcrumb\"},\"inLanguage\":\"es\",\"potentialAction\":[{\"@type\":\"ReadAction\",\"target\":[\"https:\/\/www.asajacyl.com\/avila\/asaja-avila-informa\/noticias\/asaja-denuncia-que-los-agricultores-pagan-tres-veces-mas-por-abonar-mientras-el-cereal-se-vende-al-precio-de-hace-una-decada\"]}]},{\"@type\":\"ImageObject\",\"inLanguage\":\"es\",\"@id\":\"https:\/\/www.asajacyl.com\/avila\/asaja-avila-informa\/noticias\/asaja-denuncia-que-los-agricultores-pagan-tres-veces-mas-por-abonar-mientras-el-cereal-se-vende-al-precio-de-hace-una-decada#primaryimage\",\"url\":\"https:\/\/www.asajacyl.com\/avila\/wp-content\/uploads\/sites\/4\/2025\/11\/campo-de-cereal-1024x683-1.jpg\",\"contentUrl\":\"https:\/\/www.asajacyl.com\/avila\/wp-content\/uploads\/sites\/4\/2025\/11\/campo-de-cereal-1024x683-1.jpg\",\"width\":1024,\"height\":683},{\"@type\":\"BreadcrumbList\",\"@id\":\"https:\/\/www.asajacyl.com\/avila\/asaja-avila-informa\/noticias\/asaja-denuncia-que-los-agricultores-pagan-tres-veces-mas-por-abonar-mientras-el-cereal-se-vende-al-precio-de-hace-una-decada#breadcrumb\",\"itemListElement\":[{\"@type\":\"ListItem\",\"position\":1,\"name\":\"Portada\",\"item\":\"https:\/\/www.asajacyl.com\/avila\/\"},{\"@type\":\"ListItem\",\"position\":2,\"name\":\"ASAJA denuncia que los agricultores pagan tres veces m\u00e1s por abonar mientras el cereal se vende al precio de hace una d\u00e9cada\"}]},{\"@type\":\"WebSite\",\"@id\":\"https:\/\/www.asajacyl.com\/avila\/#website\",\"url\":\"https:\/\/www.asajacyl.com\/avila\/\",\"name\":\"ASAJA \u00c1vila\",\"description\":\"Otro sitio m\u00e1s de Provincias ASAJA Castilla y Le\u00f3n\",\"potentialAction\":[{\"@type\":\"SearchAction\",\"target\":{\"@type\":\"EntryPoint\",\"urlTemplate\":\"https:\/\/www.asajacyl.com\/avila\/?s={search_term_string}\"},\"query-input\":{\"@type\":\"PropertyValueSpecification\",\"valueRequired\":true,\"valueName\":\"search_term_string\"}}],\"inLanguage\":\"es\"},{\"@type\":\"Person\",\"@id\":\"https:\/\/www.asajacyl.com\/avila\/#\/schema\/person\/51bbd29d94e00aa22d79c7b8c3c404e6\",\"name\":\"comunicacion\",\"image\":{\"@type\":\"ImageObject\",\"inLanguage\":\"es\",\"@id\":\"https:\/\/www.asajacyl.com\/avila\/#\/schema\/person\/image\/\",\"url\":\"https:\/\/secure.gravatar.com\/avatar\/dacd6ac12f2f802c39afce565d232781?s=96&d=mm&r=g\",\"contentUrl\":\"https:\/\/secure.gravatar.com\/avatar\/dacd6ac12f2f802c39afce565d232781?s=96&d=mm&r=g\",\"caption\":\"comunicacion\"},\"url\":\"https:\/\/www.asajacyl.com\/avila\/author\/comunicacion\"}]}<\/script>\n<!-- \/ Yoast SEO plugin. -->","yoast_head_json":{"title":"ASAJA denuncia que los agricultores pagan tres veces m\u00e1s por abonar mientras el cereal se vende al precio de hace una d\u00e9cada - ASAJA \u00c1vila","description":"\u201cSembrar hoy es un acto de fe: los costes se disparan y los precios se hunden\u201d Las organizaciones provinciales de ASAJA en \u00c1vila, Segovia y Valladolid","robots":{"index":"index","follow":"follow","max-snippet":"max-snippet:-1","max-image-preview":"max-image-preview:large","max-video-preview":"max-video-preview:-1"},"canonical":"https:\/\/www.asajacyl.com\/avila\/asaja-avila-informa\/noticias\/asaja-denuncia-que-los-agricultores-pagan-tres-veces-mas-por-abonar-mientras-el-cereal-se-vende-al-precio-de-hace-una-decada","og_locale":"es_ES","og_type":"article","og_title":"ASAJA denuncia que los agricultores pagan tres veces m\u00e1s por abonar mientras el cereal se vende al precio de hace una d\u00e9cada - ASAJA \u00c1vila","og_description":"\u201cSembrar hoy es un acto de fe: los costes se disparan y los precios se hunden\u201d Las organizaciones provinciales de ASAJA en \u00c1vila, Segovia y Valladolid","og_url":"https:\/\/www.asajacyl.com\/avila\/asaja-avila-informa\/noticias\/asaja-denuncia-que-los-agricultores-pagan-tres-veces-mas-por-abonar-mientras-el-cereal-se-vende-al-precio-de-hace-una-decada","og_site_name":"ASAJA \u00c1vila","article_published_time":"2025-11-14T13:04:02+00:00","article_modified_time":"2025-11-14T13:04:04+00:00","og_image":[{"width":1024,"height":683,"url":"https:\/\/www.asajacyl.com\/avila\/wp-content\/uploads\/sites\/4\/2025\/11\/campo-de-cereal-1024x683-1.jpg","type":"image\/jpeg"}],"author":"comunicacion","twitter_card":"summary_large_image","twitter_misc":{"Escrito por":"comunicacion","Tiempo de lectura":"4 minutos"},"schema":{"@context":"https:\/\/schema.org","@graph":[{"@type":"WebPage","@id":"https:\/\/www.asajacyl.com\/avila\/asaja-avila-informa\/noticias\/asaja-denuncia-que-los-agricultores-pagan-tres-veces-mas-por-abonar-mientras-el-cereal-se-vende-al-precio-de-hace-una-decada","url":"https:\/\/www.asajacyl.com\/avila\/asaja-avila-informa\/noticias\/asaja-denuncia-que-los-agricultores-pagan-tres-veces-mas-por-abonar-mientras-el-cereal-se-vende-al-precio-de-hace-una-decada","name":"ASAJA denuncia que los agricultores pagan tres veces m\u00e1s por abonar mientras el cereal se vende al precio de hace una d\u00e9cada - ASAJA \u00c1vila","isPartOf":{"@id":"https:\/\/www.asajacyl.com\/avila\/#website"},"primaryImageOfPage":{"@id":"https:\/\/www.asajacyl.com\/avila\/asaja-avila-informa\/noticias\/asaja-denuncia-que-los-agricultores-pagan-tres-veces-mas-por-abonar-mientras-el-cereal-se-vende-al-precio-de-hace-una-decada#primaryimage"},"image":{"@id":"https:\/\/www.asajacyl.com\/avila\/asaja-avila-informa\/noticias\/asaja-denuncia-que-los-agricultores-pagan-tres-veces-mas-por-abonar-mientras-el-cereal-se-vende-al-precio-de-hace-una-decada#primaryimage"},"thumbnailUrl":"https:\/\/www.asajacyl.com\/avila\/wp-content\/uploads\/sites\/4\/2025\/11\/campo-de-cereal-1024x683-1.jpg","datePublished":"2025-11-14T13:04:02+00:00","dateModified":"2025-11-14T13:04:04+00:00","author":{"@id":"https:\/\/www.asajacyl.com\/avila\/#\/schema\/person\/51bbd29d94e00aa22d79c7b8c3c404e6"},"description":"\u201cSembrar hoy es un acto de fe: los costes se disparan y los precios se hunden\u201d Las organizaciones provinciales de ASAJA en \u00c1vila, Segovia y Valladolid","breadcrumb":{"@id":"https:\/\/www.asajacyl.com\/avila\/asaja-avila-informa\/noticias\/asaja-denuncia-que-los-agricultores-pagan-tres-veces-mas-por-abonar-mientras-el-cereal-se-vende-al-precio-de-hace-una-decada#breadcrumb"},"inLanguage":"es","potentialAction":[{"@type":"ReadAction","target":["https:\/\/www.asajacyl.com\/avila\/asaja-avila-informa\/noticias\/asaja-denuncia-que-los-agricultores-pagan-tres-veces-mas-por-abonar-mientras-el-cereal-se-vende-al-precio-de-hace-una-decada"]}]},{"@type":"ImageObject","inLanguage":"es","@id":"https:\/\/www.asajacyl.com\/avila\/asaja-avila-informa\/noticias\/asaja-denuncia-que-los-agricultores-pagan-tres-veces-mas-por-abonar-mientras-el-cereal-se-vende-al-precio-de-hace-una-decada#primaryimage","url":"https:\/\/www.asajacyl.com\/avila\/wp-content\/uploads\/sites\/4\/2025\/11\/campo-de-cereal-1024x683-1.jpg","contentUrl":"https:\/\/www.asajacyl.com\/avila\/wp-content\/uploads\/sites\/4\/2025\/11\/campo-de-cereal-1024x683-1.jpg","width":1024,"height":683},{"@type":"BreadcrumbList","@id":"https:\/\/www.asajacyl.com\/avila\/asaja-avila-informa\/noticias\/asaja-denuncia-que-los-agricultores-pagan-tres-veces-mas-por-abonar-mientras-el-cereal-se-vende-al-precio-de-hace-una-decada#breadcrumb","itemListElement":[{"@type":"ListItem","position":1,"name":"Portada","item":"https:\/\/www.asajacyl.com\/avila\/"},{"@type":"ListItem","position":2,"name":"ASAJA denuncia que los agricultores pagan tres veces m\u00e1s por abonar mientras el cereal se vende al precio de hace una d\u00e9cada"}]},{"@type":"WebSite","@id":"https:\/\/www.asajacyl.com\/avila\/#website","url":"https:\/\/www.asajacyl.com\/avila\/","name":"ASAJA \u00c1vila","description":"Otro sitio m\u00e1s de Provincias ASAJA Castilla y Le\u00f3n","potentialAction":[{"@type":"SearchAction","target":{"@type":"EntryPoint","urlTemplate":"https:\/\/www.asajacyl.com\/avila\/?s={search_term_string}"},"query-input":{"@type":"PropertyValueSpecification","valueRequired":true,"valueName":"search_term_string"}}],"inLanguage":"es"},{"@type":"Person","@id":"https:\/\/www.asajacyl.com\/avila\/#\/schema\/person\/51bbd29d94e00aa22d79c7b8c3c404e6","name":"comunicacion","image":{"@type":"ImageObject","inLanguage":"es","@id":"https:\/\/www.asajacyl.com\/avila\/#\/schema\/person\/image\/","url":"https:\/\/secure.gravatar.com\/avatar\/dacd6ac12f2f802c39afce565d232781?s=96&d=mm&r=g","contentUrl":"https:\/\/secure.gravatar.com\/avatar\/dacd6ac12f2f802c39afce565d232781?s=96&d=mm&r=g","caption":"comunicacion"},"url":"https:\/\/www.asajacyl.com\/avila\/author\/comunicacion"}]}},"_links":{"self":[{"href":"https:\/\/www.asajacyl.com\/avila\/wp-json\/wp\/v2\/posts\/6766"}],"collection":[{"href":"https:\/\/www.asajacyl.com\/avila\/wp-json\/wp\/v2\/posts"}],"about":[{"href":"https:\/\/www.asajacyl.com\/avila\/wp-json\/wp\/v2\/types\/post"}],"author":[{"embeddable":true,"href":"https:\/\/www.asajacyl.com\/avila\/wp-json\/wp\/v2\/users\/16"}],"replies":[{"embeddable":true,"href":"https:\/\/www.asajacyl.com\/avila\/wp-json\/wp\/v2\/comments?post=6766"}],"version-history":[{"count":1,"href":"https:\/\/www.asajacyl.com\/avila\/wp-json\/wp\/v2\/posts\/6766\/revisions"}],"predecessor-version":[{"id":6768,"href":"https:\/\/www.asajacyl.com\/avila\/wp-json\/wp\/v2\/posts\/6766\/revisions\/6768"}],"wp:featuredmedia":[{"embeddable":true,"href":"https:\/\/www.asajacyl.com\/avila\/wp-json\/wp\/v2\/media\/6767"}],"wp:attachment":[{"href":"https:\/\/www.asajacyl.com\/avila\/wp-json\/wp\/v2\/media?parent=6766"}],"wp:term":[{"taxonomy":"category","embeddable":true,"href":"https:\/\/www.asajacyl.com\/avila\/wp-json\/wp\/v2\/categories?post=6766"},{"taxonomy":"post_tag","embeddable":true,"href":"https:\/\/www.asajacyl.com\/avila\/wp-json\/wp\/v2\/tags?post=6766"}],"curies":[{"name":"wp","href":"https:\/\/api.w.org\/{rel}","templated":true}]}}