{"id":6771,"date":"2025-12-16T13:05:48","date_gmt":"2025-12-16T12:05:48","guid":{"rendered":"https:\/\/www.asajacyl.com\/avila\/?p=6771"},"modified":"2025-12-16T13:33:09","modified_gmt":"2025-12-16T12:33:09","slug":"la-dermatosis-nodular-contagiosa-llega-al-centro-del-debate-ganadero-en-avila","status":"publish","type":"post","link":"https:\/\/www.asajacyl.com\/avila\/asaja-avila-informa\/la-dermatosis-nodular-contagiosa-llega-al-centro-del-debate-ganadero-en-avila","title":{"rendered":"LA DERMATOSIS NODULAR CONTAGIOSA LLEGA AL CENTRO DEL DEBATE GANADERO EN \u00c1VILA"},"content":{"rendered":"\n<p><strong><em>ASAJA analiza en El Barco de \u00c1vila la situaci\u00f3n en Espa\u00f1a y la creciente presi\u00f3n en la frontera francesa, marcada por nuevos focos, vacunaciones masivas y protestas de los ganaderos galos frente a las medidas sanitarias<\/em><\/strong><\/p>\n\n\n\n<p>La Asociaci\u00f3n Agraria J\u00f3venes Agricultores (ASAJA) de \u00c1vila ha celebrado hoy, 15 de diciembre, en el Espacio Cultural de El Barco de \u00c1vila, una <strong>jornada t\u00e9cnica sobre enfermedades emergentes<\/strong>, centrada de manera especial en la <strong>Dermatosis Nodular Contagiosa (DNC)<\/strong>, una enfermedad v\u00edrica que afecta al ganado vacuno y que actualmente mantiene en m\u00e1xima alerta a las autoridades sanitarias y al sector ganadero tanto en Espa\u00f1a como en pa\u00edses vecinos.<\/p>\n\n\n\n<p>La jornada ha contado con la participaci\u00f3n de <strong>expertos de primer nivel en sanidad animal<\/strong>, que han analizado la situaci\u00f3n epidemiol\u00f3gica, los riesgos reales para el sector y las medidas de control y erradicaci\u00f3n previstas en el marco de la normativa comunitaria.<\/p>\n\n\n\n<p>El encargado de abrir el programa ha sido el <strong>Dr. Christian Gort\u00e1zar<\/strong>, veterinario, catedr\u00e1tico de Sanidad Animal de la Universidad de Castilla-La Mancha e investigador del IREC-CSIC, quien ha ofrecido una ponencia sobre la <strong>DNC como enfermedad emergente<\/strong>, explicando su origen, mecanismos de transmisi\u00f3n, s\u00edntomas cl\u00ednicos y <strong>distribuci\u00f3n geogr\u00e1fica<\/strong>, as\u00ed como los factores que favorecen su expansi\u00f3n en el contexto actual.<\/p>\n\n\n\n<p>A continuaci\u00f3n, <strong>Germ\u00e1n C\u00e1ceres<\/strong>, funcionario de carrera del Cuerpo Nacional Veterinario y jefe del \u00c1rea de Epidemiolog\u00eda de la Subdirecci\u00f3n General de Sanidad e Higiene Animal y Trazabilidad del Ministerio de Agricultura, Pesca y Alimentaci\u00f3n (MAPA), ha abordado la situaci\u00f3n del <strong>brote de DNC en la Uni\u00f3n Europea y en Espa\u00f1a en 2025<\/strong>, detallando las <strong>medidas de control, vigilancia, vacunaci\u00f3n y erradicaci\u00f3n<\/strong> que se est\u00e1n aplicando para frenar el avance de la enfermedad.<\/p>\n\n\n\n<p>Durante la jornada se ha puesto de manifiesto la <strong>preocupaci\u00f3n existente en el sector ganadero espa\u00f1ol<\/strong>, especialmente tras los <strong>focos detectados en la provincia de Gerona<\/strong> y, sobre todo, por la <strong>evoluci\u00f3n de la enfermedad en Francia<\/strong>, donde se han confirmado m\u00e1s de un centenar de brotes desde el pasado mes de junio. En los \u00faltimos d\u00edas, la situaci\u00f3n epidemiol\u00f3gica en departamentos pr\u00f3ximos a la frontera con Espa\u00f1a ha generado una fuerte tensi\u00f3n social, con <strong>movilizaciones y cortes de carreteras protagonizados por ganaderos franceses<\/strong>, que protestan contra los sacrificios obligatorios de animales y reclaman una vacunaci\u00f3n masiva como alternativa.<\/p>\n\n\n\n<p>Las <strong>autoridades francesas<\/strong> han anunciado el inicio de una <strong>campa\u00f1a de vacunaci\u00f3n de emergencia de cerca de un mill\u00f3n de bovinos en el suroeste del pa\u00eds<\/strong>, una decisi\u00f3n que, si bien es vista por el sector como una v\u00eda de esperanza para evitar el sacrificio de reba\u00f1os enteros, tambi\u00e9n evidencia la gravedad de la situaci\u00f3n y la necesidad de extremar la prevenci\u00f3n en los territorios lim\u00edtrofes.<\/p>\n\n\n\n<p>El presidente de ASAJA \u00c1vila, Joaqu\u00edn Antonio Pino, ha subrayado la <strong>importancia de la informaci\u00f3n, la formaci\u00f3n y la anticipaci\u00f3n<\/strong>, especialmente en una provincia con un peso clave del sector vacuno. El veterinario y dirigente agrario considera fundamental que los ganaderos conozcan de primera mano la evoluci\u00f3n de la DNC, los protocolos de actuaci\u00f3n y las medidas de bioseguridad, para <strong>evitar alarmismos, pero tambi\u00e9n para no bajar la guardia<\/strong>.<\/p>\n\n\n\n<p>ASAJA \u00c1vila ha reiterado su compromiso de <strong>seguir trasladando al sector informaci\u00f3n rigurosa y actualizada<\/strong>, as\u00ed como de defender ante las administraciones una gesti\u00f3n sanitaria que combine la <strong>m\u00e1xima eficacia epidemiol\u00f3gica con la protecci\u00f3n del tejido ganadero y la viabilidad de las explotaciones<\/strong>.<\/p>\n\n\n\n<p>La organizaci\u00f3n continuar\u00e1 promoviendo encuentros t\u00e9cnicos como el celebrado hoy, convencida de que la <strong>prevenci\u00f3n y el conocimiento son herramientas clave<\/strong> para afrontar los retos sanitarios presentes y futuros de la ganader\u00eda.<\/p>\n\n\n\n<figure class=\"wp-block-image size-large is-resized\"><img loading=\"lazy\" decoding=\"async\" width=\"1024\" height=\"768\" src=\"https:\/\/www.asajacyl.com\/avila\/wp-content\/uploads\/sites\/4\/2025\/12\/IMG_4011-002-1-1024x768.jpg\" alt=\"\" class=\"wp-image-6774\" style=\"width:431px;height:auto\" srcset=\"https:\/\/www.asajacyl.com\/avila\/wp-content\/uploads\/sites\/4\/2025\/12\/IMG_4011-002-1-1024x768.jpg 1024w, https:\/\/www.asajacyl.com\/avila\/wp-content\/uploads\/sites\/4\/2025\/12\/IMG_4011-002-1-300x225.jpg 300w, https:\/\/www.asajacyl.com\/avila\/wp-content\/uploads\/sites\/4\/2025\/12\/IMG_4011-002-1-768x576.jpg 768w, https:\/\/www.asajacyl.com\/avila\/wp-content\/uploads\/sites\/4\/2025\/12\/IMG_4011-002-1-1536x1152.jpg 1536w, https:\/\/www.asajacyl.com\/avila\/wp-content\/uploads\/sites\/4\/2025\/12\/IMG_4011-002-1-2048x1536.jpg 2048w, https:\/\/www.asajacyl.com\/avila\/wp-content\/uploads\/sites\/4\/2025\/12\/IMG_4011-002-1-560x420.jpg 560w, https:\/\/www.asajacyl.com\/avila\/wp-content\/uploads\/sites\/4\/2025\/12\/IMG_4011-002-1-80x60.jpg 80w, https:\/\/www.asajacyl.com\/avila\/wp-content\/uploads\/sites\/4\/2025\/12\/IMG_4011-002-1-696x522.jpg 696w, https:\/\/www.asajacyl.com\/avila\/wp-content\/uploads\/sites\/4\/2025\/12\/IMG_4011-002-1-1068x801.jpg 1068w, https:\/\/www.asajacyl.com\/avila\/wp-content\/uploads\/sites\/4\/2025\/12\/IMG_4011-002-1-1920x1440.jpg 1920w\" sizes=\"(max-width: 1024px) 100vw, 1024px\" \/><\/figure>\n","protected":false},"excerpt":{"rendered":"<p>ASAJA analiza en El Barco de \u00c1vila la situaci\u00f3n en Espa\u00f1a y la creciente presi\u00f3n en la frontera francesa, marcada por nuevos focos, vacunaciones masivas y protestas de los ganaderos galos frente a las medidas sanitarias La Asociaci\u00f3n Agraria J\u00f3venes Agricultores (ASAJA) de \u00c1vila ha celebrado hoy, 15 de diciembre, en el Espacio Cultural de [&hellip;]<\/p>\n","protected":false},"author":16,"featured_media":6772,"comment_status":"open","ping_status":"open","sticky":true,"template":"","format":"standard","meta":{"footnotes":""},"categories":[8,28],"tags":[],"yoast_head":"<!-- This site is optimized with the Yoast SEO plugin v24.5 - https:\/\/yoast.com\/wordpress\/plugins\/seo\/ -->\n<title>LA DERMATOSIS NODULAR CONTAGIOSA LLEGA AL CENTRO DEL DEBATE GANADERO EN \u00c1VILA - ASAJA \u00c1vila<\/title>\n<meta name=\"description\" content=\"ASAJA analiza en El Barco de \u00c1vila la situaci\u00f3n en Espa\u00f1a y la creciente presi\u00f3n en la frontera francesa, marcada por nuevos focos, vacunaciones masivas y\" \/>\n<meta name=\"robots\" content=\"index, follow, max-snippet:-1, max-image-preview:large, max-video-preview:-1\" \/>\n<link rel=\"canonical\" href=\"https:\/\/www.asajacyl.com\/avila\/asaja-avila-informa\/la-dermatosis-nodular-contagiosa-llega-al-centro-del-debate-ganadero-en-avila\" \/>\n<meta property=\"og:locale\" content=\"es_ES\" \/>\n<meta property=\"og:type\" content=\"article\" \/>\n<meta property=\"og:title\" content=\"LA DERMATOSIS NODULAR CONTAGIOSA LLEGA AL CENTRO DEL DEBATE GANADERO EN \u00c1VILA - ASAJA \u00c1vila\" \/>\n<meta property=\"og:description\" content=\"ASAJA analiza en El Barco de \u00c1vila la situaci\u00f3n en Espa\u00f1a y la creciente presi\u00f3n en la frontera francesa, marcada por nuevos focos, vacunaciones masivas y\" \/>\n<meta property=\"og:url\" content=\"https:\/\/www.asajacyl.com\/avila\/asaja-avila-informa\/la-dermatosis-nodular-contagiosa-llega-al-centro-del-debate-ganadero-en-avila\" \/>\n<meta property=\"og:site_name\" content=\"ASAJA \u00c1vila\" \/>\n<meta property=\"article:published_time\" content=\"2025-12-16T12:05:48+00:00\" \/>\n<meta property=\"article:modified_time\" content=\"2025-12-16T12:33:09+00:00\" \/>\n<meta property=\"og:image\" content=\"https:\/\/www.asajacyl.com\/avila\/wp-content\/uploads\/sites\/4\/2025\/12\/IMG_4011-002.jpg\" \/>\n\t<meta property=\"og:image:width\" content=\"2500\" \/>\n\t<meta property=\"og:image:height\" content=\"1875\" \/>\n\t<meta property=\"og:image:type\" content=\"image\/jpeg\" \/>\n<meta name=\"author\" content=\"comunicacion\" \/>\n<meta name=\"twitter:card\" content=\"summary_large_image\" \/>\n<meta name=\"twitter:label1\" content=\"Escrito por\" \/>\n\t<meta name=\"twitter:data1\" content=\"comunicacion\" \/>\n\t<meta name=\"twitter:label2\" content=\"Tiempo de lectura\" \/>\n\t<meta name=\"twitter:data2\" content=\"4 minutos\" \/>\n<script type=\"application\/ld+json\" class=\"yoast-schema-graph\">{\"@context\":\"https:\/\/schema.org\",\"@graph\":[{\"@type\":\"WebPage\",\"@id\":\"https:\/\/www.asajacyl.com\/avila\/asaja-avila-informa\/la-dermatosis-nodular-contagiosa-llega-al-centro-del-debate-ganadero-en-avila\",\"url\":\"https:\/\/www.asajacyl.com\/avila\/asaja-avila-informa\/la-dermatosis-nodular-contagiosa-llega-al-centro-del-debate-ganadero-en-avila\",\"name\":\"LA DERMATOSIS NODULAR CONTAGIOSA LLEGA AL CENTRO DEL DEBATE GANADERO EN \u00c1VILA - ASAJA \u00c1vila\",\"isPartOf\":{\"@id\":\"https:\/\/www.asajacyl.com\/avila\/#website\"},\"primaryImageOfPage\":{\"@id\":\"https:\/\/www.asajacyl.com\/avila\/asaja-avila-informa\/la-dermatosis-nodular-contagiosa-llega-al-centro-del-debate-ganadero-en-avila#primaryimage\"},\"image\":{\"@id\":\"https:\/\/www.asajacyl.com\/avila\/asaja-avila-informa\/la-dermatosis-nodular-contagiosa-llega-al-centro-del-debate-ganadero-en-avila#primaryimage\"},\"thumbnailUrl\":\"https:\/\/www.asajacyl.com\/avila\/wp-content\/uploads\/sites\/4\/2025\/12\/IMG_4011-002.jpg\",\"datePublished\":\"2025-12-16T12:05:48+00:00\",\"dateModified\":\"2025-12-16T12:33:09+00:00\",\"author\":{\"@id\":\"https:\/\/www.asajacyl.com\/avila\/#\/schema\/person\/51bbd29d94e00aa22d79c7b8c3c404e6\"},\"description\":\"ASAJA analiza en El Barco de \u00c1vila la situaci\u00f3n en Espa\u00f1a y la creciente presi\u00f3n en la frontera francesa, marcada por nuevos focos, vacunaciones masivas y\",\"breadcrumb\":{\"@id\":\"https:\/\/www.asajacyl.com\/avila\/asaja-avila-informa\/la-dermatosis-nodular-contagiosa-llega-al-centro-del-debate-ganadero-en-avila#breadcrumb\"},\"inLanguage\":\"es\",\"potentialAction\":[{\"@type\":\"ReadAction\",\"target\":[\"https:\/\/www.asajacyl.com\/avila\/asaja-avila-informa\/la-dermatosis-nodular-contagiosa-llega-al-centro-del-debate-ganadero-en-avila\"]}]},{\"@type\":\"ImageObject\",\"inLanguage\":\"es\",\"@id\":\"https:\/\/www.asajacyl.com\/avila\/asaja-avila-informa\/la-dermatosis-nodular-contagiosa-llega-al-centro-del-debate-ganadero-en-avila#primaryimage\",\"url\":\"https:\/\/www.asajacyl.com\/avila\/wp-content\/uploads\/sites\/4\/2025\/12\/IMG_4011-002.jpg\",\"contentUrl\":\"https:\/\/www.asajacyl.com\/avila\/wp-content\/uploads\/sites\/4\/2025\/12\/IMG_4011-002.jpg\",\"width\":2500,\"height\":1875},{\"@type\":\"BreadcrumbList\",\"@id\":\"https:\/\/www.asajacyl.com\/avila\/asaja-avila-informa\/la-dermatosis-nodular-contagiosa-llega-al-centro-del-debate-ganadero-en-avila#breadcrumb\",\"itemListElement\":[{\"@type\":\"ListItem\",\"position\":1,\"name\":\"Portada\",\"item\":\"https:\/\/www.asajacyl.com\/avila\/\"},{\"@type\":\"ListItem\",\"position\":2,\"name\":\"LA DERMATOSIS NODULAR CONTAGIOSA LLEGA AL CENTRO DEL DEBATE GANADERO EN \u00c1VILA\"}]},{\"@type\":\"WebSite\",\"@id\":\"https:\/\/www.asajacyl.com\/avila\/#website\",\"url\":\"https:\/\/www.asajacyl.com\/avila\/\",\"name\":\"ASAJA \u00c1vila\",\"description\":\"Otro sitio m\u00e1s de Provincias ASAJA Castilla y Le\u00f3n\",\"potentialAction\":[{\"@type\":\"SearchAction\",\"target\":{\"@type\":\"EntryPoint\",\"urlTemplate\":\"https:\/\/www.asajacyl.com\/avila\/?s={search_term_string}\"},\"query-input\":{\"@type\":\"PropertyValueSpecification\",\"valueRequired\":true,\"valueName\":\"search_term_string\"}}],\"inLanguage\":\"es\"},{\"@type\":\"Person\",\"@id\":\"https:\/\/www.asajacyl.com\/avila\/#\/schema\/person\/51bbd29d94e00aa22d79c7b8c3c404e6\",\"name\":\"comunicacion\",\"image\":{\"@type\":\"ImageObject\",\"inLanguage\":\"es\",\"@id\":\"https:\/\/www.asajacyl.com\/avila\/#\/schema\/person\/image\/\",\"url\":\"https:\/\/secure.gravatar.com\/avatar\/dacd6ac12f2f802c39afce565d232781?s=96&d=mm&r=g\",\"contentUrl\":\"https:\/\/secure.gravatar.com\/avatar\/dacd6ac12f2f802c39afce565d232781?s=96&d=mm&r=g\",\"caption\":\"comunicacion\"},\"url\":\"https:\/\/www.asajacyl.com\/avila\/author\/comunicacion\"}]}<\/script>\n<!-- \/ Yoast SEO plugin. -->","yoast_head_json":{"title":"LA DERMATOSIS NODULAR CONTAGIOSA LLEGA AL CENTRO DEL DEBATE GANADERO EN \u00c1VILA - ASAJA \u00c1vila","description":"ASAJA analiza en El Barco de \u00c1vila la situaci\u00f3n en Espa\u00f1a y la creciente presi\u00f3n en la frontera francesa, marcada por nuevos focos, vacunaciones masivas y","robots":{"index":"index","follow":"follow","max-snippet":"max-snippet:-1","max-image-preview":"max-image-preview:large","max-video-preview":"max-video-preview:-1"},"canonical":"https:\/\/www.asajacyl.com\/avila\/asaja-avila-informa\/la-dermatosis-nodular-contagiosa-llega-al-centro-del-debate-ganadero-en-avila","og_locale":"es_ES","og_type":"article","og_title":"LA DERMATOSIS NODULAR CONTAGIOSA LLEGA AL CENTRO DEL DEBATE GANADERO EN \u00c1VILA - ASAJA \u00c1vila","og_description":"ASAJA analiza en El Barco de \u00c1vila la situaci\u00f3n en Espa\u00f1a y la creciente presi\u00f3n en la frontera francesa, marcada por nuevos focos, vacunaciones masivas y","og_url":"https:\/\/www.asajacyl.com\/avila\/asaja-avila-informa\/la-dermatosis-nodular-contagiosa-llega-al-centro-del-debate-ganadero-en-avila","og_site_name":"ASAJA \u00c1vila","article_published_time":"2025-12-16T12:05:48+00:00","article_modified_time":"2025-12-16T12:33:09+00:00","og_image":[{"width":2500,"height":1875,"url":"https:\/\/www.asajacyl.com\/avila\/wp-content\/uploads\/sites\/4\/2025\/12\/IMG_4011-002.jpg","type":"image\/jpeg"}],"author":"comunicacion","twitter_card":"summary_large_image","twitter_misc":{"Escrito por":"comunicacion","Tiempo de lectura":"4 minutos"},"schema":{"@context":"https:\/\/schema.org","@graph":[{"@type":"WebPage","@id":"https:\/\/www.asajacyl.com\/avila\/asaja-avila-informa\/la-dermatosis-nodular-contagiosa-llega-al-centro-del-debate-ganadero-en-avila","url":"https:\/\/www.asajacyl.com\/avila\/asaja-avila-informa\/la-dermatosis-nodular-contagiosa-llega-al-centro-del-debate-ganadero-en-avila","name":"LA DERMATOSIS NODULAR CONTAGIOSA LLEGA AL CENTRO DEL DEBATE GANADERO EN \u00c1VILA - ASAJA \u00c1vila","isPartOf":{"@id":"https:\/\/www.asajacyl.com\/avila\/#website"},"primaryImageOfPage":{"@id":"https:\/\/www.asajacyl.com\/avila\/asaja-avila-informa\/la-dermatosis-nodular-contagiosa-llega-al-centro-del-debate-ganadero-en-avila#primaryimage"},"image":{"@id":"https:\/\/www.asajacyl.com\/avila\/asaja-avila-informa\/la-dermatosis-nodular-contagiosa-llega-al-centro-del-debate-ganadero-en-avila#primaryimage"},"thumbnailUrl":"https:\/\/www.asajacyl.com\/avila\/wp-content\/uploads\/sites\/4\/2025\/12\/IMG_4011-002.jpg","datePublished":"2025-12-16T12:05:48+00:00","dateModified":"2025-12-16T12:33:09+00:00","author":{"@id":"https:\/\/www.asajacyl.com\/avila\/#\/schema\/person\/51bbd29d94e00aa22d79c7b8c3c404e6"},"description":"ASAJA analiza en El Barco de \u00c1vila la situaci\u00f3n en Espa\u00f1a y la creciente presi\u00f3n en la frontera francesa, marcada por nuevos focos, vacunaciones masivas y","breadcrumb":{"@id":"https:\/\/www.asajacyl.com\/avila\/asaja-avila-informa\/la-dermatosis-nodular-contagiosa-llega-al-centro-del-debate-ganadero-en-avila#breadcrumb"},"inLanguage":"es","potentialAction":[{"@type":"ReadAction","target":["https:\/\/www.asajacyl.com\/avila\/asaja-avila-informa\/la-dermatosis-nodular-contagiosa-llega-al-centro-del-debate-ganadero-en-avila"]}]},{"@type":"ImageObject","inLanguage":"es","@id":"https:\/\/www.asajacyl.com\/avila\/asaja-avila-informa\/la-dermatosis-nodular-contagiosa-llega-al-centro-del-debate-ganadero-en-avila#primaryimage","url":"https:\/\/www.asajacyl.com\/avila\/wp-content\/uploads\/sites\/4\/2025\/12\/IMG_4011-002.jpg","contentUrl":"https:\/\/www.asajacyl.com\/avila\/wp-content\/uploads\/sites\/4\/2025\/12\/IMG_4011-002.jpg","width":2500,"height":1875},{"@type":"BreadcrumbList","@id":"https:\/\/www.asajacyl.com\/avila\/asaja-avila-informa\/la-dermatosis-nodular-contagiosa-llega-al-centro-del-debate-ganadero-en-avila#breadcrumb","itemListElement":[{"@type":"ListItem","position":1,"name":"Portada","item":"https:\/\/www.asajacyl.com\/avila\/"},{"@type":"ListItem","position":2,"name":"LA DERMATOSIS NODULAR CONTAGIOSA LLEGA AL CENTRO DEL DEBATE GANADERO EN \u00c1VILA"}]},{"@type":"WebSite","@id":"https:\/\/www.asajacyl.com\/avila\/#website","url":"https:\/\/www.asajacyl.com\/avila\/","name":"ASAJA \u00c1vila","description":"Otro sitio m\u00e1s de Provincias ASAJA Castilla y Le\u00f3n","potentialAction":[{"@type":"SearchAction","target":{"@type":"EntryPoint","urlTemplate":"https:\/\/www.asajacyl.com\/avila\/?s={search_term_string}"},"query-input":{"@type":"PropertyValueSpecification","valueRequired":true,"valueName":"search_term_string"}}],"inLanguage":"es"},{"@type":"Person","@id":"https:\/\/www.asajacyl.com\/avila\/#\/schema\/person\/51bbd29d94e00aa22d79c7b8c3c404e6","name":"comunicacion","image":{"@type":"ImageObject","inLanguage":"es","@id":"https:\/\/www.asajacyl.com\/avila\/#\/schema\/person\/image\/","url":"https:\/\/secure.gravatar.com\/avatar\/dacd6ac12f2f802c39afce565d232781?s=96&d=mm&r=g","contentUrl":"https:\/\/secure.gravatar.com\/avatar\/dacd6ac12f2f802c39afce565d232781?s=96&d=mm&r=g","caption":"comunicacion"},"url":"https:\/\/www.asajacyl.com\/avila\/author\/comunicacion"}]}},"_links":{"self":[{"href":"https:\/\/www.asajacyl.com\/avila\/wp-json\/wp\/v2\/posts\/6771"}],"collection":[{"href":"https:\/\/www.asajacyl.com\/avila\/wp-json\/wp\/v2\/posts"}],"about":[{"href":"https:\/\/www.asajacyl.com\/avila\/wp-json\/wp\/v2\/types\/post"}],"author":[{"embeddable":true,"href":"https:\/\/www.asajacyl.com\/avila\/wp-json\/wp\/v2\/users\/16"}],"replies":[{"embeddable":true,"href":"https:\/\/www.asajacyl.com\/avila\/wp-json\/wp\/v2\/comments?post=6771"}],"version-history":[{"count":3,"href":"https:\/\/www.asajacyl.com\/avila\/wp-json\/wp\/v2\/posts\/6771\/revisions"}],"predecessor-version":[{"id":6777,"href":"https:\/\/www.asajacyl.com\/avila\/wp-json\/wp\/v2\/posts\/6771\/revisions\/6777"}],"wp:featuredmedia":[{"embeddable":true,"href":"https:\/\/www.asajacyl.com\/avila\/wp-json\/wp\/v2\/media\/6772"}],"wp:attachment":[{"href":"https:\/\/www.asajacyl.com\/avila\/wp-json\/wp\/v2\/media?parent=6771"}],"wp:term":[{"taxonomy":"category","embeddable":true,"href":"https:\/\/www.asajacyl.com\/avila\/wp-json\/wp\/v2\/categories?post=6771"},{"taxonomy":"post_tag","embeddable":true,"href":"https:\/\/www.asajacyl.com\/avila\/wp-json\/wp\/v2\/tags?post=6771"}],"curies":[{"name":"wp","href":"https:\/\/api.w.org\/{rel}","templated":true}]}}