{"id":6788,"date":"2025-12-29T13:05:08","date_gmt":"2025-12-29T12:05:08","guid":{"rendered":"https:\/\/www.asajacyl.com\/avila\/?p=6788"},"modified":"2025-12-29T13:49:11","modified_gmt":"2025-12-29T12:49:11","slug":"asaja-reclama-una-gestion-unificada-de-agricultura-y-medio-ambiente-para-frenar-el-deterioro-del-campo-y-la-despoblacion-rural","status":"publish","type":"post","link":"https:\/\/www.asajacyl.com\/avila\/asaja-avila-informa\/asaja-reclama-una-gestion-unificada-de-agricultura-y-medio-ambiente-para-frenar-el-deterioro-del-campo-y-la-despoblacion-rural","title":{"rendered":"ASAJA reclama una gesti\u00f3n unificada de Agricultura y Medio Ambiente para frenar el deterioro del campo y la despoblaci\u00f3n rural"},"content":{"rendered":"\n<p><em>Pol\u00edticas dictadas desde los despachos, de espaldas al campo, y una gesti\u00f3n ambiental desconectada del territorio comprometen la continuidad de nuestros pueblos<\/em><\/p>\n\n\n\n<p>Las organizaciones provinciales de ASAJA en \u00c1vila y Valladolid reclaman con firmeza una reorganizaci\u00f3n urgente de la gesti\u00f3n p\u00fablica de las pol\u00edticas ambientales para que vuelvan a integrarse en la misma cartera ministerial o consejer\u00eda que la agricultura y la ganader\u00eda. No se trata de una reivindicaci\u00f3n nueva ni caprichosa. Espa\u00f1a ya cont\u00f3 con un Ministerio de Agricultura y Pesca, Alimentaci\u00f3n y Medio Ambiente, y Castilla y Le\u00f3n tuvo en los inicios del Estado auton\u00f3mico una Consejer\u00eda de Agricultura, Ganader\u00eda y Montes. Aquella estructura respond\u00eda a una realidad incuestionable: el territorio, el medio ambiente y la producci\u00f3n agraria y forestal forman un todo inseparable.<\/p>\n\n\n\n<p>Hoy, sin embargo, las pol\u00edticas ambientales se han convertido en la aut\u00e9ntica espada de Damocles del campo espa\u00f1ol y, muy especialmente, del campo castellano y leon\u00e9s. Decisiones adoptadas desde el desconocimiento del medio rural, alejadas del d\u00eda a d\u00eda de agricultores y ganaderos, est\u00e1n poniendo en grave riesgo la viabilidad de miles de explotaciones y el futuro de nuestros pueblos.<\/p>\n\n\n\n<p>La gesti\u00f3n de la fauna salvaje es uno de los ejemplos m\u00e1s claros de este fracaso. Los ataques del lobo a la ganader\u00eda extensiva se multiplican sin que existan herramientas eficaces de control. La expansi\u00f3n descontrolada del jabal\u00ed que act\u00faa como reservorio y transmisor de enfermedades grav\u00edsimas para la caba\u00f1a ganadera, como la tuberculosis -una zoonosis que tambi\u00e9n afecta a la salud p\u00fablica- o la peste porcina africana, con consecuencias econ\u00f3micas devastadoras para el sector porcino. A ello se suman las aves migratorias como vectores de la influenza aviar, otra amenaza de primer orden. Mientras tanto, los da\u00f1os provocados por los conejos arrasan cultivos y vi\u00f1edos ante la impotencia de los agricultores y la pasividad de las administraciones. <\/p>\n\n\n\n<p>A esta situaci\u00f3n se a\u00f1ade el impedimento sistem\u00e1tico y las trabas al desarrollo de explotaciones y naves ganaderas, las cuestiones del agua y la demonizaci\u00f3n del regad\u00edo -cuando es una herramienta clave para fijar poblaci\u00f3n y garantizar la producci\u00f3n de alimentos-, las restricciones cada vez m\u00e1s asfixiantes en materia de fertilizaci\u00f3n o el veto al uso de medios eficaces de defensa frente a plagas junto a la imposibilidad de las quemas controladas. Todo ello se ampara bajo una interpretaci\u00f3n ideol\u00f3gica y dogm\u00e1tica de la Agenda 2030 que, lejos de aportar soluciones, est\u00e1 hundiendo al sector agrario espa\u00f1ol y expulsando actividad y poblaci\u00f3n del medio rural.<\/p>\n\n\n\n<p>La dram\u00e1tica sucesi\u00f3n de grandes incendios forestales que se repiten en Espa\u00f1a cada verano es la prueba m\u00e1s evidente de unas pol\u00edticas ambientales fallidas. No se trata de cat\u00e1strofes naturales inevitables, sino de las consecuencias directas del abandono del medio rural y de una gesti\u00f3n que ha dado la espalda a agricultores y ganaderos. Los grandes incendios se alimentan de montes sin gestionar, pastos sin ganado y de una administraci\u00f3n que proh\u00edbe, limita y sanciona a quienes hist\u00f3ricamente han cuidado el campo.<\/p>\n\n\n\n<p>Las actuales pol\u00edticas de prevenci\u00f3n de incendios han demostrado su ineficacia. Lejos de proteger el medio ambiente, se vuelven contra \u00e9l. Se criminaliza la ganader\u00eda extensiva, se bloquean limpiezas, desbroces y aprovechamientos forestales, se mantienen acotamientos de pastos durante a\u00f1os y se somete al sector a una burocracia asfixiante que impide actuar con rapidez y sentido com\u00fan. El resultado es un territorio cada vez m\u00e1s expuesto al fuego, que evidencia que expulsar al agricultor y al ganadero del territorio no protege el medio ambiente, sino que lo hace m\u00e1s vulnerable. Cada incendio es un golpe directo al coraz\u00f3n del medio rural.<\/p>\n\n\n\n<p>Desde ASAJA \u00c1vila y Valladolid denuncian que no puede existir sostenibilidad ambiental sin sostenibilidad econ\u00f3mica y social, y recuerdan que el abandono del campo est\u00e1 directamente ligado a la despoblaci\u00f3n rural. Separar Medio Ambiente de Agricultura y Ganader\u00eda ha demostrado ser un error que se paga con explotaciones cerradas, pueblos vac\u00edos y alimentos producidos fuera de nuestras fronteras con est\u00e1ndares mucho m\u00e1s laxos.<\/p>\n\n\n\n<p>Por todo ello, exigen que las pol\u00edticas ambientales vuelvan a gestionarse desde una misma cartera que la agricultura y la ganader\u00eda, tanto a nivel estatal como auton\u00f3mico. Solo con una visi\u00f3n integral, t\u00e9cnica y realista se podr\u00e1 equilibrar la protecci\u00f3n del medio natural con la supervivencia de quienes lo trabajan y lo cuidan cada d\u00eda: los agricultores y ganaderos.<\/p>\n\n\n\n<p>El campo no es el enemigo del medio ambiente, es su principal aliado. Pero para que siga si\u00e9ndolo, es imprescindible abandonar la ideolog\u00eda, recuperar el sentido com\u00fan y la coherencia pol\u00edtica, y una administraci\u00f3n que escuche de una vez a agricultores y ganaderos antes de que sea demasiado tarde.<\/p>\n\n\n\n<p><\/p>\n\n\n\n<div class=\"wp-block-group\"><div class=\"wp-block-group__inner-container is-layout-constrained wp-block-group-is-layout-constrained\">\n<div class=\"wp-block-group\"><div class=\"wp-block-group__inner-container is-layout-constrained wp-block-group-is-layout-constrained\">\n<div class=\"wp-block-group\"><div class=\"wp-block-group__inner-container is-layout-constrained wp-block-group-is-layout-constrained\">\n<figure class=\"wp-block-image size-large is-resized\"><img loading=\"lazy\" decoding=\"async\" width=\"1024\" height=\"768\" src=\"https:\/\/www.asajacyl.com\/avila\/wp-content\/uploads\/sites\/4\/2025\/12\/WhatsApp-Image-2025-12-29-at-13.48.29-1024x768.jpeg\" alt=\"\" class=\"wp-image-6799\" style=\"width:312px;height:auto\" srcset=\"https:\/\/www.asajacyl.com\/avila\/wp-content\/uploads\/sites\/4\/2025\/12\/WhatsApp-Image-2025-12-29-at-13.48.29-1024x768.jpeg 1024w, https:\/\/www.asajacyl.com\/avila\/wp-content\/uploads\/sites\/4\/2025\/12\/WhatsApp-Image-2025-12-29-at-13.48.29-300x225.jpeg 300w, https:\/\/www.asajacyl.com\/avila\/wp-content\/uploads\/sites\/4\/2025\/12\/WhatsApp-Image-2025-12-29-at-13.48.29-768x576.jpeg 768w, https:\/\/www.asajacyl.com\/avila\/wp-content\/uploads\/sites\/4\/2025\/12\/WhatsApp-Image-2025-12-29-at-13.48.29-1536x1152.jpeg 1536w, https:\/\/www.asajacyl.com\/avila\/wp-content\/uploads\/sites\/4\/2025\/12\/WhatsApp-Image-2025-12-29-at-13.48.29-560x420.jpeg 560w, https:\/\/www.asajacyl.com\/avila\/wp-content\/uploads\/sites\/4\/2025\/12\/WhatsApp-Image-2025-12-29-at-13.48.29-80x60.jpeg 80w, https:\/\/www.asajacyl.com\/avila\/wp-content\/uploads\/sites\/4\/2025\/12\/WhatsApp-Image-2025-12-29-at-13.48.29-696x522.jpeg 696w, https:\/\/www.asajacyl.com\/avila\/wp-content\/uploads\/sites\/4\/2025\/12\/WhatsApp-Image-2025-12-29-at-13.48.29-1068x801.jpeg 1068w, https:\/\/www.asajacyl.com\/avila\/wp-content\/uploads\/sites\/4\/2025\/12\/WhatsApp-Image-2025-12-29-at-13.48.29.jpeg 1600w\" sizes=\"(max-width: 1024px) 100vw, 1024px\" \/><\/figure>\n<\/div><\/div>\n<\/div><\/div>\n<\/div><\/div>\n\n\n\n<figure class=\"wp-block-image size-large is-resized\"><img loading=\"lazy\" decoding=\"async\" width=\"1024\" height=\"768\" src=\"https:\/\/www.asajacyl.com\/avila\/wp-content\/uploads\/sites\/4\/2025\/12\/WhatsApp-Image-2025-12-29-at-11.57.27-1-3-1024x768.jpeg\" alt=\"\" class=\"wp-image-6795\" style=\"width:309px;height:auto\" srcset=\"https:\/\/www.asajacyl.com\/avila\/wp-content\/uploads\/sites\/4\/2025\/12\/WhatsApp-Image-2025-12-29-at-11.57.27-1-3-1024x768.jpeg 1024w, https:\/\/www.asajacyl.com\/avila\/wp-content\/uploads\/sites\/4\/2025\/12\/WhatsApp-Image-2025-12-29-at-11.57.27-1-3-300x225.jpeg 300w, https:\/\/www.asajacyl.com\/avila\/wp-content\/uploads\/sites\/4\/2025\/12\/WhatsApp-Image-2025-12-29-at-11.57.27-1-3-768x576.jpeg 768w, https:\/\/www.asajacyl.com\/avila\/wp-content\/uploads\/sites\/4\/2025\/12\/WhatsApp-Image-2025-12-29-at-11.57.27-1-3-1536x1152.jpeg 1536w, https:\/\/www.asajacyl.com\/avila\/wp-content\/uploads\/sites\/4\/2025\/12\/WhatsApp-Image-2025-12-29-at-11.57.27-1-3-560x420.jpeg 560w, https:\/\/www.asajacyl.com\/avila\/wp-content\/uploads\/sites\/4\/2025\/12\/WhatsApp-Image-2025-12-29-at-11.57.27-1-3-80x60.jpeg 80w, https:\/\/www.asajacyl.com\/avila\/wp-content\/uploads\/sites\/4\/2025\/12\/WhatsApp-Image-2025-12-29-at-11.57.27-1-3-696x522.jpeg 696w, https:\/\/www.asajacyl.com\/avila\/wp-content\/uploads\/sites\/4\/2025\/12\/WhatsApp-Image-2025-12-29-at-11.57.27-1-3-1068x801.jpeg 1068w, https:\/\/www.asajacyl.com\/avila\/wp-content\/uploads\/sites\/4\/2025\/12\/WhatsApp-Image-2025-12-29-at-11.57.27-1-3.jpeg 1600w\" sizes=\"(max-width: 1024px) 100vw, 1024px\" \/><\/figure>\n","protected":false},"excerpt":{"rendered":"<p>Pol\u00edticas dictadas desde los despachos, de espaldas al campo, y una gesti\u00f3n ambiental desconectada del territorio comprometen la continuidad de nuestros pueblos Las organizaciones provinciales de ASAJA en \u00c1vila y Valladolid reclaman con firmeza una reorganizaci\u00f3n urgente de la gesti\u00f3n p\u00fablica de las pol\u00edticas ambientales para que vuelvan a integrarse en la misma cartera ministerial [&hellip;]<\/p>\n","protected":false},"author":16,"featured_media":6790,"comment_status":"open","ping_status":"open","sticky":false,"template":"","format":"standard","meta":{"footnotes":""},"categories":[8,28],"tags":[53,54,55],"yoast_head":"<!-- This site is optimized with the Yoast SEO plugin v24.5 - https:\/\/yoast.com\/wordpress\/plugins\/seo\/ -->\n<title>ASAJA reclama una gesti\u00f3n unificada de Agricultura y Medio Ambiente para frenar el deterioro del campo y la despoblaci\u00f3n rural - ASAJA \u00c1vila<\/title>\n<meta name=\"description\" content=\"Pol\u00edticas dictadas desde los despachos, de espaldas al campo, y una gesti\u00f3n ambiental desconectada del territorio comprometen la continuidad de nuestros\" \/>\n<meta name=\"robots\" content=\"index, follow, max-snippet:-1, max-image-preview:large, max-video-preview:-1\" \/>\n<link rel=\"canonical\" href=\"https:\/\/www.asajacyl.com\/avila\/asaja-avila-informa\/asaja-reclama-una-gestion-unificada-de-agricultura-y-medio-ambiente-para-frenar-el-deterioro-del-campo-y-la-despoblacion-rural\" \/>\n<meta property=\"og:locale\" content=\"es_ES\" \/>\n<meta property=\"og:type\" content=\"article\" \/>\n<meta property=\"og:title\" content=\"ASAJA reclama una gesti\u00f3n unificada de Agricultura y Medio Ambiente para frenar el deterioro del campo y la despoblaci\u00f3n rural - ASAJA \u00c1vila\" \/>\n<meta property=\"og:description\" content=\"Pol\u00edticas dictadas desde los despachos, de espaldas al campo, y una gesti\u00f3n ambiental desconectada del territorio comprometen la continuidad de nuestros\" \/>\n<meta property=\"og:url\" content=\"https:\/\/www.asajacyl.com\/avila\/asaja-avila-informa\/asaja-reclama-una-gestion-unificada-de-agricultura-y-medio-ambiente-para-frenar-el-deterioro-del-campo-y-la-despoblacion-rural\" \/>\n<meta property=\"og:site_name\" content=\"ASAJA \u00c1vila\" \/>\n<meta property=\"article:published_time\" content=\"2025-12-29T12:05:08+00:00\" \/>\n<meta property=\"article:modified_time\" content=\"2025-12-29T12:49:11+00:00\" \/>\n<meta property=\"og:image\" content=\"https:\/\/www.asajacyl.com\/avila\/wp-content\/uploads\/sites\/4\/2025\/12\/WhatsApp-Image-2025-12-29-at-11.57.27.jpeg\" \/>\n\t<meta property=\"og:image:width\" content=\"1600\" \/>\n\t<meta property=\"og:image:height\" content=\"1200\" \/>\n\t<meta property=\"og:image:type\" content=\"image\/jpeg\" \/>\n<meta name=\"author\" content=\"comunicacion\" \/>\n<meta name=\"twitter:card\" content=\"summary_large_image\" \/>\n<meta name=\"twitter:label1\" content=\"Escrito por\" \/>\n\t<meta name=\"twitter:data1\" content=\"comunicacion\" \/>\n\t<meta name=\"twitter:label2\" content=\"Tiempo de lectura\" \/>\n\t<meta name=\"twitter:data2\" content=\"5 minutos\" \/>\n<script type=\"application\/ld+json\" class=\"yoast-schema-graph\">{\"@context\":\"https:\/\/schema.org\",\"@graph\":[{\"@type\":\"WebPage\",\"@id\":\"https:\/\/www.asajacyl.com\/avila\/asaja-avila-informa\/asaja-reclama-una-gestion-unificada-de-agricultura-y-medio-ambiente-para-frenar-el-deterioro-del-campo-y-la-despoblacion-rural\",\"url\":\"https:\/\/www.asajacyl.com\/avila\/asaja-avila-informa\/asaja-reclama-una-gestion-unificada-de-agricultura-y-medio-ambiente-para-frenar-el-deterioro-del-campo-y-la-despoblacion-rural\",\"name\":\"ASAJA reclama una gesti\u00f3n unificada de Agricultura y Medio Ambiente para frenar el deterioro del campo y la despoblaci\u00f3n rural - ASAJA \u00c1vila\",\"isPartOf\":{\"@id\":\"https:\/\/www.asajacyl.com\/avila\/#website\"},\"primaryImageOfPage\":{\"@id\":\"https:\/\/www.asajacyl.com\/avila\/asaja-avila-informa\/asaja-reclama-una-gestion-unificada-de-agricultura-y-medio-ambiente-para-frenar-el-deterioro-del-campo-y-la-despoblacion-rural#primaryimage\"},\"image\":{\"@id\":\"https:\/\/www.asajacyl.com\/avila\/asaja-avila-informa\/asaja-reclama-una-gestion-unificada-de-agricultura-y-medio-ambiente-para-frenar-el-deterioro-del-campo-y-la-despoblacion-rural#primaryimage\"},\"thumbnailUrl\":\"https:\/\/www.asajacyl.com\/avila\/wp-content\/uploads\/sites\/4\/2025\/12\/WhatsApp-Image-2025-12-29-at-11.57.27.jpeg\",\"datePublished\":\"2025-12-29T12:05:08+00:00\",\"dateModified\":\"2025-12-29T12:49:11+00:00\",\"author\":{\"@id\":\"https:\/\/www.asajacyl.com\/avila\/#\/schema\/person\/51bbd29d94e00aa22d79c7b8c3c404e6\"},\"description\":\"Pol\u00edticas dictadas desde los despachos, de espaldas al campo, y una gesti\u00f3n ambiental desconectada del territorio comprometen la continuidad de nuestros\",\"breadcrumb\":{\"@id\":\"https:\/\/www.asajacyl.com\/avila\/asaja-avila-informa\/asaja-reclama-una-gestion-unificada-de-agricultura-y-medio-ambiente-para-frenar-el-deterioro-del-campo-y-la-despoblacion-rural#breadcrumb\"},\"inLanguage\":\"es\",\"potentialAction\":[{\"@type\":\"ReadAction\",\"target\":[\"https:\/\/www.asajacyl.com\/avila\/asaja-avila-informa\/asaja-reclama-una-gestion-unificada-de-agricultura-y-medio-ambiente-para-frenar-el-deterioro-del-campo-y-la-despoblacion-rural\"]}]},{\"@type\":\"ImageObject\",\"inLanguage\":\"es\",\"@id\":\"https:\/\/www.asajacyl.com\/avila\/asaja-avila-informa\/asaja-reclama-una-gestion-unificada-de-agricultura-y-medio-ambiente-para-frenar-el-deterioro-del-campo-y-la-despoblacion-rural#primaryimage\",\"url\":\"https:\/\/www.asajacyl.com\/avila\/wp-content\/uploads\/sites\/4\/2025\/12\/WhatsApp-Image-2025-12-29-at-11.57.27.jpeg\",\"contentUrl\":\"https:\/\/www.asajacyl.com\/avila\/wp-content\/uploads\/sites\/4\/2025\/12\/WhatsApp-Image-2025-12-29-at-11.57.27.jpeg\",\"width\":1600,\"height\":1200},{\"@type\":\"BreadcrumbList\",\"@id\":\"https:\/\/www.asajacyl.com\/avila\/asaja-avila-informa\/asaja-reclama-una-gestion-unificada-de-agricultura-y-medio-ambiente-para-frenar-el-deterioro-del-campo-y-la-despoblacion-rural#breadcrumb\",\"itemListElement\":[{\"@type\":\"ListItem\",\"position\":1,\"name\":\"Portada\",\"item\":\"https:\/\/www.asajacyl.com\/avila\/\"},{\"@type\":\"ListItem\",\"position\":2,\"name\":\"ASAJA reclama una gesti\u00f3n unificada de Agricultura y Medio Ambiente para frenar el deterioro del campo y la despoblaci\u00f3n rural\"}]},{\"@type\":\"WebSite\",\"@id\":\"https:\/\/www.asajacyl.com\/avila\/#website\",\"url\":\"https:\/\/www.asajacyl.com\/avila\/\",\"name\":\"ASAJA \u00c1vila\",\"description\":\"Otro sitio m\u00e1s de Provincias ASAJA Castilla y Le\u00f3n\",\"potentialAction\":[{\"@type\":\"SearchAction\",\"target\":{\"@type\":\"EntryPoint\",\"urlTemplate\":\"https:\/\/www.asajacyl.com\/avila\/?s={search_term_string}\"},\"query-input\":{\"@type\":\"PropertyValueSpecification\",\"valueRequired\":true,\"valueName\":\"search_term_string\"}}],\"inLanguage\":\"es\"},{\"@type\":\"Person\",\"@id\":\"https:\/\/www.asajacyl.com\/avila\/#\/schema\/person\/51bbd29d94e00aa22d79c7b8c3c404e6\",\"name\":\"comunicacion\",\"image\":{\"@type\":\"ImageObject\",\"inLanguage\":\"es\",\"@id\":\"https:\/\/www.asajacyl.com\/avila\/#\/schema\/person\/image\/\",\"url\":\"https:\/\/secure.gravatar.com\/avatar\/dacd6ac12f2f802c39afce565d232781?s=96&d=mm&r=g\",\"contentUrl\":\"https:\/\/secure.gravatar.com\/avatar\/dacd6ac12f2f802c39afce565d232781?s=96&d=mm&r=g\",\"caption\":\"comunicacion\"},\"url\":\"https:\/\/www.asajacyl.com\/avila\/author\/comunicacion\"}]}<\/script>\n<!-- \/ Yoast SEO plugin. -->","yoast_head_json":{"title":"ASAJA reclama una gesti\u00f3n unificada de Agricultura y Medio Ambiente para frenar el deterioro del campo y la despoblaci\u00f3n rural - ASAJA \u00c1vila","description":"Pol\u00edticas dictadas desde los despachos, de espaldas al campo, y una gesti\u00f3n ambiental desconectada del territorio comprometen la continuidad de nuestros","robots":{"index":"index","follow":"follow","max-snippet":"max-snippet:-1","max-image-preview":"max-image-preview:large","max-video-preview":"max-video-preview:-1"},"canonical":"https:\/\/www.asajacyl.com\/avila\/asaja-avila-informa\/asaja-reclama-una-gestion-unificada-de-agricultura-y-medio-ambiente-para-frenar-el-deterioro-del-campo-y-la-despoblacion-rural","og_locale":"es_ES","og_type":"article","og_title":"ASAJA reclama una gesti\u00f3n unificada de Agricultura y Medio Ambiente para frenar el deterioro del campo y la despoblaci\u00f3n rural - ASAJA \u00c1vila","og_description":"Pol\u00edticas dictadas desde los despachos, de espaldas al campo, y una gesti\u00f3n ambiental desconectada del territorio comprometen la continuidad de nuestros","og_url":"https:\/\/www.asajacyl.com\/avila\/asaja-avila-informa\/asaja-reclama-una-gestion-unificada-de-agricultura-y-medio-ambiente-para-frenar-el-deterioro-del-campo-y-la-despoblacion-rural","og_site_name":"ASAJA \u00c1vila","article_published_time":"2025-12-29T12:05:08+00:00","article_modified_time":"2025-12-29T12:49:11+00:00","og_image":[{"width":1600,"height":1200,"url":"https:\/\/www.asajacyl.com\/avila\/wp-content\/uploads\/sites\/4\/2025\/12\/WhatsApp-Image-2025-12-29-at-11.57.27.jpeg","type":"image\/jpeg"}],"author":"comunicacion","twitter_card":"summary_large_image","twitter_misc":{"Escrito por":"comunicacion","Tiempo de lectura":"5 minutos"},"schema":{"@context":"https:\/\/schema.org","@graph":[{"@type":"WebPage","@id":"https:\/\/www.asajacyl.com\/avila\/asaja-avila-informa\/asaja-reclama-una-gestion-unificada-de-agricultura-y-medio-ambiente-para-frenar-el-deterioro-del-campo-y-la-despoblacion-rural","url":"https:\/\/www.asajacyl.com\/avila\/asaja-avila-informa\/asaja-reclama-una-gestion-unificada-de-agricultura-y-medio-ambiente-para-frenar-el-deterioro-del-campo-y-la-despoblacion-rural","name":"ASAJA reclama una gesti\u00f3n unificada de Agricultura y Medio Ambiente para frenar el deterioro del campo y la despoblaci\u00f3n rural - ASAJA \u00c1vila","isPartOf":{"@id":"https:\/\/www.asajacyl.com\/avila\/#website"},"primaryImageOfPage":{"@id":"https:\/\/www.asajacyl.com\/avila\/asaja-avila-informa\/asaja-reclama-una-gestion-unificada-de-agricultura-y-medio-ambiente-para-frenar-el-deterioro-del-campo-y-la-despoblacion-rural#primaryimage"},"image":{"@id":"https:\/\/www.asajacyl.com\/avila\/asaja-avila-informa\/asaja-reclama-una-gestion-unificada-de-agricultura-y-medio-ambiente-para-frenar-el-deterioro-del-campo-y-la-despoblacion-rural#primaryimage"},"thumbnailUrl":"https:\/\/www.asajacyl.com\/avila\/wp-content\/uploads\/sites\/4\/2025\/12\/WhatsApp-Image-2025-12-29-at-11.57.27.jpeg","datePublished":"2025-12-29T12:05:08+00:00","dateModified":"2025-12-29T12:49:11+00:00","author":{"@id":"https:\/\/www.asajacyl.com\/avila\/#\/schema\/person\/51bbd29d94e00aa22d79c7b8c3c404e6"},"description":"Pol\u00edticas dictadas desde los despachos, de espaldas al campo, y una gesti\u00f3n ambiental desconectada del territorio comprometen la continuidad de nuestros","breadcrumb":{"@id":"https:\/\/www.asajacyl.com\/avila\/asaja-avila-informa\/asaja-reclama-una-gestion-unificada-de-agricultura-y-medio-ambiente-para-frenar-el-deterioro-del-campo-y-la-despoblacion-rural#breadcrumb"},"inLanguage":"es","potentialAction":[{"@type":"ReadAction","target":["https:\/\/www.asajacyl.com\/avila\/asaja-avila-informa\/asaja-reclama-una-gestion-unificada-de-agricultura-y-medio-ambiente-para-frenar-el-deterioro-del-campo-y-la-despoblacion-rural"]}]},{"@type":"ImageObject","inLanguage":"es","@id":"https:\/\/www.asajacyl.com\/avila\/asaja-avila-informa\/asaja-reclama-una-gestion-unificada-de-agricultura-y-medio-ambiente-para-frenar-el-deterioro-del-campo-y-la-despoblacion-rural#primaryimage","url":"https:\/\/www.asajacyl.com\/avila\/wp-content\/uploads\/sites\/4\/2025\/12\/WhatsApp-Image-2025-12-29-at-11.57.27.jpeg","contentUrl":"https:\/\/www.asajacyl.com\/avila\/wp-content\/uploads\/sites\/4\/2025\/12\/WhatsApp-Image-2025-12-29-at-11.57.27.jpeg","width":1600,"height":1200},{"@type":"BreadcrumbList","@id":"https:\/\/www.asajacyl.com\/avila\/asaja-avila-informa\/asaja-reclama-una-gestion-unificada-de-agricultura-y-medio-ambiente-para-frenar-el-deterioro-del-campo-y-la-despoblacion-rural#breadcrumb","itemListElement":[{"@type":"ListItem","position":1,"name":"Portada","item":"https:\/\/www.asajacyl.com\/avila\/"},{"@type":"ListItem","position":2,"name":"ASAJA reclama una gesti\u00f3n unificada de Agricultura y Medio Ambiente para frenar el deterioro del campo y la despoblaci\u00f3n rural"}]},{"@type":"WebSite","@id":"https:\/\/www.asajacyl.com\/avila\/#website","url":"https:\/\/www.asajacyl.com\/avila\/","name":"ASAJA \u00c1vila","description":"Otro sitio m\u00e1s de Provincias ASAJA Castilla y Le\u00f3n","potentialAction":[{"@type":"SearchAction","target":{"@type":"EntryPoint","urlTemplate":"https:\/\/www.asajacyl.com\/avila\/?s={search_term_string}"},"query-input":{"@type":"PropertyValueSpecification","valueRequired":true,"valueName":"search_term_string"}}],"inLanguage":"es"},{"@type":"Person","@id":"https:\/\/www.asajacyl.com\/avila\/#\/schema\/person\/51bbd29d94e00aa22d79c7b8c3c404e6","name":"comunicacion","image":{"@type":"ImageObject","inLanguage":"es","@id":"https:\/\/www.asajacyl.com\/avila\/#\/schema\/person\/image\/","url":"https:\/\/secure.gravatar.com\/avatar\/dacd6ac12f2f802c39afce565d232781?s=96&d=mm&r=g","contentUrl":"https:\/\/secure.gravatar.com\/avatar\/dacd6ac12f2f802c39afce565d232781?s=96&d=mm&r=g","caption":"comunicacion"},"url":"https:\/\/www.asajacyl.com\/avila\/author\/comunicacion"}]}},"_links":{"self":[{"href":"https:\/\/www.asajacyl.com\/avila\/wp-json\/wp\/v2\/posts\/6788"}],"collection":[{"href":"https:\/\/www.asajacyl.com\/avila\/wp-json\/wp\/v2\/posts"}],"about":[{"href":"https:\/\/www.asajacyl.com\/avila\/wp-json\/wp\/v2\/types\/post"}],"author":[{"embeddable":true,"href":"https:\/\/www.asajacyl.com\/avila\/wp-json\/wp\/v2\/users\/16"}],"replies":[{"embeddable":true,"href":"https:\/\/www.asajacyl.com\/avila\/wp-json\/wp\/v2\/comments?post=6788"}],"version-history":[{"count":2,"href":"https:\/\/www.asajacyl.com\/avila\/wp-json\/wp\/v2\/posts\/6788\/revisions"}],"predecessor-version":[{"id":6801,"href":"https:\/\/www.asajacyl.com\/avila\/wp-json\/wp\/v2\/posts\/6788\/revisions\/6801"}],"wp:featuredmedia":[{"embeddable":true,"href":"https:\/\/www.asajacyl.com\/avila\/wp-json\/wp\/v2\/media\/6790"}],"wp:attachment":[{"href":"https:\/\/www.asajacyl.com\/avila\/wp-json\/wp\/v2\/media?parent=6788"}],"wp:term":[{"taxonomy":"category","embeddable":true,"href":"https:\/\/www.asajacyl.com\/avila\/wp-json\/wp\/v2\/categories?post=6788"},{"taxonomy":"post_tag","embeddable":true,"href":"https:\/\/www.asajacyl.com\/avila\/wp-json\/wp\/v2\/tags?post=6788"}],"curies":[{"name":"wp","href":"https:\/\/api.w.org\/{rel}","templated":true}]}}