{"id":6812,"date":"2026-01-28T14:31:43","date_gmt":"2026-01-28T13:31:43","guid":{"rendered":"https:\/\/www.asajacyl.com\/avila\/?p=6812"},"modified":"2026-01-28T14:37:33","modified_gmt":"2026-01-28T13:37:33","slug":"asaja-celebra-el-aval-del-parlamento-europeo-para-someter-el-acuerdo-ue-mercosur-a-control-juridico","status":"publish","type":"post","link":"https:\/\/www.asajacyl.com\/avila\/asaja-avila-informa\/asaja-celebra-el-aval-del-parlamento-europeo-para-someter-el-acuerdo-ue-mercosur-a-control-juridico","title":{"rendered":"ASAJA CELEBRA EL AVAL DEL PARLAMENTO EUROPEO PARA SOMETER EL ACUERDO UE-MERCOSUR A CONTROL JUR\u00cdDICO"},"content":{"rendered":"Madrid 21 de enero de 2026.- Desde ASAJA se valora como un paso fundamental la aprobaci\u00f3n, esta ma\u00f1ana en Estrasburgo, en el Pleno del Parlamento Europeo, de la solicitud para someter a control jur\u00eddico, mediante un dictamen del Tribunal de Justicia de la Uni\u00f3n Europea, el acuerdo UE-Mercosur. Esta decisi\u00f3n permite avanzar en el an\u00e1lisis de un acuerdo que el sector agrario y ganadero viene denunciando desde hace tiempo por su grave impacto econ\u00f3mico, productivo y territorial, as\u00ed como por las dudas jur\u00eddicas y pol\u00edticas de fondo que plantea. El presidente nacional de ASAJA, Pedro Barato, subraya que la aprobaci\u00f3n de esta solicitud \u201crefleja que existen dudas jur\u00eddicas y pol\u00edticas reales sobre el acuerdo UE-Mercosur\u201d y conf\u00eda en que este dictamen \u201csirva para frenar la ratificaci\u00f3n de un acuerdo claramente desequilibrado y perjudicial para los agricultores y ganaderos europeos\u201d.<br \/>ASAJA espera que este paso contribuya a detener un proceso de ratificaci\u00f3n que pone en riesgo la viabilidad de miles de explotaciones y hace un llamamiento al Gobierno de Espa\u00f1a para que defienda de forma clara al sector agrario y ganadero, garantizando el principio de reciprocidad y unas condiciones de competencia justas.<br \/>ASAJA insiste en que lo relevante de la votaci\u00f3n es que el acuerdo UE-Mercosur ser\u00e1 sometido a un examen jur\u00eddico, algo imprescindible ante un texto que genera inseguridad, desequilibrios y una clara competencia desleal para el campo europeo y, en particular, para el sector agrario y ganadero espa\u00f1ol.<br \/>La organizaci\u00f3n considera igualmente muy relevante el reconocimiento impl\u00edcito al papel desarrollado por ASAJA, que ha impulsado de forma activa, a trav\u00e9s de la Vicepresidencia del COPA, las movilizaciones celebradas el 18 de diciembre en Bruselas y el 20 de enero en Estrasburgo, coincidiendo con esta votaci\u00f3n. Estas protestas han sido determinantes para situar en la agenda pol\u00edtica europea las preocupaciones reales del campo y para que el acuerdo sea finalmente sometido a control jur\u00eddico. En este sentido, ASAJA subraya la importancia de que agricultores y ganaderos est\u00e9n organizados y representados a trav\u00e9s de organizaciones profesionales agrarias, ya que solo desde una estructura fuerte, unida y con presencia en los centros de decisi\u00f3n europeos es posible defender los intereses del sector y alcanzar objetivos concretos como el logrado hoy. Igualmente, ASAJA quiere agradecer expresamente el compromiso, el esfuerzo y la implicaci\u00f3n de todos los agricultores y ganaderos que han participado en las movilizaciones de Bruselas y Estrasburgo, demostrando que la uni\u00f3n del sector y la movilizaci\u00f3n siguen siendo herramientas clave para proteger el futuro del campo europeo.<br \/>","protected":false},"excerpt":{"rendered":"<p>Madrid 21 de enero de 2026.- Desde ASAJA se valora como un paso fundamental la aprobaci\u00f3n, esta ma\u00f1ana en Estrasburgo, en el Pleno del Parlamento Europeo, de la solicitud para someter a control jur\u00eddico, mediante un dictamen del Tribunal de Justicia de la Uni\u00f3n Europea, el acuerdo UE-Mercosur. Esta decisi\u00f3n permite avanzar en el an\u00e1lisis [&hellip;]<\/p>\n","protected":false},"author":16,"featured_media":6815,"comment_status":"open","ping_status":"open","sticky":true,"template":"","format":"standard","meta":{"footnotes":""},"categories":[8,28,18,1],"tags":[75,71,72,73,76,77],"yoast_head":"<!-- This site is optimized with the Yoast SEO plugin v24.5 - https:\/\/yoast.com\/wordpress\/plugins\/seo\/ -->\n<title>ASAJA CELEBRA EL AVAL DEL PARLAMENTO EUROPEO PARA SOMETER EL ACUERDO UE-MERCOSUR A CONTROL JUR\u00cdDICO - ASAJA \u00c1vila<\/title>\n<meta name=\"description\" content=\"Madrid 21 de enero de 2026.- Desde ASAJA se valora como un paso fundamental la aprobaci\u00f3n, esta ma\u00f1ana en Estrasburgo, en el Pleno del Parlamento Europeo,\" \/>\n<meta name=\"robots\" content=\"index, follow, max-snippet:-1, max-image-preview:large, max-video-preview:-1\" \/>\n<link rel=\"canonical\" href=\"https:\/\/www.asajacyl.com\/avila\/asaja-avila-informa\/asaja-celebra-el-aval-del-parlamento-europeo-para-someter-el-acuerdo-ue-mercosur-a-control-juridico\" \/>\n<meta property=\"og:locale\" content=\"es_ES\" \/>\n<meta property=\"og:type\" content=\"article\" \/>\n<meta property=\"og:title\" content=\"ASAJA CELEBRA EL AVAL DEL PARLAMENTO EUROPEO PARA SOMETER EL ACUERDO UE-MERCOSUR A CONTROL JUR\u00cdDICO - ASAJA \u00c1vila\" \/>\n<meta property=\"og:description\" content=\"Madrid 21 de enero de 2026.- Desde ASAJA se valora como un paso fundamental la aprobaci\u00f3n, esta ma\u00f1ana en Estrasburgo, en el Pleno del Parlamento Europeo,\" \/>\n<meta property=\"og:url\" content=\"https:\/\/www.asajacyl.com\/avila\/asaja-avila-informa\/asaja-celebra-el-aval-del-parlamento-europeo-para-someter-el-acuerdo-ue-mercosur-a-control-juridico\" \/>\n<meta property=\"og:site_name\" content=\"ASAJA \u00c1vila\" \/>\n<meta property=\"article:published_time\" content=\"2026-01-28T13:31:43+00:00\" \/>\n<meta property=\"article:modified_time\" content=\"2026-01-28T13:37:33+00:00\" \/>\n<meta property=\"og:image\" content=\"https:\/\/www.asajacyl.com\/avila\/wp-content\/uploads\/sites\/4\/2026\/01\/WhatsApp-Image-2026-01-21-at-13.08.33-1.jpeg\" \/>\n\t<meta property=\"og:image:width\" content=\"887\" \/>\n\t<meta property=\"og:image:height\" content=\"501\" \/>\n\t<meta property=\"og:image:type\" content=\"image\/jpeg\" \/>\n<meta name=\"author\" content=\"comunicacion\" \/>\n<meta name=\"twitter:card\" content=\"summary_large_image\" \/>\n<meta name=\"twitter:label1\" content=\"Escrito por\" \/>\n\t<meta name=\"twitter:data1\" content=\"comunicacion\" \/>\n\t<meta name=\"twitter:label2\" content=\"Tiempo de lectura\" \/>\n\t<meta name=\"twitter:data2\" content=\"3 minutos\" \/>\n<script type=\"application\/ld+json\" class=\"yoast-schema-graph\">{\"@context\":\"https:\/\/schema.org\",\"@graph\":[{\"@type\":\"WebPage\",\"@id\":\"https:\/\/www.asajacyl.com\/avila\/asaja-avila-informa\/asaja-celebra-el-aval-del-parlamento-europeo-para-someter-el-acuerdo-ue-mercosur-a-control-juridico\",\"url\":\"https:\/\/www.asajacyl.com\/avila\/asaja-avila-informa\/asaja-celebra-el-aval-del-parlamento-europeo-para-someter-el-acuerdo-ue-mercosur-a-control-juridico\",\"name\":\"ASAJA CELEBRA EL AVAL DEL PARLAMENTO EUROPEO PARA SOMETER EL ACUERDO UE-MERCOSUR A CONTROL JUR\u00cdDICO - ASAJA \u00c1vila\",\"isPartOf\":{\"@id\":\"https:\/\/www.asajacyl.com\/avila\/#website\"},\"primaryImageOfPage\":{\"@id\":\"https:\/\/www.asajacyl.com\/avila\/asaja-avila-informa\/asaja-celebra-el-aval-del-parlamento-europeo-para-someter-el-acuerdo-ue-mercosur-a-control-juridico#primaryimage\"},\"image\":{\"@id\":\"https:\/\/www.asajacyl.com\/avila\/asaja-avila-informa\/asaja-celebra-el-aval-del-parlamento-europeo-para-someter-el-acuerdo-ue-mercosur-a-control-juridico#primaryimage\"},\"thumbnailUrl\":\"https:\/\/www.asajacyl.com\/avila\/wp-content\/uploads\/sites\/4\/2026\/01\/WhatsApp-Image-2026-01-21-at-13.08.33-1.jpeg\",\"datePublished\":\"2026-01-28T13:31:43+00:00\",\"dateModified\":\"2026-01-28T13:37:33+00:00\",\"author\":{\"@id\":\"https:\/\/www.asajacyl.com\/avila\/#\/schema\/person\/51bbd29d94e00aa22d79c7b8c3c404e6\"},\"description\":\"Madrid 21 de enero de 2026.- Desde ASAJA se valora como un paso fundamental la aprobaci\u00f3n, esta ma\u00f1ana en Estrasburgo, en el Pleno del Parlamento Europeo,\",\"breadcrumb\":{\"@id\":\"https:\/\/www.asajacyl.com\/avila\/asaja-avila-informa\/asaja-celebra-el-aval-del-parlamento-europeo-para-someter-el-acuerdo-ue-mercosur-a-control-juridico#breadcrumb\"},\"inLanguage\":\"es\",\"potentialAction\":[{\"@type\":\"ReadAction\",\"target\":[\"https:\/\/www.asajacyl.com\/avila\/asaja-avila-informa\/asaja-celebra-el-aval-del-parlamento-europeo-para-someter-el-acuerdo-ue-mercosur-a-control-juridico\"]}]},{\"@type\":\"ImageObject\",\"inLanguage\":\"es\",\"@id\":\"https:\/\/www.asajacyl.com\/avila\/asaja-avila-informa\/asaja-celebra-el-aval-del-parlamento-europeo-para-someter-el-acuerdo-ue-mercosur-a-control-juridico#primaryimage\",\"url\":\"https:\/\/www.asajacyl.com\/avila\/wp-content\/uploads\/sites\/4\/2026\/01\/WhatsApp-Image-2026-01-21-at-13.08.33-1.jpeg\",\"contentUrl\":\"https:\/\/www.asajacyl.com\/avila\/wp-content\/uploads\/sites\/4\/2026\/01\/WhatsApp-Image-2026-01-21-at-13.08.33-1.jpeg\",\"width\":887,\"height\":501},{\"@type\":\"BreadcrumbList\",\"@id\":\"https:\/\/www.asajacyl.com\/avila\/asaja-avila-informa\/asaja-celebra-el-aval-del-parlamento-europeo-para-someter-el-acuerdo-ue-mercosur-a-control-juridico#breadcrumb\",\"itemListElement\":[{\"@type\":\"ListItem\",\"position\":1,\"name\":\"Portada\",\"item\":\"https:\/\/www.asajacyl.com\/avila\/\"},{\"@type\":\"ListItem\",\"position\":2,\"name\":\"ASAJA CELEBRA EL AVAL DEL PARLAMENTO EUROPEO PARA SOMETER EL ACUERDO UE-MERCOSUR A CONTROL JUR\u00cdDICO\"}]},{\"@type\":\"WebSite\",\"@id\":\"https:\/\/www.asajacyl.com\/avila\/#website\",\"url\":\"https:\/\/www.asajacyl.com\/avila\/\",\"name\":\"ASAJA \u00c1vila\",\"description\":\"Otro sitio m\u00e1s de Provincias ASAJA Castilla y Le\u00f3n\",\"potentialAction\":[{\"@type\":\"SearchAction\",\"target\":{\"@type\":\"EntryPoint\",\"urlTemplate\":\"https:\/\/www.asajacyl.com\/avila\/?s={search_term_string}\"},\"query-input\":{\"@type\":\"PropertyValueSpecification\",\"valueRequired\":true,\"valueName\":\"search_term_string\"}}],\"inLanguage\":\"es\"},{\"@type\":\"Person\",\"@id\":\"https:\/\/www.asajacyl.com\/avila\/#\/schema\/person\/51bbd29d94e00aa22d79c7b8c3c404e6\",\"name\":\"comunicacion\",\"image\":{\"@type\":\"ImageObject\",\"inLanguage\":\"es\",\"@id\":\"https:\/\/www.asajacyl.com\/avila\/#\/schema\/person\/image\/\",\"url\":\"https:\/\/secure.gravatar.com\/avatar\/dacd6ac12f2f802c39afce565d232781?s=96&d=mm&r=g\",\"contentUrl\":\"https:\/\/secure.gravatar.com\/avatar\/dacd6ac12f2f802c39afce565d232781?s=96&d=mm&r=g\",\"caption\":\"comunicacion\"},\"url\":\"https:\/\/www.asajacyl.com\/avila\/author\/comunicacion\"}]}<\/script>\n<!-- \/ Yoast SEO plugin. -->","yoast_head_json":{"title":"ASAJA CELEBRA EL AVAL DEL PARLAMENTO EUROPEO PARA SOMETER EL ACUERDO UE-MERCOSUR A CONTROL JUR\u00cdDICO - ASAJA \u00c1vila","description":"Madrid 21 de enero de 2026.- Desde ASAJA se valora como un paso fundamental la aprobaci\u00f3n, esta ma\u00f1ana en Estrasburgo, en el Pleno del Parlamento Europeo,","robots":{"index":"index","follow":"follow","max-snippet":"max-snippet:-1","max-image-preview":"max-image-preview:large","max-video-preview":"max-video-preview:-1"},"canonical":"https:\/\/www.asajacyl.com\/avila\/asaja-avila-informa\/asaja-celebra-el-aval-del-parlamento-europeo-para-someter-el-acuerdo-ue-mercosur-a-control-juridico","og_locale":"es_ES","og_type":"article","og_title":"ASAJA CELEBRA EL AVAL DEL PARLAMENTO EUROPEO PARA SOMETER EL ACUERDO UE-MERCOSUR A CONTROL JUR\u00cdDICO - ASAJA \u00c1vila","og_description":"Madrid 21 de enero de 2026.- Desde ASAJA se valora como un paso fundamental la aprobaci\u00f3n, esta ma\u00f1ana en Estrasburgo, en el Pleno del Parlamento Europeo,","og_url":"https:\/\/www.asajacyl.com\/avila\/asaja-avila-informa\/asaja-celebra-el-aval-del-parlamento-europeo-para-someter-el-acuerdo-ue-mercosur-a-control-juridico","og_site_name":"ASAJA \u00c1vila","article_published_time":"2026-01-28T13:31:43+00:00","article_modified_time":"2026-01-28T13:37:33+00:00","og_image":[{"width":887,"height":501,"url":"https:\/\/www.asajacyl.com\/avila\/wp-content\/uploads\/sites\/4\/2026\/01\/WhatsApp-Image-2026-01-21-at-13.08.33-1.jpeg","type":"image\/jpeg"}],"author":"comunicacion","twitter_card":"summary_large_image","twitter_misc":{"Escrito por":"comunicacion","Tiempo de lectura":"3 minutos"},"schema":{"@context":"https:\/\/schema.org","@graph":[{"@type":"WebPage","@id":"https:\/\/www.asajacyl.com\/avila\/asaja-avila-informa\/asaja-celebra-el-aval-del-parlamento-europeo-para-someter-el-acuerdo-ue-mercosur-a-control-juridico","url":"https:\/\/www.asajacyl.com\/avila\/asaja-avila-informa\/asaja-celebra-el-aval-del-parlamento-europeo-para-someter-el-acuerdo-ue-mercosur-a-control-juridico","name":"ASAJA CELEBRA EL AVAL DEL PARLAMENTO EUROPEO PARA SOMETER EL ACUERDO UE-MERCOSUR A CONTROL JUR\u00cdDICO - ASAJA \u00c1vila","isPartOf":{"@id":"https:\/\/www.asajacyl.com\/avila\/#website"},"primaryImageOfPage":{"@id":"https:\/\/www.asajacyl.com\/avila\/asaja-avila-informa\/asaja-celebra-el-aval-del-parlamento-europeo-para-someter-el-acuerdo-ue-mercosur-a-control-juridico#primaryimage"},"image":{"@id":"https:\/\/www.asajacyl.com\/avila\/asaja-avila-informa\/asaja-celebra-el-aval-del-parlamento-europeo-para-someter-el-acuerdo-ue-mercosur-a-control-juridico#primaryimage"},"thumbnailUrl":"https:\/\/www.asajacyl.com\/avila\/wp-content\/uploads\/sites\/4\/2026\/01\/WhatsApp-Image-2026-01-21-at-13.08.33-1.jpeg","datePublished":"2026-01-28T13:31:43+00:00","dateModified":"2026-01-28T13:37:33+00:00","author":{"@id":"https:\/\/www.asajacyl.com\/avila\/#\/schema\/person\/51bbd29d94e00aa22d79c7b8c3c404e6"},"description":"Madrid 21 de enero de 2026.- Desde ASAJA se valora como un paso fundamental la aprobaci\u00f3n, esta ma\u00f1ana en Estrasburgo, en el Pleno del Parlamento Europeo,","breadcrumb":{"@id":"https:\/\/www.asajacyl.com\/avila\/asaja-avila-informa\/asaja-celebra-el-aval-del-parlamento-europeo-para-someter-el-acuerdo-ue-mercosur-a-control-juridico#breadcrumb"},"inLanguage":"es","potentialAction":[{"@type":"ReadAction","target":["https:\/\/www.asajacyl.com\/avila\/asaja-avila-informa\/asaja-celebra-el-aval-del-parlamento-europeo-para-someter-el-acuerdo-ue-mercosur-a-control-juridico"]}]},{"@type":"ImageObject","inLanguage":"es","@id":"https:\/\/www.asajacyl.com\/avila\/asaja-avila-informa\/asaja-celebra-el-aval-del-parlamento-europeo-para-someter-el-acuerdo-ue-mercosur-a-control-juridico#primaryimage","url":"https:\/\/www.asajacyl.com\/avila\/wp-content\/uploads\/sites\/4\/2026\/01\/WhatsApp-Image-2026-01-21-at-13.08.33-1.jpeg","contentUrl":"https:\/\/www.asajacyl.com\/avila\/wp-content\/uploads\/sites\/4\/2026\/01\/WhatsApp-Image-2026-01-21-at-13.08.33-1.jpeg","width":887,"height":501},{"@type":"BreadcrumbList","@id":"https:\/\/www.asajacyl.com\/avila\/asaja-avila-informa\/asaja-celebra-el-aval-del-parlamento-europeo-para-someter-el-acuerdo-ue-mercosur-a-control-juridico#breadcrumb","itemListElement":[{"@type":"ListItem","position":1,"name":"Portada","item":"https:\/\/www.asajacyl.com\/avila\/"},{"@type":"ListItem","position":2,"name":"ASAJA CELEBRA EL AVAL DEL PARLAMENTO EUROPEO PARA SOMETER EL ACUERDO UE-MERCOSUR A CONTROL JUR\u00cdDICO"}]},{"@type":"WebSite","@id":"https:\/\/www.asajacyl.com\/avila\/#website","url":"https:\/\/www.asajacyl.com\/avila\/","name":"ASAJA \u00c1vila","description":"Otro sitio m\u00e1s de Provincias ASAJA Castilla y Le\u00f3n","potentialAction":[{"@type":"SearchAction","target":{"@type":"EntryPoint","urlTemplate":"https:\/\/www.asajacyl.com\/avila\/?s={search_term_string}"},"query-input":{"@type":"PropertyValueSpecification","valueRequired":true,"valueName":"search_term_string"}}],"inLanguage":"es"},{"@type":"Person","@id":"https:\/\/www.asajacyl.com\/avila\/#\/schema\/person\/51bbd29d94e00aa22d79c7b8c3c404e6","name":"comunicacion","image":{"@type":"ImageObject","inLanguage":"es","@id":"https:\/\/www.asajacyl.com\/avila\/#\/schema\/person\/image\/","url":"https:\/\/secure.gravatar.com\/avatar\/dacd6ac12f2f802c39afce565d232781?s=96&d=mm&r=g","contentUrl":"https:\/\/secure.gravatar.com\/avatar\/dacd6ac12f2f802c39afce565d232781?s=96&d=mm&r=g","caption":"comunicacion"},"url":"https:\/\/www.asajacyl.com\/avila\/author\/comunicacion"}]}},"_links":{"self":[{"href":"https:\/\/www.asajacyl.com\/avila\/wp-json\/wp\/v2\/posts\/6812"}],"collection":[{"href":"https:\/\/www.asajacyl.com\/avila\/wp-json\/wp\/v2\/posts"}],"about":[{"href":"https:\/\/www.asajacyl.com\/avila\/wp-json\/wp\/v2\/types\/post"}],"author":[{"embeddable":true,"href":"https:\/\/www.asajacyl.com\/avila\/wp-json\/wp\/v2\/users\/16"}],"replies":[{"embeddable":true,"href":"https:\/\/www.asajacyl.com\/avila\/wp-json\/wp\/v2\/comments?post=6812"}],"version-history":[{"count":1,"href":"https:\/\/www.asajacyl.com\/avila\/wp-json\/wp\/v2\/posts\/6812\/revisions"}],"predecessor-version":[{"id":6813,"href":"https:\/\/www.asajacyl.com\/avila\/wp-json\/wp\/v2\/posts\/6812\/revisions\/6813"}],"wp:featuredmedia":[{"embeddable":true,"href":"https:\/\/www.asajacyl.com\/avila\/wp-json\/wp\/v2\/media\/6815"}],"wp:attachment":[{"href":"https:\/\/www.asajacyl.com\/avila\/wp-json\/wp\/v2\/media?parent=6812"}],"wp:term":[{"taxonomy":"category","embeddable":true,"href":"https:\/\/www.asajacyl.com\/avila\/wp-json\/wp\/v2\/categories?post=6812"},{"taxonomy":"post_tag","embeddable":true,"href":"https:\/\/www.asajacyl.com\/avila\/wp-json\/wp\/v2\/tags?post=6812"}],"curies":[{"name":"wp","href":"https:\/\/api.w.org\/{rel}","templated":true}]}}