{"id":6814,"date":"2026-01-28T14:58:08","date_gmt":"2026-01-28T13:58:08","guid":{"rendered":"https:\/\/www.asajacyl.com\/avila\/?p=6814"},"modified":"2026-01-28T14:58:10","modified_gmt":"2026-01-28T13:58:10","slug":"asaja-llama-a-la-movilizacion-en-defensa-del-campo-y-de-la-alimentacion-del-26-al-30-de-enero","status":"publish","type":"post","link":"https:\/\/www.asajacyl.com\/avila\/sin-categoria\/asaja-llama-a-la-movilizacion-en-defensa-del-campo-y-de-la-alimentacion-del-26-al-30-de-enero","title":{"rendered":"ASAJA LLAMA A LA MOVILIZACI\u00d3N EN DEFENSA DEL CAMPO Y DE LA ALIMENTACI\u00d3N DEL 26 AL 30 DE ENERO"},"content":{"rendered":"En unidad de acci\u00f3n con la Alianza UPA-COAG, UCCL y ASAJA centra el 29 de enero las protestas contra Mercosur, los recortes, los costes y la burocracia<br \/><br \/>El campo espa\u00f1ol volver\u00e1 a movilizarse entre el 26 y el 30 de enero, con el 29 de enero como jornada central, para defender su futuro y el de la alimentaci\u00f3n europea. Las tres opas impulsan protestas en toda Espa\u00f1a frente al acuerdo UE-Mercosur, la falta de garant\u00edas presupuestarias, el aumento de los costes de producci\u00f3n y una burocracia que asfixia al sector y acaba repercutiendo en los consumidores.<br \/><br \/>Madrid 15 de enero de 2026.- ASAJA, junto a la Alianza UPA-COAG y UCCL, activa un proceso de movilizaci\u00f3n, con concentraciones, tractoradas y actos reivindicativos, que se extender\u00e1n por todo el territorio nacional y culminar\u00e1n con una jornada de movilizaci\u00f3n general. Se ha acordado dar flexibilidad a los territorios para que, en funci\u00f3n de sus particularidades, puedan elegir la fecha y el formato de las movilizaciones dentro de esa semana. No obstante, se ha subrayado la importancia de concentrar el mayor n\u00famero posible de acciones el 29 de enero, con el objetivo de lanzar un mensaje claro y unitario desde todo el campo espa\u00f1ol.<br \/>\u201cQueremos que se vea la fuerza del sector agrario en todo el territorio, con una respuesta coordinada frente a decisiones que nos afectan directamente como sector\u201d, ha se\u00f1alado el presidente de ASAJA.<br \/>Mercosur: el principal detonante<br \/>Uno de los principales motivos de estas movilizaciones es el rechazo frontal de ASAJA al acuerdo comercial entre la Uni\u00f3n Europea y Mercosur en su forma actual. La organizaci\u00f3n considera que se trata de un acuerdo desequilibrado, sin reciprocidad y que genera una clara competencia desleal. ASAJA advierte de que el acuerdo pone en peligro a sectores clave como la carne de vacuno, el az\u00facar y la remolacha, los c\u00edtricos, la ganader\u00eda extensiva, el arroz o la apicultura, y permite la entrada de productos elaborados con sustancias prohibidas en la UE, sin controles suficientes en frontera. <br \/>\u201cSeg\u00fan datos de la propia Comisi\u00f3n Europea, solo se inspecciona f\u00edsicamente el 0,0082 % de los productos agroalimentarios que entran en la Uni\u00f3n Europea, un nivel de control claramente insuficiente para garantizar el cumplimiento de las normas sanitarias y de seguridad alimentaria.\u201dASAJA ha recordado que el propio Gobierno de Brasil ha admitido p\u00fablicamente que no es capaz de controlar de forma efectiva el uso de hormonas en la producci\u00f3n de carne, un reconocimiento que, a juicio de la organizaci\u00f3n, invalida cualquier garant\u00eda sanitaria incluida en el acuerdo. Si el pa\u00eds exportador reconoce que no puede asegurar el cumplimiento de las normas, resulta inaceptable que esos productos entren en el mercado europeo compitiendo con los producidos bajo los est\u00e1ndares m\u00e1s exigentes del mundo.<br \/>ASAJA ha querido aclarar algunos de los argumentos que se est\u00e1n utilizando para justificar el acuerdo UE-Mercosur, especialmente en lo relativo al aceite de oliva: \u201cIncluso sectores que podr\u00edan parecer beneficiados, como el aceite de oliva o el vino, no obtendr\u00e1n ventajas reales a corto plazo debido a los largos periodos transitorios antes de la plena liberalizaci\u00f3n.\u201d El presidente de la organizaci\u00f3n ha explicado que pa\u00edses como Argentina, Brasil o Uruguay presentan un consumo interno muy reducido de aceite de oliva, lo que limita de forma clara la existencia de un mercado real e inmediato para el producto espa\u00f1ol.<br \/>Adem\u00e1s, estos pa\u00edses cuentan con producciones propias en crecimiento y con condiciones de producci\u00f3n muy distintas a las exigidas en la Uni\u00f3n Europea. A ello se suma que el acuerdo establece arancel cero para determinadas importaciones, mientras que otros sectores europeos disfrutan de largos periodos transitorios de protecci\u00f3n.<br \/>ASAJA advierte de que presentar el aceite de oliva como gran beneficiado del acuerdo distorsiona la realidad y oculta que la apertura de mercados es un proceso largo, que requiere estabilidad, reglas claras y reciprocidad. \u201cNo se puede vender como ventaja lo que, en la pr\u00e1ctica, no compensa los desequilibrios que genera el acuerdo\u201d, ha se\u00f1alado el presidente de la organizaci\u00f3n.<br \/>Adem\u00e1s, la balanza comercial agroalimentaria con Mercosur es claramente deficitaria para Espa\u00f1a: en 2024 se importaron productos por m\u00e1s de 4.100 millones de euros frente a exportaciones que apenas alcanzaron los 463 millones.<br \/>Ante este escenario ASAJA exige a los eurodiputados que rechacen de forma clara y sin matices el acuerdo UE-Mercosur en su actual formulaci\u00f3n.<br \/>Presupuesto agrario: menos fondos y m\u00e1s confusi\u00f3n<br \/>ASAJA tambi\u00e9n ha mostrado su preocupaci\u00f3n por el futuro presupuesto agrario europeo. La organizaci\u00f3n denuncia la falta de claridad en las cifras, los recortes encubiertos y el riesgo de que los fondos destinados a la agricultura y la ganader\u00eda queden diluidos bajo conceptos gen\u00e9ricos vinculados al mundo rural. \u201cLa soluci\u00f3n es sencilla: poner lo que falta en el presupuesto agrario, mantener el primer y el segundo pilar y evitar recortes que pueden alcanzar el 22 %\u201d, ha se\u00f1alado Barato.<br \/>Costes de producci\u00f3n y burocracia<br \/>El incremento de los costes de producci\u00f3n, especialmente en fertilizantes y energ\u00eda, es otro de los factores que empujan al sector a movilizarse. ASAJA alerta de que cultivos como los cereales pueden quedar abocados a la desaparici\u00f3n si no se adoptan medidas espec\u00edficas de apoyo. A ello se suma una burocracia creciente que, lejos de simplificar, complica el trabajo diario de agricultores y ganaderos y resta competitividad al sector.<br \/>Una movilizaci\u00f3n tambi\u00e9n por los consumidores<br \/>ASAJA insiste en que estas protestas no solo defienden al productor, sino tambi\u00e9n al consumidor. Permitir la entrada de alimentos producidos con normas menos exigentes pone en riesgo la calidad, la trazabilidad y la seguridad alimentaria. \u201cEl futuro del campo es tambi\u00e9n el futuro de la alimentaci\u00f3n de los ciudadanos europeos\u201d, ha concluido el presidente de ASAJA.","protected":false},"excerpt":{"rendered":"<p>En unidad de acci\u00f3n con la Alianza UPA-COAG, UCCL y ASAJA centra el 29 de enero las protestas contra Mercosur, los recortes, los costes y la burocracia El campo espa\u00f1ol volver\u00e1 a movilizarse entre el 26 y el 30 de enero, con el 29 de enero como jornada central, para defender su futuro y el [&hellip;]<\/p>\n","protected":false},"author":16,"featured_media":794,"comment_status":"open","ping_status":"open","sticky":true,"template":"","format":"standard","meta":{"footnotes":""},"categories":[8,28,18,1],"tags":[],"yoast_head":"<!-- This site is optimized with the Yoast SEO plugin v24.5 - https:\/\/yoast.com\/wordpress\/plugins\/seo\/ -->\n<title>ASAJA LLAMA A LA MOVILIZACI\u00d3N EN DEFENSA DEL CAMPO Y DE LA ALIMENTACI\u00d3N DEL 26 AL 30 DE ENERO - ASAJA \u00c1vila<\/title>\n<meta name=\"description\" content=\"En unidad de acci\u00f3n con la Alianza UPA-COAG, UCCL y ASAJA centra el 29 de enero las protestas contra Mercosur, los recortes, los costes y la burocraciaEl\" \/>\n<meta name=\"robots\" content=\"index, follow, max-snippet:-1, max-image-preview:large, max-video-preview:-1\" \/>\n<link rel=\"canonical\" href=\"https:\/\/www.asajacyl.com\/avila\/sin-categoria\/asaja-llama-a-la-movilizacion-en-defensa-del-campo-y-de-la-alimentacion-del-26-al-30-de-enero\" \/>\n<meta property=\"og:locale\" content=\"es_ES\" \/>\n<meta property=\"og:type\" content=\"article\" \/>\n<meta property=\"og:title\" content=\"ASAJA LLAMA A LA MOVILIZACI\u00d3N EN DEFENSA DEL CAMPO Y DE LA ALIMENTACI\u00d3N DEL 26 AL 30 DE ENERO - ASAJA \u00c1vila\" \/>\n<meta property=\"og:description\" content=\"En unidad de acci\u00f3n con la Alianza UPA-COAG, UCCL y ASAJA centra el 29 de enero las protestas contra Mercosur, los recortes, los costes y la burocraciaEl\" \/>\n<meta property=\"og:url\" content=\"https:\/\/www.asajacyl.com\/avila\/sin-categoria\/asaja-llama-a-la-movilizacion-en-defensa-del-campo-y-de-la-alimentacion-del-26-al-30-de-enero\" \/>\n<meta property=\"og:site_name\" content=\"ASAJA \u00c1vila\" \/>\n<meta property=\"article:published_time\" content=\"2026-01-28T13:58:08+00:00\" \/>\n<meta property=\"article:modified_time\" content=\"2026-01-28T13:58:10+00:00\" \/>\n<meta name=\"author\" content=\"comunicacion\" \/>\n<meta name=\"twitter:card\" content=\"summary_large_image\" \/>\n<meta name=\"twitter:label1\" content=\"Escrito por\" \/>\n\t<meta name=\"twitter:data1\" content=\"comunicacion\" \/>\n\t<meta name=\"twitter:label2\" content=\"Tiempo de lectura\" \/>\n\t<meta name=\"twitter:data2\" content=\"5 minutos\" \/>\n<script type=\"application\/ld+json\" class=\"yoast-schema-graph\">{\"@context\":\"https:\/\/schema.org\",\"@graph\":[{\"@type\":\"WebPage\",\"@id\":\"https:\/\/www.asajacyl.com\/avila\/sin-categoria\/asaja-llama-a-la-movilizacion-en-defensa-del-campo-y-de-la-alimentacion-del-26-al-30-de-enero\",\"url\":\"https:\/\/www.asajacyl.com\/avila\/sin-categoria\/asaja-llama-a-la-movilizacion-en-defensa-del-campo-y-de-la-alimentacion-del-26-al-30-de-enero\",\"name\":\"ASAJA LLAMA A LA MOVILIZACI\u00d3N EN DEFENSA DEL CAMPO Y DE LA ALIMENTACI\u00d3N DEL 26 AL 30 DE ENERO - ASAJA \u00c1vila\",\"isPartOf\":{\"@id\":\"https:\/\/www.asajacyl.com\/avila\/#website\"},\"primaryImageOfPage\":{\"@id\":\"https:\/\/www.asajacyl.com\/avila\/sin-categoria\/asaja-llama-a-la-movilizacion-en-defensa-del-campo-y-de-la-alimentacion-del-26-al-30-de-enero#primaryimage\"},\"image\":{\"@id\":\"https:\/\/www.asajacyl.com\/avila\/sin-categoria\/asaja-llama-a-la-movilizacion-en-defensa-del-campo-y-de-la-alimentacion-del-26-al-30-de-enero#primaryimage\"},\"thumbnailUrl\":\"https:\/\/www.asajacyl.com\/avila\/wp-content\/uploads\/sites\/4\/2017\/11\/im_predefinida_1920x1080.jpg\",\"datePublished\":\"2026-01-28T13:58:08+00:00\",\"dateModified\":\"2026-01-28T13:58:10+00:00\",\"author\":{\"@id\":\"https:\/\/www.asajacyl.com\/avila\/#\/schema\/person\/51bbd29d94e00aa22d79c7b8c3c404e6\"},\"description\":\"En unidad de acci\u00f3n con la Alianza UPA-COAG, UCCL y ASAJA centra el 29 de enero las protestas contra Mercosur, los recortes, los costes y la burocraciaEl\",\"breadcrumb\":{\"@id\":\"https:\/\/www.asajacyl.com\/avila\/sin-categoria\/asaja-llama-a-la-movilizacion-en-defensa-del-campo-y-de-la-alimentacion-del-26-al-30-de-enero#breadcrumb\"},\"inLanguage\":\"es\",\"potentialAction\":[{\"@type\":\"ReadAction\",\"target\":[\"https:\/\/www.asajacyl.com\/avila\/sin-categoria\/asaja-llama-a-la-movilizacion-en-defensa-del-campo-y-de-la-alimentacion-del-26-al-30-de-enero\"]}]},{\"@type\":\"ImageObject\",\"inLanguage\":\"es\",\"@id\":\"https:\/\/www.asajacyl.com\/avila\/sin-categoria\/asaja-llama-a-la-movilizacion-en-defensa-del-campo-y-de-la-alimentacion-del-26-al-30-de-enero#primaryimage\",\"url\":\"https:\/\/www.asajacyl.com\/avila\/wp-content\/uploads\/sites\/4\/2017\/11\/im_predefinida_1920x1080.jpg\",\"contentUrl\":\"https:\/\/www.asajacyl.com\/avila\/wp-content\/uploads\/sites\/4\/2017\/11\/im_predefinida_1920x1080.jpg\",\"width\":1920,\"height\":1080,\"caption\":\"Logotipo ASAJA \u00c1vila\"},{\"@type\":\"BreadcrumbList\",\"@id\":\"https:\/\/www.asajacyl.com\/avila\/sin-categoria\/asaja-llama-a-la-movilizacion-en-defensa-del-campo-y-de-la-alimentacion-del-26-al-30-de-enero#breadcrumb\",\"itemListElement\":[{\"@type\":\"ListItem\",\"position\":1,\"name\":\"Portada\",\"item\":\"https:\/\/www.asajacyl.com\/avila\/\"},{\"@type\":\"ListItem\",\"position\":2,\"name\":\"ASAJA LLAMA A LA MOVILIZACI\u00d3N EN DEFENSA DEL CAMPO Y DE LA ALIMENTACI\u00d3N DEL 26 AL 30 DE ENERO\"}]},{\"@type\":\"WebSite\",\"@id\":\"https:\/\/www.asajacyl.com\/avila\/#website\",\"url\":\"https:\/\/www.asajacyl.com\/avila\/\",\"name\":\"ASAJA \u00c1vila\",\"description\":\"Otro sitio m\u00e1s de Provincias ASAJA Castilla y Le\u00f3n\",\"potentialAction\":[{\"@type\":\"SearchAction\",\"target\":{\"@type\":\"EntryPoint\",\"urlTemplate\":\"https:\/\/www.asajacyl.com\/avila\/?s={search_term_string}\"},\"query-input\":{\"@type\":\"PropertyValueSpecification\",\"valueRequired\":true,\"valueName\":\"search_term_string\"}}],\"inLanguage\":\"es\"},{\"@type\":\"Person\",\"@id\":\"https:\/\/www.asajacyl.com\/avila\/#\/schema\/person\/51bbd29d94e00aa22d79c7b8c3c404e6\",\"name\":\"comunicacion\",\"image\":{\"@type\":\"ImageObject\",\"inLanguage\":\"es\",\"@id\":\"https:\/\/www.asajacyl.com\/avila\/#\/schema\/person\/image\/\",\"url\":\"https:\/\/secure.gravatar.com\/avatar\/dacd6ac12f2f802c39afce565d232781?s=96&d=mm&r=g\",\"contentUrl\":\"https:\/\/secure.gravatar.com\/avatar\/dacd6ac12f2f802c39afce565d232781?s=96&d=mm&r=g\",\"caption\":\"comunicacion\"},\"url\":\"https:\/\/www.asajacyl.com\/avila\/author\/comunicacion\"}]}<\/script>\n<!-- \/ Yoast SEO plugin. -->","yoast_head_json":{"title":"ASAJA LLAMA A LA MOVILIZACI\u00d3N EN DEFENSA DEL CAMPO Y DE LA ALIMENTACI\u00d3N DEL 26 AL 30 DE ENERO - ASAJA \u00c1vila","description":"En unidad de acci\u00f3n con la Alianza UPA-COAG, UCCL y ASAJA centra el 29 de enero las protestas contra Mercosur, los recortes, los costes y la burocraciaEl","robots":{"index":"index","follow":"follow","max-snippet":"max-snippet:-1","max-image-preview":"max-image-preview:large","max-video-preview":"max-video-preview:-1"},"canonical":"https:\/\/www.asajacyl.com\/avila\/sin-categoria\/asaja-llama-a-la-movilizacion-en-defensa-del-campo-y-de-la-alimentacion-del-26-al-30-de-enero","og_locale":"es_ES","og_type":"article","og_title":"ASAJA LLAMA A LA MOVILIZACI\u00d3N EN DEFENSA DEL CAMPO Y DE LA ALIMENTACI\u00d3N DEL 26 AL 30 DE ENERO - ASAJA \u00c1vila","og_description":"En unidad de acci\u00f3n con la Alianza UPA-COAG, UCCL y ASAJA centra el 29 de enero las protestas contra Mercosur, los recortes, los costes y la burocraciaEl","og_url":"https:\/\/www.asajacyl.com\/avila\/sin-categoria\/asaja-llama-a-la-movilizacion-en-defensa-del-campo-y-de-la-alimentacion-del-26-al-30-de-enero","og_site_name":"ASAJA \u00c1vila","article_published_time":"2026-01-28T13:58:08+00:00","article_modified_time":"2026-01-28T13:58:10+00:00","author":"comunicacion","twitter_card":"summary_large_image","twitter_misc":{"Escrito por":"comunicacion","Tiempo de lectura":"5 minutos"},"schema":{"@context":"https:\/\/schema.org","@graph":[{"@type":"WebPage","@id":"https:\/\/www.asajacyl.com\/avila\/sin-categoria\/asaja-llama-a-la-movilizacion-en-defensa-del-campo-y-de-la-alimentacion-del-26-al-30-de-enero","url":"https:\/\/www.asajacyl.com\/avila\/sin-categoria\/asaja-llama-a-la-movilizacion-en-defensa-del-campo-y-de-la-alimentacion-del-26-al-30-de-enero","name":"ASAJA LLAMA A LA MOVILIZACI\u00d3N EN DEFENSA DEL CAMPO Y DE LA ALIMENTACI\u00d3N DEL 26 AL 30 DE ENERO - ASAJA \u00c1vila","isPartOf":{"@id":"https:\/\/www.asajacyl.com\/avila\/#website"},"primaryImageOfPage":{"@id":"https:\/\/www.asajacyl.com\/avila\/sin-categoria\/asaja-llama-a-la-movilizacion-en-defensa-del-campo-y-de-la-alimentacion-del-26-al-30-de-enero#primaryimage"},"image":{"@id":"https:\/\/www.asajacyl.com\/avila\/sin-categoria\/asaja-llama-a-la-movilizacion-en-defensa-del-campo-y-de-la-alimentacion-del-26-al-30-de-enero#primaryimage"},"thumbnailUrl":"https:\/\/www.asajacyl.com\/avila\/wp-content\/uploads\/sites\/4\/2017\/11\/im_predefinida_1920x1080.jpg","datePublished":"2026-01-28T13:58:08+00:00","dateModified":"2026-01-28T13:58:10+00:00","author":{"@id":"https:\/\/www.asajacyl.com\/avila\/#\/schema\/person\/51bbd29d94e00aa22d79c7b8c3c404e6"},"description":"En unidad de acci\u00f3n con la Alianza UPA-COAG, UCCL y ASAJA centra el 29 de enero las protestas contra Mercosur, los recortes, los costes y la burocraciaEl","breadcrumb":{"@id":"https:\/\/www.asajacyl.com\/avila\/sin-categoria\/asaja-llama-a-la-movilizacion-en-defensa-del-campo-y-de-la-alimentacion-del-26-al-30-de-enero#breadcrumb"},"inLanguage":"es","potentialAction":[{"@type":"ReadAction","target":["https:\/\/www.asajacyl.com\/avila\/sin-categoria\/asaja-llama-a-la-movilizacion-en-defensa-del-campo-y-de-la-alimentacion-del-26-al-30-de-enero"]}]},{"@type":"ImageObject","inLanguage":"es","@id":"https:\/\/www.asajacyl.com\/avila\/sin-categoria\/asaja-llama-a-la-movilizacion-en-defensa-del-campo-y-de-la-alimentacion-del-26-al-30-de-enero#primaryimage","url":"https:\/\/www.asajacyl.com\/avila\/wp-content\/uploads\/sites\/4\/2017\/11\/im_predefinida_1920x1080.jpg","contentUrl":"https:\/\/www.asajacyl.com\/avila\/wp-content\/uploads\/sites\/4\/2017\/11\/im_predefinida_1920x1080.jpg","width":1920,"height":1080,"caption":"Logotipo ASAJA \u00c1vila"},{"@type":"BreadcrumbList","@id":"https:\/\/www.asajacyl.com\/avila\/sin-categoria\/asaja-llama-a-la-movilizacion-en-defensa-del-campo-y-de-la-alimentacion-del-26-al-30-de-enero#breadcrumb","itemListElement":[{"@type":"ListItem","position":1,"name":"Portada","item":"https:\/\/www.asajacyl.com\/avila\/"},{"@type":"ListItem","position":2,"name":"ASAJA LLAMA A LA MOVILIZACI\u00d3N EN DEFENSA DEL CAMPO Y DE LA ALIMENTACI\u00d3N DEL 26 AL 30 DE ENERO"}]},{"@type":"WebSite","@id":"https:\/\/www.asajacyl.com\/avila\/#website","url":"https:\/\/www.asajacyl.com\/avila\/","name":"ASAJA \u00c1vila","description":"Otro sitio m\u00e1s de Provincias ASAJA Castilla y Le\u00f3n","potentialAction":[{"@type":"SearchAction","target":{"@type":"EntryPoint","urlTemplate":"https:\/\/www.asajacyl.com\/avila\/?s={search_term_string}"},"query-input":{"@type":"PropertyValueSpecification","valueRequired":true,"valueName":"search_term_string"}}],"inLanguage":"es"},{"@type":"Person","@id":"https:\/\/www.asajacyl.com\/avila\/#\/schema\/person\/51bbd29d94e00aa22d79c7b8c3c404e6","name":"comunicacion","image":{"@type":"ImageObject","inLanguage":"es","@id":"https:\/\/www.asajacyl.com\/avila\/#\/schema\/person\/image\/","url":"https:\/\/secure.gravatar.com\/avatar\/dacd6ac12f2f802c39afce565d232781?s=96&d=mm&r=g","contentUrl":"https:\/\/secure.gravatar.com\/avatar\/dacd6ac12f2f802c39afce565d232781?s=96&d=mm&r=g","caption":"comunicacion"},"url":"https:\/\/www.asajacyl.com\/avila\/author\/comunicacion"}]}},"_links":{"self":[{"href":"https:\/\/www.asajacyl.com\/avila\/wp-json\/wp\/v2\/posts\/6814"}],"collection":[{"href":"https:\/\/www.asajacyl.com\/avila\/wp-json\/wp\/v2\/posts"}],"about":[{"href":"https:\/\/www.asajacyl.com\/avila\/wp-json\/wp\/v2\/types\/post"}],"author":[{"embeddable":true,"href":"https:\/\/www.asajacyl.com\/avila\/wp-json\/wp\/v2\/users\/16"}],"replies":[{"embeddable":true,"href":"https:\/\/www.asajacyl.com\/avila\/wp-json\/wp\/v2\/comments?post=6814"}],"version-history":[{"count":1,"href":"https:\/\/www.asajacyl.com\/avila\/wp-json\/wp\/v2\/posts\/6814\/revisions"}],"predecessor-version":[{"id":6816,"href":"https:\/\/www.asajacyl.com\/avila\/wp-json\/wp\/v2\/posts\/6814\/revisions\/6816"}],"wp:featuredmedia":[{"embeddable":true,"href":"https:\/\/www.asajacyl.com\/avila\/wp-json\/wp\/v2\/media\/794"}],"wp:attachment":[{"href":"https:\/\/www.asajacyl.com\/avila\/wp-json\/wp\/v2\/media?parent=6814"}],"wp:term":[{"taxonomy":"category","embeddable":true,"href":"https:\/\/www.asajacyl.com\/avila\/wp-json\/wp\/v2\/categories?post=6814"},{"taxonomy":"post_tag","embeddable":true,"href":"https:\/\/www.asajacyl.com\/avila\/wp-json\/wp\/v2\/tags?post=6814"}],"curies":[{"name":"wp","href":"https:\/\/api.w.org\/{rel}","templated":true}]}}