{"id":6817,"date":"2026-01-29T12:14:02","date_gmt":"2026-01-29T11:14:02","guid":{"rendered":"https:\/\/www.asajacyl.com\/avila\/?p=6817"},"modified":"2026-01-29T12:14:04","modified_gmt":"2026-01-29T11:14:04","slug":"el-campo-se-moviliza-en-avila-con-una-tractorada-el-30-de-enero-contra-la-competencia-desleal-la-burocracia-y-los-acuerdos-comerciales-injustos","status":"publish","type":"post","link":"https:\/\/www.asajacyl.com\/avila\/asaja-avila-informa\/noticias\/el-campo-se-moviliza-en-avila-con-una-tractorada-el-30-de-enero-contra-la-competencia-desleal-la-burocracia-y-los-acuerdos-comerciales-injustos","title":{"rendered":"EL CAMPO SE MOVILIZA EN \u00c1VILA CON UNA TRACTORADA EL 30 DE ENERO CONTRA LA COMPETENCIA DESLEAL, LA BUROCRACIA Y LOS ACUERDOS COMERCIALES INJUSTOS"},"content":{"rendered":"Agricultores y ganaderos de la provincia de \u00c1vila saldr\u00e1n a la calle el pr\u00f3ximo viernes, 30 de enero, con una tractorada que comenzar\u00e1 a las 11:00 horas y partir\u00e1 desde San Vicente para recorrer varias calles de la ciudad hasta finalizar frente a la Subdelegaci\u00f3n del Gobierno, con el fin de exigir a las administraciones y a la Uni\u00f3n Europea reglas justas, reciprocidad y respeto al sector primario.<br \/>Esta movilizaci\u00f3n se enmarca en las protestas que se est\u00e1n desarrollando en Espa\u00f1a desde el lunes 26 y se mantendr\u00e1n hasta el 30 de enero, con el jueves 29 como jornada central, en defensa del futuro del campo y de la alimentaci\u00f3n europea. <br \/>La Alianza UPA-COAG, ASAJA y UCCL impulsan en \u00c1vila estas movilizaciones frente al acuerdo UE-Mercosur, por la falta de garant\u00edas presupuestarias, el incremento inasumible de los costes de producci\u00f3n y una burocracia asfixiante que pone en jaque al sector y acaba repercutiendo directamente en los consumidores.<br \/>Las movilizaciones del campo no son un gesto contra Europa ni contra el comercio internacional. Son una llamada firme, clara y leg\u00edtima para denunciar que no se puede legislar de espaldas a agricultores y ganaderos, ni convertirlos en la variable de ajuste de decisiones pol\u00edticas, comerciales o geopol\u00edticas que siempre acaban pagando los mismos.<br \/>Uno de los principales motivos de esta movilizaci\u00f3n es el rechazo frontal al acuerdo con Mercosur, un ejemplo claro de comercio sin reciprocidad. La entrada de productos agr\u00edcolas y ganaderos procedentes de terceros pa\u00edses, producidos bajo normas sanitarias, fitosanitarias, laborales y medioambientales mucho m\u00e1s laxas que las exigidas en Europa, supone una competencia desleal inasumible. Eso no es libre comercio: es poner en riesgo la viabilidad del campo europeo y la seguridad alimentaria de los consumidores.<br \/>El sector no se opone a los acuerdos comerciales, al contrario: s\u00ed a los acuerdos, pero con condiciones justas. El reciente acuerdo con India demuestra que otra pol\u00edtica comercial es posible cuando se escuchan las demandas del sector: los productos m\u00e1s sensibles han quedado fuera gracias a la presi\u00f3n de agricultores y ganaderos. Ese es el camino, abrir mercados sin sacrificar sectores estrat\u00e9gicos.<br \/>Los agricultores y ganaderos exigen adem\u00e1s reciprocidad real y controles eficaces en frontera. No es aceptable que se proh\u00edban sustancias y pr\u00e1cticas a los productores europeos mientras se permiten en productos importados. Las mismas reglas deben aplicarse a todos, con controles reales, no simb\u00f3licos.<br \/>A todo ello se suma una burocracia asfixiante, que obliga al agricultor europeo a pasar m\u00e1s tiempo entre papeles que trabajando en el campo. Normas complejas, cambios constantes y exigencias alejadas de la realidad productiva est\u00e1n poniendo en riesgo miles de explotaciones, por lo que exigimos menos burocracia y m\u00e1s sentido com\u00fan.<br \/>Por supuesto, defendemos y exigimos un presupuesto agrario sin recortes, en t\u00e9rminos constantes, en el Marco Financiero Plurianual de la Uni\u00f3n Europea, por lo que nos oponemos a la propuesta de la PAC 2027-2033, ya que a nuestro parecer no prioriza ni al agricultor ni al ganadero profesional. As\u00ed, defendemos a los dos pilares actuales de la PAC: ayudas directas y desarrollo rural.<br \/>Igualmente, unos costes de producci\u00f3n disparados (como la energ\u00eda, fertilizantes, fitosanitarios, piensos o la mano de obra) hacen inviable la actividad cuando los precios en origen no cubren costes. No se puede hablar de sostenibilidad ni de futuro si no hay rentabilidad.<br \/>El campo tambi\u00e9n denuncia el impacto de la guerra de Ucrania y una globalizaci\u00f3n mal gestionada, que ha alterado mercados y flujos comerciales sin que el sector haya contado con una red de seguridad suficiente, por lo que, una vez m\u00e1s, el golpe lo ha asumido el productor.<br \/>Asimismo, la sanidad animal es una l\u00ednea roja. Europa impone exigencias m\u00e1ximas a sus ganaderos, pero permite la entrada de productos o animales de terceros pa\u00edses sin las mismas garant\u00edas, poniendo en riesgo explotaciones enteras y creemos que la sanidad animal no es negociable.<br \/>No podemos olvidar nuestras exigencias en cuanto a inversiones, para la modernizaci\u00f3n de explotaciones en nuestra provincia, ni la defensa del sector ganadero frente a la fauna salvaje que afecta a nuestro territorio de manera muy especial, como es el caso del lobo, que provoca unas p\u00e9rdidas a los ganaderos de alrededor de 10 millones de euros en Castilla y Le\u00f3n y m\u00e1s de 3 millones en la provincia abulense; sin olvidar el da\u00f1o de otros animales como los jabal\u00edes o plagas de conejos. <br \/>En definitiva, el mensaje del campo es claro: el sector quiere producir, exportar y competir, pero con reglas justas. No pedimos privilegios, sino coherencia, reciprocidad y que Europa escuche al campo porque sin agricultores y ganaderos no hay soberan\u00eda alimentaria, no hay mundo rural y no hay futuro.<br \/>Desde las tres organizaciones pedimos a todo el campo que se una en esta reivindicaci\u00f3n para pedir lo que consideramos equidad, y apelamos al reciente ejemplo ocurrido en Bruselas, relativo a la paralizaci\u00f3n del acuerdo, como demostraci\u00f3n de que la uni\u00f3n e insistencia pueden conseguir los objetivos propuestos.<br \/><br \/><br \/>","protected":false},"excerpt":{"rendered":"<p>Agricultores y ganaderos de la provincia de \u00c1vila saldr\u00e1n a la calle el pr\u00f3ximo viernes, 30 de enero, con una tractorada que comenzar\u00e1 a las 11:00 horas y partir\u00e1 desde San Vicente para recorrer varias calles de la ciudad hasta finalizar frente a la Subdelegaci\u00f3n del Gobierno, con el fin de exigir a las administraciones [&hellip;]<\/p>\n","protected":false},"author":16,"featured_media":6820,"comment_status":"open","ping_status":"open","sticky":true,"template":"","format":"standard","meta":{"footnotes":""},"categories":[8,28,18,1],"tags":[59,79,54,75,71,55,56,72,76,78],"yoast_head":"<!-- This site is optimized with the Yoast SEO plugin v24.5 - https:\/\/yoast.com\/wordpress\/plugins\/seo\/ -->\n<title>EL CAMPO SE MOVILIZA EN \u00c1VILA CON UNA TRACTORADA EL 30 DE ENERO CONTRA LA COMPETENCIA DESLEAL, LA BUROCRACIA Y LOS ACUERDOS COMERCIALES INJUSTOS - ASAJA \u00c1vila<\/title>\n<meta name=\"description\" content=\"Agricultores y ganaderos de la provincia de \u00c1vila saldr\u00e1n a la calle el pr\u00f3ximo viernes, 30 de enero, con una tractorada que comenzar\u00e1 a las 11:00 horas y\" \/>\n<meta name=\"robots\" content=\"index, follow, max-snippet:-1, max-image-preview:large, max-video-preview:-1\" \/>\n<link rel=\"canonical\" href=\"https:\/\/www.asajacyl.com\/avila\/asaja-avila-informa\/noticias\/el-campo-se-moviliza-en-avila-con-una-tractorada-el-30-de-enero-contra-la-competencia-desleal-la-burocracia-y-los-acuerdos-comerciales-injustos\" \/>\n<meta property=\"og:locale\" content=\"es_ES\" \/>\n<meta property=\"og:type\" content=\"article\" \/>\n<meta property=\"og:title\" content=\"EL CAMPO SE MOVILIZA EN \u00c1VILA CON UNA TRACTORADA EL 30 DE ENERO CONTRA LA COMPETENCIA DESLEAL, LA BUROCRACIA Y LOS ACUERDOS COMERCIALES INJUSTOS - ASAJA \u00c1vila\" \/>\n<meta property=\"og:description\" content=\"Agricultores y ganaderos de la provincia de \u00c1vila saldr\u00e1n a la calle el pr\u00f3ximo viernes, 30 de enero, con una tractorada que comenzar\u00e1 a las 11:00 horas y\" \/>\n<meta property=\"og:url\" content=\"https:\/\/www.asajacyl.com\/avila\/asaja-avila-informa\/noticias\/el-campo-se-moviliza-en-avila-con-una-tractorada-el-30-de-enero-contra-la-competencia-desleal-la-burocracia-y-los-acuerdos-comerciales-injustos\" \/>\n<meta property=\"og:site_name\" content=\"ASAJA \u00c1vila\" \/>\n<meta property=\"article:published_time\" content=\"2026-01-29T11:14:02+00:00\" \/>\n<meta property=\"article:modified_time\" content=\"2026-01-29T11:14:04+00:00\" \/>\n<meta property=\"og:image\" content=\"https:\/\/www.asajacyl.com\/avila\/wp-content\/uploads\/sites\/4\/2026\/01\/VALE.jpg\" \/>\n\t<meta property=\"og:image:width\" content=\"1024\" \/>\n\t<meta property=\"og:image:height\" content=\"1536\" \/>\n\t<meta property=\"og:image:type\" content=\"image\/jpeg\" \/>\n<meta name=\"author\" content=\"comunicacion\" \/>\n<meta name=\"twitter:card\" content=\"summary_large_image\" \/>\n<meta name=\"twitter:label1\" content=\"Escrito por\" \/>\n\t<meta name=\"twitter:data1\" content=\"comunicacion\" \/>\n\t<meta name=\"twitter:label2\" content=\"Tiempo de lectura\" \/>\n\t<meta name=\"twitter:data2\" content=\"4 minutos\" \/>\n<script type=\"application\/ld+json\" class=\"yoast-schema-graph\">{\"@context\":\"https:\/\/schema.org\",\"@graph\":[{\"@type\":\"WebPage\",\"@id\":\"https:\/\/www.asajacyl.com\/avila\/asaja-avila-informa\/noticias\/el-campo-se-moviliza-en-avila-con-una-tractorada-el-30-de-enero-contra-la-competencia-desleal-la-burocracia-y-los-acuerdos-comerciales-injustos\",\"url\":\"https:\/\/www.asajacyl.com\/avila\/asaja-avila-informa\/noticias\/el-campo-se-moviliza-en-avila-con-una-tractorada-el-30-de-enero-contra-la-competencia-desleal-la-burocracia-y-los-acuerdos-comerciales-injustos\",\"name\":\"EL CAMPO SE MOVILIZA EN \u00c1VILA CON UNA TRACTORADA EL 30 DE ENERO CONTRA LA COMPETENCIA DESLEAL, LA BUROCRACIA Y LOS ACUERDOS COMERCIALES INJUSTOS - ASAJA \u00c1vila\",\"isPartOf\":{\"@id\":\"https:\/\/www.asajacyl.com\/avila\/#website\"},\"primaryImageOfPage\":{\"@id\":\"https:\/\/www.asajacyl.com\/avila\/asaja-avila-informa\/noticias\/el-campo-se-moviliza-en-avila-con-una-tractorada-el-30-de-enero-contra-la-competencia-desleal-la-burocracia-y-los-acuerdos-comerciales-injustos#primaryimage\"},\"image\":{\"@id\":\"https:\/\/www.asajacyl.com\/avila\/asaja-avila-informa\/noticias\/el-campo-se-moviliza-en-avila-con-una-tractorada-el-30-de-enero-contra-la-competencia-desleal-la-burocracia-y-los-acuerdos-comerciales-injustos#primaryimage\"},\"thumbnailUrl\":\"https:\/\/www.asajacyl.com\/avila\/wp-content\/uploads\/sites\/4\/2026\/01\/VALE.jpg\",\"datePublished\":\"2026-01-29T11:14:02+00:00\",\"dateModified\":\"2026-01-29T11:14:04+00:00\",\"author\":{\"@id\":\"https:\/\/www.asajacyl.com\/avila\/#\/schema\/person\/51bbd29d94e00aa22d79c7b8c3c404e6\"},\"description\":\"Agricultores y ganaderos de la provincia de \u00c1vila saldr\u00e1n a la calle el pr\u00f3ximo viernes, 30 de enero, con una tractorada que comenzar\u00e1 a las 11:00 horas y\",\"breadcrumb\":{\"@id\":\"https:\/\/www.asajacyl.com\/avila\/asaja-avila-informa\/noticias\/el-campo-se-moviliza-en-avila-con-una-tractorada-el-30-de-enero-contra-la-competencia-desleal-la-burocracia-y-los-acuerdos-comerciales-injustos#breadcrumb\"},\"inLanguage\":\"es\",\"potentialAction\":[{\"@type\":\"ReadAction\",\"target\":[\"https:\/\/www.asajacyl.com\/avila\/asaja-avila-informa\/noticias\/el-campo-se-moviliza-en-avila-con-una-tractorada-el-30-de-enero-contra-la-competencia-desleal-la-burocracia-y-los-acuerdos-comerciales-injustos\"]}]},{\"@type\":\"ImageObject\",\"inLanguage\":\"es\",\"@id\":\"https:\/\/www.asajacyl.com\/avila\/asaja-avila-informa\/noticias\/el-campo-se-moviliza-en-avila-con-una-tractorada-el-30-de-enero-contra-la-competencia-desleal-la-burocracia-y-los-acuerdos-comerciales-injustos#primaryimage\",\"url\":\"https:\/\/www.asajacyl.com\/avila\/wp-content\/uploads\/sites\/4\/2026\/01\/VALE.jpg\",\"contentUrl\":\"https:\/\/www.asajacyl.com\/avila\/wp-content\/uploads\/sites\/4\/2026\/01\/VALE.jpg\",\"width\":1024,\"height\":1536},{\"@type\":\"BreadcrumbList\",\"@id\":\"https:\/\/www.asajacyl.com\/avila\/asaja-avila-informa\/noticias\/el-campo-se-moviliza-en-avila-con-una-tractorada-el-30-de-enero-contra-la-competencia-desleal-la-burocracia-y-los-acuerdos-comerciales-injustos#breadcrumb\",\"itemListElement\":[{\"@type\":\"ListItem\",\"position\":1,\"name\":\"Portada\",\"item\":\"https:\/\/www.asajacyl.com\/avila\/\"},{\"@type\":\"ListItem\",\"position\":2,\"name\":\"EL CAMPO SE MOVILIZA EN \u00c1VILA CON UNA TRACTORADA EL 30 DE ENERO CONTRA LA COMPETENCIA DESLEAL, LA BUROCRACIA Y LOS ACUERDOS COMERCIALES INJUSTOS\"}]},{\"@type\":\"WebSite\",\"@id\":\"https:\/\/www.asajacyl.com\/avila\/#website\",\"url\":\"https:\/\/www.asajacyl.com\/avila\/\",\"name\":\"ASAJA \u00c1vila\",\"description\":\"Otro sitio m\u00e1s de Provincias ASAJA Castilla y Le\u00f3n\",\"potentialAction\":[{\"@type\":\"SearchAction\",\"target\":{\"@type\":\"EntryPoint\",\"urlTemplate\":\"https:\/\/www.asajacyl.com\/avila\/?s={search_term_string}\"},\"query-input\":{\"@type\":\"PropertyValueSpecification\",\"valueRequired\":true,\"valueName\":\"search_term_string\"}}],\"inLanguage\":\"es\"},{\"@type\":\"Person\",\"@id\":\"https:\/\/www.asajacyl.com\/avila\/#\/schema\/person\/51bbd29d94e00aa22d79c7b8c3c404e6\",\"name\":\"comunicacion\",\"image\":{\"@type\":\"ImageObject\",\"inLanguage\":\"es\",\"@id\":\"https:\/\/www.asajacyl.com\/avila\/#\/schema\/person\/image\/\",\"url\":\"https:\/\/secure.gravatar.com\/avatar\/dacd6ac12f2f802c39afce565d232781?s=96&d=mm&r=g\",\"contentUrl\":\"https:\/\/secure.gravatar.com\/avatar\/dacd6ac12f2f802c39afce565d232781?s=96&d=mm&r=g\",\"caption\":\"comunicacion\"},\"url\":\"https:\/\/www.asajacyl.com\/avila\/author\/comunicacion\"}]}<\/script>\n<!-- \/ Yoast SEO plugin. -->","yoast_head_json":{"title":"EL CAMPO SE MOVILIZA EN \u00c1VILA CON UNA TRACTORADA EL 30 DE ENERO CONTRA LA COMPETENCIA DESLEAL, LA BUROCRACIA Y LOS ACUERDOS COMERCIALES INJUSTOS - ASAJA \u00c1vila","description":"Agricultores y ganaderos de la provincia de \u00c1vila saldr\u00e1n a la calle el pr\u00f3ximo viernes, 30 de enero, con una tractorada que comenzar\u00e1 a las 11:00 horas y","robots":{"index":"index","follow":"follow","max-snippet":"max-snippet:-1","max-image-preview":"max-image-preview:large","max-video-preview":"max-video-preview:-1"},"canonical":"https:\/\/www.asajacyl.com\/avila\/asaja-avila-informa\/noticias\/el-campo-se-moviliza-en-avila-con-una-tractorada-el-30-de-enero-contra-la-competencia-desleal-la-burocracia-y-los-acuerdos-comerciales-injustos","og_locale":"es_ES","og_type":"article","og_title":"EL CAMPO SE MOVILIZA EN \u00c1VILA CON UNA TRACTORADA EL 30 DE ENERO CONTRA LA COMPETENCIA DESLEAL, LA BUROCRACIA Y LOS ACUERDOS COMERCIALES INJUSTOS - ASAJA \u00c1vila","og_description":"Agricultores y ganaderos de la provincia de \u00c1vila saldr\u00e1n a la calle el pr\u00f3ximo viernes, 30 de enero, con una tractorada que comenzar\u00e1 a las 11:00 horas y","og_url":"https:\/\/www.asajacyl.com\/avila\/asaja-avila-informa\/noticias\/el-campo-se-moviliza-en-avila-con-una-tractorada-el-30-de-enero-contra-la-competencia-desleal-la-burocracia-y-los-acuerdos-comerciales-injustos","og_site_name":"ASAJA \u00c1vila","article_published_time":"2026-01-29T11:14:02+00:00","article_modified_time":"2026-01-29T11:14:04+00:00","og_image":[{"width":1024,"height":1536,"url":"https:\/\/www.asajacyl.com\/avila\/wp-content\/uploads\/sites\/4\/2026\/01\/VALE.jpg","type":"image\/jpeg"}],"author":"comunicacion","twitter_card":"summary_large_image","twitter_misc":{"Escrito por":"comunicacion","Tiempo de lectura":"4 minutos"},"schema":{"@context":"https:\/\/schema.org","@graph":[{"@type":"WebPage","@id":"https:\/\/www.asajacyl.com\/avila\/asaja-avila-informa\/noticias\/el-campo-se-moviliza-en-avila-con-una-tractorada-el-30-de-enero-contra-la-competencia-desleal-la-burocracia-y-los-acuerdos-comerciales-injustos","url":"https:\/\/www.asajacyl.com\/avila\/asaja-avila-informa\/noticias\/el-campo-se-moviliza-en-avila-con-una-tractorada-el-30-de-enero-contra-la-competencia-desleal-la-burocracia-y-los-acuerdos-comerciales-injustos","name":"EL CAMPO SE MOVILIZA EN \u00c1VILA CON UNA TRACTORADA EL 30 DE ENERO CONTRA LA COMPETENCIA DESLEAL, LA BUROCRACIA Y LOS ACUERDOS COMERCIALES INJUSTOS - ASAJA \u00c1vila","isPartOf":{"@id":"https:\/\/www.asajacyl.com\/avila\/#website"},"primaryImageOfPage":{"@id":"https:\/\/www.asajacyl.com\/avila\/asaja-avila-informa\/noticias\/el-campo-se-moviliza-en-avila-con-una-tractorada-el-30-de-enero-contra-la-competencia-desleal-la-burocracia-y-los-acuerdos-comerciales-injustos#primaryimage"},"image":{"@id":"https:\/\/www.asajacyl.com\/avila\/asaja-avila-informa\/noticias\/el-campo-se-moviliza-en-avila-con-una-tractorada-el-30-de-enero-contra-la-competencia-desleal-la-burocracia-y-los-acuerdos-comerciales-injustos#primaryimage"},"thumbnailUrl":"https:\/\/www.asajacyl.com\/avila\/wp-content\/uploads\/sites\/4\/2026\/01\/VALE.jpg","datePublished":"2026-01-29T11:14:02+00:00","dateModified":"2026-01-29T11:14:04+00:00","author":{"@id":"https:\/\/www.asajacyl.com\/avila\/#\/schema\/person\/51bbd29d94e00aa22d79c7b8c3c404e6"},"description":"Agricultores y ganaderos de la provincia de \u00c1vila saldr\u00e1n a la calle el pr\u00f3ximo viernes, 30 de enero, con una tractorada que comenzar\u00e1 a las 11:00 horas y","breadcrumb":{"@id":"https:\/\/www.asajacyl.com\/avila\/asaja-avila-informa\/noticias\/el-campo-se-moviliza-en-avila-con-una-tractorada-el-30-de-enero-contra-la-competencia-desleal-la-burocracia-y-los-acuerdos-comerciales-injustos#breadcrumb"},"inLanguage":"es","potentialAction":[{"@type":"ReadAction","target":["https:\/\/www.asajacyl.com\/avila\/asaja-avila-informa\/noticias\/el-campo-se-moviliza-en-avila-con-una-tractorada-el-30-de-enero-contra-la-competencia-desleal-la-burocracia-y-los-acuerdos-comerciales-injustos"]}]},{"@type":"ImageObject","inLanguage":"es","@id":"https:\/\/www.asajacyl.com\/avila\/asaja-avila-informa\/noticias\/el-campo-se-moviliza-en-avila-con-una-tractorada-el-30-de-enero-contra-la-competencia-desleal-la-burocracia-y-los-acuerdos-comerciales-injustos#primaryimage","url":"https:\/\/www.asajacyl.com\/avila\/wp-content\/uploads\/sites\/4\/2026\/01\/VALE.jpg","contentUrl":"https:\/\/www.asajacyl.com\/avila\/wp-content\/uploads\/sites\/4\/2026\/01\/VALE.jpg","width":1024,"height":1536},{"@type":"BreadcrumbList","@id":"https:\/\/www.asajacyl.com\/avila\/asaja-avila-informa\/noticias\/el-campo-se-moviliza-en-avila-con-una-tractorada-el-30-de-enero-contra-la-competencia-desleal-la-burocracia-y-los-acuerdos-comerciales-injustos#breadcrumb","itemListElement":[{"@type":"ListItem","position":1,"name":"Portada","item":"https:\/\/www.asajacyl.com\/avila\/"},{"@type":"ListItem","position":2,"name":"EL CAMPO SE MOVILIZA EN \u00c1VILA CON UNA TRACTORADA EL 30 DE ENERO CONTRA LA COMPETENCIA DESLEAL, LA BUROCRACIA Y LOS ACUERDOS COMERCIALES INJUSTOS"}]},{"@type":"WebSite","@id":"https:\/\/www.asajacyl.com\/avila\/#website","url":"https:\/\/www.asajacyl.com\/avila\/","name":"ASAJA \u00c1vila","description":"Otro sitio m\u00e1s de Provincias ASAJA Castilla y Le\u00f3n","potentialAction":[{"@type":"SearchAction","target":{"@type":"EntryPoint","urlTemplate":"https:\/\/www.asajacyl.com\/avila\/?s={search_term_string}"},"query-input":{"@type":"PropertyValueSpecification","valueRequired":true,"valueName":"search_term_string"}}],"inLanguage":"es"},{"@type":"Person","@id":"https:\/\/www.asajacyl.com\/avila\/#\/schema\/person\/51bbd29d94e00aa22d79c7b8c3c404e6","name":"comunicacion","image":{"@type":"ImageObject","inLanguage":"es","@id":"https:\/\/www.asajacyl.com\/avila\/#\/schema\/person\/image\/","url":"https:\/\/secure.gravatar.com\/avatar\/dacd6ac12f2f802c39afce565d232781?s=96&d=mm&r=g","contentUrl":"https:\/\/secure.gravatar.com\/avatar\/dacd6ac12f2f802c39afce565d232781?s=96&d=mm&r=g","caption":"comunicacion"},"url":"https:\/\/www.asajacyl.com\/avila\/author\/comunicacion"}]}},"_links":{"self":[{"href":"https:\/\/www.asajacyl.com\/avila\/wp-json\/wp\/v2\/posts\/6817"}],"collection":[{"href":"https:\/\/www.asajacyl.com\/avila\/wp-json\/wp\/v2\/posts"}],"about":[{"href":"https:\/\/www.asajacyl.com\/avila\/wp-json\/wp\/v2\/types\/post"}],"author":[{"embeddable":true,"href":"https:\/\/www.asajacyl.com\/avila\/wp-json\/wp\/v2\/users\/16"}],"replies":[{"embeddable":true,"href":"https:\/\/www.asajacyl.com\/avila\/wp-json\/wp\/v2\/comments?post=6817"}],"version-history":[{"count":1,"href":"https:\/\/www.asajacyl.com\/avila\/wp-json\/wp\/v2\/posts\/6817\/revisions"}],"predecessor-version":[{"id":6818,"href":"https:\/\/www.asajacyl.com\/avila\/wp-json\/wp\/v2\/posts\/6817\/revisions\/6818"}],"wp:featuredmedia":[{"embeddable":true,"href":"https:\/\/www.asajacyl.com\/avila\/wp-json\/wp\/v2\/media\/6820"}],"wp:attachment":[{"href":"https:\/\/www.asajacyl.com\/avila\/wp-json\/wp\/v2\/media?parent=6817"}],"wp:term":[{"taxonomy":"category","embeddable":true,"href":"https:\/\/www.asajacyl.com\/avila\/wp-json\/wp\/v2\/categories?post=6817"},{"taxonomy":"post_tag","embeddable":true,"href":"https:\/\/www.asajacyl.com\/avila\/wp-json\/wp\/v2\/tags?post=6817"}],"curies":[{"name":"wp","href":"https:\/\/api.w.org\/{rel}","templated":true}]}}