{"id":6984,"date":"2026-02-10T11:17:47","date_gmt":"2026-02-10T10:17:47","guid":{"rendered":"https:\/\/www.asajacyl.com\/avila\/?p=6984"},"modified":"2026-02-10T11:17:50","modified_gmt":"2026-02-10T10:17:50","slug":"las-lluvias-alivian-los-embalses-pero-agravan-los-danos-en-el-campo-y-los-cultivos","status":"publish","type":"post","link":"https:\/\/www.asajacyl.com\/avila\/asaja-avila-informa\/las-lluvias-alivian-los-embalses-pero-agravan-los-danos-en-el-campo-y-los-cultivos","title":{"rendered":"LAS LLUVIAS ALIVIAN LOS EMBALSES, PERO AGRAVAN LOS DA\u00d1OS EN EL CAMPO Y LOS CULTIVOS"},"content":{"rendered":"\n<p><strong>\u00c1vila, 10 de febrero de 2026<\/strong><\/p>\n\n\n\n<p>Las intensas lluvias registradas en las \u00faltimas semanas suponen una noticia positiva para la situaci\u00f3n h\u00eddrica, ya que los embalses garantizan las reservas de agua de los pr\u00f3ximos meses, pero esta mejora contrasta con la grave afecci\u00f3n que el exceso de agua est\u00e1 provocando en el campo y en numerosos cultivos.<\/p>\n\n\n\n<p>En el caso de los cultivos herb\u00e1ceos de secano, principalmente cereales, la situaci\u00f3n es especialmente preocupante, ya que, en numerosas parcelas, sobre todo en zonas bajas, los terrenos se encuentran encharcados o completamente anegados, con acumulaciones de agua que est\u00e1n provocando ya asfixia radicular \u2013que es el ahogamiento de las ra\u00edces de las plantas causado por la falta de ox\u00edgeno en el suelo- y pudrici\u00f3n de ra\u00edces. Como consecuencia, hay superficies que previsiblemente se perder\u00e1n total o parcialmente.<\/p>\n\n\n\n<p>Adem\u00e1s, el exceso de humedad est\u00e1 impidiendo realizar en plazo las labores agr\u00edcolas propias de esta \u00e9poca del a\u00f1o, al no poder acceder a las parcelas para efectuar trabajos fundamentales como el abonado, la aplicaci\u00f3n de herbicidas o la fertilizaci\u00f3n, necesario para el correcto desarrollo de los cultivos.<\/p>\n\n\n\n<p>El problema no es solo la lluvia que ha ca\u00eddo estos d\u00edas y continuar\u00e1 cayendo en los siguientes, sino el tiempo que tardar\u00e1n los terrenos en orear y permitir la entrada de maquinaria, lo que podr\u00eda prolongar las dificultades varias semanas m\u00e1s.<\/p>\n\n\n\n<p>A esta situaci\u00f3n se suma la problem\u00e1tica de los cultivos de regad\u00edo, donde las consecuencias afectan tanto a la campa\u00f1a actual como a la anterior. En \u00c1vila existen todav\u00eda parcelas de patata sin poder recolectar de la campa\u00f1a pasada, debido a las adversas condiciones climatol\u00f3gicas y de mercado sufridas durante el invierno y, ahora, a la imposibilidad de acceder a las fincas por el exceso de agua. Estas patatas permanecen a\u00fan en tierra, con el consiguiente riesgo de p\u00e9rdida.<\/p>\n\n\n\n<p>La situaci\u00f3n es similar en el caso de la remolacha, donde incluso la cooperativa ACOR se ha visto obligada a cerrar al no poder los agricultores trabajar en las parcelas que contin\u00faan sin recolectar; y es que las lluvias han hecho imposible el acceso a los terrenos para sacar la ra\u00edz, agravando una situaci\u00f3n ya muy complicada para los productores.<\/p>\n\n\n\n<p>De cara a la campa\u00f1a de 2026, las dificultades podr\u00edan hacerse m\u00e1s presentes, puesto que en estas fechas ya deber\u00edan estar realiz\u00e1ndose las labores de preparaci\u00f3n del terreno para la siembra de remolacha y cebolla, y m\u00e1s adelante patata. Sin embargo, el exceso de humedad impide cualquier actuaci\u00f3n, lo que puede provocar que se solapen dos campa\u00f1as, con cultivos sin recolectar del a\u00f1o anterior y siembras que no pueden iniciarse en la actual.<\/p>\n\n\n\n<p>Este escenario se ve agravado por el hecho de que la campa\u00f1a pasada ya fue an\u00f3mala. El exceso de lluvias en primavera oblig\u00f3 a sembrar tarde los cultivos de regad\u00edo, reduciendo rendimientos y retrasando cosechas, lo que explica que ahora muchos cultivos hayan quedado atrapados por las lluvias y no hayan podido recogerse.<\/p>\n\n\n\n<p>Todo ello se produce en un contexto de elevados costes de producci\u00f3n, precios bajos en origen y una creciente presi\u00f3n econ\u00f3mica sobre las explotaciones agrarias, lo que hace que la situaci\u00f3n sea especialmente cr\u00edtica para agricultores y ganaderos.<\/p>\n\n\n\n<p>Ante este panorama, desde ASAJA \u00c1vila reclamamos a las administraciones una flexibilizaci\u00f3n m\u00e1xima de la Pol\u00edtica Agraria Com\u00fan (PAC), en particular, se pide flexibilidad en el cumplimiento de los ecorreg\u00edmenes, la diversificaci\u00f3n de cultivos y el resto de compromisos exigidos, para evitar penalizaciones injustas y garantizar que los agricultores puedan percibir \u00edntegramente las ayudas.<\/p>\n\n\n\n<p>Asimismo, insistimos en la necesidad de actuaciones de limpieza y mantenimiento de cauces y r\u00edos, una reivindicaci\u00f3n hist\u00f3rica del sector, ya que la falta de estas labores incrementa el riesgo de inundaciones y multiplica los da\u00f1os en las zonas agr\u00edcolas colindantes.<\/p>\n\n\n\n<p>Igualmente, pedimos a la Junta de Castilla y Le\u00f3n y al Ministerio de Agricultura que estudien la puesta en marcha de medidas de apoyo y ayudas espec\u00edficas para paliar las p\u00e9rdidas derivadas de esta situaci\u00f3n excepcional, que est\u00e1 agravando a\u00fan m\u00e1s la delicada situaci\u00f3n del sector agrario en la provincia.<\/p>\n\n\n\n<p>Desde ASAJA \u00c1vila valoramos positivamente la recuperaci\u00f3n de los recursos h\u00eddricos, pero advertimos de que el campo no puede ser el gran perjudicado de episodios meteorol\u00f3gicos extremos cada vez m\u00e1s frecuentes. Por ello, pedimos sensibilidad, soluciones \u00e1giles y respuestas concretas ante una realidad que amenaza la viabilidad de muchas explotaciones.<\/p>\n","protected":false},"excerpt":{"rendered":"<p>\u00c1vila, 10 de febrero de 2026 Las intensas lluvias registradas en las \u00faltimas semanas suponen una noticia positiva para la situaci\u00f3n h\u00eddrica, ya que los embalses garantizan las reservas de agua de los pr\u00f3ximos meses, pero esta mejora contrasta con la grave afecci\u00f3n que el exceso de agua est\u00e1 provocando en el campo y en [&hellip;]<\/p>\n","protected":false},"author":16,"featured_media":6985,"comment_status":"open","ping_status":"open","sticky":false,"template":"","format":"standard","meta":{"footnotes":""},"categories":[8,28,18],"tags":[59,63,83,53,54,71,55,56,72,3],"yoast_head":"<!-- This site is optimized with the Yoast SEO plugin v24.5 - https:\/\/yoast.com\/wordpress\/plugins\/seo\/ -->\n<title>LAS LLUVIAS ALIVIAN LOS EMBALSES, PERO AGRAVAN LOS DA\u00d1OS EN EL CAMPO Y LOS CULTIVOS - ASAJA \u00c1vila<\/title>\n<meta name=\"description\" content=\"\u00c1vila, 10 de febrero de 2026 Las intensas lluvias registradas en las \u00faltimas semanas suponen una noticia positiva para la situaci\u00f3n h\u00eddrica, ya que los\" \/>\n<meta name=\"robots\" content=\"index, follow, max-snippet:-1, max-image-preview:large, max-video-preview:-1\" \/>\n<link rel=\"canonical\" href=\"https:\/\/www.asajacyl.com\/avila\/asaja-avila-informa\/las-lluvias-alivian-los-embalses-pero-agravan-los-danos-en-el-campo-y-los-cultivos\" \/>\n<meta property=\"og:locale\" content=\"es_ES\" \/>\n<meta property=\"og:type\" content=\"article\" \/>\n<meta property=\"og:title\" content=\"LAS LLUVIAS ALIVIAN LOS EMBALSES, PERO AGRAVAN LOS DA\u00d1OS EN EL CAMPO Y LOS CULTIVOS - ASAJA \u00c1vila\" \/>\n<meta property=\"og:description\" content=\"\u00c1vila, 10 de febrero de 2026 Las intensas lluvias registradas en las \u00faltimas semanas suponen una noticia positiva para la situaci\u00f3n h\u00eddrica, ya que los\" \/>\n<meta property=\"og:url\" content=\"https:\/\/www.asajacyl.com\/avila\/asaja-avila-informa\/las-lluvias-alivian-los-embalses-pero-agravan-los-danos-en-el-campo-y-los-cultivos\" \/>\n<meta property=\"og:site_name\" content=\"ASAJA \u00c1vila\" \/>\n<meta property=\"article:published_time\" content=\"2026-02-10T10:17:47+00:00\" \/>\n<meta property=\"article:modified_time\" content=\"2026-02-10T10:17:50+00:00\" \/>\n<meta property=\"og:image\" content=\"https:\/\/www.asajacyl.com\/avila\/wp-content\/uploads\/sites\/4\/2026\/02\/campos-anegados.jpeg\" \/>\n\t<meta property=\"og:image:width\" content=\"2040\" \/>\n\t<meta property=\"og:image:height\" content=\"916\" \/>\n\t<meta property=\"og:image:type\" content=\"image\/jpeg\" \/>\n<meta name=\"author\" content=\"comunicacion\" \/>\n<meta name=\"twitter:card\" content=\"summary_large_image\" \/>\n<meta name=\"twitter:label1\" content=\"Escrito por\" \/>\n\t<meta name=\"twitter:data1\" content=\"comunicacion\" \/>\n\t<meta name=\"twitter:label2\" content=\"Tiempo de lectura\" \/>\n\t<meta name=\"twitter:data2\" content=\"4 minutos\" \/>\n<script type=\"application\/ld+json\" class=\"yoast-schema-graph\">{\"@context\":\"https:\/\/schema.org\",\"@graph\":[{\"@type\":\"WebPage\",\"@id\":\"https:\/\/www.asajacyl.com\/avila\/asaja-avila-informa\/las-lluvias-alivian-los-embalses-pero-agravan-los-danos-en-el-campo-y-los-cultivos\",\"url\":\"https:\/\/www.asajacyl.com\/avila\/asaja-avila-informa\/las-lluvias-alivian-los-embalses-pero-agravan-los-danos-en-el-campo-y-los-cultivos\",\"name\":\"LAS LLUVIAS ALIVIAN LOS EMBALSES, PERO AGRAVAN LOS DA\u00d1OS EN EL CAMPO Y LOS CULTIVOS - ASAJA \u00c1vila\",\"isPartOf\":{\"@id\":\"https:\/\/www.asajacyl.com\/avila\/#website\"},\"primaryImageOfPage\":{\"@id\":\"https:\/\/www.asajacyl.com\/avila\/asaja-avila-informa\/las-lluvias-alivian-los-embalses-pero-agravan-los-danos-en-el-campo-y-los-cultivos#primaryimage\"},\"image\":{\"@id\":\"https:\/\/www.asajacyl.com\/avila\/asaja-avila-informa\/las-lluvias-alivian-los-embalses-pero-agravan-los-danos-en-el-campo-y-los-cultivos#primaryimage\"},\"thumbnailUrl\":\"https:\/\/www.asajacyl.com\/avila\/wp-content\/uploads\/sites\/4\/2026\/02\/campos-anegados.jpeg\",\"datePublished\":\"2026-02-10T10:17:47+00:00\",\"dateModified\":\"2026-02-10T10:17:50+00:00\",\"author\":{\"@id\":\"https:\/\/www.asajacyl.com\/avila\/#\/schema\/person\/51bbd29d94e00aa22d79c7b8c3c404e6\"},\"description\":\"\u00c1vila, 10 de febrero de 2026 Las intensas lluvias registradas en las \u00faltimas semanas suponen una noticia positiva para la situaci\u00f3n h\u00eddrica, ya que los\",\"breadcrumb\":{\"@id\":\"https:\/\/www.asajacyl.com\/avila\/asaja-avila-informa\/las-lluvias-alivian-los-embalses-pero-agravan-los-danos-en-el-campo-y-los-cultivos#breadcrumb\"},\"inLanguage\":\"es\",\"potentialAction\":[{\"@type\":\"ReadAction\",\"target\":[\"https:\/\/www.asajacyl.com\/avila\/asaja-avila-informa\/las-lluvias-alivian-los-embalses-pero-agravan-los-danos-en-el-campo-y-los-cultivos\"]}]},{\"@type\":\"ImageObject\",\"inLanguage\":\"es\",\"@id\":\"https:\/\/www.asajacyl.com\/avila\/asaja-avila-informa\/las-lluvias-alivian-los-embalses-pero-agravan-los-danos-en-el-campo-y-los-cultivos#primaryimage\",\"url\":\"https:\/\/www.asajacyl.com\/avila\/wp-content\/uploads\/sites\/4\/2026\/02\/campos-anegados.jpeg\",\"contentUrl\":\"https:\/\/www.asajacyl.com\/avila\/wp-content\/uploads\/sites\/4\/2026\/02\/campos-anegados.jpeg\",\"width\":2040,\"height\":916},{\"@type\":\"BreadcrumbList\",\"@id\":\"https:\/\/www.asajacyl.com\/avila\/asaja-avila-informa\/las-lluvias-alivian-los-embalses-pero-agravan-los-danos-en-el-campo-y-los-cultivos#breadcrumb\",\"itemListElement\":[{\"@type\":\"ListItem\",\"position\":1,\"name\":\"Portada\",\"item\":\"https:\/\/www.asajacyl.com\/avila\/\"},{\"@type\":\"ListItem\",\"position\":2,\"name\":\"LAS LLUVIAS ALIVIAN LOS EMBALSES, PERO AGRAVAN LOS DA\u00d1OS EN EL CAMPO Y LOS CULTIVOS\"}]},{\"@type\":\"WebSite\",\"@id\":\"https:\/\/www.asajacyl.com\/avila\/#website\",\"url\":\"https:\/\/www.asajacyl.com\/avila\/\",\"name\":\"ASAJA \u00c1vila\",\"description\":\"Otro sitio m\u00e1s de Provincias ASAJA Castilla y Le\u00f3n\",\"potentialAction\":[{\"@type\":\"SearchAction\",\"target\":{\"@type\":\"EntryPoint\",\"urlTemplate\":\"https:\/\/www.asajacyl.com\/avila\/?s={search_term_string}\"},\"query-input\":{\"@type\":\"PropertyValueSpecification\",\"valueRequired\":true,\"valueName\":\"search_term_string\"}}],\"inLanguage\":\"es\"},{\"@type\":\"Person\",\"@id\":\"https:\/\/www.asajacyl.com\/avila\/#\/schema\/person\/51bbd29d94e00aa22d79c7b8c3c404e6\",\"name\":\"comunicacion\",\"image\":{\"@type\":\"ImageObject\",\"inLanguage\":\"es\",\"@id\":\"https:\/\/www.asajacyl.com\/avila\/#\/schema\/person\/image\/\",\"url\":\"https:\/\/secure.gravatar.com\/avatar\/dacd6ac12f2f802c39afce565d232781?s=96&d=mm&r=g\",\"contentUrl\":\"https:\/\/secure.gravatar.com\/avatar\/dacd6ac12f2f802c39afce565d232781?s=96&d=mm&r=g\",\"caption\":\"comunicacion\"},\"url\":\"https:\/\/www.asajacyl.com\/avila\/author\/comunicacion\"}]}<\/script>\n<!-- \/ Yoast SEO plugin. -->","yoast_head_json":{"title":"LAS LLUVIAS ALIVIAN LOS EMBALSES, PERO AGRAVAN LOS DA\u00d1OS EN EL CAMPO Y LOS CULTIVOS - ASAJA \u00c1vila","description":"\u00c1vila, 10 de febrero de 2026 Las intensas lluvias registradas en las \u00faltimas semanas suponen una noticia positiva para la situaci\u00f3n h\u00eddrica, ya que los","robots":{"index":"index","follow":"follow","max-snippet":"max-snippet:-1","max-image-preview":"max-image-preview:large","max-video-preview":"max-video-preview:-1"},"canonical":"https:\/\/www.asajacyl.com\/avila\/asaja-avila-informa\/las-lluvias-alivian-los-embalses-pero-agravan-los-danos-en-el-campo-y-los-cultivos","og_locale":"es_ES","og_type":"article","og_title":"LAS LLUVIAS ALIVIAN LOS EMBALSES, PERO AGRAVAN LOS DA\u00d1OS EN EL CAMPO Y LOS CULTIVOS - ASAJA \u00c1vila","og_description":"\u00c1vila, 10 de febrero de 2026 Las intensas lluvias registradas en las \u00faltimas semanas suponen una noticia positiva para la situaci\u00f3n h\u00eddrica, ya que los","og_url":"https:\/\/www.asajacyl.com\/avila\/asaja-avila-informa\/las-lluvias-alivian-los-embalses-pero-agravan-los-danos-en-el-campo-y-los-cultivos","og_site_name":"ASAJA \u00c1vila","article_published_time":"2026-02-10T10:17:47+00:00","article_modified_time":"2026-02-10T10:17:50+00:00","og_image":[{"width":2040,"height":916,"url":"https:\/\/www.asajacyl.com\/avila\/wp-content\/uploads\/sites\/4\/2026\/02\/campos-anegados.jpeg","type":"image\/jpeg"}],"author":"comunicacion","twitter_card":"summary_large_image","twitter_misc":{"Escrito por":"comunicacion","Tiempo de lectura":"4 minutos"},"schema":{"@context":"https:\/\/schema.org","@graph":[{"@type":"WebPage","@id":"https:\/\/www.asajacyl.com\/avila\/asaja-avila-informa\/las-lluvias-alivian-los-embalses-pero-agravan-los-danos-en-el-campo-y-los-cultivos","url":"https:\/\/www.asajacyl.com\/avila\/asaja-avila-informa\/las-lluvias-alivian-los-embalses-pero-agravan-los-danos-en-el-campo-y-los-cultivos","name":"LAS LLUVIAS ALIVIAN LOS EMBALSES, PERO AGRAVAN LOS DA\u00d1OS EN EL CAMPO Y LOS CULTIVOS - ASAJA \u00c1vila","isPartOf":{"@id":"https:\/\/www.asajacyl.com\/avila\/#website"},"primaryImageOfPage":{"@id":"https:\/\/www.asajacyl.com\/avila\/asaja-avila-informa\/las-lluvias-alivian-los-embalses-pero-agravan-los-danos-en-el-campo-y-los-cultivos#primaryimage"},"image":{"@id":"https:\/\/www.asajacyl.com\/avila\/asaja-avila-informa\/las-lluvias-alivian-los-embalses-pero-agravan-los-danos-en-el-campo-y-los-cultivos#primaryimage"},"thumbnailUrl":"https:\/\/www.asajacyl.com\/avila\/wp-content\/uploads\/sites\/4\/2026\/02\/campos-anegados.jpeg","datePublished":"2026-02-10T10:17:47+00:00","dateModified":"2026-02-10T10:17:50+00:00","author":{"@id":"https:\/\/www.asajacyl.com\/avila\/#\/schema\/person\/51bbd29d94e00aa22d79c7b8c3c404e6"},"description":"\u00c1vila, 10 de febrero de 2026 Las intensas lluvias registradas en las \u00faltimas semanas suponen una noticia positiva para la situaci\u00f3n h\u00eddrica, ya que los","breadcrumb":{"@id":"https:\/\/www.asajacyl.com\/avila\/asaja-avila-informa\/las-lluvias-alivian-los-embalses-pero-agravan-los-danos-en-el-campo-y-los-cultivos#breadcrumb"},"inLanguage":"es","potentialAction":[{"@type":"ReadAction","target":["https:\/\/www.asajacyl.com\/avila\/asaja-avila-informa\/las-lluvias-alivian-los-embalses-pero-agravan-los-danos-en-el-campo-y-los-cultivos"]}]},{"@type":"ImageObject","inLanguage":"es","@id":"https:\/\/www.asajacyl.com\/avila\/asaja-avila-informa\/las-lluvias-alivian-los-embalses-pero-agravan-los-danos-en-el-campo-y-los-cultivos#primaryimage","url":"https:\/\/www.asajacyl.com\/avila\/wp-content\/uploads\/sites\/4\/2026\/02\/campos-anegados.jpeg","contentUrl":"https:\/\/www.asajacyl.com\/avila\/wp-content\/uploads\/sites\/4\/2026\/02\/campos-anegados.jpeg","width":2040,"height":916},{"@type":"BreadcrumbList","@id":"https:\/\/www.asajacyl.com\/avila\/asaja-avila-informa\/las-lluvias-alivian-los-embalses-pero-agravan-los-danos-en-el-campo-y-los-cultivos#breadcrumb","itemListElement":[{"@type":"ListItem","position":1,"name":"Portada","item":"https:\/\/www.asajacyl.com\/avila\/"},{"@type":"ListItem","position":2,"name":"LAS LLUVIAS ALIVIAN LOS EMBALSES, PERO AGRAVAN LOS DA\u00d1OS EN EL CAMPO Y LOS CULTIVOS"}]},{"@type":"WebSite","@id":"https:\/\/www.asajacyl.com\/avila\/#website","url":"https:\/\/www.asajacyl.com\/avila\/","name":"ASAJA \u00c1vila","description":"Otro sitio m\u00e1s de Provincias ASAJA Castilla y Le\u00f3n","potentialAction":[{"@type":"SearchAction","target":{"@type":"EntryPoint","urlTemplate":"https:\/\/www.asajacyl.com\/avila\/?s={search_term_string}"},"query-input":{"@type":"PropertyValueSpecification","valueRequired":true,"valueName":"search_term_string"}}],"inLanguage":"es"},{"@type":"Person","@id":"https:\/\/www.asajacyl.com\/avila\/#\/schema\/person\/51bbd29d94e00aa22d79c7b8c3c404e6","name":"comunicacion","image":{"@type":"ImageObject","inLanguage":"es","@id":"https:\/\/www.asajacyl.com\/avila\/#\/schema\/person\/image\/","url":"https:\/\/secure.gravatar.com\/avatar\/dacd6ac12f2f802c39afce565d232781?s=96&d=mm&r=g","contentUrl":"https:\/\/secure.gravatar.com\/avatar\/dacd6ac12f2f802c39afce565d232781?s=96&d=mm&r=g","caption":"comunicacion"},"url":"https:\/\/www.asajacyl.com\/avila\/author\/comunicacion"}]}},"_links":{"self":[{"href":"https:\/\/www.asajacyl.com\/avila\/wp-json\/wp\/v2\/posts\/6984"}],"collection":[{"href":"https:\/\/www.asajacyl.com\/avila\/wp-json\/wp\/v2\/posts"}],"about":[{"href":"https:\/\/www.asajacyl.com\/avila\/wp-json\/wp\/v2\/types\/post"}],"author":[{"embeddable":true,"href":"https:\/\/www.asajacyl.com\/avila\/wp-json\/wp\/v2\/users\/16"}],"replies":[{"embeddable":true,"href":"https:\/\/www.asajacyl.com\/avila\/wp-json\/wp\/v2\/comments?post=6984"}],"version-history":[{"count":1,"href":"https:\/\/www.asajacyl.com\/avila\/wp-json\/wp\/v2\/posts\/6984\/revisions"}],"predecessor-version":[{"id":6986,"href":"https:\/\/www.asajacyl.com\/avila\/wp-json\/wp\/v2\/posts\/6984\/revisions\/6986"}],"wp:featuredmedia":[{"embeddable":true,"href":"https:\/\/www.asajacyl.com\/avila\/wp-json\/wp\/v2\/media\/6985"}],"wp:attachment":[{"href":"https:\/\/www.asajacyl.com\/avila\/wp-json\/wp\/v2\/media?parent=6984"}],"wp:term":[{"taxonomy":"category","embeddable":true,"href":"https:\/\/www.asajacyl.com\/avila\/wp-json\/wp\/v2\/categories?post=6984"},{"taxonomy":"post_tag","embeddable":true,"href":"https:\/\/www.asajacyl.com\/avila\/wp-json\/wp\/v2\/tags?post=6984"}],"curies":[{"name":"wp","href":"https:\/\/api.w.org\/{rel}","templated":true}]}}