{"id":6988,"date":"2026-02-17T11:39:38","date_gmt":"2026-02-17T10:39:38","guid":{"rendered":"https:\/\/www.asajacyl.com\/avila\/?p=6988"},"modified":"2026-02-17T11:43:02","modified_gmt":"2026-02-17T10:43:02","slug":"asaja-avila-exige-el-levantamiento-inmediato-de-los-pastos-en-la-provincia-y-transparencia-por-parte-de-la-junta","status":"publish","type":"post","link":"https:\/\/www.asajacyl.com\/avila\/asaja-avila-informa\/asaja-avila-exige-el-levantamiento-inmediato-de-los-pastos-en-la-provincia-y-transparencia-por-parte-de-la-junta","title":{"rendered":"ASAJA \u00c1VILA EXIGE EL LEVANTAMIENTO INMEDIATO DE LOS PASTOS EN LA PROVINCIA Y TRANSPARENCIA POR PARTE DE LA JUNTA"},"content":{"rendered":"\n<p><strong>\u00c1vila, 17 de febrero de 2026<\/strong><\/p>\n\n\n\n<p>Desde ASAJA \u00c1vila exigimos a la Junta de Castilla y Le\u00f3n el levantamiento inmediato del acotamiento de los pastos en la provincia, un compromiso adquirido e incumplido por parte del presidente de la Junta, Alfonso Fern\u00e1ndez Ma\u00f1ueco, y de su consejero de Medio Ambiente, Vivienda y Ordenaci\u00f3n del Territorio, Juan Carlos Su\u00e1rez-Qui\u00f1ones, que ya el 22 de agosto del pasado a\u00f1o, tras presidir en Valladolid una reuni\u00f3n de trabajo con las organizaciones profesionales agrarias, asumi\u00f3 el compromiso de mantener la admisibilidad de esas superficies de pastos a efectos de las ayudas PAC de los a\u00f1os 2026 y siguientes.<\/p>\n\n\n\n<p>Recientemente ya se han levantado los pastos en las provincias de Salamanca, Le\u00f3n y Zamora, y en Le\u00f3n incluso se ha producido un anuncio oficial de su Delegaci\u00f3n Territorial de la Junta de Castilla y Le\u00f3n, reflejado en el Bolet\u00edn Oficial de aquella provincia, del pasado 12 de febrero. Pero en \u00c1vila ni sabemos ni se comunica nada, no existe comunicaci\u00f3n p\u00fablica clara, ni anuncio oficial ni explicaci\u00f3n transparente sobre si en nuestros pastos abulenses va a suceder lo mismo en un futuro cercano, lo que nos provoca una profunda sensaci\u00f3n de agravio.<\/p>\n\n\n\n<p>Si la normativa es la misma en toda Castilla y Le\u00f3n, su aplicaci\u00f3n debe ser homog\u00e9nea. No puede haber provincias de primera y provincias de segunda. No puede haber anuncios p\u00fablicos y transparencia en unas y silencio administrativo en otras. Es de justicia levantar la superficie afectada por los incendios tanto de 2025 como de los \u00faltimos cinco a\u00f1os.<\/p>\n\n\n\n<p>Adem\u00e1s, no es la primera vez que \u00c1vila se encuentra a la cola en decisiones medioambientales que afectan directamente al campo. Una vez m\u00e1s, nuestros ganaderos y agricultores se ven obligados a trabajar en la incertidumbre, sin saber si se les aplicar\u00e1n las mismas medidas que ya se est\u00e1n aplicando en otras provincias.<\/p>\n\n\n\n<p>El art\u00edculo 92 de la&nbsp;Ley 3\/2009 de Montes de Castilla y Le\u00f3n suspende autom\u00e1ticamente durante cinco a\u00f1os los aprovechamientos ganaderos y cineg\u00e9ticos en las zonas afectadas por los incendios, aunque permite a las autoridades de Medio Ambiente su levantamiento. Al suspender el aprovechamiento, esas hect\u00e1reas dejan de ser elegibles para las ayudas de la PAC con las graves p\u00e9rdidas econ\u00f3micas que ello supone. Por tanto, el levantamiento de pastos no es una cuesti\u00f3n menor ni t\u00e9cnica, es una cuesti\u00f3n de supervivencia para muchas explotaciones.<\/p>\n\n\n\n<p>Para la ganader\u00eda extensiva, el levantamiento de la superficie de pastos es clave. Sin superficie admisible suficiente, las explotaciones ven recortados sus ingresos y su viabilidad econ\u00f3mica. La incertidumbre sobre si los pastos se van a levantar o no afecta directamente a la planificaci\u00f3n de la campa\u00f1a y a la seguridad jur\u00eddica de agricultores y ganaderos.<\/p>\n\n\n\n<p>Por tanto, exigimos igualdad y transparencia. Si existe un compromiso pol\u00edtico, debe cumplirse sin discriminaciones territoriales. Si en Salamanca, Le\u00f3n y Zamora se han levantado los pastos, deben levantarse tambi\u00e9n en \u00c1vila de manera inmediata y adem\u00e1s deber\u00eda hacerse de manera transparente y p\u00fablica para que desde las organizaciones agrarias podamos gestionar debidamente esa informaci\u00f3n y hac\u00e9rsela llegar a nuestros agricultores y ganaderos.<\/p>\n\n\n\n<p>El campo abulense merece respeto, claridad y el mismo trato que el resto de provincias.<\/p>\n","protected":false},"excerpt":{"rendered":"<p>\u00c1vila, 17 de febrero de 2026 Desde ASAJA \u00c1vila exigimos a la Junta de Castilla y Le\u00f3n el levantamiento inmediato del acotamiento de los pastos en la provincia, un compromiso adquirido e incumplido por parte del presidente de la Junta, Alfonso Fern\u00e1ndez Ma\u00f1ueco, y de su consejero de Medio Ambiente, Vivienda y Ordenaci\u00f3n del Territorio, [&hellip;]<\/p>\n","protected":false},"author":16,"featured_media":6989,"comment_status":"open","ping_status":"open","sticky":false,"template":"","format":"standard","meta":{"footnotes":""},"categories":[8,28,18],"tags":[59,63,83,53,54,71,55,56,72,3],"yoast_head":"<!-- This site is optimized with the Yoast SEO plugin v24.5 - https:\/\/yoast.com\/wordpress\/plugins\/seo\/ -->\n<title>ASAJA \u00c1VILA EXIGE EL LEVANTAMIENTO INMEDIATO DE LOS PASTOS EN LA PROVINCIA Y TRANSPARENCIA POR PARTE DE LA JUNTA - ASAJA \u00c1vila<\/title>\n<meta name=\"description\" content=\"\u00c1vila, 17 de febrero de 2026 Desde ASAJA \u00c1vila exigimos a la Junta de Castilla y Le\u00f3n el levantamiento inmediato del acotamiento de los pastos en la\" \/>\n<meta name=\"robots\" content=\"index, follow, max-snippet:-1, max-image-preview:large, max-video-preview:-1\" \/>\n<link rel=\"canonical\" href=\"https:\/\/www.asajacyl.com\/avila\/asaja-avila-informa\/asaja-avila-exige-el-levantamiento-inmediato-de-los-pastos-en-la-provincia-y-transparencia-por-parte-de-la-junta\" \/>\n<meta property=\"og:locale\" content=\"es_ES\" \/>\n<meta property=\"og:type\" content=\"article\" \/>\n<meta property=\"og:title\" content=\"ASAJA \u00c1VILA EXIGE EL LEVANTAMIENTO INMEDIATO DE LOS PASTOS EN LA PROVINCIA Y TRANSPARENCIA POR PARTE DE LA JUNTA - ASAJA \u00c1vila\" \/>\n<meta property=\"og:description\" content=\"\u00c1vila, 17 de febrero de 2026 Desde ASAJA \u00c1vila exigimos a la Junta de Castilla y Le\u00f3n el levantamiento inmediato del acotamiento de los pastos en la\" \/>\n<meta property=\"og:url\" content=\"https:\/\/www.asajacyl.com\/avila\/asaja-avila-informa\/asaja-avila-exige-el-levantamiento-inmediato-de-los-pastos-en-la-provincia-y-transparencia-por-parte-de-la-junta\" \/>\n<meta property=\"og:site_name\" content=\"ASAJA \u00c1vila\" \/>\n<meta property=\"article:published_time\" content=\"2026-02-17T10:39:38+00:00\" \/>\n<meta property=\"article:modified_time\" content=\"2026-02-17T10:43:02+00:00\" \/>\n<meta property=\"og:image\" content=\"https:\/\/www.asajacyl.com\/avila\/wp-content\/uploads\/sites\/4\/2026\/02\/Acotacion-incendio-Las-Navas-1.jpeg\" \/>\n\t<meta property=\"og:image:width\" content=\"1600\" \/>\n\t<meta property=\"og:image:height\" content=\"1200\" \/>\n\t<meta property=\"og:image:type\" content=\"image\/jpeg\" \/>\n<meta name=\"author\" content=\"comunicacion\" \/>\n<meta name=\"twitter:card\" content=\"summary_large_image\" \/>\n<meta name=\"twitter:label1\" content=\"Escrito por\" \/>\n\t<meta name=\"twitter:data1\" content=\"comunicacion\" \/>\n\t<meta name=\"twitter:label2\" content=\"Tiempo de lectura\" \/>\n\t<meta name=\"twitter:data2\" content=\"3 minutos\" \/>\n<script type=\"application\/ld+json\" class=\"yoast-schema-graph\">{\"@context\":\"https:\/\/schema.org\",\"@graph\":[{\"@type\":\"WebPage\",\"@id\":\"https:\/\/www.asajacyl.com\/avila\/asaja-avila-informa\/asaja-avila-exige-el-levantamiento-inmediato-de-los-pastos-en-la-provincia-y-transparencia-por-parte-de-la-junta\",\"url\":\"https:\/\/www.asajacyl.com\/avila\/asaja-avila-informa\/asaja-avila-exige-el-levantamiento-inmediato-de-los-pastos-en-la-provincia-y-transparencia-por-parte-de-la-junta\",\"name\":\"ASAJA \u00c1VILA EXIGE EL LEVANTAMIENTO INMEDIATO DE LOS PASTOS EN LA PROVINCIA Y TRANSPARENCIA POR PARTE DE LA JUNTA - ASAJA \u00c1vila\",\"isPartOf\":{\"@id\":\"https:\/\/www.asajacyl.com\/avila\/#website\"},\"primaryImageOfPage\":{\"@id\":\"https:\/\/www.asajacyl.com\/avila\/asaja-avila-informa\/asaja-avila-exige-el-levantamiento-inmediato-de-los-pastos-en-la-provincia-y-transparencia-por-parte-de-la-junta#primaryimage\"},\"image\":{\"@id\":\"https:\/\/www.asajacyl.com\/avila\/asaja-avila-informa\/asaja-avila-exige-el-levantamiento-inmediato-de-los-pastos-en-la-provincia-y-transparencia-por-parte-de-la-junta#primaryimage\"},\"thumbnailUrl\":\"https:\/\/www.asajacyl.com\/avila\/wp-content\/uploads\/sites\/4\/2026\/02\/Acotacion-incendio-Las-Navas-1.jpeg\",\"datePublished\":\"2026-02-17T10:39:38+00:00\",\"dateModified\":\"2026-02-17T10:43:02+00:00\",\"author\":{\"@id\":\"https:\/\/www.asajacyl.com\/avila\/#\/schema\/person\/51bbd29d94e00aa22d79c7b8c3c404e6\"},\"description\":\"\u00c1vila, 17 de febrero de 2026 Desde ASAJA \u00c1vila exigimos a la Junta de Castilla y Le\u00f3n el levantamiento inmediato del acotamiento de los pastos en la\",\"breadcrumb\":{\"@id\":\"https:\/\/www.asajacyl.com\/avila\/asaja-avila-informa\/asaja-avila-exige-el-levantamiento-inmediato-de-los-pastos-en-la-provincia-y-transparencia-por-parte-de-la-junta#breadcrumb\"},\"inLanguage\":\"es\",\"potentialAction\":[{\"@type\":\"ReadAction\",\"target\":[\"https:\/\/www.asajacyl.com\/avila\/asaja-avila-informa\/asaja-avila-exige-el-levantamiento-inmediato-de-los-pastos-en-la-provincia-y-transparencia-por-parte-de-la-junta\"]}]},{\"@type\":\"ImageObject\",\"inLanguage\":\"es\",\"@id\":\"https:\/\/www.asajacyl.com\/avila\/asaja-avila-informa\/asaja-avila-exige-el-levantamiento-inmediato-de-los-pastos-en-la-provincia-y-transparencia-por-parte-de-la-junta#primaryimage\",\"url\":\"https:\/\/www.asajacyl.com\/avila\/wp-content\/uploads\/sites\/4\/2026\/02\/Acotacion-incendio-Las-Navas-1.jpeg\",\"contentUrl\":\"https:\/\/www.asajacyl.com\/avila\/wp-content\/uploads\/sites\/4\/2026\/02\/Acotacion-incendio-Las-Navas-1.jpeg\",\"width\":1600,\"height\":1200},{\"@type\":\"BreadcrumbList\",\"@id\":\"https:\/\/www.asajacyl.com\/avila\/asaja-avila-informa\/asaja-avila-exige-el-levantamiento-inmediato-de-los-pastos-en-la-provincia-y-transparencia-por-parte-de-la-junta#breadcrumb\",\"itemListElement\":[{\"@type\":\"ListItem\",\"position\":1,\"name\":\"Portada\",\"item\":\"https:\/\/www.asajacyl.com\/avila\/\"},{\"@type\":\"ListItem\",\"position\":2,\"name\":\"ASAJA \u00c1VILA EXIGE EL LEVANTAMIENTO INMEDIATO DE LOS PASTOS EN LA PROVINCIA Y TRANSPARENCIA POR PARTE DE LA JUNTA\"}]},{\"@type\":\"WebSite\",\"@id\":\"https:\/\/www.asajacyl.com\/avila\/#website\",\"url\":\"https:\/\/www.asajacyl.com\/avila\/\",\"name\":\"ASAJA \u00c1vila\",\"description\":\"Otro sitio m\u00e1s de Provincias ASAJA Castilla y Le\u00f3n\",\"potentialAction\":[{\"@type\":\"SearchAction\",\"target\":{\"@type\":\"EntryPoint\",\"urlTemplate\":\"https:\/\/www.asajacyl.com\/avila\/?s={search_term_string}\"},\"query-input\":{\"@type\":\"PropertyValueSpecification\",\"valueRequired\":true,\"valueName\":\"search_term_string\"}}],\"inLanguage\":\"es\"},{\"@type\":\"Person\",\"@id\":\"https:\/\/www.asajacyl.com\/avila\/#\/schema\/person\/51bbd29d94e00aa22d79c7b8c3c404e6\",\"name\":\"comunicacion\",\"image\":{\"@type\":\"ImageObject\",\"inLanguage\":\"es\",\"@id\":\"https:\/\/www.asajacyl.com\/avila\/#\/schema\/person\/image\/\",\"url\":\"https:\/\/secure.gravatar.com\/avatar\/dacd6ac12f2f802c39afce565d232781?s=96&d=mm&r=g\",\"contentUrl\":\"https:\/\/secure.gravatar.com\/avatar\/dacd6ac12f2f802c39afce565d232781?s=96&d=mm&r=g\",\"caption\":\"comunicacion\"},\"url\":\"https:\/\/www.asajacyl.com\/avila\/author\/comunicacion\"}]}<\/script>\n<!-- \/ Yoast SEO plugin. -->","yoast_head_json":{"title":"ASAJA \u00c1VILA EXIGE EL LEVANTAMIENTO INMEDIATO DE LOS PASTOS EN LA PROVINCIA Y TRANSPARENCIA POR PARTE DE LA JUNTA - ASAJA \u00c1vila","description":"\u00c1vila, 17 de febrero de 2026 Desde ASAJA \u00c1vila exigimos a la Junta de Castilla y Le\u00f3n el levantamiento inmediato del acotamiento de los pastos en la","robots":{"index":"index","follow":"follow","max-snippet":"max-snippet:-1","max-image-preview":"max-image-preview:large","max-video-preview":"max-video-preview:-1"},"canonical":"https:\/\/www.asajacyl.com\/avila\/asaja-avila-informa\/asaja-avila-exige-el-levantamiento-inmediato-de-los-pastos-en-la-provincia-y-transparencia-por-parte-de-la-junta","og_locale":"es_ES","og_type":"article","og_title":"ASAJA \u00c1VILA EXIGE EL LEVANTAMIENTO INMEDIATO DE LOS PASTOS EN LA PROVINCIA Y TRANSPARENCIA POR PARTE DE LA JUNTA - ASAJA \u00c1vila","og_description":"\u00c1vila, 17 de febrero de 2026 Desde ASAJA \u00c1vila exigimos a la Junta de Castilla y Le\u00f3n el levantamiento inmediato del acotamiento de los pastos en la","og_url":"https:\/\/www.asajacyl.com\/avila\/asaja-avila-informa\/asaja-avila-exige-el-levantamiento-inmediato-de-los-pastos-en-la-provincia-y-transparencia-por-parte-de-la-junta","og_site_name":"ASAJA \u00c1vila","article_published_time":"2026-02-17T10:39:38+00:00","article_modified_time":"2026-02-17T10:43:02+00:00","og_image":[{"width":1600,"height":1200,"url":"https:\/\/www.asajacyl.com\/avila\/wp-content\/uploads\/sites\/4\/2026\/02\/Acotacion-incendio-Las-Navas-1.jpeg","type":"image\/jpeg"}],"author":"comunicacion","twitter_card":"summary_large_image","twitter_misc":{"Escrito por":"comunicacion","Tiempo de lectura":"3 minutos"},"schema":{"@context":"https:\/\/schema.org","@graph":[{"@type":"WebPage","@id":"https:\/\/www.asajacyl.com\/avila\/asaja-avila-informa\/asaja-avila-exige-el-levantamiento-inmediato-de-los-pastos-en-la-provincia-y-transparencia-por-parte-de-la-junta","url":"https:\/\/www.asajacyl.com\/avila\/asaja-avila-informa\/asaja-avila-exige-el-levantamiento-inmediato-de-los-pastos-en-la-provincia-y-transparencia-por-parte-de-la-junta","name":"ASAJA \u00c1VILA EXIGE EL LEVANTAMIENTO INMEDIATO DE LOS PASTOS EN LA PROVINCIA Y TRANSPARENCIA POR PARTE DE LA JUNTA - ASAJA \u00c1vila","isPartOf":{"@id":"https:\/\/www.asajacyl.com\/avila\/#website"},"primaryImageOfPage":{"@id":"https:\/\/www.asajacyl.com\/avila\/asaja-avila-informa\/asaja-avila-exige-el-levantamiento-inmediato-de-los-pastos-en-la-provincia-y-transparencia-por-parte-de-la-junta#primaryimage"},"image":{"@id":"https:\/\/www.asajacyl.com\/avila\/asaja-avila-informa\/asaja-avila-exige-el-levantamiento-inmediato-de-los-pastos-en-la-provincia-y-transparencia-por-parte-de-la-junta#primaryimage"},"thumbnailUrl":"https:\/\/www.asajacyl.com\/avila\/wp-content\/uploads\/sites\/4\/2026\/02\/Acotacion-incendio-Las-Navas-1.jpeg","datePublished":"2026-02-17T10:39:38+00:00","dateModified":"2026-02-17T10:43:02+00:00","author":{"@id":"https:\/\/www.asajacyl.com\/avila\/#\/schema\/person\/51bbd29d94e00aa22d79c7b8c3c404e6"},"description":"\u00c1vila, 17 de febrero de 2026 Desde ASAJA \u00c1vila exigimos a la Junta de Castilla y Le\u00f3n el levantamiento inmediato del acotamiento de los pastos en la","breadcrumb":{"@id":"https:\/\/www.asajacyl.com\/avila\/asaja-avila-informa\/asaja-avila-exige-el-levantamiento-inmediato-de-los-pastos-en-la-provincia-y-transparencia-por-parte-de-la-junta#breadcrumb"},"inLanguage":"es","potentialAction":[{"@type":"ReadAction","target":["https:\/\/www.asajacyl.com\/avila\/asaja-avila-informa\/asaja-avila-exige-el-levantamiento-inmediato-de-los-pastos-en-la-provincia-y-transparencia-por-parte-de-la-junta"]}]},{"@type":"ImageObject","inLanguage":"es","@id":"https:\/\/www.asajacyl.com\/avila\/asaja-avila-informa\/asaja-avila-exige-el-levantamiento-inmediato-de-los-pastos-en-la-provincia-y-transparencia-por-parte-de-la-junta#primaryimage","url":"https:\/\/www.asajacyl.com\/avila\/wp-content\/uploads\/sites\/4\/2026\/02\/Acotacion-incendio-Las-Navas-1.jpeg","contentUrl":"https:\/\/www.asajacyl.com\/avila\/wp-content\/uploads\/sites\/4\/2026\/02\/Acotacion-incendio-Las-Navas-1.jpeg","width":1600,"height":1200},{"@type":"BreadcrumbList","@id":"https:\/\/www.asajacyl.com\/avila\/asaja-avila-informa\/asaja-avila-exige-el-levantamiento-inmediato-de-los-pastos-en-la-provincia-y-transparencia-por-parte-de-la-junta#breadcrumb","itemListElement":[{"@type":"ListItem","position":1,"name":"Portada","item":"https:\/\/www.asajacyl.com\/avila\/"},{"@type":"ListItem","position":2,"name":"ASAJA \u00c1VILA EXIGE EL LEVANTAMIENTO INMEDIATO DE LOS PASTOS EN LA PROVINCIA Y TRANSPARENCIA POR PARTE DE LA JUNTA"}]},{"@type":"WebSite","@id":"https:\/\/www.asajacyl.com\/avila\/#website","url":"https:\/\/www.asajacyl.com\/avila\/","name":"ASAJA \u00c1vila","description":"Otro sitio m\u00e1s de Provincias ASAJA Castilla y Le\u00f3n","potentialAction":[{"@type":"SearchAction","target":{"@type":"EntryPoint","urlTemplate":"https:\/\/www.asajacyl.com\/avila\/?s={search_term_string}"},"query-input":{"@type":"PropertyValueSpecification","valueRequired":true,"valueName":"search_term_string"}}],"inLanguage":"es"},{"@type":"Person","@id":"https:\/\/www.asajacyl.com\/avila\/#\/schema\/person\/51bbd29d94e00aa22d79c7b8c3c404e6","name":"comunicacion","image":{"@type":"ImageObject","inLanguage":"es","@id":"https:\/\/www.asajacyl.com\/avila\/#\/schema\/person\/image\/","url":"https:\/\/secure.gravatar.com\/avatar\/dacd6ac12f2f802c39afce565d232781?s=96&d=mm&r=g","contentUrl":"https:\/\/secure.gravatar.com\/avatar\/dacd6ac12f2f802c39afce565d232781?s=96&d=mm&r=g","caption":"comunicacion"},"url":"https:\/\/www.asajacyl.com\/avila\/author\/comunicacion"}]}},"_links":{"self":[{"href":"https:\/\/www.asajacyl.com\/avila\/wp-json\/wp\/v2\/posts\/6988"}],"collection":[{"href":"https:\/\/www.asajacyl.com\/avila\/wp-json\/wp\/v2\/posts"}],"about":[{"href":"https:\/\/www.asajacyl.com\/avila\/wp-json\/wp\/v2\/types\/post"}],"author":[{"embeddable":true,"href":"https:\/\/www.asajacyl.com\/avila\/wp-json\/wp\/v2\/users\/16"}],"replies":[{"embeddable":true,"href":"https:\/\/www.asajacyl.com\/avila\/wp-json\/wp\/v2\/comments?post=6988"}],"version-history":[{"count":2,"href":"https:\/\/www.asajacyl.com\/avila\/wp-json\/wp\/v2\/posts\/6988\/revisions"}],"predecessor-version":[{"id":6991,"href":"https:\/\/www.asajacyl.com\/avila\/wp-json\/wp\/v2\/posts\/6988\/revisions\/6991"}],"wp:featuredmedia":[{"embeddable":true,"href":"https:\/\/www.asajacyl.com\/avila\/wp-json\/wp\/v2\/media\/6989"}],"wp:attachment":[{"href":"https:\/\/www.asajacyl.com\/avila\/wp-json\/wp\/v2\/media?parent=6988"}],"wp:term":[{"taxonomy":"category","embeddable":true,"href":"https:\/\/www.asajacyl.com\/avila\/wp-json\/wp\/v2\/categories?post=6988"},{"taxonomy":"post_tag","embeddable":true,"href":"https:\/\/www.asajacyl.com\/avila\/wp-json\/wp\/v2\/tags?post=6988"}],"curies":[{"name":"wp","href":"https:\/\/api.w.org\/{rel}","templated":true}]}}