{"id":6997,"date":"2026-02-19T13:02:32","date_gmt":"2026-02-19T12:02:32","guid":{"rendered":"https:\/\/www.asajacyl.com\/avila\/?p=6997"},"modified":"2026-02-19T13:02:34","modified_gmt":"2026-02-19T12:02:34","slug":"suben-los-salarios-un-66-pero-los-precios-siguen-igual","status":"publish","type":"post","link":"https:\/\/www.asajacyl.com\/avila\/asaja-avila-informa\/suben-los-salarios-un-66-pero-los-precios-siguen-igual","title":{"rendered":"SUBEN LOS SALARIOS UN 66% PERO LOS PRECIOS SIGUEN IGUAL"},"content":{"rendered":"\n<p>Desde ASAJA \u00c1vila, y en l\u00ednea con ASAJA nacional, insistimos en que las decisiones salariales se toman sin tener en cuenta la realidad del campo. En apenas ocho a\u00f1os, el salario m\u00ednimo ha pasado de 735 euros a 1.221 euros por trabajador, unas cifras cuyo impacto real van mucho m\u00e1s all\u00e1 de una mera subida. Hay que tener en cuenta que, a d\u00eda de hoy, cada trabajador supone para una empresa agraria un coste aproximado de 1.989 euros al mes en n\u00f3mina, una carga que se suma a un escenario de p\u00e9rdidas en buena parte de los sectores productivos. <strong><\/strong><\/p>\n\n\n\n<p>Mientras los costes laborales suben reiteradamente hasta un 66%, seg\u00fan la \u00faltima revisi\u00f3n, los precios que reciben agricultores y ganaderos en origen siguen siendo los mismos. Desde ASAJA \u00c1vila consideramos que, si ese 66% hubiera ido acompa\u00f1ado de una subida equivalente en los precios de las producciones, la situaci\u00f3n ser\u00eda distinta. Pero no es as\u00ed.<strong><\/strong><\/p>\n\n\n\n<p>El cereal es uno de los ejemplos m\u00e1s claros. Con precios bajos y costes crecientes, muchas explotaciones no pueden hacer frente a la campa\u00f1a. La misma situaci\u00f3n se repite en frutas y hortalizas. En 2025 desaparecieron casi 20.000 trabajadores del sector, reflejo de la p\u00e9rdida de actividad y de la falta de rentabilidad.<strong><\/strong><\/p>\n\n\n\n<p>Igualmente, alertamos sobre los efectos de impedir la compensaci\u00f3n y absorci\u00f3n en convenios colectivos, lo que supondr\u00eda un incremento adicional de costes. Consideramos que esta medida generar\u00e1 m\u00e1s presi\u00f3n econ\u00f3mica en explotaciones que ya operan con m\u00e1rgenes m\u00ednimos.<\/p>\n","protected":false},"excerpt":{"rendered":"<p>Desde ASAJA \u00c1vila, y en l\u00ednea con ASAJA nacional, insistimos en que las decisiones salariales se toman sin tener en cuenta la realidad del campo. En apenas ocho a\u00f1os, el salario m\u00ednimo ha pasado de 735 euros a 1.221 euros por trabajador, unas cifras cuyo impacto real van mucho m\u00e1s all\u00e1 de una mera subida. [&hellip;]<\/p>\n","protected":false},"author":16,"featured_media":6998,"comment_status":"open","ping_status":"open","sticky":false,"template":"","format":"standard","meta":{"footnotes":""},"categories":[8,28,18],"tags":[59,63,83,53,54,71,55,56,72,3],"yoast_head":"<!-- This site is optimized with the Yoast SEO plugin v24.5 - https:\/\/yoast.com\/wordpress\/plugins\/seo\/ -->\n<title>SUBEN LOS SALARIOS UN 66% PERO LOS PRECIOS SIGUEN IGUAL - ASAJA \u00c1vila<\/title>\n<meta name=\"description\" content=\"Desde ASAJA \u00c1vila, y en l\u00ednea con ASAJA nacional, insistimos en que las decisiones salariales se toman sin tener en cuenta la realidad del campo. En\" \/>\n<meta name=\"robots\" content=\"index, follow, max-snippet:-1, max-image-preview:large, max-video-preview:-1\" \/>\n<link rel=\"canonical\" href=\"https:\/\/www.asajacyl.com\/avila\/asaja-avila-informa\/suben-los-salarios-un-66-pero-los-precios-siguen-igual\" \/>\n<meta property=\"og:locale\" content=\"es_ES\" \/>\n<meta property=\"og:type\" content=\"article\" \/>\n<meta property=\"og:title\" content=\"SUBEN LOS SALARIOS UN 66% PERO LOS PRECIOS SIGUEN IGUAL - ASAJA \u00c1vila\" \/>\n<meta property=\"og:description\" content=\"Desde ASAJA \u00c1vila, y en l\u00ednea con ASAJA nacional, insistimos en que las decisiones salariales se toman sin tener en cuenta la realidad del campo. En\" \/>\n<meta property=\"og:url\" content=\"https:\/\/www.asajacyl.com\/avila\/asaja-avila-informa\/suben-los-salarios-un-66-pero-los-precios-siguen-igual\" \/>\n<meta property=\"og:site_name\" content=\"ASAJA \u00c1vila\" \/>\n<meta property=\"article:published_time\" content=\"2026-02-19T12:02:32+00:00\" \/>\n<meta property=\"article:modified_time\" content=\"2026-02-19T12:02:34+00:00\" \/>\n<meta property=\"og:image\" content=\"https:\/\/www.asajacyl.com\/avila\/wp-content\/uploads\/sites\/4\/2026\/02\/marc87-euro-1130697_1920.jpg\" \/>\n\t<meta property=\"og:image:width\" content=\"1920\" \/>\n\t<meta property=\"og:image:height\" content=\"1441\" \/>\n\t<meta property=\"og:image:type\" content=\"image\/jpeg\" \/>\n<meta name=\"author\" content=\"comunicacion\" \/>\n<meta name=\"twitter:card\" content=\"summary_large_image\" \/>\n<meta name=\"twitter:label1\" content=\"Escrito por\" \/>\n\t<meta name=\"twitter:data1\" content=\"comunicacion\" \/>\n\t<meta name=\"twitter:label2\" content=\"Tiempo de lectura\" \/>\n\t<meta name=\"twitter:data2\" content=\"2 minutos\" \/>\n<script type=\"application\/ld+json\" class=\"yoast-schema-graph\">{\"@context\":\"https:\/\/schema.org\",\"@graph\":[{\"@type\":\"WebPage\",\"@id\":\"https:\/\/www.asajacyl.com\/avila\/asaja-avila-informa\/suben-los-salarios-un-66-pero-los-precios-siguen-igual\",\"url\":\"https:\/\/www.asajacyl.com\/avila\/asaja-avila-informa\/suben-los-salarios-un-66-pero-los-precios-siguen-igual\",\"name\":\"SUBEN LOS SALARIOS UN 66% PERO LOS PRECIOS SIGUEN IGUAL - ASAJA \u00c1vila\",\"isPartOf\":{\"@id\":\"https:\/\/www.asajacyl.com\/avila\/#website\"},\"primaryImageOfPage\":{\"@id\":\"https:\/\/www.asajacyl.com\/avila\/asaja-avila-informa\/suben-los-salarios-un-66-pero-los-precios-siguen-igual#primaryimage\"},\"image\":{\"@id\":\"https:\/\/www.asajacyl.com\/avila\/asaja-avila-informa\/suben-los-salarios-un-66-pero-los-precios-siguen-igual#primaryimage\"},\"thumbnailUrl\":\"https:\/\/www.asajacyl.com\/avila\/wp-content\/uploads\/sites\/4\/2026\/02\/marc87-euro-1130697_1920.jpg\",\"datePublished\":\"2026-02-19T12:02:32+00:00\",\"dateModified\":\"2026-02-19T12:02:34+00:00\",\"author\":{\"@id\":\"https:\/\/www.asajacyl.com\/avila\/#\/schema\/person\/51bbd29d94e00aa22d79c7b8c3c404e6\"},\"description\":\"Desde ASAJA \u00c1vila, y en l\u00ednea con ASAJA nacional, insistimos en que las decisiones salariales se toman sin tener en cuenta la realidad del campo. En\",\"breadcrumb\":{\"@id\":\"https:\/\/www.asajacyl.com\/avila\/asaja-avila-informa\/suben-los-salarios-un-66-pero-los-precios-siguen-igual#breadcrumb\"},\"inLanguage\":\"es\",\"potentialAction\":[{\"@type\":\"ReadAction\",\"target\":[\"https:\/\/www.asajacyl.com\/avila\/asaja-avila-informa\/suben-los-salarios-un-66-pero-los-precios-siguen-igual\"]}]},{\"@type\":\"ImageObject\",\"inLanguage\":\"es\",\"@id\":\"https:\/\/www.asajacyl.com\/avila\/asaja-avila-informa\/suben-los-salarios-un-66-pero-los-precios-siguen-igual#primaryimage\",\"url\":\"https:\/\/www.asajacyl.com\/avila\/wp-content\/uploads\/sites\/4\/2026\/02\/marc87-euro-1130697_1920.jpg\",\"contentUrl\":\"https:\/\/www.asajacyl.com\/avila\/wp-content\/uploads\/sites\/4\/2026\/02\/marc87-euro-1130697_1920.jpg\",\"width\":1920,\"height\":1441},{\"@type\":\"BreadcrumbList\",\"@id\":\"https:\/\/www.asajacyl.com\/avila\/asaja-avila-informa\/suben-los-salarios-un-66-pero-los-precios-siguen-igual#breadcrumb\",\"itemListElement\":[{\"@type\":\"ListItem\",\"position\":1,\"name\":\"Portada\",\"item\":\"https:\/\/www.asajacyl.com\/avila\/\"},{\"@type\":\"ListItem\",\"position\":2,\"name\":\"SUBEN LOS SALARIOS UN 66% PERO LOS PRECIOS SIGUEN IGUAL\"}]},{\"@type\":\"WebSite\",\"@id\":\"https:\/\/www.asajacyl.com\/avila\/#website\",\"url\":\"https:\/\/www.asajacyl.com\/avila\/\",\"name\":\"ASAJA \u00c1vila\",\"description\":\"Otro sitio m\u00e1s de Provincias ASAJA Castilla y Le\u00f3n\",\"potentialAction\":[{\"@type\":\"SearchAction\",\"target\":{\"@type\":\"EntryPoint\",\"urlTemplate\":\"https:\/\/www.asajacyl.com\/avila\/?s={search_term_string}\"},\"query-input\":{\"@type\":\"PropertyValueSpecification\",\"valueRequired\":true,\"valueName\":\"search_term_string\"}}],\"inLanguage\":\"es\"},{\"@type\":\"Person\",\"@id\":\"https:\/\/www.asajacyl.com\/avila\/#\/schema\/person\/51bbd29d94e00aa22d79c7b8c3c404e6\",\"name\":\"comunicacion\",\"image\":{\"@type\":\"ImageObject\",\"inLanguage\":\"es\",\"@id\":\"https:\/\/www.asajacyl.com\/avila\/#\/schema\/person\/image\/\",\"url\":\"https:\/\/secure.gravatar.com\/avatar\/dacd6ac12f2f802c39afce565d232781?s=96&d=mm&r=g\",\"contentUrl\":\"https:\/\/secure.gravatar.com\/avatar\/dacd6ac12f2f802c39afce565d232781?s=96&d=mm&r=g\",\"caption\":\"comunicacion\"},\"url\":\"https:\/\/www.asajacyl.com\/avila\/author\/comunicacion\"}]}<\/script>\n<!-- \/ Yoast SEO plugin. -->","yoast_head_json":{"title":"SUBEN LOS SALARIOS UN 66% PERO LOS PRECIOS SIGUEN IGUAL - ASAJA \u00c1vila","description":"Desde ASAJA \u00c1vila, y en l\u00ednea con ASAJA nacional, insistimos en que las decisiones salariales se toman sin tener en cuenta la realidad del campo. En","robots":{"index":"index","follow":"follow","max-snippet":"max-snippet:-1","max-image-preview":"max-image-preview:large","max-video-preview":"max-video-preview:-1"},"canonical":"https:\/\/www.asajacyl.com\/avila\/asaja-avila-informa\/suben-los-salarios-un-66-pero-los-precios-siguen-igual","og_locale":"es_ES","og_type":"article","og_title":"SUBEN LOS SALARIOS UN 66% PERO LOS PRECIOS SIGUEN IGUAL - ASAJA \u00c1vila","og_description":"Desde ASAJA \u00c1vila, y en l\u00ednea con ASAJA nacional, insistimos en que las decisiones salariales se toman sin tener en cuenta la realidad del campo. En","og_url":"https:\/\/www.asajacyl.com\/avila\/asaja-avila-informa\/suben-los-salarios-un-66-pero-los-precios-siguen-igual","og_site_name":"ASAJA \u00c1vila","article_published_time":"2026-02-19T12:02:32+00:00","article_modified_time":"2026-02-19T12:02:34+00:00","og_image":[{"width":1920,"height":1441,"url":"https:\/\/www.asajacyl.com\/avila\/wp-content\/uploads\/sites\/4\/2026\/02\/marc87-euro-1130697_1920.jpg","type":"image\/jpeg"}],"author":"comunicacion","twitter_card":"summary_large_image","twitter_misc":{"Escrito por":"comunicacion","Tiempo de lectura":"2 minutos"},"schema":{"@context":"https:\/\/schema.org","@graph":[{"@type":"WebPage","@id":"https:\/\/www.asajacyl.com\/avila\/asaja-avila-informa\/suben-los-salarios-un-66-pero-los-precios-siguen-igual","url":"https:\/\/www.asajacyl.com\/avila\/asaja-avila-informa\/suben-los-salarios-un-66-pero-los-precios-siguen-igual","name":"SUBEN LOS SALARIOS UN 66% PERO LOS PRECIOS SIGUEN IGUAL - ASAJA \u00c1vila","isPartOf":{"@id":"https:\/\/www.asajacyl.com\/avila\/#website"},"primaryImageOfPage":{"@id":"https:\/\/www.asajacyl.com\/avila\/asaja-avila-informa\/suben-los-salarios-un-66-pero-los-precios-siguen-igual#primaryimage"},"image":{"@id":"https:\/\/www.asajacyl.com\/avila\/asaja-avila-informa\/suben-los-salarios-un-66-pero-los-precios-siguen-igual#primaryimage"},"thumbnailUrl":"https:\/\/www.asajacyl.com\/avila\/wp-content\/uploads\/sites\/4\/2026\/02\/marc87-euro-1130697_1920.jpg","datePublished":"2026-02-19T12:02:32+00:00","dateModified":"2026-02-19T12:02:34+00:00","author":{"@id":"https:\/\/www.asajacyl.com\/avila\/#\/schema\/person\/51bbd29d94e00aa22d79c7b8c3c404e6"},"description":"Desde ASAJA \u00c1vila, y en l\u00ednea con ASAJA nacional, insistimos en que las decisiones salariales se toman sin tener en cuenta la realidad del campo. En","breadcrumb":{"@id":"https:\/\/www.asajacyl.com\/avila\/asaja-avila-informa\/suben-los-salarios-un-66-pero-los-precios-siguen-igual#breadcrumb"},"inLanguage":"es","potentialAction":[{"@type":"ReadAction","target":["https:\/\/www.asajacyl.com\/avila\/asaja-avila-informa\/suben-los-salarios-un-66-pero-los-precios-siguen-igual"]}]},{"@type":"ImageObject","inLanguage":"es","@id":"https:\/\/www.asajacyl.com\/avila\/asaja-avila-informa\/suben-los-salarios-un-66-pero-los-precios-siguen-igual#primaryimage","url":"https:\/\/www.asajacyl.com\/avila\/wp-content\/uploads\/sites\/4\/2026\/02\/marc87-euro-1130697_1920.jpg","contentUrl":"https:\/\/www.asajacyl.com\/avila\/wp-content\/uploads\/sites\/4\/2026\/02\/marc87-euro-1130697_1920.jpg","width":1920,"height":1441},{"@type":"BreadcrumbList","@id":"https:\/\/www.asajacyl.com\/avila\/asaja-avila-informa\/suben-los-salarios-un-66-pero-los-precios-siguen-igual#breadcrumb","itemListElement":[{"@type":"ListItem","position":1,"name":"Portada","item":"https:\/\/www.asajacyl.com\/avila\/"},{"@type":"ListItem","position":2,"name":"SUBEN LOS SALARIOS UN 66% PERO LOS PRECIOS SIGUEN IGUAL"}]},{"@type":"WebSite","@id":"https:\/\/www.asajacyl.com\/avila\/#website","url":"https:\/\/www.asajacyl.com\/avila\/","name":"ASAJA \u00c1vila","description":"Otro sitio m\u00e1s de Provincias ASAJA Castilla y Le\u00f3n","potentialAction":[{"@type":"SearchAction","target":{"@type":"EntryPoint","urlTemplate":"https:\/\/www.asajacyl.com\/avila\/?s={search_term_string}"},"query-input":{"@type":"PropertyValueSpecification","valueRequired":true,"valueName":"search_term_string"}}],"inLanguage":"es"},{"@type":"Person","@id":"https:\/\/www.asajacyl.com\/avila\/#\/schema\/person\/51bbd29d94e00aa22d79c7b8c3c404e6","name":"comunicacion","image":{"@type":"ImageObject","inLanguage":"es","@id":"https:\/\/www.asajacyl.com\/avila\/#\/schema\/person\/image\/","url":"https:\/\/secure.gravatar.com\/avatar\/dacd6ac12f2f802c39afce565d232781?s=96&d=mm&r=g","contentUrl":"https:\/\/secure.gravatar.com\/avatar\/dacd6ac12f2f802c39afce565d232781?s=96&d=mm&r=g","caption":"comunicacion"},"url":"https:\/\/www.asajacyl.com\/avila\/author\/comunicacion"}]}},"_links":{"self":[{"href":"https:\/\/www.asajacyl.com\/avila\/wp-json\/wp\/v2\/posts\/6997"}],"collection":[{"href":"https:\/\/www.asajacyl.com\/avila\/wp-json\/wp\/v2\/posts"}],"about":[{"href":"https:\/\/www.asajacyl.com\/avila\/wp-json\/wp\/v2\/types\/post"}],"author":[{"embeddable":true,"href":"https:\/\/www.asajacyl.com\/avila\/wp-json\/wp\/v2\/users\/16"}],"replies":[{"embeddable":true,"href":"https:\/\/www.asajacyl.com\/avila\/wp-json\/wp\/v2\/comments?post=6997"}],"version-history":[{"count":1,"href":"https:\/\/www.asajacyl.com\/avila\/wp-json\/wp\/v2\/posts\/6997\/revisions"}],"predecessor-version":[{"id":6999,"href":"https:\/\/www.asajacyl.com\/avila\/wp-json\/wp\/v2\/posts\/6997\/revisions\/6999"}],"wp:featuredmedia":[{"embeddable":true,"href":"https:\/\/www.asajacyl.com\/avila\/wp-json\/wp\/v2\/media\/6998"}],"wp:attachment":[{"href":"https:\/\/www.asajacyl.com\/avila\/wp-json\/wp\/v2\/media?parent=6997"}],"wp:term":[{"taxonomy":"category","embeddable":true,"href":"https:\/\/www.asajacyl.com\/avila\/wp-json\/wp\/v2\/categories?post=6997"},{"taxonomy":"post_tag","embeddable":true,"href":"https:\/\/www.asajacyl.com\/avila\/wp-json\/wp\/v2\/tags?post=6997"}],"curies":[{"name":"wp","href":"https:\/\/api.w.org\/{rel}","templated":true}]}}