{"id":7000,"date":"2026-02-19T13:14:21","date_gmt":"2026-02-19T12:14:21","guid":{"rendered":"https:\/\/www.asajacyl.com\/avila\/?p=7000"},"modified":"2026-02-19T13:14:22","modified_gmt":"2026-02-19T12:14:22","slug":"asaja-avila-exige-que-de-inmediato-se-haga-publica-la-resolucion-del-levantamiento-de-pastos-de-la-que-habla-el-consejero","status":"publish","type":"post","link":"https:\/\/www.asajacyl.com\/avila\/asaja-avila-informa\/asaja-avila-exige-que-de-inmediato-se-haga-publica-la-resolucion-del-levantamiento-de-pastos-de-la-que-habla-el-consejero","title":{"rendered":"ASAJA \u00c1VILA EXIGE QUE, DE INMEDIATO, SE HAGA P\u00daBLICA LA RESOLUCI\u00d3N DEL LEVANTAMIENTO DE PASTOS DE LA QUE HABLA EL CONSEJERO"},"content":{"rendered":"\n<p><\/p>\n\n\n\n<p><strong>\u00c1vila, 19 de febrero de 2026<\/strong><\/p>\n\n\n\n<p>Desde ASAJA \u00c1vila manifestamos nuestra profunda sorpresa ante las declaraciones realizadas por el consejero de Medio Ambiente, Vivienda y Ordenaci\u00f3n del Territorio, Juan Carlos Su\u00e1rez-Qui\u00f1ones, en las que afirma que el levantamiento del acotamiento de pastos en la provincia de \u00c1vila \u201cya es efectivo\u201d en virtud de una resoluci\u00f3n del Servicio Territorial de Medio Ambiente de fecha 4 de febrero.<\/p>\n\n\n\n<p>Si dicha resoluci\u00f3n existe y est\u00e1 en vigor, se debe ver su alcance, por lo que exigimos que se haga p\u00fablica de manera inmediata y se nos remita formalmente a las organizaciones profesionales agrarias, porque, a d\u00eda de hoy, ASAJA \u00c1vila ni ha encontrado por sus medios ni ha recibido comunicaci\u00f3n oficial alguna referida a esta resoluci\u00f3n ni ha tenido acceso a ning\u00fan documento que acredite tal levantamiento.<\/p>\n\n\n\n<p>Desde ASAJA \u00c1vila, de hecho, solicitamos formalmente, mediante carta remitida a la Delegaci\u00f3n Territorial de la Junta de Castilla y Le\u00f3n -a primera hora de la ma\u00f1ana de ayer mi\u00e9rcoles 18 de febrero-, la celebraci\u00f3n urgente de una reuni\u00f3n para abordar la situaci\u00f3n del levantamiento del acotamiento de los pastos afectados por incendios en la provincia. En dicha comunicaci\u00f3n reclamamos informaci\u00f3n clara sobre el estado de los expedientes, los criterios aplicados y el calendario previsto.<\/p>\n\n\n\n<p>Lo verdaderamente grave no es solo la posible demora administrativa, sino la absoluta falta de transparencia e informaci\u00f3n hacia quienes representamos al sector. Es una verg\u00fcenza que las organizaciones agrarias tengamos que trabajar en la incertidumbre mientras se afirma p\u00fablicamente que el problema est\u00e1 resuelto.<\/p>\n\n\n\n<p>Desde ASAJA \u00c1vila mantenemos nuestra exigencia de igualdad de trato, transparencia institucional y respeto hacia el campo abulense. Y advertimos: no vamos a aceptar declaraciones gen\u00e9ricas en prensa como sustituto de resoluciones oficiales debidamente notificadas y publicadas. El campo de \u00c1vila no merece titulares tranquilizadores; merece documentos, claridad y hechos.<\/p>\n\n\n\n<p>Resulta inadmisible que una cuesti\u00f3n de tanta trascendencia para la viabilidad econ\u00f3mica de las explotaciones ganaderas se gestione con este nivel de opacidad. Nos encontramos en plena campa\u00f1a de tramitaci\u00f3n de la PAC, y somos precisamente las organizaciones agrarias quienes asesoramos y ayudamos a agricultores y ganaderos a formalizar sus solicitudes. No puede ser que tengamos que enterarnos por la prensa de decisiones administrativas que afectan directamente a cientos de profesionales del campo abulense y que, repetimos, dudamos del alcance real de esa supuesta resoluci\u00f3n administrativa al no encontrar a fecha de hoy, jueves 19 de febrero por la ma\u00f1ana, ning\u00fan documento p\u00fablico que informe a qu\u00e9 zonas y superficies afecta.<\/p>\n\n\n\n<p>Estamos a la espera de que la Delegaci\u00f3n Territorial de la Junta de Castilla y Le\u00f3n en \u00c1vila ponga d\u00eda y hora a la reuni\u00f3n solicitada y aclare qu\u00e9 zonas incluye este levantamiento y si realmente se han levantado en su totalidad todas las superficies afectadas por los incendios de 2025 y los \u00faltimos cinco a\u00f1os, terrenos que los ganaderos declaran a\u00f1o tras a\u00f1o en la PAC y que cuentan con su correspondiente coeficiente de admisibilidad de pastos.<\/p>\n","protected":false},"excerpt":{"rendered":"<p>\u00c1vila, 19 de febrero de 2026 Desde ASAJA \u00c1vila manifestamos nuestra profunda sorpresa ante las declaraciones realizadas por el consejero de Medio Ambiente, Vivienda y Ordenaci\u00f3n del Territorio, Juan Carlos Su\u00e1rez-Qui\u00f1ones, en las que afirma que el levantamiento del acotamiento de pastos en la provincia de \u00c1vila \u201cya es efectivo\u201d en virtud de una resoluci\u00f3n [&hellip;]<\/p>\n","protected":false},"author":16,"featured_media":7001,"comment_status":"open","ping_status":"open","sticky":false,"template":"","format":"standard","meta":{"footnotes":""},"categories":[8,28,18],"tags":[59,63,83,53,54,71,55,56,72,3],"yoast_head":"<!-- This site is optimized with the Yoast SEO plugin v24.5 - https:\/\/yoast.com\/wordpress\/plugins\/seo\/ -->\n<title>ASAJA \u00c1VILA EXIGE QUE, DE INMEDIATO, SE HAGA P\u00daBLICA LA RESOLUCI\u00d3N DEL LEVANTAMIENTO DE PASTOS DE LA QUE HABLA EL CONSEJERO - ASAJA \u00c1vila<\/title>\n<meta name=\"description\" content=\"\u00c1vila, 19 de febrero de 2026 Desde ASAJA \u00c1vila manifestamos nuestra profunda sorpresa ante las declaraciones realizadas por el consejero de Medio\" \/>\n<meta name=\"robots\" content=\"index, follow, max-snippet:-1, max-image-preview:large, max-video-preview:-1\" \/>\n<link rel=\"canonical\" href=\"https:\/\/www.asajacyl.com\/avila\/asaja-avila-informa\/asaja-avila-exige-que-de-inmediato-se-haga-publica-la-resolucion-del-levantamiento-de-pastos-de-la-que-habla-el-consejero\" \/>\n<meta property=\"og:locale\" content=\"es_ES\" \/>\n<meta property=\"og:type\" content=\"article\" \/>\n<meta property=\"og:title\" content=\"ASAJA \u00c1VILA EXIGE QUE, DE INMEDIATO, SE HAGA P\u00daBLICA LA RESOLUCI\u00d3N DEL LEVANTAMIENTO DE PASTOS DE LA QUE HABLA EL CONSEJERO - ASAJA \u00c1vila\" \/>\n<meta property=\"og:description\" content=\"\u00c1vila, 19 de febrero de 2026 Desde ASAJA \u00c1vila manifestamos nuestra profunda sorpresa ante las declaraciones realizadas por el consejero de Medio\" \/>\n<meta property=\"og:url\" content=\"https:\/\/www.asajacyl.com\/avila\/asaja-avila-informa\/asaja-avila-exige-que-de-inmediato-se-haga-publica-la-resolucion-del-levantamiento-de-pastos-de-la-que-habla-el-consejero\" \/>\n<meta property=\"og:site_name\" content=\"ASAJA \u00c1vila\" \/>\n<meta property=\"article:published_time\" content=\"2026-02-19T12:14:21+00:00\" \/>\n<meta property=\"article:modified_time\" content=\"2026-02-19T12:14:22+00:00\" \/>\n<meta property=\"og:image\" content=\"https:\/\/www.asajacyl.com\/avila\/wp-content\/uploads\/sites\/4\/2026\/02\/WhatsApp-Image-2026-02-17-at-14.25.29.jpeg\" \/>\n\t<meta property=\"og:image:width\" content=\"941\" \/>\n\t<meta property=\"og:image:height\" content=\"1242\" \/>\n\t<meta property=\"og:image:type\" content=\"image\/jpeg\" \/>\n<meta name=\"author\" content=\"comunicacion\" \/>\n<meta name=\"twitter:card\" content=\"summary_large_image\" \/>\n<meta name=\"twitter:label1\" content=\"Escrito por\" \/>\n\t<meta name=\"twitter:data1\" content=\"comunicacion\" \/>\n\t<meta name=\"twitter:label2\" content=\"Tiempo de lectura\" \/>\n\t<meta name=\"twitter:data2\" content=\"3 minutos\" \/>\n<script type=\"application\/ld+json\" class=\"yoast-schema-graph\">{\"@context\":\"https:\/\/schema.org\",\"@graph\":[{\"@type\":\"WebPage\",\"@id\":\"https:\/\/www.asajacyl.com\/avila\/asaja-avila-informa\/asaja-avila-exige-que-de-inmediato-se-haga-publica-la-resolucion-del-levantamiento-de-pastos-de-la-que-habla-el-consejero\",\"url\":\"https:\/\/www.asajacyl.com\/avila\/asaja-avila-informa\/asaja-avila-exige-que-de-inmediato-se-haga-publica-la-resolucion-del-levantamiento-de-pastos-de-la-que-habla-el-consejero\",\"name\":\"ASAJA \u00c1VILA EXIGE QUE, DE INMEDIATO, SE HAGA P\u00daBLICA LA RESOLUCI\u00d3N DEL LEVANTAMIENTO DE PASTOS DE LA QUE HABLA EL CONSEJERO - ASAJA \u00c1vila\",\"isPartOf\":{\"@id\":\"https:\/\/www.asajacyl.com\/avila\/#website\"},\"primaryImageOfPage\":{\"@id\":\"https:\/\/www.asajacyl.com\/avila\/asaja-avila-informa\/asaja-avila-exige-que-de-inmediato-se-haga-publica-la-resolucion-del-levantamiento-de-pastos-de-la-que-habla-el-consejero#primaryimage\"},\"image\":{\"@id\":\"https:\/\/www.asajacyl.com\/avila\/asaja-avila-informa\/asaja-avila-exige-que-de-inmediato-se-haga-publica-la-resolucion-del-levantamiento-de-pastos-de-la-que-habla-el-consejero#primaryimage\"},\"thumbnailUrl\":\"https:\/\/www.asajacyl.com\/avila\/wp-content\/uploads\/sites\/4\/2026\/02\/WhatsApp-Image-2026-02-17-at-14.25.29.jpeg\",\"datePublished\":\"2026-02-19T12:14:21+00:00\",\"dateModified\":\"2026-02-19T12:14:22+00:00\",\"author\":{\"@id\":\"https:\/\/www.asajacyl.com\/avila\/#\/schema\/person\/51bbd29d94e00aa22d79c7b8c3c404e6\"},\"description\":\"\u00c1vila, 19 de febrero de 2026 Desde ASAJA \u00c1vila manifestamos nuestra profunda sorpresa ante las declaraciones realizadas por el consejero de Medio\",\"breadcrumb\":{\"@id\":\"https:\/\/www.asajacyl.com\/avila\/asaja-avila-informa\/asaja-avila-exige-que-de-inmediato-se-haga-publica-la-resolucion-del-levantamiento-de-pastos-de-la-que-habla-el-consejero#breadcrumb\"},\"inLanguage\":\"es\",\"potentialAction\":[{\"@type\":\"ReadAction\",\"target\":[\"https:\/\/www.asajacyl.com\/avila\/asaja-avila-informa\/asaja-avila-exige-que-de-inmediato-se-haga-publica-la-resolucion-del-levantamiento-de-pastos-de-la-que-habla-el-consejero\"]}]},{\"@type\":\"ImageObject\",\"inLanguage\":\"es\",\"@id\":\"https:\/\/www.asajacyl.com\/avila\/asaja-avila-informa\/asaja-avila-exige-que-de-inmediato-se-haga-publica-la-resolucion-del-levantamiento-de-pastos-de-la-que-habla-el-consejero#primaryimage\",\"url\":\"https:\/\/www.asajacyl.com\/avila\/wp-content\/uploads\/sites\/4\/2026\/02\/WhatsApp-Image-2026-02-17-at-14.25.29.jpeg\",\"contentUrl\":\"https:\/\/www.asajacyl.com\/avila\/wp-content\/uploads\/sites\/4\/2026\/02\/WhatsApp-Image-2026-02-17-at-14.25.29.jpeg\",\"width\":941,\"height\":1242},{\"@type\":\"BreadcrumbList\",\"@id\":\"https:\/\/www.asajacyl.com\/avila\/asaja-avila-informa\/asaja-avila-exige-que-de-inmediato-se-haga-publica-la-resolucion-del-levantamiento-de-pastos-de-la-que-habla-el-consejero#breadcrumb\",\"itemListElement\":[{\"@type\":\"ListItem\",\"position\":1,\"name\":\"Portada\",\"item\":\"https:\/\/www.asajacyl.com\/avila\/\"},{\"@type\":\"ListItem\",\"position\":2,\"name\":\"ASAJA \u00c1VILA EXIGE QUE, DE INMEDIATO, SE HAGA P\u00daBLICA LA RESOLUCI\u00d3N DEL LEVANTAMIENTO DE PASTOS DE LA QUE HABLA EL CONSEJERO\"}]},{\"@type\":\"WebSite\",\"@id\":\"https:\/\/www.asajacyl.com\/avila\/#website\",\"url\":\"https:\/\/www.asajacyl.com\/avila\/\",\"name\":\"ASAJA \u00c1vila\",\"description\":\"Otro sitio m\u00e1s de Provincias ASAJA Castilla y Le\u00f3n\",\"potentialAction\":[{\"@type\":\"SearchAction\",\"target\":{\"@type\":\"EntryPoint\",\"urlTemplate\":\"https:\/\/www.asajacyl.com\/avila\/?s={search_term_string}\"},\"query-input\":{\"@type\":\"PropertyValueSpecification\",\"valueRequired\":true,\"valueName\":\"search_term_string\"}}],\"inLanguage\":\"es\"},{\"@type\":\"Person\",\"@id\":\"https:\/\/www.asajacyl.com\/avila\/#\/schema\/person\/51bbd29d94e00aa22d79c7b8c3c404e6\",\"name\":\"comunicacion\",\"image\":{\"@type\":\"ImageObject\",\"inLanguage\":\"es\",\"@id\":\"https:\/\/www.asajacyl.com\/avila\/#\/schema\/person\/image\/\",\"url\":\"https:\/\/secure.gravatar.com\/avatar\/dacd6ac12f2f802c39afce565d232781?s=96&d=mm&r=g\",\"contentUrl\":\"https:\/\/secure.gravatar.com\/avatar\/dacd6ac12f2f802c39afce565d232781?s=96&d=mm&r=g\",\"caption\":\"comunicacion\"},\"url\":\"https:\/\/www.asajacyl.com\/avila\/author\/comunicacion\"}]}<\/script>\n<!-- \/ Yoast SEO plugin. -->","yoast_head_json":{"title":"ASAJA \u00c1VILA EXIGE QUE, DE INMEDIATO, SE HAGA P\u00daBLICA LA RESOLUCI\u00d3N DEL LEVANTAMIENTO DE PASTOS DE LA QUE HABLA EL CONSEJERO - ASAJA \u00c1vila","description":"\u00c1vila, 19 de febrero de 2026 Desde ASAJA \u00c1vila manifestamos nuestra profunda sorpresa ante las declaraciones realizadas por el consejero de Medio","robots":{"index":"index","follow":"follow","max-snippet":"max-snippet:-1","max-image-preview":"max-image-preview:large","max-video-preview":"max-video-preview:-1"},"canonical":"https:\/\/www.asajacyl.com\/avila\/asaja-avila-informa\/asaja-avila-exige-que-de-inmediato-se-haga-publica-la-resolucion-del-levantamiento-de-pastos-de-la-que-habla-el-consejero","og_locale":"es_ES","og_type":"article","og_title":"ASAJA \u00c1VILA EXIGE QUE, DE INMEDIATO, SE HAGA P\u00daBLICA LA RESOLUCI\u00d3N DEL LEVANTAMIENTO DE PASTOS DE LA QUE HABLA EL CONSEJERO - ASAJA \u00c1vila","og_description":"\u00c1vila, 19 de febrero de 2026 Desde ASAJA \u00c1vila manifestamos nuestra profunda sorpresa ante las declaraciones realizadas por el consejero de Medio","og_url":"https:\/\/www.asajacyl.com\/avila\/asaja-avila-informa\/asaja-avila-exige-que-de-inmediato-se-haga-publica-la-resolucion-del-levantamiento-de-pastos-de-la-que-habla-el-consejero","og_site_name":"ASAJA \u00c1vila","article_published_time":"2026-02-19T12:14:21+00:00","article_modified_time":"2026-02-19T12:14:22+00:00","og_image":[{"width":941,"height":1242,"url":"https:\/\/www.asajacyl.com\/avila\/wp-content\/uploads\/sites\/4\/2026\/02\/WhatsApp-Image-2026-02-17-at-14.25.29.jpeg","type":"image\/jpeg"}],"author":"comunicacion","twitter_card":"summary_large_image","twitter_misc":{"Escrito por":"comunicacion","Tiempo de lectura":"3 minutos"},"schema":{"@context":"https:\/\/schema.org","@graph":[{"@type":"WebPage","@id":"https:\/\/www.asajacyl.com\/avila\/asaja-avila-informa\/asaja-avila-exige-que-de-inmediato-se-haga-publica-la-resolucion-del-levantamiento-de-pastos-de-la-que-habla-el-consejero","url":"https:\/\/www.asajacyl.com\/avila\/asaja-avila-informa\/asaja-avila-exige-que-de-inmediato-se-haga-publica-la-resolucion-del-levantamiento-de-pastos-de-la-que-habla-el-consejero","name":"ASAJA \u00c1VILA EXIGE QUE, DE INMEDIATO, SE HAGA P\u00daBLICA LA RESOLUCI\u00d3N DEL LEVANTAMIENTO DE PASTOS DE LA QUE HABLA EL CONSEJERO - ASAJA \u00c1vila","isPartOf":{"@id":"https:\/\/www.asajacyl.com\/avila\/#website"},"primaryImageOfPage":{"@id":"https:\/\/www.asajacyl.com\/avila\/asaja-avila-informa\/asaja-avila-exige-que-de-inmediato-se-haga-publica-la-resolucion-del-levantamiento-de-pastos-de-la-que-habla-el-consejero#primaryimage"},"image":{"@id":"https:\/\/www.asajacyl.com\/avila\/asaja-avila-informa\/asaja-avila-exige-que-de-inmediato-se-haga-publica-la-resolucion-del-levantamiento-de-pastos-de-la-que-habla-el-consejero#primaryimage"},"thumbnailUrl":"https:\/\/www.asajacyl.com\/avila\/wp-content\/uploads\/sites\/4\/2026\/02\/WhatsApp-Image-2026-02-17-at-14.25.29.jpeg","datePublished":"2026-02-19T12:14:21+00:00","dateModified":"2026-02-19T12:14:22+00:00","author":{"@id":"https:\/\/www.asajacyl.com\/avila\/#\/schema\/person\/51bbd29d94e00aa22d79c7b8c3c404e6"},"description":"\u00c1vila, 19 de febrero de 2026 Desde ASAJA \u00c1vila manifestamos nuestra profunda sorpresa ante las declaraciones realizadas por el consejero de Medio","breadcrumb":{"@id":"https:\/\/www.asajacyl.com\/avila\/asaja-avila-informa\/asaja-avila-exige-que-de-inmediato-se-haga-publica-la-resolucion-del-levantamiento-de-pastos-de-la-que-habla-el-consejero#breadcrumb"},"inLanguage":"es","potentialAction":[{"@type":"ReadAction","target":["https:\/\/www.asajacyl.com\/avila\/asaja-avila-informa\/asaja-avila-exige-que-de-inmediato-se-haga-publica-la-resolucion-del-levantamiento-de-pastos-de-la-que-habla-el-consejero"]}]},{"@type":"ImageObject","inLanguage":"es","@id":"https:\/\/www.asajacyl.com\/avila\/asaja-avila-informa\/asaja-avila-exige-que-de-inmediato-se-haga-publica-la-resolucion-del-levantamiento-de-pastos-de-la-que-habla-el-consejero#primaryimage","url":"https:\/\/www.asajacyl.com\/avila\/wp-content\/uploads\/sites\/4\/2026\/02\/WhatsApp-Image-2026-02-17-at-14.25.29.jpeg","contentUrl":"https:\/\/www.asajacyl.com\/avila\/wp-content\/uploads\/sites\/4\/2026\/02\/WhatsApp-Image-2026-02-17-at-14.25.29.jpeg","width":941,"height":1242},{"@type":"BreadcrumbList","@id":"https:\/\/www.asajacyl.com\/avila\/asaja-avila-informa\/asaja-avila-exige-que-de-inmediato-se-haga-publica-la-resolucion-del-levantamiento-de-pastos-de-la-que-habla-el-consejero#breadcrumb","itemListElement":[{"@type":"ListItem","position":1,"name":"Portada","item":"https:\/\/www.asajacyl.com\/avila\/"},{"@type":"ListItem","position":2,"name":"ASAJA \u00c1VILA EXIGE QUE, DE INMEDIATO, SE HAGA P\u00daBLICA LA RESOLUCI\u00d3N DEL LEVANTAMIENTO DE PASTOS DE LA QUE HABLA EL CONSEJERO"}]},{"@type":"WebSite","@id":"https:\/\/www.asajacyl.com\/avila\/#website","url":"https:\/\/www.asajacyl.com\/avila\/","name":"ASAJA \u00c1vila","description":"Otro sitio m\u00e1s de Provincias ASAJA Castilla y Le\u00f3n","potentialAction":[{"@type":"SearchAction","target":{"@type":"EntryPoint","urlTemplate":"https:\/\/www.asajacyl.com\/avila\/?s={search_term_string}"},"query-input":{"@type":"PropertyValueSpecification","valueRequired":true,"valueName":"search_term_string"}}],"inLanguage":"es"},{"@type":"Person","@id":"https:\/\/www.asajacyl.com\/avila\/#\/schema\/person\/51bbd29d94e00aa22d79c7b8c3c404e6","name":"comunicacion","image":{"@type":"ImageObject","inLanguage":"es","@id":"https:\/\/www.asajacyl.com\/avila\/#\/schema\/person\/image\/","url":"https:\/\/secure.gravatar.com\/avatar\/dacd6ac12f2f802c39afce565d232781?s=96&d=mm&r=g","contentUrl":"https:\/\/secure.gravatar.com\/avatar\/dacd6ac12f2f802c39afce565d232781?s=96&d=mm&r=g","caption":"comunicacion"},"url":"https:\/\/www.asajacyl.com\/avila\/author\/comunicacion"}]}},"_links":{"self":[{"href":"https:\/\/www.asajacyl.com\/avila\/wp-json\/wp\/v2\/posts\/7000"}],"collection":[{"href":"https:\/\/www.asajacyl.com\/avila\/wp-json\/wp\/v2\/posts"}],"about":[{"href":"https:\/\/www.asajacyl.com\/avila\/wp-json\/wp\/v2\/types\/post"}],"author":[{"embeddable":true,"href":"https:\/\/www.asajacyl.com\/avila\/wp-json\/wp\/v2\/users\/16"}],"replies":[{"embeddable":true,"href":"https:\/\/www.asajacyl.com\/avila\/wp-json\/wp\/v2\/comments?post=7000"}],"version-history":[{"count":1,"href":"https:\/\/www.asajacyl.com\/avila\/wp-json\/wp\/v2\/posts\/7000\/revisions"}],"predecessor-version":[{"id":7002,"href":"https:\/\/www.asajacyl.com\/avila\/wp-json\/wp\/v2\/posts\/7000\/revisions\/7002"}],"wp:featuredmedia":[{"embeddable":true,"href":"https:\/\/www.asajacyl.com\/avila\/wp-json\/wp\/v2\/media\/7001"}],"wp:attachment":[{"href":"https:\/\/www.asajacyl.com\/avila\/wp-json\/wp\/v2\/media?parent=7000"}],"wp:term":[{"taxonomy":"category","embeddable":true,"href":"https:\/\/www.asajacyl.com\/avila\/wp-json\/wp\/v2\/categories?post=7000"},{"taxonomy":"post_tag","embeddable":true,"href":"https:\/\/www.asajacyl.com\/avila\/wp-json\/wp\/v2\/tags?post=7000"}],"curies":[{"name":"wp","href":"https:\/\/api.w.org\/{rel}","templated":true}]}}