{"id":7003,"date":"2026-02-24T09:53:05","date_gmt":"2026-02-24T08:53:05","guid":{"rendered":"https:\/\/www.asajacyl.com\/avila\/?p=7003"},"modified":"2026-02-24T09:53:07","modified_gmt":"2026-02-24T08:53:07","slug":"tras-la-reunion-con-la-delegacion-de-la-junta-asaja-avila-permanece-a-la-espera-de-recibir-el-listado-de-superficie-sin-levantar","status":"publish","type":"post","link":"https:\/\/www.asajacyl.com\/avila\/asaja-avila-informa\/tras-la-reunion-con-la-delegacion-de-la-junta-asaja-avila-permanece-a-la-espera-de-recibir-el-listado-de-superficie-sin-levantar","title":{"rendered":"TRAS LA REUNI\u00d3N CON LA DELEGACI\u00d3N DE LA JUNTA, ASAJA \u00c1VILA PERMANECE A LA ESPERA DE RECIBIR EL LISTADO DE SUPERFICIE SIN LEVANTAR"},"content":{"rendered":"\n<p>\u00c1vila, 23 de febrero de 2026<\/p>\n\n\n\n<p>El presidente de ASAJA \u00c1vila, Joaqu\u00edn Antonio Pino, acompa\u00f1ado de varios t\u00e9cnicos de la organizaci\u00f3n agraria y ganaderos de la provincia, ha mantenido una reuni\u00f3n con el delegado territorial de la Junta de Castilla y Le\u00f3n, Jos\u00e9 Francisco Hern\u00e1ndez, y los responsables del Servicio Territorial de Medio Ambiente y el Servicio Territorial de Agricultura de \u00c1vila, tras la solicitud, el jueves 18, de esta cita por parte de nuestra organizaci\u00f3n. En este sentido, queremos agradecer a la Junta de Castilla y Le\u00f3n la celeridad con la que ha convocado esta reuni\u00f3n.<br>En este encuentro hemos trasladado, una vez m\u00e1s, la preocupaci\u00f3n del sector ganadero ante la falta de informaci\u00f3n clara y accesible sobre el levantamiento del acotamiento de pastos en la provincia.<br>Durante la reuni\u00f3n, se nos ha facilitado la resoluci\u00f3n del 4 de febrero a la que se hac\u00eda referencia p\u00fablicamente en d\u00edas anteriores por parte del consejero de Medio Ambiente, Vivienda y Ordenaci\u00f3n del Territorio, Juan Carlos Su\u00e1rez-Qui\u00f1ones, y valoramos la voluntad de entendimiento y di\u00e1logo mostrada por parte del delegado territorial para aclarar la situaci\u00f3n.<br>No obstante, desde ASAJA \u00c1vila seguimos insistiendo en que persiste un problema de inaccesibilidad a la informaci\u00f3n. A d\u00eda de hoy, no existe un listado p\u00fablico, claro y detallado donde se indiquen las zonas y superficies concretas afectadas por el levantamiento, algo imprescindible para facilitar el trabajo de nuestra organizaci\u00f3n en plena campa\u00f1a de la PAC.<br>Somos mayoritariamente las organizaciones agrarias quienes asesoramos y tramitamos las solicitudes de agricultores y ganaderos, y necesitamos contar con informaci\u00f3n oficial, precisa, actualizada y f\u00e1cilmente consultable para garantizar seguridad jur\u00eddica y evitar errores que puedan perjudicar a las explotaciones.<br>Por parte de la Administraci\u00f3n se ha asumido el compromiso de remitirnos en los pr\u00f3ximos d\u00edas un listado detallado con las superficies que contin\u00faan acotadas, relativas a los incendios de los \u00faltimos cinco a\u00f1os.<br>Desde ASAJA \u00c1vila estaremos vigilantes para que esas buenas palabras y compromisos se traduzcan en hechos concretos y en documentaci\u00f3n clara. El<br>Comunicaci\u00f3n ASAJA \u00c1vila<br>C\/Duque de Alba, 6 \u2013 Pasaja \u2013 05001 \u2013 \u00c1vila<br>Tel\u00e9fonos: 604 115 320 &#8211; 920 100 857 \u2013 920 302 317<br>objetivo de ASAJA \u00c1vila es que toda la superficie elegible que vienen declarando los ganaderos en la PAC en los \u00faltimos cinco a\u00f1os se levante para que estos puedan percibir \u00edntegramente las ayudas.<\/p>\n","protected":false},"excerpt":{"rendered":"<p>\u00c1vila, 23 de febrero de 2026 El presidente de ASAJA \u00c1vila, Joaqu\u00edn Antonio Pino, acompa\u00f1ado de varios t\u00e9cnicos de la organizaci\u00f3n agraria y ganaderos de la provincia, ha mantenido una reuni\u00f3n con el delegado territorial de la Junta de Castilla y Le\u00f3n, Jos\u00e9 Francisco Hern\u00e1ndez, y los responsables del Servicio Territorial de Medio Ambiente y [&hellip;]<\/p>\n","protected":false},"author":16,"featured_media":7004,"comment_status":"open","ping_status":"open","sticky":false,"template":"","format":"standard","meta":{"footnotes":""},"categories":[8,28,18],"tags":[59,63,83,53,54,71,55,56,72,3],"yoast_head":"<!-- This site is optimized with the Yoast SEO plugin v24.5 - https:\/\/yoast.com\/wordpress\/plugins\/seo\/ -->\n<title>TRAS LA REUNI\u00d3N CON LA DELEGACI\u00d3N DE LA JUNTA, ASAJA \u00c1VILA PERMANECE A LA ESPERA DE RECIBIR EL LISTADO DE SUPERFICIE SIN LEVANTAR - ASAJA \u00c1vila<\/title>\n<meta name=\"description\" content=\"\u00c1vila, 23 de febrero de 2026 El presidente de ASAJA \u00c1vila, Joaqu\u00edn Antonio Pino, acompa\u00f1ado de varios t\u00e9cnicos de la organizaci\u00f3n agraria y ganaderos de\" \/>\n<meta name=\"robots\" content=\"index, follow, max-snippet:-1, max-image-preview:large, max-video-preview:-1\" \/>\n<link rel=\"canonical\" href=\"https:\/\/www.asajacyl.com\/avila\/asaja-avila-informa\/tras-la-reunion-con-la-delegacion-de-la-junta-asaja-avila-permanece-a-la-espera-de-recibir-el-listado-de-superficie-sin-levantar\" \/>\n<meta property=\"og:locale\" content=\"es_ES\" \/>\n<meta property=\"og:type\" content=\"article\" \/>\n<meta property=\"og:title\" content=\"TRAS LA REUNI\u00d3N CON LA DELEGACI\u00d3N DE LA JUNTA, ASAJA \u00c1VILA PERMANECE A LA ESPERA DE RECIBIR EL LISTADO DE SUPERFICIE SIN LEVANTAR - ASAJA \u00c1vila\" \/>\n<meta property=\"og:description\" content=\"\u00c1vila, 23 de febrero de 2026 El presidente de ASAJA \u00c1vila, Joaqu\u00edn Antonio Pino, acompa\u00f1ado de varios t\u00e9cnicos de la organizaci\u00f3n agraria y ganaderos de\" \/>\n<meta property=\"og:url\" content=\"https:\/\/www.asajacyl.com\/avila\/asaja-avila-informa\/tras-la-reunion-con-la-delegacion-de-la-junta-asaja-avila-permanece-a-la-espera-de-recibir-el-listado-de-superficie-sin-levantar\" \/>\n<meta property=\"og:site_name\" content=\"ASAJA \u00c1vila\" \/>\n<meta property=\"article:published_time\" content=\"2026-02-24T08:53:05+00:00\" \/>\n<meta property=\"article:modified_time\" content=\"2026-02-24T08:53:07+00:00\" \/>\n<meta property=\"og:image\" content=\"https:\/\/www.asajacyl.com\/avila\/wp-content\/uploads\/sites\/4\/2026\/02\/Reunion-junta-pastos.jpeg\" \/>\n\t<meta property=\"og:image:width\" content=\"2000\" \/>\n\t<meta property=\"og:image:height\" content=\"900\" \/>\n\t<meta property=\"og:image:type\" content=\"image\/jpeg\" \/>\n<meta name=\"author\" content=\"comunicacion\" \/>\n<meta name=\"twitter:card\" content=\"summary_large_image\" \/>\n<meta name=\"twitter:label1\" content=\"Escrito por\" \/>\n\t<meta name=\"twitter:data1\" content=\"comunicacion\" \/>\n\t<meta name=\"twitter:label2\" content=\"Tiempo de lectura\" \/>\n\t<meta name=\"twitter:data2\" content=\"2 minutos\" \/>\n<script type=\"application\/ld+json\" class=\"yoast-schema-graph\">{\"@context\":\"https:\/\/schema.org\",\"@graph\":[{\"@type\":\"WebPage\",\"@id\":\"https:\/\/www.asajacyl.com\/avila\/asaja-avila-informa\/tras-la-reunion-con-la-delegacion-de-la-junta-asaja-avila-permanece-a-la-espera-de-recibir-el-listado-de-superficie-sin-levantar\",\"url\":\"https:\/\/www.asajacyl.com\/avila\/asaja-avila-informa\/tras-la-reunion-con-la-delegacion-de-la-junta-asaja-avila-permanece-a-la-espera-de-recibir-el-listado-de-superficie-sin-levantar\",\"name\":\"TRAS LA REUNI\u00d3N CON LA DELEGACI\u00d3N DE LA JUNTA, ASAJA \u00c1VILA PERMANECE A LA ESPERA DE RECIBIR EL LISTADO DE SUPERFICIE SIN LEVANTAR - ASAJA \u00c1vila\",\"isPartOf\":{\"@id\":\"https:\/\/www.asajacyl.com\/avila\/#website\"},\"primaryImageOfPage\":{\"@id\":\"https:\/\/www.asajacyl.com\/avila\/asaja-avila-informa\/tras-la-reunion-con-la-delegacion-de-la-junta-asaja-avila-permanece-a-la-espera-de-recibir-el-listado-de-superficie-sin-levantar#primaryimage\"},\"image\":{\"@id\":\"https:\/\/www.asajacyl.com\/avila\/asaja-avila-informa\/tras-la-reunion-con-la-delegacion-de-la-junta-asaja-avila-permanece-a-la-espera-de-recibir-el-listado-de-superficie-sin-levantar#primaryimage\"},\"thumbnailUrl\":\"https:\/\/www.asajacyl.com\/avila\/wp-content\/uploads\/sites\/4\/2026\/02\/Reunion-junta-pastos.jpeg\",\"datePublished\":\"2026-02-24T08:53:05+00:00\",\"dateModified\":\"2026-02-24T08:53:07+00:00\",\"author\":{\"@id\":\"https:\/\/www.asajacyl.com\/avila\/#\/schema\/person\/51bbd29d94e00aa22d79c7b8c3c404e6\"},\"description\":\"\u00c1vila, 23 de febrero de 2026 El presidente de ASAJA \u00c1vila, Joaqu\u00edn Antonio Pino, acompa\u00f1ado de varios t\u00e9cnicos de la organizaci\u00f3n agraria y ganaderos de\",\"breadcrumb\":{\"@id\":\"https:\/\/www.asajacyl.com\/avila\/asaja-avila-informa\/tras-la-reunion-con-la-delegacion-de-la-junta-asaja-avila-permanece-a-la-espera-de-recibir-el-listado-de-superficie-sin-levantar#breadcrumb\"},\"inLanguage\":\"es\",\"potentialAction\":[{\"@type\":\"ReadAction\",\"target\":[\"https:\/\/www.asajacyl.com\/avila\/asaja-avila-informa\/tras-la-reunion-con-la-delegacion-de-la-junta-asaja-avila-permanece-a-la-espera-de-recibir-el-listado-de-superficie-sin-levantar\"]}]},{\"@type\":\"ImageObject\",\"inLanguage\":\"es\",\"@id\":\"https:\/\/www.asajacyl.com\/avila\/asaja-avila-informa\/tras-la-reunion-con-la-delegacion-de-la-junta-asaja-avila-permanece-a-la-espera-de-recibir-el-listado-de-superficie-sin-levantar#primaryimage\",\"url\":\"https:\/\/www.asajacyl.com\/avila\/wp-content\/uploads\/sites\/4\/2026\/02\/Reunion-junta-pastos.jpeg\",\"contentUrl\":\"https:\/\/www.asajacyl.com\/avila\/wp-content\/uploads\/sites\/4\/2026\/02\/Reunion-junta-pastos.jpeg\",\"width\":2000,\"height\":900},{\"@type\":\"BreadcrumbList\",\"@id\":\"https:\/\/www.asajacyl.com\/avila\/asaja-avila-informa\/tras-la-reunion-con-la-delegacion-de-la-junta-asaja-avila-permanece-a-la-espera-de-recibir-el-listado-de-superficie-sin-levantar#breadcrumb\",\"itemListElement\":[{\"@type\":\"ListItem\",\"position\":1,\"name\":\"Portada\",\"item\":\"https:\/\/www.asajacyl.com\/avila\/\"},{\"@type\":\"ListItem\",\"position\":2,\"name\":\"TRAS LA REUNI\u00d3N CON LA DELEGACI\u00d3N DE LA JUNTA, ASAJA \u00c1VILA PERMANECE A LA ESPERA DE RECIBIR EL LISTADO DE SUPERFICIE SIN LEVANTAR\"}]},{\"@type\":\"WebSite\",\"@id\":\"https:\/\/www.asajacyl.com\/avila\/#website\",\"url\":\"https:\/\/www.asajacyl.com\/avila\/\",\"name\":\"ASAJA \u00c1vila\",\"description\":\"Otro sitio m\u00e1s de Provincias ASAJA Castilla y Le\u00f3n\",\"potentialAction\":[{\"@type\":\"SearchAction\",\"target\":{\"@type\":\"EntryPoint\",\"urlTemplate\":\"https:\/\/www.asajacyl.com\/avila\/?s={search_term_string}\"},\"query-input\":{\"@type\":\"PropertyValueSpecification\",\"valueRequired\":true,\"valueName\":\"search_term_string\"}}],\"inLanguage\":\"es\"},{\"@type\":\"Person\",\"@id\":\"https:\/\/www.asajacyl.com\/avila\/#\/schema\/person\/51bbd29d94e00aa22d79c7b8c3c404e6\",\"name\":\"comunicacion\",\"image\":{\"@type\":\"ImageObject\",\"inLanguage\":\"es\",\"@id\":\"https:\/\/www.asajacyl.com\/avila\/#\/schema\/person\/image\/\",\"url\":\"https:\/\/secure.gravatar.com\/avatar\/dacd6ac12f2f802c39afce565d232781?s=96&d=mm&r=g\",\"contentUrl\":\"https:\/\/secure.gravatar.com\/avatar\/dacd6ac12f2f802c39afce565d232781?s=96&d=mm&r=g\",\"caption\":\"comunicacion\"},\"url\":\"https:\/\/www.asajacyl.com\/avila\/author\/comunicacion\"}]}<\/script>\n<!-- \/ Yoast SEO plugin. -->","yoast_head_json":{"title":"TRAS LA REUNI\u00d3N CON LA DELEGACI\u00d3N DE LA JUNTA, ASAJA \u00c1VILA PERMANECE A LA ESPERA DE RECIBIR EL LISTADO DE SUPERFICIE SIN LEVANTAR - ASAJA \u00c1vila","description":"\u00c1vila, 23 de febrero de 2026 El presidente de ASAJA \u00c1vila, Joaqu\u00edn Antonio Pino, acompa\u00f1ado de varios t\u00e9cnicos de la organizaci\u00f3n agraria y ganaderos de","robots":{"index":"index","follow":"follow","max-snippet":"max-snippet:-1","max-image-preview":"max-image-preview:large","max-video-preview":"max-video-preview:-1"},"canonical":"https:\/\/www.asajacyl.com\/avila\/asaja-avila-informa\/tras-la-reunion-con-la-delegacion-de-la-junta-asaja-avila-permanece-a-la-espera-de-recibir-el-listado-de-superficie-sin-levantar","og_locale":"es_ES","og_type":"article","og_title":"TRAS LA REUNI\u00d3N CON LA DELEGACI\u00d3N DE LA JUNTA, ASAJA \u00c1VILA PERMANECE A LA ESPERA DE RECIBIR EL LISTADO DE SUPERFICIE SIN LEVANTAR - ASAJA \u00c1vila","og_description":"\u00c1vila, 23 de febrero de 2026 El presidente de ASAJA \u00c1vila, Joaqu\u00edn Antonio Pino, acompa\u00f1ado de varios t\u00e9cnicos de la organizaci\u00f3n agraria y ganaderos de","og_url":"https:\/\/www.asajacyl.com\/avila\/asaja-avila-informa\/tras-la-reunion-con-la-delegacion-de-la-junta-asaja-avila-permanece-a-la-espera-de-recibir-el-listado-de-superficie-sin-levantar","og_site_name":"ASAJA \u00c1vila","article_published_time":"2026-02-24T08:53:05+00:00","article_modified_time":"2026-02-24T08:53:07+00:00","og_image":[{"width":2000,"height":900,"url":"https:\/\/www.asajacyl.com\/avila\/wp-content\/uploads\/sites\/4\/2026\/02\/Reunion-junta-pastos.jpeg","type":"image\/jpeg"}],"author":"comunicacion","twitter_card":"summary_large_image","twitter_misc":{"Escrito por":"comunicacion","Tiempo de lectura":"2 minutos"},"schema":{"@context":"https:\/\/schema.org","@graph":[{"@type":"WebPage","@id":"https:\/\/www.asajacyl.com\/avila\/asaja-avila-informa\/tras-la-reunion-con-la-delegacion-de-la-junta-asaja-avila-permanece-a-la-espera-de-recibir-el-listado-de-superficie-sin-levantar","url":"https:\/\/www.asajacyl.com\/avila\/asaja-avila-informa\/tras-la-reunion-con-la-delegacion-de-la-junta-asaja-avila-permanece-a-la-espera-de-recibir-el-listado-de-superficie-sin-levantar","name":"TRAS LA REUNI\u00d3N CON LA DELEGACI\u00d3N DE LA JUNTA, ASAJA \u00c1VILA PERMANECE A LA ESPERA DE RECIBIR EL LISTADO DE SUPERFICIE SIN LEVANTAR - ASAJA \u00c1vila","isPartOf":{"@id":"https:\/\/www.asajacyl.com\/avila\/#website"},"primaryImageOfPage":{"@id":"https:\/\/www.asajacyl.com\/avila\/asaja-avila-informa\/tras-la-reunion-con-la-delegacion-de-la-junta-asaja-avila-permanece-a-la-espera-de-recibir-el-listado-de-superficie-sin-levantar#primaryimage"},"image":{"@id":"https:\/\/www.asajacyl.com\/avila\/asaja-avila-informa\/tras-la-reunion-con-la-delegacion-de-la-junta-asaja-avila-permanece-a-la-espera-de-recibir-el-listado-de-superficie-sin-levantar#primaryimage"},"thumbnailUrl":"https:\/\/www.asajacyl.com\/avila\/wp-content\/uploads\/sites\/4\/2026\/02\/Reunion-junta-pastos.jpeg","datePublished":"2026-02-24T08:53:05+00:00","dateModified":"2026-02-24T08:53:07+00:00","author":{"@id":"https:\/\/www.asajacyl.com\/avila\/#\/schema\/person\/51bbd29d94e00aa22d79c7b8c3c404e6"},"description":"\u00c1vila, 23 de febrero de 2026 El presidente de ASAJA \u00c1vila, Joaqu\u00edn Antonio Pino, acompa\u00f1ado de varios t\u00e9cnicos de la organizaci\u00f3n agraria y ganaderos de","breadcrumb":{"@id":"https:\/\/www.asajacyl.com\/avila\/asaja-avila-informa\/tras-la-reunion-con-la-delegacion-de-la-junta-asaja-avila-permanece-a-la-espera-de-recibir-el-listado-de-superficie-sin-levantar#breadcrumb"},"inLanguage":"es","potentialAction":[{"@type":"ReadAction","target":["https:\/\/www.asajacyl.com\/avila\/asaja-avila-informa\/tras-la-reunion-con-la-delegacion-de-la-junta-asaja-avila-permanece-a-la-espera-de-recibir-el-listado-de-superficie-sin-levantar"]}]},{"@type":"ImageObject","inLanguage":"es","@id":"https:\/\/www.asajacyl.com\/avila\/asaja-avila-informa\/tras-la-reunion-con-la-delegacion-de-la-junta-asaja-avila-permanece-a-la-espera-de-recibir-el-listado-de-superficie-sin-levantar#primaryimage","url":"https:\/\/www.asajacyl.com\/avila\/wp-content\/uploads\/sites\/4\/2026\/02\/Reunion-junta-pastos.jpeg","contentUrl":"https:\/\/www.asajacyl.com\/avila\/wp-content\/uploads\/sites\/4\/2026\/02\/Reunion-junta-pastos.jpeg","width":2000,"height":900},{"@type":"BreadcrumbList","@id":"https:\/\/www.asajacyl.com\/avila\/asaja-avila-informa\/tras-la-reunion-con-la-delegacion-de-la-junta-asaja-avila-permanece-a-la-espera-de-recibir-el-listado-de-superficie-sin-levantar#breadcrumb","itemListElement":[{"@type":"ListItem","position":1,"name":"Portada","item":"https:\/\/www.asajacyl.com\/avila\/"},{"@type":"ListItem","position":2,"name":"TRAS LA REUNI\u00d3N CON LA DELEGACI\u00d3N DE LA JUNTA, ASAJA \u00c1VILA PERMANECE A LA ESPERA DE RECIBIR EL LISTADO DE SUPERFICIE SIN LEVANTAR"}]},{"@type":"WebSite","@id":"https:\/\/www.asajacyl.com\/avila\/#website","url":"https:\/\/www.asajacyl.com\/avila\/","name":"ASAJA \u00c1vila","description":"Otro sitio m\u00e1s de Provincias ASAJA Castilla y Le\u00f3n","potentialAction":[{"@type":"SearchAction","target":{"@type":"EntryPoint","urlTemplate":"https:\/\/www.asajacyl.com\/avila\/?s={search_term_string}"},"query-input":{"@type":"PropertyValueSpecification","valueRequired":true,"valueName":"search_term_string"}}],"inLanguage":"es"},{"@type":"Person","@id":"https:\/\/www.asajacyl.com\/avila\/#\/schema\/person\/51bbd29d94e00aa22d79c7b8c3c404e6","name":"comunicacion","image":{"@type":"ImageObject","inLanguage":"es","@id":"https:\/\/www.asajacyl.com\/avila\/#\/schema\/person\/image\/","url":"https:\/\/secure.gravatar.com\/avatar\/dacd6ac12f2f802c39afce565d232781?s=96&d=mm&r=g","contentUrl":"https:\/\/secure.gravatar.com\/avatar\/dacd6ac12f2f802c39afce565d232781?s=96&d=mm&r=g","caption":"comunicacion"},"url":"https:\/\/www.asajacyl.com\/avila\/author\/comunicacion"}]}},"_links":{"self":[{"href":"https:\/\/www.asajacyl.com\/avila\/wp-json\/wp\/v2\/posts\/7003"}],"collection":[{"href":"https:\/\/www.asajacyl.com\/avila\/wp-json\/wp\/v2\/posts"}],"about":[{"href":"https:\/\/www.asajacyl.com\/avila\/wp-json\/wp\/v2\/types\/post"}],"author":[{"embeddable":true,"href":"https:\/\/www.asajacyl.com\/avila\/wp-json\/wp\/v2\/users\/16"}],"replies":[{"embeddable":true,"href":"https:\/\/www.asajacyl.com\/avila\/wp-json\/wp\/v2\/comments?post=7003"}],"version-history":[{"count":1,"href":"https:\/\/www.asajacyl.com\/avila\/wp-json\/wp\/v2\/posts\/7003\/revisions"}],"predecessor-version":[{"id":7005,"href":"https:\/\/www.asajacyl.com\/avila\/wp-json\/wp\/v2\/posts\/7003\/revisions\/7005"}],"wp:featuredmedia":[{"embeddable":true,"href":"https:\/\/www.asajacyl.com\/avila\/wp-json\/wp\/v2\/media\/7004"}],"wp:attachment":[{"href":"https:\/\/www.asajacyl.com\/avila\/wp-json\/wp\/v2\/media?parent=7003"}],"wp:term":[{"taxonomy":"category","embeddable":true,"href":"https:\/\/www.asajacyl.com\/avila\/wp-json\/wp\/v2\/categories?post=7003"},{"taxonomy":"post_tag","embeddable":true,"href":"https:\/\/www.asajacyl.com\/avila\/wp-json\/wp\/v2\/tags?post=7003"}],"curies":[{"name":"wp","href":"https:\/\/api.w.org\/{rel}","templated":true}]}}