{"id":7010,"date":"2026-02-24T12:36:07","date_gmt":"2026-02-24T11:36:07","guid":{"rendered":"https:\/\/www.asajacyl.com\/avila\/?p=7010"},"modified":"2026-02-24T14:29:30","modified_gmt":"2026-02-24T13:29:30","slug":"asaja-avila-ofrece-dos-cursos-para-acompanar-a-los-agricultores-y-ganaderos-de-avila-en-su-profesionalizacion-y-en-el-cumplimiento-de-las-exigencias-del-sector-2","status":"publish","type":"post","link":"https:\/\/www.asajacyl.com\/avila\/servicios-socio\/cursos-jornadas\/asaja-avila-ofrece-dos-cursos-para-acompanar-a-los-agricultores-y-ganaderos-de-avila-en-su-profesionalizacion-y-en-el-cumplimiento-de-las-exigencias-del-sector-2","title":{"rendered":"ASAJA \u00c1VILA OFRECE DOS CURSOS PARA ACOMPA\u00d1AR A LOS AGRICULTORES Y GANADEROS DE \u00c1VILA EN SU PROFESIONALIZACI\u00d3N Y EN EL CUMPLIMIENTO DE LAS EXIGENCIAS DEL SECTOR"},"content":{"rendered":"\n<p><strong>\u00c1vila, 24 de febrero de 2026<br><\/strong>ASAJA \u00c1vila, en su l\u00ednea de apoyar, asesorar y acompa\u00f1ar a los agricultores y ganaderos de la provincia, pone a disposici\u00f3n de todos los interesados dos cursos que se desarrollar\u00e1n durante el pr\u00f3ximo mes de marzo.<br>El primero de ellos es el Curso de Usuario Profesional de Productos Fitosanitarios, en su nivel b\u00e1sico, una formaci\u00f3n dirigida a aquellas personas que necesiten adquirir los conocimientos y la acreditaci\u00f3n oficial para el uso profesional de productos fitosanitarios.<br>Este curso permite la obtenci\u00f3n del carn\u00e9 profesional, que es un requisito obligatorio para la manipulaci\u00f3n y aplicaci\u00f3n de productos fitosanitarios en el \u00e1mbito agr\u00edcola, conforme a la normativa vigente. La utilizaci\u00f3n de estos productos requiere conocimientos t\u00e9cnicos y responsabilidad, ya que su uso inadecuado puede afectar tanto a la salud humana como al medio ambiente y a la seguridad alimentaria. En \u00e9l se abordar\u00e1 la normativa vigente, la seguridad y prevenci\u00f3n de riesgos, as\u00ed como el manejo adecuado de productos y buenas pr\u00e1cticas agr\u00edcolas.<br>El curso tendr\u00e1 lugar en la sede de ASAJA \u00c1vila (calle Duque de Alba, 6 (Pasaje), \u00c1vila), del 2 al 6 de marzo de 2026, en horario de tarde, con el fin de facilitar la compatibilizaci\u00f3n de la formaci\u00f3n con la actividad laboral diaria. El formato ser\u00e1 presencial y se desarrollar\u00e1 durante cinco d\u00edas consecutivos.<br>El segundo curso, Incorporaci\u00f3n a la Empresa Agraria, comenzar\u00e1 el 2 de marzo y desde ASAJA \u00c1vila recordamos que es necesario para poder solicitar las ayudas destinadas a j\u00f3venes agricultores y las destinadas a la mejora de las estructuras de producci\u00f3n y modernizaci\u00f3n de las explotaciones agrarias, adem\u00e1s de para solicitar derechos de pago b\u00e1sico de la Reserva Nacional.<br>Este curso se impartir\u00e1 del 2 de marzo al 11 de mayo, en modalidad on line. Ambos cursos est\u00e1n organizados por ASAJA \u00c1vila y para formalizar la inscripci\u00f3n o solicitar m\u00e1s informaci\u00f3n se puede contactar a trav\u00e9s de los tel\u00e9fonos 920 100 857 y 670 295 471<\/p>\n","protected":false},"excerpt":{"rendered":"<p>\u00c1vila, 24 de febrero de 2026ASAJA \u00c1vila, en su l\u00ednea de apoyar, asesorar y acompa\u00f1ar a los agricultores y ganaderos de la provincia, pone a disposici\u00f3n de todos los interesados dos cursos que se desarrollar\u00e1n durante el pr\u00f3ximo mes de marzo.El primero de ellos es el Curso de Usuario Profesional de Productos Fitosanitarios, en su [&hellip;]<\/p>\n","protected":false},"author":16,"featured_media":7012,"comment_status":"open","ping_status":"open","sticky":false,"template":"","format":"standard","meta":{"footnotes":""},"categories":[25,9],"tags":[59,63,83,53,54,71,55,56,72,3],"yoast_head":"<!-- This site is optimized with the Yoast SEO plugin v24.5 - https:\/\/yoast.com\/wordpress\/plugins\/seo\/ -->\n<title>ASAJA \u00c1VILA OFRECE DOS CURSOS PARA ACOMPA\u00d1AR A LOS AGRICULTORES Y GANADEROS DE \u00c1VILA EN SU PROFESIONALIZACI\u00d3N Y EN EL CUMPLIMIENTO DE LAS EXIGENCIAS DEL SECTOR - ASAJA \u00c1vila<\/title>\n<meta name=\"description\" content=\"\u00c1vila, 24 de febrero de 2026ASAJA \u00c1vila, en su l\u00ednea de apoyar, asesorar y acompa\u00f1ar a los agricultores y ganaderos de la provincia, pone a disposici\u00f3n de\" \/>\n<meta name=\"robots\" content=\"index, follow, max-snippet:-1, max-image-preview:large, max-video-preview:-1\" \/>\n<link rel=\"canonical\" href=\"https:\/\/www.asajacyl.com\/avila\/servicios-socio\/cursos-jornadas\/asaja-avila-ofrece-dos-cursos-para-acompanar-a-los-agricultores-y-ganaderos-de-avila-en-su-profesionalizacion-y-en-el-cumplimiento-de-las-exigencias-del-sector-2\" \/>\n<meta property=\"og:locale\" content=\"es_ES\" \/>\n<meta property=\"og:type\" content=\"article\" \/>\n<meta property=\"og:title\" content=\"ASAJA \u00c1VILA OFRECE DOS CURSOS PARA ACOMPA\u00d1AR A LOS AGRICULTORES Y GANADEROS DE \u00c1VILA EN SU PROFESIONALIZACI\u00d3N Y EN EL CUMPLIMIENTO DE LAS EXIGENCIAS DEL SECTOR - ASAJA \u00c1vila\" \/>\n<meta property=\"og:description\" content=\"\u00c1vila, 24 de febrero de 2026ASAJA \u00c1vila, en su l\u00ednea de apoyar, asesorar y acompa\u00f1ar a los agricultores y ganaderos de la provincia, pone a disposici\u00f3n de\" \/>\n<meta property=\"og:url\" content=\"https:\/\/www.asajacyl.com\/avila\/servicios-socio\/cursos-jornadas\/asaja-avila-ofrece-dos-cursos-para-acompanar-a-los-agricultores-y-ganaderos-de-avila-en-su-profesionalizacion-y-en-el-cumplimiento-de-las-exigencias-del-sector-2\" \/>\n<meta property=\"og:site_name\" content=\"ASAJA \u00c1vila\" \/>\n<meta property=\"article:published_time\" content=\"2026-02-24T11:36:07+00:00\" \/>\n<meta property=\"article:modified_time\" content=\"2026-02-24T13:29:30+00:00\" \/>\n<meta property=\"og:image\" content=\"https:\/\/www.asajacyl.com\/avila\/wp-content\/uploads\/sites\/4\/2026\/02\/kaboompics-laptop-762548_1920.jpg\" \/>\n\t<meta property=\"og:image:width\" content=\"1920\" \/>\n\t<meta property=\"og:image:height\" content=\"1280\" \/>\n\t<meta property=\"og:image:type\" content=\"image\/jpeg\" \/>\n<meta name=\"author\" content=\"comunicacion\" \/>\n<meta name=\"twitter:card\" content=\"summary_large_image\" \/>\n<meta name=\"twitter:label1\" content=\"Escrito por\" \/>\n\t<meta name=\"twitter:data1\" content=\"comunicacion\" \/>\n\t<meta name=\"twitter:label2\" content=\"Tiempo de lectura\" \/>\n\t<meta name=\"twitter:data2\" content=\"2 minutos\" \/>\n<script type=\"application\/ld+json\" class=\"yoast-schema-graph\">{\"@context\":\"https:\/\/schema.org\",\"@graph\":[{\"@type\":\"WebPage\",\"@id\":\"https:\/\/www.asajacyl.com\/avila\/servicios-socio\/cursos-jornadas\/asaja-avila-ofrece-dos-cursos-para-acompanar-a-los-agricultores-y-ganaderos-de-avila-en-su-profesionalizacion-y-en-el-cumplimiento-de-las-exigencias-del-sector-2\",\"url\":\"https:\/\/www.asajacyl.com\/avila\/servicios-socio\/cursos-jornadas\/asaja-avila-ofrece-dos-cursos-para-acompanar-a-los-agricultores-y-ganaderos-de-avila-en-su-profesionalizacion-y-en-el-cumplimiento-de-las-exigencias-del-sector-2\",\"name\":\"ASAJA \u00c1VILA OFRECE DOS CURSOS PARA ACOMPA\u00d1AR A LOS AGRICULTORES Y GANADEROS DE \u00c1VILA EN SU PROFESIONALIZACI\u00d3N Y EN EL CUMPLIMIENTO DE LAS EXIGENCIAS DEL SECTOR - ASAJA \u00c1vila\",\"isPartOf\":{\"@id\":\"https:\/\/www.asajacyl.com\/avila\/#website\"},\"primaryImageOfPage\":{\"@id\":\"https:\/\/www.asajacyl.com\/avila\/servicios-socio\/cursos-jornadas\/asaja-avila-ofrece-dos-cursos-para-acompanar-a-los-agricultores-y-ganaderos-de-avila-en-su-profesionalizacion-y-en-el-cumplimiento-de-las-exigencias-del-sector-2#primaryimage\"},\"image\":{\"@id\":\"https:\/\/www.asajacyl.com\/avila\/servicios-socio\/cursos-jornadas\/asaja-avila-ofrece-dos-cursos-para-acompanar-a-los-agricultores-y-ganaderos-de-avila-en-su-profesionalizacion-y-en-el-cumplimiento-de-las-exigencias-del-sector-2#primaryimage\"},\"thumbnailUrl\":\"https:\/\/www.asajacyl.com\/avila\/wp-content\/uploads\/sites\/4\/2026\/02\/kaboompics-laptop-762548_1920.jpg\",\"datePublished\":\"2026-02-24T11:36:07+00:00\",\"dateModified\":\"2026-02-24T13:29:30+00:00\",\"author\":{\"@id\":\"https:\/\/www.asajacyl.com\/avila\/#\/schema\/person\/51bbd29d94e00aa22d79c7b8c3c404e6\"},\"description\":\"\u00c1vila, 24 de febrero de 2026ASAJA \u00c1vila, en su l\u00ednea de apoyar, asesorar y acompa\u00f1ar a los agricultores y ganaderos de la provincia, pone a disposici\u00f3n de\",\"breadcrumb\":{\"@id\":\"https:\/\/www.asajacyl.com\/avila\/servicios-socio\/cursos-jornadas\/asaja-avila-ofrece-dos-cursos-para-acompanar-a-los-agricultores-y-ganaderos-de-avila-en-su-profesionalizacion-y-en-el-cumplimiento-de-las-exigencias-del-sector-2#breadcrumb\"},\"inLanguage\":\"es\",\"potentialAction\":[{\"@type\":\"ReadAction\",\"target\":[\"https:\/\/www.asajacyl.com\/avila\/servicios-socio\/cursos-jornadas\/asaja-avila-ofrece-dos-cursos-para-acompanar-a-los-agricultores-y-ganaderos-de-avila-en-su-profesionalizacion-y-en-el-cumplimiento-de-las-exigencias-del-sector-2\"]}]},{\"@type\":\"ImageObject\",\"inLanguage\":\"es\",\"@id\":\"https:\/\/www.asajacyl.com\/avila\/servicios-socio\/cursos-jornadas\/asaja-avila-ofrece-dos-cursos-para-acompanar-a-los-agricultores-y-ganaderos-de-avila-en-su-profesionalizacion-y-en-el-cumplimiento-de-las-exigencias-del-sector-2#primaryimage\",\"url\":\"https:\/\/www.asajacyl.com\/avila\/wp-content\/uploads\/sites\/4\/2026\/02\/kaboompics-laptop-762548_1920.jpg\",\"contentUrl\":\"https:\/\/www.asajacyl.com\/avila\/wp-content\/uploads\/sites\/4\/2026\/02\/kaboompics-laptop-762548_1920.jpg\",\"width\":1920,\"height\":1280},{\"@type\":\"BreadcrumbList\",\"@id\":\"https:\/\/www.asajacyl.com\/avila\/servicios-socio\/cursos-jornadas\/asaja-avila-ofrece-dos-cursos-para-acompanar-a-los-agricultores-y-ganaderos-de-avila-en-su-profesionalizacion-y-en-el-cumplimiento-de-las-exigencias-del-sector-2#breadcrumb\",\"itemListElement\":[{\"@type\":\"ListItem\",\"position\":1,\"name\":\"Portada\",\"item\":\"https:\/\/www.asajacyl.com\/avila\/\"},{\"@type\":\"ListItem\",\"position\":2,\"name\":\"ASAJA \u00c1VILA OFRECE DOS CURSOS PARA ACOMPA\u00d1AR A LOS AGRICULTORES Y GANADEROS DE \u00c1VILA EN SU PROFESIONALIZACI\u00d3N Y EN EL CUMPLIMIENTO DE LAS EXIGENCIAS DEL SECTOR\"}]},{\"@type\":\"WebSite\",\"@id\":\"https:\/\/www.asajacyl.com\/avila\/#website\",\"url\":\"https:\/\/www.asajacyl.com\/avila\/\",\"name\":\"ASAJA \u00c1vila\",\"description\":\"Otro sitio m\u00e1s de Provincias ASAJA Castilla y Le\u00f3n\",\"potentialAction\":[{\"@type\":\"SearchAction\",\"target\":{\"@type\":\"EntryPoint\",\"urlTemplate\":\"https:\/\/www.asajacyl.com\/avila\/?s={search_term_string}\"},\"query-input\":{\"@type\":\"PropertyValueSpecification\",\"valueRequired\":true,\"valueName\":\"search_term_string\"}}],\"inLanguage\":\"es\"},{\"@type\":\"Person\",\"@id\":\"https:\/\/www.asajacyl.com\/avila\/#\/schema\/person\/51bbd29d94e00aa22d79c7b8c3c404e6\",\"name\":\"comunicacion\",\"image\":{\"@type\":\"ImageObject\",\"inLanguage\":\"es\",\"@id\":\"https:\/\/www.asajacyl.com\/avila\/#\/schema\/person\/image\/\",\"url\":\"https:\/\/secure.gravatar.com\/avatar\/dacd6ac12f2f802c39afce565d232781?s=96&d=mm&r=g\",\"contentUrl\":\"https:\/\/secure.gravatar.com\/avatar\/dacd6ac12f2f802c39afce565d232781?s=96&d=mm&r=g\",\"caption\":\"comunicacion\"},\"url\":\"https:\/\/www.asajacyl.com\/avila\/author\/comunicacion\"}]}<\/script>\n<!-- \/ Yoast SEO plugin. -->","yoast_head_json":{"title":"ASAJA \u00c1VILA OFRECE DOS CURSOS PARA ACOMPA\u00d1AR A LOS AGRICULTORES Y GANADEROS DE \u00c1VILA EN SU PROFESIONALIZACI\u00d3N Y EN EL CUMPLIMIENTO DE LAS EXIGENCIAS DEL SECTOR - ASAJA \u00c1vila","description":"\u00c1vila, 24 de febrero de 2026ASAJA \u00c1vila, en su l\u00ednea de apoyar, asesorar y acompa\u00f1ar a los agricultores y ganaderos de la provincia, pone a disposici\u00f3n de","robots":{"index":"index","follow":"follow","max-snippet":"max-snippet:-1","max-image-preview":"max-image-preview:large","max-video-preview":"max-video-preview:-1"},"canonical":"https:\/\/www.asajacyl.com\/avila\/servicios-socio\/cursos-jornadas\/asaja-avila-ofrece-dos-cursos-para-acompanar-a-los-agricultores-y-ganaderos-de-avila-en-su-profesionalizacion-y-en-el-cumplimiento-de-las-exigencias-del-sector-2","og_locale":"es_ES","og_type":"article","og_title":"ASAJA \u00c1VILA OFRECE DOS CURSOS PARA ACOMPA\u00d1AR A LOS AGRICULTORES Y GANADEROS DE \u00c1VILA EN SU PROFESIONALIZACI\u00d3N Y EN EL CUMPLIMIENTO DE LAS EXIGENCIAS DEL SECTOR - ASAJA \u00c1vila","og_description":"\u00c1vila, 24 de febrero de 2026ASAJA \u00c1vila, en su l\u00ednea de apoyar, asesorar y acompa\u00f1ar a los agricultores y ganaderos de la provincia, pone a disposici\u00f3n de","og_url":"https:\/\/www.asajacyl.com\/avila\/servicios-socio\/cursos-jornadas\/asaja-avila-ofrece-dos-cursos-para-acompanar-a-los-agricultores-y-ganaderos-de-avila-en-su-profesionalizacion-y-en-el-cumplimiento-de-las-exigencias-del-sector-2","og_site_name":"ASAJA \u00c1vila","article_published_time":"2026-02-24T11:36:07+00:00","article_modified_time":"2026-02-24T13:29:30+00:00","og_image":[{"width":1920,"height":1280,"url":"https:\/\/www.asajacyl.com\/avila\/wp-content\/uploads\/sites\/4\/2026\/02\/kaboompics-laptop-762548_1920.jpg","type":"image\/jpeg"}],"author":"comunicacion","twitter_card":"summary_large_image","twitter_misc":{"Escrito por":"comunicacion","Tiempo de lectura":"2 minutos"},"schema":{"@context":"https:\/\/schema.org","@graph":[{"@type":"WebPage","@id":"https:\/\/www.asajacyl.com\/avila\/servicios-socio\/cursos-jornadas\/asaja-avila-ofrece-dos-cursos-para-acompanar-a-los-agricultores-y-ganaderos-de-avila-en-su-profesionalizacion-y-en-el-cumplimiento-de-las-exigencias-del-sector-2","url":"https:\/\/www.asajacyl.com\/avila\/servicios-socio\/cursos-jornadas\/asaja-avila-ofrece-dos-cursos-para-acompanar-a-los-agricultores-y-ganaderos-de-avila-en-su-profesionalizacion-y-en-el-cumplimiento-de-las-exigencias-del-sector-2","name":"ASAJA \u00c1VILA OFRECE DOS CURSOS PARA ACOMPA\u00d1AR A LOS AGRICULTORES Y GANADEROS DE \u00c1VILA EN SU PROFESIONALIZACI\u00d3N Y EN EL CUMPLIMIENTO DE LAS EXIGENCIAS DEL SECTOR - ASAJA \u00c1vila","isPartOf":{"@id":"https:\/\/www.asajacyl.com\/avila\/#website"},"primaryImageOfPage":{"@id":"https:\/\/www.asajacyl.com\/avila\/servicios-socio\/cursos-jornadas\/asaja-avila-ofrece-dos-cursos-para-acompanar-a-los-agricultores-y-ganaderos-de-avila-en-su-profesionalizacion-y-en-el-cumplimiento-de-las-exigencias-del-sector-2#primaryimage"},"image":{"@id":"https:\/\/www.asajacyl.com\/avila\/servicios-socio\/cursos-jornadas\/asaja-avila-ofrece-dos-cursos-para-acompanar-a-los-agricultores-y-ganaderos-de-avila-en-su-profesionalizacion-y-en-el-cumplimiento-de-las-exigencias-del-sector-2#primaryimage"},"thumbnailUrl":"https:\/\/www.asajacyl.com\/avila\/wp-content\/uploads\/sites\/4\/2026\/02\/kaboompics-laptop-762548_1920.jpg","datePublished":"2026-02-24T11:36:07+00:00","dateModified":"2026-02-24T13:29:30+00:00","author":{"@id":"https:\/\/www.asajacyl.com\/avila\/#\/schema\/person\/51bbd29d94e00aa22d79c7b8c3c404e6"},"description":"\u00c1vila, 24 de febrero de 2026ASAJA \u00c1vila, en su l\u00ednea de apoyar, asesorar y acompa\u00f1ar a los agricultores y ganaderos de la provincia, pone a disposici\u00f3n de","breadcrumb":{"@id":"https:\/\/www.asajacyl.com\/avila\/servicios-socio\/cursos-jornadas\/asaja-avila-ofrece-dos-cursos-para-acompanar-a-los-agricultores-y-ganaderos-de-avila-en-su-profesionalizacion-y-en-el-cumplimiento-de-las-exigencias-del-sector-2#breadcrumb"},"inLanguage":"es","potentialAction":[{"@type":"ReadAction","target":["https:\/\/www.asajacyl.com\/avila\/servicios-socio\/cursos-jornadas\/asaja-avila-ofrece-dos-cursos-para-acompanar-a-los-agricultores-y-ganaderos-de-avila-en-su-profesionalizacion-y-en-el-cumplimiento-de-las-exigencias-del-sector-2"]}]},{"@type":"ImageObject","inLanguage":"es","@id":"https:\/\/www.asajacyl.com\/avila\/servicios-socio\/cursos-jornadas\/asaja-avila-ofrece-dos-cursos-para-acompanar-a-los-agricultores-y-ganaderos-de-avila-en-su-profesionalizacion-y-en-el-cumplimiento-de-las-exigencias-del-sector-2#primaryimage","url":"https:\/\/www.asajacyl.com\/avila\/wp-content\/uploads\/sites\/4\/2026\/02\/kaboompics-laptop-762548_1920.jpg","contentUrl":"https:\/\/www.asajacyl.com\/avila\/wp-content\/uploads\/sites\/4\/2026\/02\/kaboompics-laptop-762548_1920.jpg","width":1920,"height":1280},{"@type":"BreadcrumbList","@id":"https:\/\/www.asajacyl.com\/avila\/servicios-socio\/cursos-jornadas\/asaja-avila-ofrece-dos-cursos-para-acompanar-a-los-agricultores-y-ganaderos-de-avila-en-su-profesionalizacion-y-en-el-cumplimiento-de-las-exigencias-del-sector-2#breadcrumb","itemListElement":[{"@type":"ListItem","position":1,"name":"Portada","item":"https:\/\/www.asajacyl.com\/avila\/"},{"@type":"ListItem","position":2,"name":"ASAJA \u00c1VILA OFRECE DOS CURSOS PARA ACOMPA\u00d1AR A LOS AGRICULTORES Y GANADEROS DE \u00c1VILA EN SU PROFESIONALIZACI\u00d3N Y EN EL CUMPLIMIENTO DE LAS EXIGENCIAS DEL SECTOR"}]},{"@type":"WebSite","@id":"https:\/\/www.asajacyl.com\/avila\/#website","url":"https:\/\/www.asajacyl.com\/avila\/","name":"ASAJA \u00c1vila","description":"Otro sitio m\u00e1s de Provincias ASAJA Castilla y Le\u00f3n","potentialAction":[{"@type":"SearchAction","target":{"@type":"EntryPoint","urlTemplate":"https:\/\/www.asajacyl.com\/avila\/?s={search_term_string}"},"query-input":{"@type":"PropertyValueSpecification","valueRequired":true,"valueName":"search_term_string"}}],"inLanguage":"es"},{"@type":"Person","@id":"https:\/\/www.asajacyl.com\/avila\/#\/schema\/person\/51bbd29d94e00aa22d79c7b8c3c404e6","name":"comunicacion","image":{"@type":"ImageObject","inLanguage":"es","@id":"https:\/\/www.asajacyl.com\/avila\/#\/schema\/person\/image\/","url":"https:\/\/secure.gravatar.com\/avatar\/dacd6ac12f2f802c39afce565d232781?s=96&d=mm&r=g","contentUrl":"https:\/\/secure.gravatar.com\/avatar\/dacd6ac12f2f802c39afce565d232781?s=96&d=mm&r=g","caption":"comunicacion"},"url":"https:\/\/www.asajacyl.com\/avila\/author\/comunicacion"}]}},"_links":{"self":[{"href":"https:\/\/www.asajacyl.com\/avila\/wp-json\/wp\/v2\/posts\/7010"}],"collection":[{"href":"https:\/\/www.asajacyl.com\/avila\/wp-json\/wp\/v2\/posts"}],"about":[{"href":"https:\/\/www.asajacyl.com\/avila\/wp-json\/wp\/v2\/types\/post"}],"author":[{"embeddable":true,"href":"https:\/\/www.asajacyl.com\/avila\/wp-json\/wp\/v2\/users\/16"}],"replies":[{"embeddable":true,"href":"https:\/\/www.asajacyl.com\/avila\/wp-json\/wp\/v2\/comments?post=7010"}],"version-history":[{"count":1,"href":"https:\/\/www.asajacyl.com\/avila\/wp-json\/wp\/v2\/posts\/7010\/revisions"}],"predecessor-version":[{"id":7011,"href":"https:\/\/www.asajacyl.com\/avila\/wp-json\/wp\/v2\/posts\/7010\/revisions\/7011"}],"wp:featuredmedia":[{"embeddable":true,"href":"https:\/\/www.asajacyl.com\/avila\/wp-json\/wp\/v2\/media\/7012"}],"wp:attachment":[{"href":"https:\/\/www.asajacyl.com\/avila\/wp-json\/wp\/v2\/media?parent=7010"}],"wp:term":[{"taxonomy":"category","embeddable":true,"href":"https:\/\/www.asajacyl.com\/avila\/wp-json\/wp\/v2\/categories?post=7010"},{"taxonomy":"post_tag","embeddable":true,"href":"https:\/\/www.asajacyl.com\/avila\/wp-json\/wp\/v2\/tags?post=7010"}],"curies":[{"name":"wp","href":"https:\/\/api.w.org\/{rel}","templated":true}]}}