{"id":7013,"date":"2026-02-25T10:10:02","date_gmt":"2026-02-25T09:10:02","guid":{"rendered":"https:\/\/www.asajacyl.com\/avila\/?p=7013"},"modified":"2026-02-25T10:10:03","modified_gmt":"2026-02-25T09:10:03","slug":"asaja-avila-solicita-la-reactivacion-y-el-refuerzo-de-los-centros-publicos-de-desinfeccion-de-vehiculos-de-transporte-ganadero-en-la-provincia-de-avila","status":"publish","type":"post","link":"https:\/\/www.asajacyl.com\/avila\/asaja-avila-informa\/asaja-avila-solicita-la-reactivacion-y-el-refuerzo-de-los-centros-publicos-de-desinfeccion-de-vehiculos-de-transporte-ganadero-en-la-provincia-de-avila","title":{"rendered":"ASAJA \u00c1VILA SOLICITA LA REACTIVACI\u00d3N Y EL REFUERZO DE LOS CENTROS P\u00daBLICOS DE DESINFECCI\u00d3N DE VEH\u00cdCULOS DE TRANSPORTE GANADERO EN LA PROVINCIA DE \u00c1VILA"},"content":{"rendered":"\n<p><strong>\u00c1vila, 25 de febrero de 2026<br><\/strong>Los transportistas y profesionales vinculados al sector ganadero est\u00e1n obligados por la normativa sanitaria vigente a realizar la desinfecci\u00f3n de los veh\u00edculos tras cada traslado de animales, un procedimiento que es requisito imprescindible para garantizar la bioseguridad y prevenir la propagaci\u00f3n de enfermedades.<br>Sin embargo, en la provincia de \u00c1vila la disponibilidad real de centros de desinfecci\u00f3n operativos es limitada, especialmente en el \u00e1mbito p\u00fablico.<br>Actualmente, seg\u00fan la informaci\u00f3n p\u00fablica existente en la p\u00e1gina web de la Junta de Castilla y Le\u00f3n (Centros de limpieza y desinfecci\u00f3n de veh\u00edculos de transporte de animales y productos de la producci\u00f3n animal | Agricultura y Ganader\u00eda | Junta de Castilla y Le\u00f3n), en \u00c1vila existen cinco centros de desinfecci\u00f3n para veh\u00edculos, de los cuales tan solo uno es de titularidad p\u00fablica: el ubicado en el municipio de El Barco de \u00c1vila. Este, a d\u00eda de hoy, se encuentra inactivo, lo que est\u00e1 generando graves dificultades a los transportistas y ganaderos que necesitan cumplir con sus obligaciones legales.<br>Esta situaci\u00f3n provoca desplazamientos innecesarios, p\u00e9rdida de tiempo y costes adicionales para los profesionales del sector, que dependen de estos servicios para poder desarrollar su actividad conforme a la normativa.<br>Los otros cuatro centros pertenecen a mataderos privados y, a pesar de que en su mayor\u00eda no ponen trabas para que los ganaderos y\/o transportistas acudan a ellos, tienen sus propias normas y prioridades, como es l\u00f3gico.<br>Ante esta circunstancia, pedimos que se reactive, por parte de la autoridad competente y con la m\u00e1xima celeridad posible, el centro p\u00fablico de desinfecci\u00f3n de veh\u00edculos de El Barco de \u00c1vila, y que se garantice la disponibilidad de personal suficiente para asegurar su funcionamiento continuo, mediante las medidas organizativas necesarias.<br>Igualmente, reivindicamos la puesta en marcha del centro p\u00fablico de desinfecci\u00f3n en \u00c1vila capital, preferentemente en las instalaciones del antiguo mercado de<br>Comunicaci\u00f3n ASAJA \u00c1vila<br>C\/Duque de Alba, 6 \u2013 Pasaja \u2013 05001 \u2013 \u00c1vila<br>Tel\u00e9fonos: 604 115 320 &#8211; 920 100 857 \u2013 920 302 317<br>ganados u otra ubicaci\u00f3n adecuada, con el fin de facilitar el acceso a este servicio esencial a los transportistas de toda la provincia.<br>Consideramos que es deber de las administraciones competentes garantizar el buen funcionamiento de los servicios p\u00fablicos y, en la medida de lo posible, ayudar a agilizar los tr\u00e1mites necesarios para cumplir la normativa de una manera eficaz, mediante la puesta en marcha o activaci\u00f3n de los centros necesarios en varios puntos de la provincia. En este sentido, esto evitar\u00eda que los ganaderos y\/o transportistas tuvieran que recorrer cientos de kil\u00f3metros de distancia entre descarga y carga de animales para desinfectar su veh\u00edculo y poder realizar otro traslado.<br>El sector ganadero y del transporte animal constituye un pilar fundamental del medio rural abulense, por lo que resulta imprescindible dotarlo de los servicios necesarios para su correcto funcionamiento.<\/p>\n","protected":false},"excerpt":{"rendered":"<p>\u00c1vila, 25 de febrero de 2026Los transportistas y profesionales vinculados al sector ganadero est\u00e1n obligados por la normativa sanitaria vigente a realizar la desinfecci\u00f3n de los veh\u00edculos tras cada traslado de animales, un procedimiento que es requisito imprescindible para garantizar la bioseguridad y prevenir la propagaci\u00f3n de enfermedades.Sin embargo, en la provincia de \u00c1vila la [&hellip;]<\/p>\n","protected":false},"author":16,"featured_media":7014,"comment_status":"open","ping_status":"open","sticky":false,"template":"","format":"standard","meta":{"footnotes":""},"categories":[8,28,18],"tags":[59,63,83,53,54,71,55,56,72,3],"yoast_head":"<!-- This site is optimized with the Yoast SEO plugin v24.5 - https:\/\/yoast.com\/wordpress\/plugins\/seo\/ -->\n<title>ASAJA \u00c1VILA SOLICITA LA REACTIVACI\u00d3N Y EL REFUERZO DE LOS CENTROS P\u00daBLICOS DE DESINFECCI\u00d3N DE VEH\u00cdCULOS DE TRANSPORTE GANADERO EN LA PROVINCIA DE \u00c1VILA - ASAJA \u00c1vila<\/title>\n<meta name=\"description\" content=\"\u00c1vila, 25 de febrero de 2026Los transportistas y profesionales vinculados al sector ganadero est\u00e1n obligados por la normativa sanitaria vigente a realizar\" \/>\n<meta name=\"robots\" content=\"index, follow, max-snippet:-1, max-image-preview:large, max-video-preview:-1\" \/>\n<link rel=\"canonical\" href=\"https:\/\/www.asajacyl.com\/avila\/asaja-avila-informa\/asaja-avila-solicita-la-reactivacion-y-el-refuerzo-de-los-centros-publicos-de-desinfeccion-de-vehiculos-de-transporte-ganadero-en-la-provincia-de-avila\" \/>\n<meta property=\"og:locale\" content=\"es_ES\" \/>\n<meta property=\"og:type\" content=\"article\" \/>\n<meta property=\"og:title\" content=\"ASAJA \u00c1VILA SOLICITA LA REACTIVACI\u00d3N Y EL REFUERZO DE LOS CENTROS P\u00daBLICOS DE DESINFECCI\u00d3N DE VEH\u00cdCULOS DE TRANSPORTE GANADERO EN LA PROVINCIA DE \u00c1VILA - ASAJA \u00c1vila\" \/>\n<meta property=\"og:description\" content=\"\u00c1vila, 25 de febrero de 2026Los transportistas y profesionales vinculados al sector ganadero est\u00e1n obligados por la normativa sanitaria vigente a realizar\" \/>\n<meta property=\"og:url\" content=\"https:\/\/www.asajacyl.com\/avila\/asaja-avila-informa\/asaja-avila-solicita-la-reactivacion-y-el-refuerzo-de-los-centros-publicos-de-desinfeccion-de-vehiculos-de-transporte-ganadero-en-la-provincia-de-avila\" \/>\n<meta property=\"og:site_name\" content=\"ASAJA \u00c1vila\" \/>\n<meta property=\"article:published_time\" content=\"2026-02-25T09:10:02+00:00\" \/>\n<meta property=\"article:modified_time\" content=\"2026-02-25T09:10:03+00:00\" \/>\n<meta property=\"og:image\" content=\"https:\/\/www.asajacyl.com\/avila\/wp-content\/uploads\/sites\/4\/2026\/02\/WhatsApp-Image-2026-02-25-at-10.03.21-1.jpeg\" \/>\n\t<meta property=\"og:image:width\" content=\"1162\" \/>\n\t<meta property=\"og:image:height\" content=\"1549\" \/>\n\t<meta property=\"og:image:type\" content=\"image\/jpeg\" \/>\n<meta name=\"author\" content=\"comunicacion\" \/>\n<meta name=\"twitter:card\" content=\"summary_large_image\" \/>\n<meta name=\"twitter:label1\" content=\"Escrito por\" \/>\n\t<meta name=\"twitter:data1\" content=\"comunicacion\" \/>\n\t<meta name=\"twitter:label2\" content=\"Tiempo de lectura\" \/>\n\t<meta name=\"twitter:data2\" content=\"3 minutos\" \/>\n<script type=\"application\/ld+json\" class=\"yoast-schema-graph\">{\"@context\":\"https:\/\/schema.org\",\"@graph\":[{\"@type\":\"WebPage\",\"@id\":\"https:\/\/www.asajacyl.com\/avila\/asaja-avila-informa\/asaja-avila-solicita-la-reactivacion-y-el-refuerzo-de-los-centros-publicos-de-desinfeccion-de-vehiculos-de-transporte-ganadero-en-la-provincia-de-avila\",\"url\":\"https:\/\/www.asajacyl.com\/avila\/asaja-avila-informa\/asaja-avila-solicita-la-reactivacion-y-el-refuerzo-de-los-centros-publicos-de-desinfeccion-de-vehiculos-de-transporte-ganadero-en-la-provincia-de-avila\",\"name\":\"ASAJA \u00c1VILA SOLICITA LA REACTIVACI\u00d3N Y EL REFUERZO DE LOS CENTROS P\u00daBLICOS DE DESINFECCI\u00d3N DE VEH\u00cdCULOS DE TRANSPORTE GANADERO EN LA PROVINCIA DE \u00c1VILA - ASAJA \u00c1vila\",\"isPartOf\":{\"@id\":\"https:\/\/www.asajacyl.com\/avila\/#website\"},\"primaryImageOfPage\":{\"@id\":\"https:\/\/www.asajacyl.com\/avila\/asaja-avila-informa\/asaja-avila-solicita-la-reactivacion-y-el-refuerzo-de-los-centros-publicos-de-desinfeccion-de-vehiculos-de-transporte-ganadero-en-la-provincia-de-avila#primaryimage\"},\"image\":{\"@id\":\"https:\/\/www.asajacyl.com\/avila\/asaja-avila-informa\/asaja-avila-solicita-la-reactivacion-y-el-refuerzo-de-los-centros-publicos-de-desinfeccion-de-vehiculos-de-transporte-ganadero-en-la-provincia-de-avila#primaryimage\"},\"thumbnailUrl\":\"https:\/\/www.asajacyl.com\/avila\/wp-content\/uploads\/sites\/4\/2026\/02\/WhatsApp-Image-2026-02-25-at-10.03.21-1.jpeg\",\"datePublished\":\"2026-02-25T09:10:02+00:00\",\"dateModified\":\"2026-02-25T09:10:03+00:00\",\"author\":{\"@id\":\"https:\/\/www.asajacyl.com\/avila\/#\/schema\/person\/51bbd29d94e00aa22d79c7b8c3c404e6\"},\"description\":\"\u00c1vila, 25 de febrero de 2026Los transportistas y profesionales vinculados al sector ganadero est\u00e1n obligados por la normativa sanitaria vigente a realizar\",\"breadcrumb\":{\"@id\":\"https:\/\/www.asajacyl.com\/avila\/asaja-avila-informa\/asaja-avila-solicita-la-reactivacion-y-el-refuerzo-de-los-centros-publicos-de-desinfeccion-de-vehiculos-de-transporte-ganadero-en-la-provincia-de-avila#breadcrumb\"},\"inLanguage\":\"es\",\"potentialAction\":[{\"@type\":\"ReadAction\",\"target\":[\"https:\/\/www.asajacyl.com\/avila\/asaja-avila-informa\/asaja-avila-solicita-la-reactivacion-y-el-refuerzo-de-los-centros-publicos-de-desinfeccion-de-vehiculos-de-transporte-ganadero-en-la-provincia-de-avila\"]}]},{\"@type\":\"ImageObject\",\"inLanguage\":\"es\",\"@id\":\"https:\/\/www.asajacyl.com\/avila\/asaja-avila-informa\/asaja-avila-solicita-la-reactivacion-y-el-refuerzo-de-los-centros-publicos-de-desinfeccion-de-vehiculos-de-transporte-ganadero-en-la-provincia-de-avila#primaryimage\",\"url\":\"https:\/\/www.asajacyl.com\/avila\/wp-content\/uploads\/sites\/4\/2026\/02\/WhatsApp-Image-2026-02-25-at-10.03.21-1.jpeg\",\"contentUrl\":\"https:\/\/www.asajacyl.com\/avila\/wp-content\/uploads\/sites\/4\/2026\/02\/WhatsApp-Image-2026-02-25-at-10.03.21-1.jpeg\",\"width\":1162,\"height\":1549},{\"@type\":\"BreadcrumbList\",\"@id\":\"https:\/\/www.asajacyl.com\/avila\/asaja-avila-informa\/asaja-avila-solicita-la-reactivacion-y-el-refuerzo-de-los-centros-publicos-de-desinfeccion-de-vehiculos-de-transporte-ganadero-en-la-provincia-de-avila#breadcrumb\",\"itemListElement\":[{\"@type\":\"ListItem\",\"position\":1,\"name\":\"Portada\",\"item\":\"https:\/\/www.asajacyl.com\/avila\/\"},{\"@type\":\"ListItem\",\"position\":2,\"name\":\"ASAJA \u00c1VILA SOLICITA LA REACTIVACI\u00d3N Y EL REFUERZO DE LOS CENTROS P\u00daBLICOS DE DESINFECCI\u00d3N DE VEH\u00cdCULOS DE TRANSPORTE GANADERO EN LA PROVINCIA DE \u00c1VILA\"}]},{\"@type\":\"WebSite\",\"@id\":\"https:\/\/www.asajacyl.com\/avila\/#website\",\"url\":\"https:\/\/www.asajacyl.com\/avila\/\",\"name\":\"ASAJA \u00c1vila\",\"description\":\"Otro sitio m\u00e1s de Provincias ASAJA Castilla y Le\u00f3n\",\"potentialAction\":[{\"@type\":\"SearchAction\",\"target\":{\"@type\":\"EntryPoint\",\"urlTemplate\":\"https:\/\/www.asajacyl.com\/avila\/?s={search_term_string}\"},\"query-input\":{\"@type\":\"PropertyValueSpecification\",\"valueRequired\":true,\"valueName\":\"search_term_string\"}}],\"inLanguage\":\"es\"},{\"@type\":\"Person\",\"@id\":\"https:\/\/www.asajacyl.com\/avila\/#\/schema\/person\/51bbd29d94e00aa22d79c7b8c3c404e6\",\"name\":\"comunicacion\",\"image\":{\"@type\":\"ImageObject\",\"inLanguage\":\"es\",\"@id\":\"https:\/\/www.asajacyl.com\/avila\/#\/schema\/person\/image\/\",\"url\":\"https:\/\/secure.gravatar.com\/avatar\/dacd6ac12f2f802c39afce565d232781?s=96&d=mm&r=g\",\"contentUrl\":\"https:\/\/secure.gravatar.com\/avatar\/dacd6ac12f2f802c39afce565d232781?s=96&d=mm&r=g\",\"caption\":\"comunicacion\"},\"url\":\"https:\/\/www.asajacyl.com\/avila\/author\/comunicacion\"}]}<\/script>\n<!-- \/ Yoast SEO plugin. -->","yoast_head_json":{"title":"ASAJA \u00c1VILA SOLICITA LA REACTIVACI\u00d3N Y EL REFUERZO DE LOS CENTROS P\u00daBLICOS DE DESINFECCI\u00d3N DE VEH\u00cdCULOS DE TRANSPORTE GANADERO EN LA PROVINCIA DE \u00c1VILA - ASAJA \u00c1vila","description":"\u00c1vila, 25 de febrero de 2026Los transportistas y profesionales vinculados al sector ganadero est\u00e1n obligados por la normativa sanitaria vigente a realizar","robots":{"index":"index","follow":"follow","max-snippet":"max-snippet:-1","max-image-preview":"max-image-preview:large","max-video-preview":"max-video-preview:-1"},"canonical":"https:\/\/www.asajacyl.com\/avila\/asaja-avila-informa\/asaja-avila-solicita-la-reactivacion-y-el-refuerzo-de-los-centros-publicos-de-desinfeccion-de-vehiculos-de-transporte-ganadero-en-la-provincia-de-avila","og_locale":"es_ES","og_type":"article","og_title":"ASAJA \u00c1VILA SOLICITA LA REACTIVACI\u00d3N Y EL REFUERZO DE LOS CENTROS P\u00daBLICOS DE DESINFECCI\u00d3N DE VEH\u00cdCULOS DE TRANSPORTE GANADERO EN LA PROVINCIA DE \u00c1VILA - ASAJA \u00c1vila","og_description":"\u00c1vila, 25 de febrero de 2026Los transportistas y profesionales vinculados al sector ganadero est\u00e1n obligados por la normativa sanitaria vigente a realizar","og_url":"https:\/\/www.asajacyl.com\/avila\/asaja-avila-informa\/asaja-avila-solicita-la-reactivacion-y-el-refuerzo-de-los-centros-publicos-de-desinfeccion-de-vehiculos-de-transporte-ganadero-en-la-provincia-de-avila","og_site_name":"ASAJA \u00c1vila","article_published_time":"2026-02-25T09:10:02+00:00","article_modified_time":"2026-02-25T09:10:03+00:00","og_image":[{"width":1162,"height":1549,"url":"https:\/\/www.asajacyl.com\/avila\/wp-content\/uploads\/sites\/4\/2026\/02\/WhatsApp-Image-2026-02-25-at-10.03.21-1.jpeg","type":"image\/jpeg"}],"author":"comunicacion","twitter_card":"summary_large_image","twitter_misc":{"Escrito por":"comunicacion","Tiempo de lectura":"3 minutos"},"schema":{"@context":"https:\/\/schema.org","@graph":[{"@type":"WebPage","@id":"https:\/\/www.asajacyl.com\/avila\/asaja-avila-informa\/asaja-avila-solicita-la-reactivacion-y-el-refuerzo-de-los-centros-publicos-de-desinfeccion-de-vehiculos-de-transporte-ganadero-en-la-provincia-de-avila","url":"https:\/\/www.asajacyl.com\/avila\/asaja-avila-informa\/asaja-avila-solicita-la-reactivacion-y-el-refuerzo-de-los-centros-publicos-de-desinfeccion-de-vehiculos-de-transporte-ganadero-en-la-provincia-de-avila","name":"ASAJA \u00c1VILA SOLICITA LA REACTIVACI\u00d3N Y EL REFUERZO DE LOS CENTROS P\u00daBLICOS DE DESINFECCI\u00d3N DE VEH\u00cdCULOS DE TRANSPORTE GANADERO EN LA PROVINCIA DE \u00c1VILA - ASAJA \u00c1vila","isPartOf":{"@id":"https:\/\/www.asajacyl.com\/avila\/#website"},"primaryImageOfPage":{"@id":"https:\/\/www.asajacyl.com\/avila\/asaja-avila-informa\/asaja-avila-solicita-la-reactivacion-y-el-refuerzo-de-los-centros-publicos-de-desinfeccion-de-vehiculos-de-transporte-ganadero-en-la-provincia-de-avila#primaryimage"},"image":{"@id":"https:\/\/www.asajacyl.com\/avila\/asaja-avila-informa\/asaja-avila-solicita-la-reactivacion-y-el-refuerzo-de-los-centros-publicos-de-desinfeccion-de-vehiculos-de-transporte-ganadero-en-la-provincia-de-avila#primaryimage"},"thumbnailUrl":"https:\/\/www.asajacyl.com\/avila\/wp-content\/uploads\/sites\/4\/2026\/02\/WhatsApp-Image-2026-02-25-at-10.03.21-1.jpeg","datePublished":"2026-02-25T09:10:02+00:00","dateModified":"2026-02-25T09:10:03+00:00","author":{"@id":"https:\/\/www.asajacyl.com\/avila\/#\/schema\/person\/51bbd29d94e00aa22d79c7b8c3c404e6"},"description":"\u00c1vila, 25 de febrero de 2026Los transportistas y profesionales vinculados al sector ganadero est\u00e1n obligados por la normativa sanitaria vigente a realizar","breadcrumb":{"@id":"https:\/\/www.asajacyl.com\/avila\/asaja-avila-informa\/asaja-avila-solicita-la-reactivacion-y-el-refuerzo-de-los-centros-publicos-de-desinfeccion-de-vehiculos-de-transporte-ganadero-en-la-provincia-de-avila#breadcrumb"},"inLanguage":"es","potentialAction":[{"@type":"ReadAction","target":["https:\/\/www.asajacyl.com\/avila\/asaja-avila-informa\/asaja-avila-solicita-la-reactivacion-y-el-refuerzo-de-los-centros-publicos-de-desinfeccion-de-vehiculos-de-transporte-ganadero-en-la-provincia-de-avila"]}]},{"@type":"ImageObject","inLanguage":"es","@id":"https:\/\/www.asajacyl.com\/avila\/asaja-avila-informa\/asaja-avila-solicita-la-reactivacion-y-el-refuerzo-de-los-centros-publicos-de-desinfeccion-de-vehiculos-de-transporte-ganadero-en-la-provincia-de-avila#primaryimage","url":"https:\/\/www.asajacyl.com\/avila\/wp-content\/uploads\/sites\/4\/2026\/02\/WhatsApp-Image-2026-02-25-at-10.03.21-1.jpeg","contentUrl":"https:\/\/www.asajacyl.com\/avila\/wp-content\/uploads\/sites\/4\/2026\/02\/WhatsApp-Image-2026-02-25-at-10.03.21-1.jpeg","width":1162,"height":1549},{"@type":"BreadcrumbList","@id":"https:\/\/www.asajacyl.com\/avila\/asaja-avila-informa\/asaja-avila-solicita-la-reactivacion-y-el-refuerzo-de-los-centros-publicos-de-desinfeccion-de-vehiculos-de-transporte-ganadero-en-la-provincia-de-avila#breadcrumb","itemListElement":[{"@type":"ListItem","position":1,"name":"Portada","item":"https:\/\/www.asajacyl.com\/avila\/"},{"@type":"ListItem","position":2,"name":"ASAJA \u00c1VILA SOLICITA LA REACTIVACI\u00d3N Y EL REFUERZO DE LOS CENTROS P\u00daBLICOS DE DESINFECCI\u00d3N DE VEH\u00cdCULOS DE TRANSPORTE GANADERO EN LA PROVINCIA DE \u00c1VILA"}]},{"@type":"WebSite","@id":"https:\/\/www.asajacyl.com\/avila\/#website","url":"https:\/\/www.asajacyl.com\/avila\/","name":"ASAJA \u00c1vila","description":"Otro sitio m\u00e1s de Provincias ASAJA Castilla y Le\u00f3n","potentialAction":[{"@type":"SearchAction","target":{"@type":"EntryPoint","urlTemplate":"https:\/\/www.asajacyl.com\/avila\/?s={search_term_string}"},"query-input":{"@type":"PropertyValueSpecification","valueRequired":true,"valueName":"search_term_string"}}],"inLanguage":"es"},{"@type":"Person","@id":"https:\/\/www.asajacyl.com\/avila\/#\/schema\/person\/51bbd29d94e00aa22d79c7b8c3c404e6","name":"comunicacion","image":{"@type":"ImageObject","inLanguage":"es","@id":"https:\/\/www.asajacyl.com\/avila\/#\/schema\/person\/image\/","url":"https:\/\/secure.gravatar.com\/avatar\/dacd6ac12f2f802c39afce565d232781?s=96&d=mm&r=g","contentUrl":"https:\/\/secure.gravatar.com\/avatar\/dacd6ac12f2f802c39afce565d232781?s=96&d=mm&r=g","caption":"comunicacion"},"url":"https:\/\/www.asajacyl.com\/avila\/author\/comunicacion"}]}},"_links":{"self":[{"href":"https:\/\/www.asajacyl.com\/avila\/wp-json\/wp\/v2\/posts\/7013"}],"collection":[{"href":"https:\/\/www.asajacyl.com\/avila\/wp-json\/wp\/v2\/posts"}],"about":[{"href":"https:\/\/www.asajacyl.com\/avila\/wp-json\/wp\/v2\/types\/post"}],"author":[{"embeddable":true,"href":"https:\/\/www.asajacyl.com\/avila\/wp-json\/wp\/v2\/users\/16"}],"replies":[{"embeddable":true,"href":"https:\/\/www.asajacyl.com\/avila\/wp-json\/wp\/v2\/comments?post=7013"}],"version-history":[{"count":1,"href":"https:\/\/www.asajacyl.com\/avila\/wp-json\/wp\/v2\/posts\/7013\/revisions"}],"predecessor-version":[{"id":7015,"href":"https:\/\/www.asajacyl.com\/avila\/wp-json\/wp\/v2\/posts\/7013\/revisions\/7015"}],"wp:featuredmedia":[{"embeddable":true,"href":"https:\/\/www.asajacyl.com\/avila\/wp-json\/wp\/v2\/media\/7014"}],"wp:attachment":[{"href":"https:\/\/www.asajacyl.com\/avila\/wp-json\/wp\/v2\/media?parent=7013"}],"wp:term":[{"taxonomy":"category","embeddable":true,"href":"https:\/\/www.asajacyl.com\/avila\/wp-json\/wp\/v2\/categories?post=7013"},{"taxonomy":"post_tag","embeddable":true,"href":"https:\/\/www.asajacyl.com\/avila\/wp-json\/wp\/v2\/tags?post=7013"}],"curies":[{"name":"wp","href":"https:\/\/api.w.org\/{rel}","templated":true}]}}