{"id":7016,"date":"2026-02-25T10:48:06","date_gmt":"2026-02-25T09:48:06","guid":{"rendered":"https:\/\/www.asajacyl.com\/avila\/?p=7016"},"modified":"2026-02-25T10:48:08","modified_gmt":"2026-02-25T09:48:08","slug":"campo-abulense-19-02-2026","status":"publish","type":"post","link":"https:\/\/www.asajacyl.com\/avila\/asaja-avila-informa\/programa-tv-provincial\/campo-abulense-19-02-2026","title":{"rendered":"Campo Abulense 19-02-2026"},"content":{"rendered":"\n<figure class=\"wp-block-embed is-type-video is-provider-youtube wp-block-embed-youtube wp-embed-aspect-16-9 wp-has-aspect-ratio\"><div class=\"wp-block-embed__wrapper\">\n<div class=\"youtube-embed\" data-video_id=\"mqT3kDOmb9Y\"><iframe loading=\"lazy\" title=\"CAMPO ABULENSE 19-02-2026\" width=\"696\" height=\"392\" src=\"https:\/\/www.youtube.com\/embed\/mqT3kDOmb9Y?list=PLs51aUgJ0A2DPZKy8FjMva3-a7-uJ44jW\" frameborder=\"0\" allow=\"accelerometer; autoplay; clipboard-write; encrypted-media; gyroscope; picture-in-picture; web-share\" referrerpolicy=\"strict-origin-when-cross-origin\" allowfullscreen><\/iframe><\/div>\n<\/div><\/figure>\n","protected":false},"excerpt":{"rendered":"<p>https:\/\/www.youtube.com\/watch?v=mqT3kDOmb9Y&amp;list=PLs51aUgJ0A2DPZKy8FjMva3-a7-uJ44jW&amp;index=1<\/p>\n","protected":false},"author":16,"featured_media":7017,"comment_status":"open","ping_status":"open","sticky":false,"template":"","format":"standard","meta":{"footnotes":""},"categories":[12,11],"tags":[59,63,83,53,54,71,55,56,72,3],"yoast_head":"<!-- This site is optimized with the Yoast SEO plugin v24.5 - https:\/\/yoast.com\/wordpress\/plugins\/seo\/ -->\n<title>Campo Abulense 19-02-2026 - ASAJA \u00c1vila<\/title>\n<meta name=\"description\" content=\"https:\/\/www.youtube.com\/watch?v=mqT3kDOmb9Y&amp;list=PLs51aUgJ0A2DPZKy8FjMva3-a7-uJ44jW&amp;index=1\" \/>\n<meta name=\"robots\" content=\"index, follow, max-snippet:-1, max-image-preview:large, max-video-preview:-1\" \/>\n<link rel=\"canonical\" href=\"https:\/\/www.asajacyl.com\/avila\/asaja-avila-informa\/programa-tv-provincial\/campo-abulense-19-02-2026\" \/>\n<meta property=\"og:locale\" content=\"es_ES\" \/>\n<meta property=\"og:type\" content=\"article\" \/>\n<meta property=\"og:title\" content=\"Campo Abulense 19-02-2026 - ASAJA \u00c1vila\" \/>\n<meta property=\"og:description\" content=\"https:\/\/www.youtube.com\/watch?v=mqT3kDOmb9Y&amp;list=PLs51aUgJ0A2DPZKy8FjMva3-a7-uJ44jW&amp;index=1\" \/>\n<meta property=\"og:url\" content=\"https:\/\/www.asajacyl.com\/avila\/asaja-avila-informa\/programa-tv-provincial\/campo-abulense-19-02-2026\" \/>\n<meta property=\"og:site_name\" content=\"ASAJA \u00c1vila\" \/>\n<meta property=\"article:published_time\" content=\"2026-02-25T09:48:06+00:00\" \/>\n<meta property=\"article:modified_time\" content=\"2026-02-25T09:48:08+00:00\" \/>\n<meta property=\"og:image\" content=\"https:\/\/www.asajacyl.com\/avila\/wp-content\/uploads\/sites\/4\/2026\/02\/Sin-titulo-2.jpg\" \/>\n\t<meta property=\"og:image:width\" content=\"723\" \/>\n\t<meta property=\"og:image:height\" content=\"433\" \/>\n\t<meta property=\"og:image:type\" content=\"image\/jpeg\" \/>\n<meta name=\"author\" content=\"comunicacion\" \/>\n<meta name=\"twitter:card\" content=\"summary_large_image\" \/>\n<meta name=\"twitter:label1\" content=\"Escrito por\" \/>\n\t<meta name=\"twitter:data1\" content=\"comunicacion\" \/>\n\t<meta name=\"twitter:label2\" content=\"Tiempo de lectura\" \/>\n\t<meta name=\"twitter:data2\" content=\"1 minuto\" \/>\n<script type=\"application\/ld+json\" class=\"yoast-schema-graph\">{\"@context\":\"https:\/\/schema.org\",\"@graph\":[{\"@type\":\"WebPage\",\"@id\":\"https:\/\/www.asajacyl.com\/avila\/asaja-avila-informa\/programa-tv-provincial\/campo-abulense-19-02-2026\",\"url\":\"https:\/\/www.asajacyl.com\/avila\/asaja-avila-informa\/programa-tv-provincial\/campo-abulense-19-02-2026\",\"name\":\"Campo Abulense 19-02-2026 - ASAJA \u00c1vila\",\"isPartOf\":{\"@id\":\"https:\/\/www.asajacyl.com\/avila\/#website\"},\"primaryImageOfPage\":{\"@id\":\"https:\/\/www.asajacyl.com\/avila\/asaja-avila-informa\/programa-tv-provincial\/campo-abulense-19-02-2026#primaryimage\"},\"image\":{\"@id\":\"https:\/\/www.asajacyl.com\/avila\/asaja-avila-informa\/programa-tv-provincial\/campo-abulense-19-02-2026#primaryimage\"},\"thumbnailUrl\":\"https:\/\/www.asajacyl.com\/avila\/wp-content\/uploads\/sites\/4\/2026\/02\/Sin-titulo-2.jpg\",\"datePublished\":\"2026-02-25T09:48:06+00:00\",\"dateModified\":\"2026-02-25T09:48:08+00:00\",\"author\":{\"@id\":\"https:\/\/www.asajacyl.com\/avila\/#\/schema\/person\/51bbd29d94e00aa22d79c7b8c3c404e6\"},\"description\":\"https:\/\/www.youtube.com\/watch?v=mqT3kDOmb9Y&amp;list=PLs51aUgJ0A2DPZKy8FjMva3-a7-uJ44jW&amp;index=1\",\"breadcrumb\":{\"@id\":\"https:\/\/www.asajacyl.com\/avila\/asaja-avila-informa\/programa-tv-provincial\/campo-abulense-19-02-2026#breadcrumb\"},\"inLanguage\":\"es\",\"potentialAction\":[{\"@type\":\"ReadAction\",\"target\":[\"https:\/\/www.asajacyl.com\/avila\/asaja-avila-informa\/programa-tv-provincial\/campo-abulense-19-02-2026\"]}]},{\"@type\":\"ImageObject\",\"inLanguage\":\"es\",\"@id\":\"https:\/\/www.asajacyl.com\/avila\/asaja-avila-informa\/programa-tv-provincial\/campo-abulense-19-02-2026#primaryimage\",\"url\":\"https:\/\/www.asajacyl.com\/avila\/wp-content\/uploads\/sites\/4\/2026\/02\/Sin-titulo-2.jpg\",\"contentUrl\":\"https:\/\/www.asajacyl.com\/avila\/wp-content\/uploads\/sites\/4\/2026\/02\/Sin-titulo-2.jpg\",\"width\":723,\"height\":433},{\"@type\":\"BreadcrumbList\",\"@id\":\"https:\/\/www.asajacyl.com\/avila\/asaja-avila-informa\/programa-tv-provincial\/campo-abulense-19-02-2026#breadcrumb\",\"itemListElement\":[{\"@type\":\"ListItem\",\"position\":1,\"name\":\"Portada\",\"item\":\"https:\/\/www.asajacyl.com\/avila\/\"},{\"@type\":\"ListItem\",\"position\":2,\"name\":\"Campo Abulense 19-02-2026\"}]},{\"@type\":\"WebSite\",\"@id\":\"https:\/\/www.asajacyl.com\/avila\/#website\",\"url\":\"https:\/\/www.asajacyl.com\/avila\/\",\"name\":\"ASAJA \u00c1vila\",\"description\":\"Otro sitio m\u00e1s de Provincias ASAJA Castilla y Le\u00f3n\",\"potentialAction\":[{\"@type\":\"SearchAction\",\"target\":{\"@type\":\"EntryPoint\",\"urlTemplate\":\"https:\/\/www.asajacyl.com\/avila\/?s={search_term_string}\"},\"query-input\":{\"@type\":\"PropertyValueSpecification\",\"valueRequired\":true,\"valueName\":\"search_term_string\"}}],\"inLanguage\":\"es\"},{\"@type\":\"Person\",\"@id\":\"https:\/\/www.asajacyl.com\/avila\/#\/schema\/person\/51bbd29d94e00aa22d79c7b8c3c404e6\",\"name\":\"comunicacion\",\"image\":{\"@type\":\"ImageObject\",\"inLanguage\":\"es\",\"@id\":\"https:\/\/www.asajacyl.com\/avila\/#\/schema\/person\/image\/\",\"url\":\"https:\/\/secure.gravatar.com\/avatar\/dacd6ac12f2f802c39afce565d232781?s=96&d=mm&r=g\",\"contentUrl\":\"https:\/\/secure.gravatar.com\/avatar\/dacd6ac12f2f802c39afce565d232781?s=96&d=mm&r=g\",\"caption\":\"comunicacion\"},\"url\":\"https:\/\/www.asajacyl.com\/avila\/author\/comunicacion\"}]}<\/script>\n<!-- \/ Yoast SEO plugin. -->","yoast_head_json":{"title":"Campo Abulense 19-02-2026 - ASAJA \u00c1vila","description":"https:\/\/www.youtube.com\/watch?v=mqT3kDOmb9Y&amp;list=PLs51aUgJ0A2DPZKy8FjMva3-a7-uJ44jW&amp;index=1","robots":{"index":"index","follow":"follow","max-snippet":"max-snippet:-1","max-image-preview":"max-image-preview:large","max-video-preview":"max-video-preview:-1"},"canonical":"https:\/\/www.asajacyl.com\/avila\/asaja-avila-informa\/programa-tv-provincial\/campo-abulense-19-02-2026","og_locale":"es_ES","og_type":"article","og_title":"Campo Abulense 19-02-2026 - ASAJA \u00c1vila","og_description":"https:\/\/www.youtube.com\/watch?v=mqT3kDOmb9Y&amp;list=PLs51aUgJ0A2DPZKy8FjMva3-a7-uJ44jW&amp;index=1","og_url":"https:\/\/www.asajacyl.com\/avila\/asaja-avila-informa\/programa-tv-provincial\/campo-abulense-19-02-2026","og_site_name":"ASAJA \u00c1vila","article_published_time":"2026-02-25T09:48:06+00:00","article_modified_time":"2026-02-25T09:48:08+00:00","og_image":[{"width":723,"height":433,"url":"https:\/\/www.asajacyl.com\/avila\/wp-content\/uploads\/sites\/4\/2026\/02\/Sin-titulo-2.jpg","type":"image\/jpeg"}],"author":"comunicacion","twitter_card":"summary_large_image","twitter_misc":{"Escrito por":"comunicacion","Tiempo de lectura":"1 minuto"},"schema":{"@context":"https:\/\/schema.org","@graph":[{"@type":"WebPage","@id":"https:\/\/www.asajacyl.com\/avila\/asaja-avila-informa\/programa-tv-provincial\/campo-abulense-19-02-2026","url":"https:\/\/www.asajacyl.com\/avila\/asaja-avila-informa\/programa-tv-provincial\/campo-abulense-19-02-2026","name":"Campo Abulense 19-02-2026 - ASAJA \u00c1vila","isPartOf":{"@id":"https:\/\/www.asajacyl.com\/avila\/#website"},"primaryImageOfPage":{"@id":"https:\/\/www.asajacyl.com\/avila\/asaja-avila-informa\/programa-tv-provincial\/campo-abulense-19-02-2026#primaryimage"},"image":{"@id":"https:\/\/www.asajacyl.com\/avila\/asaja-avila-informa\/programa-tv-provincial\/campo-abulense-19-02-2026#primaryimage"},"thumbnailUrl":"https:\/\/www.asajacyl.com\/avila\/wp-content\/uploads\/sites\/4\/2026\/02\/Sin-titulo-2.jpg","datePublished":"2026-02-25T09:48:06+00:00","dateModified":"2026-02-25T09:48:08+00:00","author":{"@id":"https:\/\/www.asajacyl.com\/avila\/#\/schema\/person\/51bbd29d94e00aa22d79c7b8c3c404e6"},"description":"https:\/\/www.youtube.com\/watch?v=mqT3kDOmb9Y&amp;list=PLs51aUgJ0A2DPZKy8FjMva3-a7-uJ44jW&amp;index=1","breadcrumb":{"@id":"https:\/\/www.asajacyl.com\/avila\/asaja-avila-informa\/programa-tv-provincial\/campo-abulense-19-02-2026#breadcrumb"},"inLanguage":"es","potentialAction":[{"@type":"ReadAction","target":["https:\/\/www.asajacyl.com\/avila\/asaja-avila-informa\/programa-tv-provincial\/campo-abulense-19-02-2026"]}]},{"@type":"ImageObject","inLanguage":"es","@id":"https:\/\/www.asajacyl.com\/avila\/asaja-avila-informa\/programa-tv-provincial\/campo-abulense-19-02-2026#primaryimage","url":"https:\/\/www.asajacyl.com\/avila\/wp-content\/uploads\/sites\/4\/2026\/02\/Sin-titulo-2.jpg","contentUrl":"https:\/\/www.asajacyl.com\/avila\/wp-content\/uploads\/sites\/4\/2026\/02\/Sin-titulo-2.jpg","width":723,"height":433},{"@type":"BreadcrumbList","@id":"https:\/\/www.asajacyl.com\/avila\/asaja-avila-informa\/programa-tv-provincial\/campo-abulense-19-02-2026#breadcrumb","itemListElement":[{"@type":"ListItem","position":1,"name":"Portada","item":"https:\/\/www.asajacyl.com\/avila\/"},{"@type":"ListItem","position":2,"name":"Campo Abulense 19-02-2026"}]},{"@type":"WebSite","@id":"https:\/\/www.asajacyl.com\/avila\/#website","url":"https:\/\/www.asajacyl.com\/avila\/","name":"ASAJA \u00c1vila","description":"Otro sitio m\u00e1s de Provincias ASAJA Castilla y Le\u00f3n","potentialAction":[{"@type":"SearchAction","target":{"@type":"EntryPoint","urlTemplate":"https:\/\/www.asajacyl.com\/avila\/?s={search_term_string}"},"query-input":{"@type":"PropertyValueSpecification","valueRequired":true,"valueName":"search_term_string"}}],"inLanguage":"es"},{"@type":"Person","@id":"https:\/\/www.asajacyl.com\/avila\/#\/schema\/person\/51bbd29d94e00aa22d79c7b8c3c404e6","name":"comunicacion","image":{"@type":"ImageObject","inLanguage":"es","@id":"https:\/\/www.asajacyl.com\/avila\/#\/schema\/person\/image\/","url":"https:\/\/secure.gravatar.com\/avatar\/dacd6ac12f2f802c39afce565d232781?s=96&d=mm&r=g","contentUrl":"https:\/\/secure.gravatar.com\/avatar\/dacd6ac12f2f802c39afce565d232781?s=96&d=mm&r=g","caption":"comunicacion"},"url":"https:\/\/www.asajacyl.com\/avila\/author\/comunicacion"}]}},"_links":{"self":[{"href":"https:\/\/www.asajacyl.com\/avila\/wp-json\/wp\/v2\/posts\/7016"}],"collection":[{"href":"https:\/\/www.asajacyl.com\/avila\/wp-json\/wp\/v2\/posts"}],"about":[{"href":"https:\/\/www.asajacyl.com\/avila\/wp-json\/wp\/v2\/types\/post"}],"author":[{"embeddable":true,"href":"https:\/\/www.asajacyl.com\/avila\/wp-json\/wp\/v2\/users\/16"}],"replies":[{"embeddable":true,"href":"https:\/\/www.asajacyl.com\/avila\/wp-json\/wp\/v2\/comments?post=7016"}],"version-history":[{"count":1,"href":"https:\/\/www.asajacyl.com\/avila\/wp-json\/wp\/v2\/posts\/7016\/revisions"}],"predecessor-version":[{"id":7018,"href":"https:\/\/www.asajacyl.com\/avila\/wp-json\/wp\/v2\/posts\/7016\/revisions\/7018"}],"wp:featuredmedia":[{"embeddable":true,"href":"https:\/\/www.asajacyl.com\/avila\/wp-json\/wp\/v2\/media\/7017"}],"wp:attachment":[{"href":"https:\/\/www.asajacyl.com\/avila\/wp-json\/wp\/v2\/media?parent=7016"}],"wp:term":[{"taxonomy":"category","embeddable":true,"href":"https:\/\/www.asajacyl.com\/avila\/wp-json\/wp\/v2\/categories?post=7016"},{"taxonomy":"post_tag","embeddable":true,"href":"https:\/\/www.asajacyl.com\/avila\/wp-json\/wp\/v2\/tags?post=7016"}],"curies":[{"name":"wp","href":"https:\/\/api.w.org\/{rel}","templated":true}]}}