{"id":7039,"date":"2026-03-03T12:12:08","date_gmt":"2026-03-03T11:12:08","guid":{"rendered":"https:\/\/www.asajacyl.com\/avila\/?p=7039"},"modified":"2026-03-03T12:27:25","modified_gmt":"2026-03-03T11:27:25","slug":"las-lonjas-cyl-semana-del-2-de-marzo-2026","status":"publish","type":"post","link":"https:\/\/www.asajacyl.com\/avila\/servicios-socio\/las-lonjas-cyl-semana-del-2-de-marzo-2026","title":{"rendered":"LAS LONJAS CYL &#8211; SEMANA DEL 2 DE MARZO 2026"},"content":{"rendered":"\n<p>Repasamos los mercados agrarios de Castilla y Le\u00f3n para conocer las cotizaciones actuales de las mesas de ganado y cereales.<\/p>\n\n\n\n<p><strong>LONJA AGROPECUARIA DE SALAMANCA<\/strong><\/p>\n\n\n\n<p>Mesa de cereales<\/p>\n\n\n\n<p>TRIGO BLANDO\u00a0\u00a0\u00a0\u00a0\u00a0\u00a0\u00a0\u00a0\u00a0\u00a0\u00a0\u00a0\u00a0\u00a0\u00a0\u00a0\u00a0\u00a0\u00a0\u00a0\u00a0\u00a0\u00a0\u00a0\u00a0\u00a0\u00a0\u00a0\u00a0\u00a0\u00a0\u00a0 \u00a0\u00a0\u00a0\u00a0 202\u20ac\/Tn \u00a0<\/p>\n\n\n\n<p>CEBADA\u00a0\u00a0\u00a0\u00a0\u00a0\u00a0\u00a0\u00a0\u00a0\u00a0\u00a0\u00a0\u00a0\u00a0\u00a0\u00a0\u00a0\u00a0\u00a0\u00a0\u00a0\u00a0\u00a0\u00a0\u00a0\u00a0\u00a0\u00a0\u00a0\u00a0\u00a0\u00a0\u00a0\u00a0\u00a0\u00a0\u00a0\u00a0 \u00a0\u00a0\u00a0\u00a0\u00a0  \u00a0\u00a0 196\u20ac\/Tn \u00a0<\/p>\n\n\n\n<p>CENTENO\u00a0\u00a0\u00a0\u00a0\u00a0\u00a0\u00a0\u00a0\u00a0\u00a0\u00a0\u00a0\u00a0\u00a0\u00a0\u00a0\u00a0\u00a0\u00a0\u00a0\u00a0\u00a0\u00a0\u00a0\u00a0\u00a0\u00a0\u00a0\u00a0\u00a0\u00a0\u00a0\u00a0\u00a0\u00a0\u00a0\u00a0\u00a0\u00a0\u00a0\u00a0\u00a0 \u00a0\u00a0\u00a0 186\u20ac\/Tn \u00a0\u00a0<\/p>\n\n\n\n<p>MA\u00cdZ\u00a0\u00a0\u00a0\u00a0\u00a0\u00a0\u00a0\u00a0\u00a0\u00a0\u00a0\u00a0\u00a0\u00a0\u00a0\u00a0\u00a0\u00a0\u00a0\u00a0\u00a0\u00a0\u00a0\u00a0\u00a0\u00a0\u00a0\u00a0\u00a0\u00a0\u00a0\u00a0\u00a0\u00a0\u00a0\u00a0\u00a0\u00a0\u00a0\u00a0\u00a0\u00a0\u00a0\u00a0\u00a0\u00a0\u00a0\u00a0\u00a0\u00a0\u00a0\u00a0 217\u20ac\/Tn \u00a0<\/p>\n\n\n\n<p>AVENA\u00a0\u00a0\u00a0\u00a0\u00a0\u00a0\u00a0\u00a0\u00a0\u00a0\u00a0\u00a0\u00a0\u00a0\u00a0\u00a0\u00a0\u00a0\u00a0\u00a0\u00a0\u00a0\u00a0\u00a0\u00a0\u00a0\u00a0\u00a0\u00a0\u00a0\u00a0\u00a0\u00a0\u00a0\u00a0\u00a0\u00a0\u00a0\u00a0\u00a0\u00a0\u00a0\u00a0\u00a0\u00a0\u00a0\u00a0\u00a0\u00a0\u00a0 144\u20ac\/Tn \u00a0<\/p>\n\n\n\n<p>PAJA<\/p>\n\n\n\n<p>\u00a0\u00a0\u00a0\u00a0\u00a0\u00a0\u00a0\u00a0\u00a0\u00a0\u00a0 Paquete grande\u00a0\u00a0\u00a0\u00a0\u00a0\u00a0\u00a0\u00a0\u00a0\u00a0 \u00a0\u00a0\u00a0\u00a0\u00a0\u00a0\u00a0\u00a0\u00a0\u00a0\u00a0\u00a0\u00a0\u00a0\u00a0\u00a0 46\u20ac\/Tn<\/p>\n\n\n\n<p>Visitamos, como siempre, la lonja de Salamanca, donde la mesa de cereales nos deja el trigo blando a 202 euros por tonelada, un euro m\u00e1s que la pasada semana. La cotizaci\u00f3n de la cebada se queda igual, en los 196 euros. Se mantienen tambi\u00e9n los precios de la semana pasada en el centeno, con 185 euros por tonelada, y del ma\u00edz, con un precio de 217, no as\u00ed la avena, que sube tambi\u00e9n un euro y se sit\u00faa en los 144 euros por toneladas.<\/p>\n\n\n\n<p>El paquete grande de paja sube tambi\u00e9n un euro, 46 por tonelada.<\/p>\n\n\n\n<p class=\"has-text-align-center\"><strong>*****************************************<\/strong><\/p>\n\n\n\n<p><strong>LONJA AGROPECUARIA DE SEGOVIA<\/strong><\/p>\n\n\n\n<p>Mesa del porcino blanco<\/p>\n\n\n\n<p>CERDO CEBADO&nbsp;&nbsp;&nbsp;&nbsp;&nbsp;&nbsp;&nbsp;&nbsp;&nbsp;&nbsp;&nbsp;&nbsp;&nbsp;&nbsp;&nbsp;&nbsp;&nbsp;&nbsp;&nbsp;&nbsp;&nbsp;&nbsp;&nbsp;&nbsp;&nbsp;&nbsp;&nbsp;&nbsp;&nbsp;&nbsp;&nbsp;&nbsp;&nbsp;&nbsp;&nbsp; 1,102 \u20ac Kg vivo \u2013 sube 0.04<\/p>\n\n\n\n<p>CERDO GRASO\u00a0\u00a0\u00a0\u00a0\u00a0\u00a0\u00a0\u00a0\u00a0\u00a0\u00a0\u00a0\u00a0\u00a0\u00a0\u00a0\u00a0\u00a0\u00a0\u00a0\u00a0\u00a0\u00a0\u00a0\u00a0\u00a0\u00a0\u00a0\u00a0\u00a0\u00a0\u00a0\u00a0\u00a0 \u00a0\u00a0 1,620\u20ac Kg vivo \u2013 sube 0.02<\/p>\n\n\n\n<p>LECHONES 20 KS &nbsp;&nbsp;&nbsp;&nbsp;&nbsp;&nbsp;&nbsp;&nbsp;&nbsp;&nbsp;&nbsp;&nbsp;&nbsp;&nbsp;&nbsp;&nbsp;&nbsp;&nbsp;&nbsp;&nbsp;&nbsp;&nbsp;&nbsp;&nbsp;&nbsp;&nbsp;&nbsp;&nbsp;&nbsp;&nbsp;&nbsp;&nbsp; 56,00 \u20ac\/unidad vivo \u2013 sube 5 euros<\/p>\n\n\n\n<p>COCHINILLO CON HIERRO\u00a0\u00a0\u00a0 \u00a0\u00a0\u00a0\u00a0\u00a0\u00a0\u00a0\u00a0\u00a0        \u00a036 \u20ac\/unidad vivo \u2013 sube 4 euros<\/p>\n\n\n\n<p>Conocemos tambi\u00e9n los precios de esta semana en la mesa de porcino blanco de la Lonja de Segovia. El cerdo cebado se sit\u00faa en 1,102 \u20ac por kilo vivo, el cerdo graso en 1,620 euros kilo vivo, el lech\u00f3n de 20 kilos en 56 euros la unidad y el cochinillo sube cuatro euros y se sit\u00faa en los 36 euros por unidad viva.<\/p>\n\n\n\n<p class=\"has-text-align-center\"><strong>*****************************************<\/strong><\/p>\n\n\n\n<p><strong>LONJA AGROPECUARIA DE SALAMANCA<\/strong><\/p>\n\n\n\n<p>Mesa del porcino ib\u00e9rico<\/p>\n\n\n\n<p>BELLOTA 100% IB\u00a0\u00a0\u00a0\u00a0\u00a0 \u00a0\u00a0\u00a0\u00a0\u00a0\u00a0\u00a0\u00a0\u00a0\u00a0  \u00a0\u00a0 3,75 a 4.10 \u20ac\/Kg vivo =<\/p>\n\n\n\n<p>BELLOTA 75% IB\u00a0\u00a0\u00a0\u00a0\u00a0\u00a0\u00a0\u00a0\u00a0\u00a0\u00a0\u00a0\u00a0\u00a0\u00a0\u00a0 \u00a0\u00a0\u00a0\u00a0\u00a0 3,75 a 4.10 \u20ac\/Kg vivo =<\/p>\n\n\n\n<p>BELLOTA 50% IB&nbsp;&nbsp;&nbsp;&nbsp;&nbsp;&nbsp;&nbsp;&nbsp;&nbsp;&nbsp;&nbsp;&nbsp;&nbsp;&nbsp;&nbsp;&nbsp;&nbsp;&nbsp;&nbsp;&nbsp;&nbsp;&nbsp; 3,75 a 4.10 \u20ac\/Kg vivo =<\/p>\n\n\n\n<p>CEBO DE CAMPO \u00a0\u00a0\u00a0\u00a0\u00a0\u00a0\u00a0\u00a0\u00a0\u00a0\u00a0\u00a0\u00a0\u00a0\u00a0\u00a0\u00a0\u00a0    3,11 a 3.21 \u20ac\/Kg vivo =<\/p>\n\n\n\n<p>CEBO\u00a0\u00a0\u00a0\u00a0\u00a0\u00a0\u00a0\u00a0\u00a0\u00a0\u00a0\u00a0\u00a0\u00a0\u00a0\u00a0\u00a0\u00a0\u00a0\u00a0\u00a0\u00a0\u00a0\u00a0\u00a0\u00a0\u00a0\u00a0\u00a0\u00a0\u00a0\u00a0\u00a0\u00a0\u00a0\u00a0\u00a0\u00a0 2,98 a 3.08 \u20ac\/Kg vivo\u00a0 =<\/p>\n\n\n\n<p>En cuanto a la Mesa del Porcino Ib\u00e9rico de la Lonja de Salamanca, esta semana nos deja precios que oscilan entre los 3.75 y los 4.10 euros el kilo vivo, tanto en el porcino de bellota 100% ib\u00e9rico como en el de 75 y 50 por ciento.<\/p>\n\n\n\n<p>Tambi\u00e9n precios entre los 3.11 y 3.21 euros en el cebo de campo y de 2,98 a 3.08 euros en el cebo normal.<\/p>\n\n\n\n<p class=\"has-text-align-center\"><strong>*****************************************<\/strong><\/p>\n\n\n\n<p><strong>MERCADO DE GANADOS DE TALAVERA DE LA REINA<\/strong><\/p>\n\n\n\n<p>Cabrito lechal (entre 7 y 10 kg)&nbsp;&nbsp;&nbsp;&nbsp;&nbsp;&nbsp;&nbsp;&nbsp; &nbsp;&nbsp;&nbsp;&nbsp;&nbsp;&nbsp;&nbsp;&nbsp;&nbsp;&nbsp;&nbsp;&nbsp;&nbsp;&nbsp;&nbsp;&nbsp;&nbsp;&nbsp;&nbsp;&nbsp;&nbsp;&nbsp;&nbsp;&nbsp;&nbsp;&nbsp;&nbsp; 6,00 \u20ac\/Kg vivo =&nbsp;&nbsp;&nbsp;<\/p>\n\n\n\n<p>Repasamos tambi\u00e9n los precios del cabrito lechal, esta vez en el Mercado de Talavera de la Reina, que mantiene el precio de cotizaci\u00f3n en los 6 euros.<\/p>\n\n\n\n<p class=\"has-text-align-center\"><strong>*****************************************<\/strong><\/p>\n\n\n\n<p><strong>LONJA AGROPECUARIA DE SALAMANCA<\/strong><\/p>\n\n\n\n<p>Mesa de vacuno<\/p>\n\n\n\n<p>BOVINO DE CARNE\u00a0\u00a0\u00a0\u00a0\u00a0\u00a0\u00a0\u00a0\u00a0\u00a0\u00a0\u00a0\u00a0\u00a0\u00a0                      7,77 \u20acKg canal =<\/p>\n\n\n\n<p>(Menor de 12 meses)<\/p>\n\n\n\n<p>TERNERAS&nbsp;&nbsp;&nbsp;&nbsp;&nbsp;&nbsp;&nbsp;&nbsp;&nbsp;&nbsp;&nbsp;&nbsp;&nbsp;&nbsp;&nbsp;&nbsp;&nbsp;&nbsp;&nbsp;&nbsp;&nbsp;&nbsp;&nbsp;&nbsp;&nbsp;&nbsp;&nbsp;&nbsp;&nbsp;&nbsp;&nbsp;&nbsp;&nbsp;&nbsp;&nbsp;&nbsp;&nbsp;&nbsp;&nbsp;&nbsp;&nbsp;&nbsp;&nbsp;&nbsp;&nbsp;&nbsp;&nbsp;&nbsp; 7,80\u20ac\/Kg canal =<\/p>\n\n\n\n<p>(Mayor de 12 meses)<\/p>\n\n\n\n<p>A\u00d1OJOS&nbsp;&nbsp;&nbsp;&nbsp;&nbsp;&nbsp;&nbsp;&nbsp;&nbsp;&nbsp;&nbsp;&nbsp;&nbsp;&nbsp;&nbsp;&nbsp;&nbsp;&nbsp;&nbsp;&nbsp;&nbsp;&nbsp;&nbsp;&nbsp;&nbsp;&nbsp;&nbsp;&nbsp;&nbsp;&nbsp;&nbsp;&nbsp;&nbsp;&nbsp;&nbsp;&nbsp;&nbsp;&nbsp;&nbsp;&nbsp;&nbsp;&nbsp;&nbsp;&nbsp;&nbsp;&nbsp;&nbsp;&nbsp;&nbsp;&nbsp;&nbsp;&nbsp; 7,75 \u20ac\/Kg canal =<\/p>\n\n\n\n<p>NOVILLOS&nbsp;&nbsp;&nbsp;&nbsp;&nbsp;&nbsp;&nbsp;&nbsp;&nbsp;&nbsp;&nbsp;&nbsp;&nbsp;&nbsp;&nbsp;&nbsp;&nbsp;&nbsp;&nbsp;&nbsp;&nbsp;&nbsp;&nbsp;&nbsp;&nbsp;&nbsp;&nbsp;&nbsp;&nbsp;&nbsp;&nbsp;&nbsp;&nbsp;&nbsp;&nbsp;&nbsp;&nbsp;&nbsp;&nbsp;&nbsp;&nbsp;&nbsp;&nbsp;&nbsp;&nbsp;&nbsp;&nbsp;&nbsp; 5,85 \u20ac\/Kg canal =<\/p>\n\n\n\n<p>Repasamos, por \u00faltimo, la Mesa de Vacuno en la Lonja de Salamanca, que nos deja precios sin cambios esta semana. Se mantiene el bovino de carne a 7.77 euros el kilo; a 7.80 las terneras, los a\u00f1ojos se quedan en 7.75 y los novillos en 5,85.<\/p>\n","protected":false},"excerpt":{"rendered":"<p>Repasamos los mercados agrarios de Castilla y Le\u00f3n para conocer las cotizaciones actuales de las mesas de ganado y cereales. LONJA AGROPECUARIA DE SALAMANCA Mesa de cereales TRIGO BLANDO\u00a0\u00a0\u00a0\u00a0\u00a0\u00a0\u00a0\u00a0\u00a0\u00a0\u00a0\u00a0\u00a0\u00a0\u00a0\u00a0\u00a0\u00a0\u00a0\u00a0\u00a0\u00a0\u00a0\u00a0\u00a0\u00a0\u00a0\u00a0\u00a0\u00a0\u00a0\u00a0 \u00a0\u00a0\u00a0\u00a0 202\u20ac\/Tn \u00a0 CEBADA\u00a0\u00a0\u00a0\u00a0\u00a0\u00a0\u00a0\u00a0\u00a0\u00a0\u00a0\u00a0\u00a0\u00a0\u00a0\u00a0\u00a0\u00a0\u00a0\u00a0\u00a0\u00a0\u00a0\u00a0\u00a0\u00a0\u00a0\u00a0\u00a0\u00a0\u00a0\u00a0\u00a0\u00a0\u00a0\u00a0\u00a0\u00a0 \u00a0\u00a0\u00a0\u00a0\u00a0 \u00a0\u00a0 196\u20ac\/Tn \u00a0 CENTENO\u00a0\u00a0\u00a0\u00a0\u00a0\u00a0\u00a0\u00a0\u00a0\u00a0\u00a0\u00a0\u00a0\u00a0\u00a0\u00a0\u00a0\u00a0\u00a0\u00a0\u00a0\u00a0\u00a0\u00a0\u00a0\u00a0\u00a0\u00a0\u00a0\u00a0\u00a0\u00a0\u00a0\u00a0\u00a0\u00a0\u00a0\u00a0\u00a0\u00a0\u00a0\u00a0 \u00a0\u00a0\u00a0 186\u20ac\/Tn \u00a0\u00a0 MA\u00cdZ\u00a0\u00a0\u00a0\u00a0\u00a0\u00a0\u00a0\u00a0\u00a0\u00a0\u00a0\u00a0\u00a0\u00a0\u00a0\u00a0\u00a0\u00a0\u00a0\u00a0\u00a0\u00a0\u00a0\u00a0\u00a0\u00a0\u00a0\u00a0\u00a0\u00a0\u00a0\u00a0\u00a0\u00a0\u00a0\u00a0\u00a0\u00a0\u00a0\u00a0\u00a0\u00a0\u00a0\u00a0\u00a0\u00a0\u00a0\u00a0\u00a0\u00a0\u00a0\u00a0 217\u20ac\/Tn \u00a0 AVENA\u00a0\u00a0\u00a0\u00a0\u00a0\u00a0\u00a0\u00a0\u00a0\u00a0\u00a0\u00a0\u00a0\u00a0\u00a0\u00a0\u00a0\u00a0\u00a0\u00a0\u00a0\u00a0\u00a0\u00a0\u00a0\u00a0\u00a0\u00a0\u00a0\u00a0\u00a0\u00a0\u00a0\u00a0\u00a0\u00a0\u00a0\u00a0\u00a0\u00a0\u00a0\u00a0\u00a0\u00a0\u00a0\u00a0\u00a0\u00a0\u00a0\u00a0 144\u20ac\/Tn \u00a0 PAJA \u00a0\u00a0\u00a0\u00a0\u00a0\u00a0\u00a0\u00a0\u00a0\u00a0\u00a0 Paquete grande\u00a0\u00a0\u00a0\u00a0\u00a0\u00a0\u00a0\u00a0\u00a0\u00a0 \u00a0\u00a0\u00a0\u00a0\u00a0\u00a0\u00a0\u00a0\u00a0\u00a0\u00a0\u00a0\u00a0\u00a0\u00a0\u00a0 46\u20ac\/Tn Visitamos, como [&hellip;]<\/p>\n","protected":false},"author":16,"featured_media":7042,"comment_status":"open","ping_status":"open","sticky":false,"template":"","format":"standard","meta":{"footnotes":""},"categories":[44,45,9],"tags":[59,63,83,53,54,71,55,56,94,93,72,3],"yoast_head":"<!-- This site is optimized with the Yoast SEO plugin v24.5 - https:\/\/yoast.com\/wordpress\/plugins\/seo\/ -->\n<title>LAS LONJAS CYL - SEMANA DEL 2 DE MARZO 2026 - ASAJA \u00c1vila<\/title>\n<meta name=\"description\" content=\"Repasamos los mercados agrarios de Castilla y Le\u00f3n para conocer las cotizaciones actuales de las mesas de ganado y cereales. LONJA AGROPECUARIA DE\" \/>\n<meta name=\"robots\" content=\"index, follow, max-snippet:-1, max-image-preview:large, max-video-preview:-1\" \/>\n<link rel=\"canonical\" href=\"https:\/\/www.asajacyl.com\/avila\/servicios-socio\/las-lonjas-cyl-semana-del-2-de-marzo-2026\" \/>\n<meta property=\"og:locale\" content=\"es_ES\" \/>\n<meta property=\"og:type\" content=\"article\" \/>\n<meta property=\"og:title\" content=\"LAS LONJAS CYL - SEMANA DEL 2 DE MARZO 2026 - ASAJA \u00c1vila\" \/>\n<meta property=\"og:description\" content=\"Repasamos los mercados agrarios de Castilla y Le\u00f3n para conocer las cotizaciones actuales de las mesas de ganado y cereales. LONJA AGROPECUARIA DE\" \/>\n<meta property=\"og:url\" content=\"https:\/\/www.asajacyl.com\/avila\/servicios-socio\/las-lonjas-cyl-semana-del-2-de-marzo-2026\" \/>\n<meta property=\"og:site_name\" content=\"ASAJA \u00c1vila\" \/>\n<meta property=\"article:published_time\" content=\"2026-03-03T11:12:08+00:00\" \/>\n<meta property=\"article:modified_time\" content=\"2026-03-03T11:27:25+00:00\" \/>\n<meta property=\"og:image\" content=\"https:\/\/www.asajacyl.com\/avila\/wp-content\/uploads\/sites\/4\/2026\/03\/La-Lonja-1.jpg\" \/>\n\t<meta property=\"og:image:width\" content=\"1249\" \/>\n\t<meta property=\"og:image:height\" content=\"1038\" \/>\n\t<meta property=\"og:image:type\" content=\"image\/jpeg\" \/>\n<meta name=\"author\" content=\"comunicacion\" \/>\n<meta name=\"twitter:card\" content=\"summary_large_image\" \/>\n<meta name=\"twitter:label1\" content=\"Escrito por\" \/>\n\t<meta name=\"twitter:data1\" content=\"comunicacion\" \/>\n\t<meta name=\"twitter:label2\" content=\"Tiempo de lectura\" \/>\n\t<meta name=\"twitter:data2\" content=\"3 minutos\" \/>\n<script type=\"application\/ld+json\" class=\"yoast-schema-graph\">{\"@context\":\"https:\/\/schema.org\",\"@graph\":[{\"@type\":\"WebPage\",\"@id\":\"https:\/\/www.asajacyl.com\/avila\/servicios-socio\/las-lonjas-cyl-semana-del-2-de-marzo-2026\",\"url\":\"https:\/\/www.asajacyl.com\/avila\/servicios-socio\/las-lonjas-cyl-semana-del-2-de-marzo-2026\",\"name\":\"LAS LONJAS CYL - SEMANA DEL 2 DE MARZO 2026 - ASAJA \u00c1vila\",\"isPartOf\":{\"@id\":\"https:\/\/www.asajacyl.com\/avila\/#website\"},\"primaryImageOfPage\":{\"@id\":\"https:\/\/www.asajacyl.com\/avila\/servicios-socio\/las-lonjas-cyl-semana-del-2-de-marzo-2026#primaryimage\"},\"image\":{\"@id\":\"https:\/\/www.asajacyl.com\/avila\/servicios-socio\/las-lonjas-cyl-semana-del-2-de-marzo-2026#primaryimage\"},\"thumbnailUrl\":\"https:\/\/www.asajacyl.com\/avila\/wp-content\/uploads\/sites\/4\/2026\/03\/La-Lonja-1.jpg\",\"datePublished\":\"2026-03-03T11:12:08+00:00\",\"dateModified\":\"2026-03-03T11:27:25+00:00\",\"author\":{\"@id\":\"https:\/\/www.asajacyl.com\/avila\/#\/schema\/person\/51bbd29d94e00aa22d79c7b8c3c404e6\"},\"description\":\"Repasamos los mercados agrarios de Castilla y Le\u00f3n para conocer las cotizaciones actuales de las mesas de ganado y cereales. LONJA AGROPECUARIA DE\",\"breadcrumb\":{\"@id\":\"https:\/\/www.asajacyl.com\/avila\/servicios-socio\/las-lonjas-cyl-semana-del-2-de-marzo-2026#breadcrumb\"},\"inLanguage\":\"es\",\"potentialAction\":[{\"@type\":\"ReadAction\",\"target\":[\"https:\/\/www.asajacyl.com\/avila\/servicios-socio\/las-lonjas-cyl-semana-del-2-de-marzo-2026\"]}]},{\"@type\":\"ImageObject\",\"inLanguage\":\"es\",\"@id\":\"https:\/\/www.asajacyl.com\/avila\/servicios-socio\/las-lonjas-cyl-semana-del-2-de-marzo-2026#primaryimage\",\"url\":\"https:\/\/www.asajacyl.com\/avila\/wp-content\/uploads\/sites\/4\/2026\/03\/La-Lonja-1.jpg\",\"contentUrl\":\"https:\/\/www.asajacyl.com\/avila\/wp-content\/uploads\/sites\/4\/2026\/03\/La-Lonja-1.jpg\",\"width\":1249,\"height\":1038},{\"@type\":\"BreadcrumbList\",\"@id\":\"https:\/\/www.asajacyl.com\/avila\/servicios-socio\/las-lonjas-cyl-semana-del-2-de-marzo-2026#breadcrumb\",\"itemListElement\":[{\"@type\":\"ListItem\",\"position\":1,\"name\":\"Portada\",\"item\":\"https:\/\/www.asajacyl.com\/avila\/\"},{\"@type\":\"ListItem\",\"position\":2,\"name\":\"LAS LONJAS CYL &#8211; SEMANA DEL 2 DE MARZO 2026\"}]},{\"@type\":\"WebSite\",\"@id\":\"https:\/\/www.asajacyl.com\/avila\/#website\",\"url\":\"https:\/\/www.asajacyl.com\/avila\/\",\"name\":\"ASAJA \u00c1vila\",\"description\":\"Otro sitio m\u00e1s de Provincias ASAJA Castilla y Le\u00f3n\",\"potentialAction\":[{\"@type\":\"SearchAction\",\"target\":{\"@type\":\"EntryPoint\",\"urlTemplate\":\"https:\/\/www.asajacyl.com\/avila\/?s={search_term_string}\"},\"query-input\":{\"@type\":\"PropertyValueSpecification\",\"valueRequired\":true,\"valueName\":\"search_term_string\"}}],\"inLanguage\":\"es\"},{\"@type\":\"Person\",\"@id\":\"https:\/\/www.asajacyl.com\/avila\/#\/schema\/person\/51bbd29d94e00aa22d79c7b8c3c404e6\",\"name\":\"comunicacion\",\"image\":{\"@type\":\"ImageObject\",\"inLanguage\":\"es\",\"@id\":\"https:\/\/www.asajacyl.com\/avila\/#\/schema\/person\/image\/\",\"url\":\"https:\/\/secure.gravatar.com\/avatar\/dacd6ac12f2f802c39afce565d232781?s=96&d=mm&r=g\",\"contentUrl\":\"https:\/\/secure.gravatar.com\/avatar\/dacd6ac12f2f802c39afce565d232781?s=96&d=mm&r=g\",\"caption\":\"comunicacion\"},\"url\":\"https:\/\/www.asajacyl.com\/avila\/author\/comunicacion\"}]}<\/script>\n<!-- \/ Yoast SEO plugin. -->","yoast_head_json":{"title":"LAS LONJAS CYL - SEMANA DEL 2 DE MARZO 2026 - ASAJA \u00c1vila","description":"Repasamos los mercados agrarios de Castilla y Le\u00f3n para conocer las cotizaciones actuales de las mesas de ganado y cereales. LONJA AGROPECUARIA DE","robots":{"index":"index","follow":"follow","max-snippet":"max-snippet:-1","max-image-preview":"max-image-preview:large","max-video-preview":"max-video-preview:-1"},"canonical":"https:\/\/www.asajacyl.com\/avila\/servicios-socio\/las-lonjas-cyl-semana-del-2-de-marzo-2026","og_locale":"es_ES","og_type":"article","og_title":"LAS LONJAS CYL - SEMANA DEL 2 DE MARZO 2026 - ASAJA \u00c1vila","og_description":"Repasamos los mercados agrarios de Castilla y Le\u00f3n para conocer las cotizaciones actuales de las mesas de ganado y cereales. LONJA AGROPECUARIA DE","og_url":"https:\/\/www.asajacyl.com\/avila\/servicios-socio\/las-lonjas-cyl-semana-del-2-de-marzo-2026","og_site_name":"ASAJA \u00c1vila","article_published_time":"2026-03-03T11:12:08+00:00","article_modified_time":"2026-03-03T11:27:25+00:00","og_image":[{"width":1249,"height":1038,"url":"https:\/\/www.asajacyl.com\/avila\/wp-content\/uploads\/sites\/4\/2026\/03\/La-Lonja-1.jpg","type":"image\/jpeg"}],"author":"comunicacion","twitter_card":"summary_large_image","twitter_misc":{"Escrito por":"comunicacion","Tiempo de lectura":"3 minutos"},"schema":{"@context":"https:\/\/schema.org","@graph":[{"@type":"WebPage","@id":"https:\/\/www.asajacyl.com\/avila\/servicios-socio\/las-lonjas-cyl-semana-del-2-de-marzo-2026","url":"https:\/\/www.asajacyl.com\/avila\/servicios-socio\/las-lonjas-cyl-semana-del-2-de-marzo-2026","name":"LAS LONJAS CYL - SEMANA DEL 2 DE MARZO 2026 - ASAJA \u00c1vila","isPartOf":{"@id":"https:\/\/www.asajacyl.com\/avila\/#website"},"primaryImageOfPage":{"@id":"https:\/\/www.asajacyl.com\/avila\/servicios-socio\/las-lonjas-cyl-semana-del-2-de-marzo-2026#primaryimage"},"image":{"@id":"https:\/\/www.asajacyl.com\/avila\/servicios-socio\/las-lonjas-cyl-semana-del-2-de-marzo-2026#primaryimage"},"thumbnailUrl":"https:\/\/www.asajacyl.com\/avila\/wp-content\/uploads\/sites\/4\/2026\/03\/La-Lonja-1.jpg","datePublished":"2026-03-03T11:12:08+00:00","dateModified":"2026-03-03T11:27:25+00:00","author":{"@id":"https:\/\/www.asajacyl.com\/avila\/#\/schema\/person\/51bbd29d94e00aa22d79c7b8c3c404e6"},"description":"Repasamos los mercados agrarios de Castilla y Le\u00f3n para conocer las cotizaciones actuales de las mesas de ganado y cereales. LONJA AGROPECUARIA DE","breadcrumb":{"@id":"https:\/\/www.asajacyl.com\/avila\/servicios-socio\/las-lonjas-cyl-semana-del-2-de-marzo-2026#breadcrumb"},"inLanguage":"es","potentialAction":[{"@type":"ReadAction","target":["https:\/\/www.asajacyl.com\/avila\/servicios-socio\/las-lonjas-cyl-semana-del-2-de-marzo-2026"]}]},{"@type":"ImageObject","inLanguage":"es","@id":"https:\/\/www.asajacyl.com\/avila\/servicios-socio\/las-lonjas-cyl-semana-del-2-de-marzo-2026#primaryimage","url":"https:\/\/www.asajacyl.com\/avila\/wp-content\/uploads\/sites\/4\/2026\/03\/La-Lonja-1.jpg","contentUrl":"https:\/\/www.asajacyl.com\/avila\/wp-content\/uploads\/sites\/4\/2026\/03\/La-Lonja-1.jpg","width":1249,"height":1038},{"@type":"BreadcrumbList","@id":"https:\/\/www.asajacyl.com\/avila\/servicios-socio\/las-lonjas-cyl-semana-del-2-de-marzo-2026#breadcrumb","itemListElement":[{"@type":"ListItem","position":1,"name":"Portada","item":"https:\/\/www.asajacyl.com\/avila\/"},{"@type":"ListItem","position":2,"name":"LAS LONJAS CYL &#8211; SEMANA DEL 2 DE MARZO 2026"}]},{"@type":"WebSite","@id":"https:\/\/www.asajacyl.com\/avila\/#website","url":"https:\/\/www.asajacyl.com\/avila\/","name":"ASAJA \u00c1vila","description":"Otro sitio m\u00e1s de Provincias ASAJA Castilla y Le\u00f3n","potentialAction":[{"@type":"SearchAction","target":{"@type":"EntryPoint","urlTemplate":"https:\/\/www.asajacyl.com\/avila\/?s={search_term_string}"},"query-input":{"@type":"PropertyValueSpecification","valueRequired":true,"valueName":"search_term_string"}}],"inLanguage":"es"},{"@type":"Person","@id":"https:\/\/www.asajacyl.com\/avila\/#\/schema\/person\/51bbd29d94e00aa22d79c7b8c3c404e6","name":"comunicacion","image":{"@type":"ImageObject","inLanguage":"es","@id":"https:\/\/www.asajacyl.com\/avila\/#\/schema\/person\/image\/","url":"https:\/\/secure.gravatar.com\/avatar\/dacd6ac12f2f802c39afce565d232781?s=96&d=mm&r=g","contentUrl":"https:\/\/secure.gravatar.com\/avatar\/dacd6ac12f2f802c39afce565d232781?s=96&d=mm&r=g","caption":"comunicacion"},"url":"https:\/\/www.asajacyl.com\/avila\/author\/comunicacion"}]}},"_links":{"self":[{"href":"https:\/\/www.asajacyl.com\/avila\/wp-json\/wp\/v2\/posts\/7039"}],"collection":[{"href":"https:\/\/www.asajacyl.com\/avila\/wp-json\/wp\/v2\/posts"}],"about":[{"href":"https:\/\/www.asajacyl.com\/avila\/wp-json\/wp\/v2\/types\/post"}],"author":[{"embeddable":true,"href":"https:\/\/www.asajacyl.com\/avila\/wp-json\/wp\/v2\/users\/16"}],"replies":[{"embeddable":true,"href":"https:\/\/www.asajacyl.com\/avila\/wp-json\/wp\/v2\/comments?post=7039"}],"version-history":[{"count":1,"href":"https:\/\/www.asajacyl.com\/avila\/wp-json\/wp\/v2\/posts\/7039\/revisions"}],"predecessor-version":[{"id":7041,"href":"https:\/\/www.asajacyl.com\/avila\/wp-json\/wp\/v2\/posts\/7039\/revisions\/7041"}],"wp:featuredmedia":[{"embeddable":true,"href":"https:\/\/www.asajacyl.com\/avila\/wp-json\/wp\/v2\/media\/7042"}],"wp:attachment":[{"href":"https:\/\/www.asajacyl.com\/avila\/wp-json\/wp\/v2\/media?parent=7039"}],"wp:term":[{"taxonomy":"category","embeddable":true,"href":"https:\/\/www.asajacyl.com\/avila\/wp-json\/wp\/v2\/categories?post=7039"},{"taxonomy":"post_tag","embeddable":true,"href":"https:\/\/www.asajacyl.com\/avila\/wp-json\/wp\/v2\/tags?post=7039"}],"curies":[{"name":"wp","href":"https:\/\/api.w.org\/{rel}","templated":true}]}}