{"id":7043,"date":"2026-03-03T14:06:12","date_gmt":"2026-03-03T13:06:12","guid":{"rendered":"https:\/\/www.asajacyl.com\/avila\/?p=7043"},"modified":"2026-03-03T14:06:14","modified_gmt":"2026-03-03T13:06:14","slug":"asaja-avila-exige-a-todos-los-partidos-compromisos-reales-urgentes-e-imprescincibles-con-el-campo-ante-las-proximas-elecciones-autonomicas","status":"publish","type":"post","link":"https:\/\/www.asajacyl.com\/avila\/asaja-avila-informa\/asaja-avila-exige-a-todos-los-partidos-compromisos-reales-urgentes-e-imprescincibles-con-el-campo-ante-las-proximas-elecciones-autonomicas","title":{"rendered":"ASAJA \u00c1VILA EXIGE A TODOS LOS PARTIDOS COMPROMISOS REALES, URGENTES E IMPRESCINCIBLES CON EL CAMPO ANTE LAS PR\u00d3XIMAS ELECCIONES AUTON\u00d3MICAS"},"content":{"rendered":"\n<p><strong>\u00c1vila, 3 de marzo de 2026<\/strong><\/p>\n\n\n\n<p>ASAJA \u00c1vila traslada a trav\u00e9s de este comunicado a todas las formaciones pol\u00edticas su listado de medidas urgentes para garantizar la viabilidad del sector agrario y ganadero, y advierte de que el campo no necesita promesas, sino compromisos firmes y hechos concretos.<\/p>\n\n\n\n<p>Ante la proximidad de las pr\u00f3ximas elecciones auton\u00f3micas, ASAJA \u00c1vila quiere dejar claro que est\u00e1 segura de que, una vez m\u00e1s, el campo ser\u00e1 objeto de declaraciones, promesas y titulares por parte de todos los partidos pol\u00edticos. Sin embargo, los agricultores y ganaderos de la provincia no necesitan buenas palabras ni compromisos vac\u00edos, sino medidas reales, urgentes y eficaces que permitan garantizar su futuro.<\/p>\n\n\n\n<p>Por ello, ASAJA \u00c1vila quiere trasladar p\u00fablicamente a trav\u00e9s de este comunicado, a todas las formaciones pol\u00edticas sin excepci\u00f3n, una serie de reivindicaciones fundamentales, con exigencias que no responden a intereses ideol\u00f3gicos ni partidistas, sino a la necesidad de asegurar la supervivencia de un sector estrat\u00e9gico que sostiene el medio rural, la econom\u00eda y la producci\u00f3n de alimentos.<\/p>\n\n\n\n<p>El sector agrario y ganadero de \u00c1vila es estrat\u00e9gico desde el punto de vista econ\u00f3mico, social, territorial y ambiental, pero se encuentra sometido a una presi\u00f3n creciente que amenaza su continuidad: p\u00e9rdida de rentabilidad, incremento descontrolado de costes, inseguridad jur\u00eddica, exceso de burocracia, conflictos con la fauna salvaje, incendios forestales recurrentes y falta de relevo generacional.<\/p>\n\n\n\n<p>Este documento no pretende ser un cat\u00e1logo ideol\u00f3gico, sino una hoja de ruta realista y t\u00e9cnica, orientada a garantizar explotaciones viables, profesionales y competitivas.<\/p>\n\n\n\n<p><strong>1.&nbsp;&nbsp;&nbsp;&nbsp;&nbsp;&nbsp;&nbsp;&nbsp;&nbsp; Unificaci\u00f3n en una misma cartera de Agricultura, Ganader\u00eda y Medioambiente<\/strong><\/p>\n\n\n\n<p>Solicitamos que las competencias de Agricultura, Ganader\u00eda y Medioambiente est\u00e9n integradas en una \u00fanica consejer\u00eda. La separaci\u00f3n actual genera contradicciones, m\u00e1s burocracia y conflictos innecesarios. El sector agrario es gestor del territorio y parte de la soluci\u00f3n ambiental, no el problema. Una \u00fanica cartera permitir\u00eda coherencia normativa, agilidad administrativa y equilibrio real entre producci\u00f3n y conservaci\u00f3n.<\/p>\n\n\n\n<p><strong>2.&nbsp;&nbsp;&nbsp;&nbsp;&nbsp;&nbsp;&nbsp;&nbsp;&nbsp; Rentabilidad y precios justos: sin rentabilidad no hay campo<\/strong><\/p>\n\n\n\n<p>Hay que garantizar que ninguna pol\u00edtica agraria se dise\u00f1e al margen de los costes reales de producci\u00f3n y reforzar la aplicaci\u00f3n efectiva de la Ley de la Cadena Alimentaria. La ley debe aplicarse de forma real y efectiva, con controles y sanciones. Igualmente hay que defender precios justos y contratos equilibrados para agricultores y ganaderos, con especial atenci\u00f3n al cereal, forrajes y producciones ligadas al territorio.<\/p>\n\n\n\n<p><strong>3.&nbsp;&nbsp;&nbsp;&nbsp;&nbsp;&nbsp;&nbsp;&nbsp;&nbsp; Pol\u00edtica Agraria Com\u00fan: simplificaci\u00f3n, estabilidad y defensa del agricultor profesional<\/strong><\/p>\n\n\n\n<p>Defensa firme del presupuesto de la PAC, evitando recortes y renacionalizaciones que perjudiquen a Castilla y Le\u00f3n, con una simplificaci\u00f3n real que conlleve menos burocracia, controles redundantes, menos penalizaciones autom\u00e1ticas y m\u00e1s confianza en el agricultor profesional. Eliminaci\u00f3n el cuaderno digital obligatorio tal como est\u00e1 planteado y flexibilizar las exigencias que est\u00e1n ahogando al sector con una adaptaci\u00f3n de los eco-reg\u00edmenes y requisitos ambientales a la realidad productiva de zonas de monta\u00f1a, dehesas y secanos fr\u00e1giles como los de \u00c1vila.<\/p>\n\n\n\n<p><strong>4.&nbsp;&nbsp;&nbsp;&nbsp;&nbsp;&nbsp;&nbsp;&nbsp;&nbsp; Igualdad de condiciones frente a las importaciones y rechazo al acuerdo con MERCOSUR<\/strong><\/p>\n\n\n\n<p>No es aceptable permitir la entrada de productos procedentes de terceros pa\u00edses que no cumplen las mismas normas que se imponen a nuestros agricultores y ganaderos. Exigimos reciprocidad en los mismos. Los acuerdos comerciales como el de MERCOSUR suponen una amenaza directa y una competencia desleal inasumible, por lo que exigimos su paralizaci\u00f3n inmediata.<\/p>\n\n\n\n<p><strong>5.&nbsp;&nbsp;&nbsp;&nbsp;&nbsp;&nbsp;&nbsp;&nbsp;&nbsp; Apoyo urgente al sector cerealista<\/strong><\/p>\n\n\n\n<p>El cereal es el principal cultivo de la provincia y su situaci\u00f3n es cr\u00edtica. ASAJA \u00c1vila exige la puesta en marcha de ayudas directas extraordinarias ante las graves p\u00e9rdidas que sufre el sector. Asimismo, es imprescindible mejorar las coberturas y el acceso a los seguros agrarios como herramienta fundamental de estabilidad de rentas.<\/p>\n\n\n\n<p><strong>6.&nbsp;&nbsp;&nbsp;&nbsp;&nbsp;&nbsp;&nbsp;&nbsp;&nbsp; Control de plagas y materias activas<\/strong><\/p>\n\n\n\n<p>Exigimos una pol\u00edtica fitosanitaria basada en criterios cient\u00edficos y t\u00e9cnicos, no en decisiones precipitadas que eliminan materias activas sin alternativas eficaces. La retirada constante de productos fitosanitarios est\u00e1 dejando a nuestros agricultores en clara desventaja competitiva frente a terceros pa\u00edses que s\u00ed pueden utilizarlos y cuyos productos posteriormente se importan al mercado europeo. Sin herramientas eficaces contra plagas y enfermedades vegetales, se pone en riesgo la viabilidad de cultivos estrat\u00e9gicos, aumentan los costes y disminuye la producci\u00f3n.<\/p>\n\n\n\n<p><strong>7.&nbsp;&nbsp;&nbsp;&nbsp;&nbsp;&nbsp;&nbsp;&nbsp;&nbsp; Ganader\u00eda y sanidad animal: rigor t\u00e9cnico y seguridad jur\u00eddica<\/strong><\/p>\n\n\n\n<p>Pol\u00edticas sanitarias basadas en criterios cient\u00edficos, con protocolos realistas y viables para las explotaciones, en las que se act\u00fae en la fauna salvaje como reservorio y transmisor de enfermedades. Evitar la criminalizaci\u00f3n del ganadero ante crisis sanitarias. Apoyo econ\u00f3mico ante restricciones sanitarias obligatorias que supongan p\u00e9rdidas productivas.<\/p>\n\n\n\n<p><strong>8.&nbsp;&nbsp;&nbsp;&nbsp;&nbsp;&nbsp;&nbsp;&nbsp;&nbsp; Revisi\u00f3n de las pol\u00edticas forestales y medioambientales<\/strong><\/p>\n\n\n\n<p>No se puede exigir m\u00e1s al campo mientras se compromete su rentabilidad y su continuidad. Es necesario derogar el Pacto Verde Europeo y salir de la Agenda 2030, que conllevan el fanatismo eco clim\u00e1tico. Se debe reconocer el papel clave de agricultores y ganaderos como gestores del territorio y primera barrera frente a los incendios. Reconocer y apoyar la ganader\u00eda extensiva como actor esencial en las pol\u00edticas activas de prevenci\u00f3n y limpieza de montes. Compensaciones \u00e1giles y suficientes para explotaciones afectadas por incendios, sin tr\u00e1mites interminables, y eliminaci\u00f3n de acotamientos absurdos de terrenos que impidan el cobro de las ayudas de la PAC.<\/p>\n\n\n\n<p><strong>9.&nbsp;&nbsp;&nbsp;&nbsp;&nbsp;&nbsp;&nbsp;&nbsp;&nbsp; Control de la fauna salvaje<\/strong><\/p>\n\n\n\n<p>La expansi\u00f3n del lobo est\u00e1 poniendo en riesgo la viabilidad de la ganader\u00eda extensiva. Es imprescindible permitir su control poblacional mediante medidas eficaces, incluida la gesti\u00f3n cineg\u00e9tica; con sistemas de indemnizaci\u00f3n r\u00e1pidos, justos y completos, que cubran el precio real del de mercado del animal muerto y los da\u00f1os indirectos, el estr\u00e9s del ganado y la p\u00e9rdida productiva. Igualmente, se necesitan medidas eficaces para combatir los da\u00f1os ocasionados por animales como los jabal\u00edes o las plagas de conejos.<\/p>\n\n\n\n<p><strong>10.&nbsp;&nbsp;&nbsp;&nbsp;&nbsp;&nbsp;&nbsp; Pol\u00edtica h\u00eddrica eficaz e inversiones en infraestructuras<\/strong><\/p>\n\n\n\n<p>La gesti\u00f3n del agua es estrat\u00e9gica. ASAJA \u00c1vila denuncia la falta de inversiones y las pol\u00edticas restrictivas que est\u00e1n lastrando el desarrollo agrario. Es imprescindible mantener, modernizar y ampliar las infraestructuras hidr\u00e1ulicas, as\u00ed como garantizar el acceso al agua para el regad\u00edo en los sondeos y en los de aguas superficiales, con contratos y tarifas el\u00e9ctricas adaptadas a las necesidades de los regantes. Adem\u00e1s, es necesario la inversi\u00f3n real en mejora de infraestructuras rurales, caminos agr\u00edcolas y acceso a explotaciones.<\/p>\n\n\n\n<p><strong>11.&nbsp;&nbsp;&nbsp;&nbsp;&nbsp;&nbsp;&nbsp; Apoyo real al relevo generacional<\/strong><\/p>\n\n\n\n<p>Sin j\u00f3venes no hay futuro. Es necesario facilitar la incorporaci\u00f3n con ayudas eficaces, financiaci\u00f3n accesible, incentivos fiscales y menos trabas burocr\u00e1ticas. Con programas de incorporaci\u00f3n sencillos y adaptados a la baja rentabilidad inicial. Adem\u00e1s, es necesario facilitar el acceso a la tierra, al cr\u00e9dito y a la vivienda en el medio rural.<\/p>\n\n\n\n<p><strong>12.&nbsp;&nbsp;&nbsp;&nbsp;&nbsp;&nbsp;&nbsp; Refuerzo del sistema de seguros agrarios<\/strong><\/p>\n\n\n\n<p>El incremento de fen\u00f3menos clim\u00e1ticos extremos hace imprescindible mejorar las coberturas y modernizar el apoyo p\u00fablico a los seguros agrarios adaptando las coberturas a la realidad clim\u00e1tica actual: sequ\u00edas prolongadas, heladas tard\u00edas, incendios y ataques de fauna.<\/p>\n\n\n\n<p><strong>13.&nbsp;&nbsp;&nbsp;&nbsp;&nbsp;&nbsp;&nbsp; Fiscalidad adaptada a la realidad del sector<\/strong><\/p>\n\n\n\n<p>El campo no puede soportar una presi\u00f3n fiscal ajena a su realidad. Es necesario revisar el sistema de m\u00f3dulos, aplicar reducciones fiscales y establecer medidas que tengan en cuenta la volatilidad de los costes y los precios.<\/p>\n\n\n\n<p><strong>14.&nbsp;&nbsp;&nbsp;&nbsp;&nbsp;&nbsp;&nbsp; Seguridad en el medio rural<\/strong><\/p>\n\n\n\n<p>Los robos en explotaciones agr\u00edcolas y ganaderas son cada vez m\u00e1s frecuentes. Es necesario reforzar la vigilancia y las plantillas de la Guardia Civil, as\u00ed como su dotaci\u00f3n de medios, para garantizar la seguridad de quienes viven y trabajan en el medio rural.<\/p>\n\n\n\n<p><\/p>\n\n\n\n<p><\/p>\n\n\n\n<p><\/p>\n\n\n\n<p><\/p>\n\n\n\n<p><\/p>\n","protected":false},"excerpt":{"rendered":"<p>\u00c1vila, 3 de marzo de 2026 ASAJA \u00c1vila traslada a trav\u00e9s de este comunicado a todas las formaciones pol\u00edticas su listado de medidas urgentes para garantizar la viabilidad del sector agrario y ganadero, y advierte de que el campo no necesita promesas, sino compromisos firmes y hechos concretos. Ante la proximidad de las pr\u00f3ximas elecciones [&hellip;]<\/p>\n","protected":false},"author":16,"featured_media":7044,"comment_status":"open","ping_status":"open","sticky":false,"template":"","format":"standard","meta":{"footnotes":""},"categories":[8,28,18],"tags":[59,63,83,53,54,71,55,56,72,3],"yoast_head":"<!-- This site is optimized with the Yoast SEO plugin v24.5 - https:\/\/yoast.com\/wordpress\/plugins\/seo\/ -->\n<title>ASAJA \u00c1VILA EXIGE A TODOS LOS PARTIDOS COMPROMISOS REALES, URGENTES E IMPRESCINCIBLES CON EL CAMPO ANTE LAS PR\u00d3XIMAS ELECCIONES AUTON\u00d3MICAS - ASAJA \u00c1vila<\/title>\n<meta name=\"description\" content=\"\u00c1vila, 3 de marzo de 2026 ASAJA \u00c1vila traslada a trav\u00e9s de este comunicado a todas las formaciones pol\u00edticas su listado de medidas urgentes para\" \/>\n<meta name=\"robots\" content=\"index, follow, max-snippet:-1, max-image-preview:large, max-video-preview:-1\" \/>\n<link rel=\"canonical\" href=\"https:\/\/www.asajacyl.com\/avila\/asaja-avila-informa\/asaja-avila-exige-a-todos-los-partidos-compromisos-reales-urgentes-e-imprescincibles-con-el-campo-ante-las-proximas-elecciones-autonomicas\" \/>\n<meta property=\"og:locale\" content=\"es_ES\" \/>\n<meta property=\"og:type\" content=\"article\" \/>\n<meta property=\"og:title\" content=\"ASAJA \u00c1VILA EXIGE A TODOS LOS PARTIDOS COMPROMISOS REALES, URGENTES E IMPRESCINCIBLES CON EL CAMPO ANTE LAS PR\u00d3XIMAS ELECCIONES AUTON\u00d3MICAS - ASAJA \u00c1vila\" \/>\n<meta property=\"og:description\" content=\"\u00c1vila, 3 de marzo de 2026 ASAJA \u00c1vila traslada a trav\u00e9s de este comunicado a todas las formaciones pol\u00edticas su listado de medidas urgentes para\" \/>\n<meta property=\"og:url\" content=\"https:\/\/www.asajacyl.com\/avila\/asaja-avila-informa\/asaja-avila-exige-a-todos-los-partidos-compromisos-reales-urgentes-e-imprescincibles-con-el-campo-ante-las-proximas-elecciones-autonomicas\" \/>\n<meta property=\"og:site_name\" content=\"ASAJA \u00c1vila\" \/>\n<meta property=\"article:published_time\" content=\"2026-03-03T13:06:12+00:00\" \/>\n<meta property=\"article:modified_time\" content=\"2026-03-03T13:06:14+00:00\" \/>\n<meta property=\"og:image\" content=\"https:\/\/www.asajacyl.com\/avila\/wp-content\/uploads\/sites\/4\/2026\/03\/Diseno-sin-titulo.jpg\" \/>\n\t<meta property=\"og:image:width\" content=\"1080\" \/>\n\t<meta property=\"og:image:height\" content=\"1350\" \/>\n\t<meta property=\"og:image:type\" content=\"image\/jpeg\" \/>\n<meta name=\"author\" content=\"comunicacion\" \/>\n<meta name=\"twitter:card\" content=\"summary_large_image\" \/>\n<meta name=\"twitter:label1\" content=\"Escrito por\" \/>\n\t<meta name=\"twitter:data1\" content=\"comunicacion\" \/>\n\t<meta name=\"twitter:label2\" content=\"Tiempo de lectura\" \/>\n\t<meta name=\"twitter:data2\" content=\"6 minutos\" \/>\n<script type=\"application\/ld+json\" class=\"yoast-schema-graph\">{\"@context\":\"https:\/\/schema.org\",\"@graph\":[{\"@type\":\"WebPage\",\"@id\":\"https:\/\/www.asajacyl.com\/avila\/asaja-avila-informa\/asaja-avila-exige-a-todos-los-partidos-compromisos-reales-urgentes-e-imprescincibles-con-el-campo-ante-las-proximas-elecciones-autonomicas\",\"url\":\"https:\/\/www.asajacyl.com\/avila\/asaja-avila-informa\/asaja-avila-exige-a-todos-los-partidos-compromisos-reales-urgentes-e-imprescincibles-con-el-campo-ante-las-proximas-elecciones-autonomicas\",\"name\":\"ASAJA \u00c1VILA EXIGE A TODOS LOS PARTIDOS COMPROMISOS REALES, URGENTES E IMPRESCINCIBLES CON EL CAMPO ANTE LAS PR\u00d3XIMAS ELECCIONES AUTON\u00d3MICAS - ASAJA \u00c1vila\",\"isPartOf\":{\"@id\":\"https:\/\/www.asajacyl.com\/avila\/#website\"},\"primaryImageOfPage\":{\"@id\":\"https:\/\/www.asajacyl.com\/avila\/asaja-avila-informa\/asaja-avila-exige-a-todos-los-partidos-compromisos-reales-urgentes-e-imprescincibles-con-el-campo-ante-las-proximas-elecciones-autonomicas#primaryimage\"},\"image\":{\"@id\":\"https:\/\/www.asajacyl.com\/avila\/asaja-avila-informa\/asaja-avila-exige-a-todos-los-partidos-compromisos-reales-urgentes-e-imprescincibles-con-el-campo-ante-las-proximas-elecciones-autonomicas#primaryimage\"},\"thumbnailUrl\":\"https:\/\/www.asajacyl.com\/avila\/wp-content\/uploads\/sites\/4\/2026\/03\/Diseno-sin-titulo.jpg\",\"datePublished\":\"2026-03-03T13:06:12+00:00\",\"dateModified\":\"2026-03-03T13:06:14+00:00\",\"author\":{\"@id\":\"https:\/\/www.asajacyl.com\/avila\/#\/schema\/person\/51bbd29d94e00aa22d79c7b8c3c404e6\"},\"description\":\"\u00c1vila, 3 de marzo de 2026 ASAJA \u00c1vila traslada a trav\u00e9s de este comunicado a todas las formaciones pol\u00edticas su listado de medidas urgentes para\",\"breadcrumb\":{\"@id\":\"https:\/\/www.asajacyl.com\/avila\/asaja-avila-informa\/asaja-avila-exige-a-todos-los-partidos-compromisos-reales-urgentes-e-imprescincibles-con-el-campo-ante-las-proximas-elecciones-autonomicas#breadcrumb\"},\"inLanguage\":\"es\",\"potentialAction\":[{\"@type\":\"ReadAction\",\"target\":[\"https:\/\/www.asajacyl.com\/avila\/asaja-avila-informa\/asaja-avila-exige-a-todos-los-partidos-compromisos-reales-urgentes-e-imprescincibles-con-el-campo-ante-las-proximas-elecciones-autonomicas\"]}]},{\"@type\":\"ImageObject\",\"inLanguage\":\"es\",\"@id\":\"https:\/\/www.asajacyl.com\/avila\/asaja-avila-informa\/asaja-avila-exige-a-todos-los-partidos-compromisos-reales-urgentes-e-imprescincibles-con-el-campo-ante-las-proximas-elecciones-autonomicas#primaryimage\",\"url\":\"https:\/\/www.asajacyl.com\/avila\/wp-content\/uploads\/sites\/4\/2026\/03\/Diseno-sin-titulo.jpg\",\"contentUrl\":\"https:\/\/www.asajacyl.com\/avila\/wp-content\/uploads\/sites\/4\/2026\/03\/Diseno-sin-titulo.jpg\",\"width\":1080,\"height\":1350},{\"@type\":\"BreadcrumbList\",\"@id\":\"https:\/\/www.asajacyl.com\/avila\/asaja-avila-informa\/asaja-avila-exige-a-todos-los-partidos-compromisos-reales-urgentes-e-imprescincibles-con-el-campo-ante-las-proximas-elecciones-autonomicas#breadcrumb\",\"itemListElement\":[{\"@type\":\"ListItem\",\"position\":1,\"name\":\"Portada\",\"item\":\"https:\/\/www.asajacyl.com\/avila\/\"},{\"@type\":\"ListItem\",\"position\":2,\"name\":\"ASAJA \u00c1VILA EXIGE A TODOS LOS PARTIDOS COMPROMISOS REALES, URGENTES E IMPRESCINCIBLES CON EL CAMPO ANTE LAS PR\u00d3XIMAS ELECCIONES AUTON\u00d3MICAS\"}]},{\"@type\":\"WebSite\",\"@id\":\"https:\/\/www.asajacyl.com\/avila\/#website\",\"url\":\"https:\/\/www.asajacyl.com\/avila\/\",\"name\":\"ASAJA \u00c1vila\",\"description\":\"Otro sitio m\u00e1s de Provincias ASAJA Castilla y Le\u00f3n\",\"potentialAction\":[{\"@type\":\"SearchAction\",\"target\":{\"@type\":\"EntryPoint\",\"urlTemplate\":\"https:\/\/www.asajacyl.com\/avila\/?s={search_term_string}\"},\"query-input\":{\"@type\":\"PropertyValueSpecification\",\"valueRequired\":true,\"valueName\":\"search_term_string\"}}],\"inLanguage\":\"es\"},{\"@type\":\"Person\",\"@id\":\"https:\/\/www.asajacyl.com\/avila\/#\/schema\/person\/51bbd29d94e00aa22d79c7b8c3c404e6\",\"name\":\"comunicacion\",\"image\":{\"@type\":\"ImageObject\",\"inLanguage\":\"es\",\"@id\":\"https:\/\/www.asajacyl.com\/avila\/#\/schema\/person\/image\/\",\"url\":\"https:\/\/secure.gravatar.com\/avatar\/dacd6ac12f2f802c39afce565d232781?s=96&d=mm&r=g\",\"contentUrl\":\"https:\/\/secure.gravatar.com\/avatar\/dacd6ac12f2f802c39afce565d232781?s=96&d=mm&r=g\",\"caption\":\"comunicacion\"},\"url\":\"https:\/\/www.asajacyl.com\/avila\/author\/comunicacion\"}]}<\/script>\n<!-- \/ Yoast SEO plugin. -->","yoast_head_json":{"title":"ASAJA \u00c1VILA EXIGE A TODOS LOS PARTIDOS COMPROMISOS REALES, URGENTES E IMPRESCINCIBLES CON EL CAMPO ANTE LAS PR\u00d3XIMAS ELECCIONES AUTON\u00d3MICAS - ASAJA \u00c1vila","description":"\u00c1vila, 3 de marzo de 2026 ASAJA \u00c1vila traslada a trav\u00e9s de este comunicado a todas las formaciones pol\u00edticas su listado de medidas urgentes para","robots":{"index":"index","follow":"follow","max-snippet":"max-snippet:-1","max-image-preview":"max-image-preview:large","max-video-preview":"max-video-preview:-1"},"canonical":"https:\/\/www.asajacyl.com\/avila\/asaja-avila-informa\/asaja-avila-exige-a-todos-los-partidos-compromisos-reales-urgentes-e-imprescincibles-con-el-campo-ante-las-proximas-elecciones-autonomicas","og_locale":"es_ES","og_type":"article","og_title":"ASAJA \u00c1VILA EXIGE A TODOS LOS PARTIDOS COMPROMISOS REALES, URGENTES E IMPRESCINCIBLES CON EL CAMPO ANTE LAS PR\u00d3XIMAS ELECCIONES AUTON\u00d3MICAS - ASAJA \u00c1vila","og_description":"\u00c1vila, 3 de marzo de 2026 ASAJA \u00c1vila traslada a trav\u00e9s de este comunicado a todas las formaciones pol\u00edticas su listado de medidas urgentes para","og_url":"https:\/\/www.asajacyl.com\/avila\/asaja-avila-informa\/asaja-avila-exige-a-todos-los-partidos-compromisos-reales-urgentes-e-imprescincibles-con-el-campo-ante-las-proximas-elecciones-autonomicas","og_site_name":"ASAJA \u00c1vila","article_published_time":"2026-03-03T13:06:12+00:00","article_modified_time":"2026-03-03T13:06:14+00:00","og_image":[{"width":1080,"height":1350,"url":"https:\/\/www.asajacyl.com\/avila\/wp-content\/uploads\/sites\/4\/2026\/03\/Diseno-sin-titulo.jpg","type":"image\/jpeg"}],"author":"comunicacion","twitter_card":"summary_large_image","twitter_misc":{"Escrito por":"comunicacion","Tiempo de lectura":"6 minutos"},"schema":{"@context":"https:\/\/schema.org","@graph":[{"@type":"WebPage","@id":"https:\/\/www.asajacyl.com\/avila\/asaja-avila-informa\/asaja-avila-exige-a-todos-los-partidos-compromisos-reales-urgentes-e-imprescincibles-con-el-campo-ante-las-proximas-elecciones-autonomicas","url":"https:\/\/www.asajacyl.com\/avila\/asaja-avila-informa\/asaja-avila-exige-a-todos-los-partidos-compromisos-reales-urgentes-e-imprescincibles-con-el-campo-ante-las-proximas-elecciones-autonomicas","name":"ASAJA \u00c1VILA EXIGE A TODOS LOS PARTIDOS COMPROMISOS REALES, URGENTES E IMPRESCINCIBLES CON EL CAMPO ANTE LAS PR\u00d3XIMAS ELECCIONES AUTON\u00d3MICAS - ASAJA \u00c1vila","isPartOf":{"@id":"https:\/\/www.asajacyl.com\/avila\/#website"},"primaryImageOfPage":{"@id":"https:\/\/www.asajacyl.com\/avila\/asaja-avila-informa\/asaja-avila-exige-a-todos-los-partidos-compromisos-reales-urgentes-e-imprescincibles-con-el-campo-ante-las-proximas-elecciones-autonomicas#primaryimage"},"image":{"@id":"https:\/\/www.asajacyl.com\/avila\/asaja-avila-informa\/asaja-avila-exige-a-todos-los-partidos-compromisos-reales-urgentes-e-imprescincibles-con-el-campo-ante-las-proximas-elecciones-autonomicas#primaryimage"},"thumbnailUrl":"https:\/\/www.asajacyl.com\/avila\/wp-content\/uploads\/sites\/4\/2026\/03\/Diseno-sin-titulo.jpg","datePublished":"2026-03-03T13:06:12+00:00","dateModified":"2026-03-03T13:06:14+00:00","author":{"@id":"https:\/\/www.asajacyl.com\/avila\/#\/schema\/person\/51bbd29d94e00aa22d79c7b8c3c404e6"},"description":"\u00c1vila, 3 de marzo de 2026 ASAJA \u00c1vila traslada a trav\u00e9s de este comunicado a todas las formaciones pol\u00edticas su listado de medidas urgentes para","breadcrumb":{"@id":"https:\/\/www.asajacyl.com\/avila\/asaja-avila-informa\/asaja-avila-exige-a-todos-los-partidos-compromisos-reales-urgentes-e-imprescincibles-con-el-campo-ante-las-proximas-elecciones-autonomicas#breadcrumb"},"inLanguage":"es","potentialAction":[{"@type":"ReadAction","target":["https:\/\/www.asajacyl.com\/avila\/asaja-avila-informa\/asaja-avila-exige-a-todos-los-partidos-compromisos-reales-urgentes-e-imprescincibles-con-el-campo-ante-las-proximas-elecciones-autonomicas"]}]},{"@type":"ImageObject","inLanguage":"es","@id":"https:\/\/www.asajacyl.com\/avila\/asaja-avila-informa\/asaja-avila-exige-a-todos-los-partidos-compromisos-reales-urgentes-e-imprescincibles-con-el-campo-ante-las-proximas-elecciones-autonomicas#primaryimage","url":"https:\/\/www.asajacyl.com\/avila\/wp-content\/uploads\/sites\/4\/2026\/03\/Diseno-sin-titulo.jpg","contentUrl":"https:\/\/www.asajacyl.com\/avila\/wp-content\/uploads\/sites\/4\/2026\/03\/Diseno-sin-titulo.jpg","width":1080,"height":1350},{"@type":"BreadcrumbList","@id":"https:\/\/www.asajacyl.com\/avila\/asaja-avila-informa\/asaja-avila-exige-a-todos-los-partidos-compromisos-reales-urgentes-e-imprescincibles-con-el-campo-ante-las-proximas-elecciones-autonomicas#breadcrumb","itemListElement":[{"@type":"ListItem","position":1,"name":"Portada","item":"https:\/\/www.asajacyl.com\/avila\/"},{"@type":"ListItem","position":2,"name":"ASAJA \u00c1VILA EXIGE A TODOS LOS PARTIDOS COMPROMISOS REALES, URGENTES E IMPRESCINCIBLES CON EL CAMPO ANTE LAS PR\u00d3XIMAS ELECCIONES AUTON\u00d3MICAS"}]},{"@type":"WebSite","@id":"https:\/\/www.asajacyl.com\/avila\/#website","url":"https:\/\/www.asajacyl.com\/avila\/","name":"ASAJA \u00c1vila","description":"Otro sitio m\u00e1s de Provincias ASAJA Castilla y Le\u00f3n","potentialAction":[{"@type":"SearchAction","target":{"@type":"EntryPoint","urlTemplate":"https:\/\/www.asajacyl.com\/avila\/?s={search_term_string}"},"query-input":{"@type":"PropertyValueSpecification","valueRequired":true,"valueName":"search_term_string"}}],"inLanguage":"es"},{"@type":"Person","@id":"https:\/\/www.asajacyl.com\/avila\/#\/schema\/person\/51bbd29d94e00aa22d79c7b8c3c404e6","name":"comunicacion","image":{"@type":"ImageObject","inLanguage":"es","@id":"https:\/\/www.asajacyl.com\/avila\/#\/schema\/person\/image\/","url":"https:\/\/secure.gravatar.com\/avatar\/dacd6ac12f2f802c39afce565d232781?s=96&d=mm&r=g","contentUrl":"https:\/\/secure.gravatar.com\/avatar\/dacd6ac12f2f802c39afce565d232781?s=96&d=mm&r=g","caption":"comunicacion"},"url":"https:\/\/www.asajacyl.com\/avila\/author\/comunicacion"}]}},"_links":{"self":[{"href":"https:\/\/www.asajacyl.com\/avila\/wp-json\/wp\/v2\/posts\/7043"}],"collection":[{"href":"https:\/\/www.asajacyl.com\/avila\/wp-json\/wp\/v2\/posts"}],"about":[{"href":"https:\/\/www.asajacyl.com\/avila\/wp-json\/wp\/v2\/types\/post"}],"author":[{"embeddable":true,"href":"https:\/\/www.asajacyl.com\/avila\/wp-json\/wp\/v2\/users\/16"}],"replies":[{"embeddable":true,"href":"https:\/\/www.asajacyl.com\/avila\/wp-json\/wp\/v2\/comments?post=7043"}],"version-history":[{"count":1,"href":"https:\/\/www.asajacyl.com\/avila\/wp-json\/wp\/v2\/posts\/7043\/revisions"}],"predecessor-version":[{"id":7045,"href":"https:\/\/www.asajacyl.com\/avila\/wp-json\/wp\/v2\/posts\/7043\/revisions\/7045"}],"wp:featuredmedia":[{"embeddable":true,"href":"https:\/\/www.asajacyl.com\/avila\/wp-json\/wp\/v2\/media\/7044"}],"wp:attachment":[{"href":"https:\/\/www.asajacyl.com\/avila\/wp-json\/wp\/v2\/media?parent=7043"}],"wp:term":[{"taxonomy":"category","embeddable":true,"href":"https:\/\/www.asajacyl.com\/avila\/wp-json\/wp\/v2\/categories?post=7043"},{"taxonomy":"post_tag","embeddable":true,"href":"https:\/\/www.asajacyl.com\/avila\/wp-json\/wp\/v2\/tags?post=7043"}],"curies":[{"name":"wp","href":"https:\/\/api.w.org\/{rel}","templated":true}]}}