{"id":7046,"date":"2026-03-05T12:35:12","date_gmt":"2026-03-05T11:35:12","guid":{"rendered":"https:\/\/www.asajacyl.com\/avila\/?p=7046"},"modified":"2026-03-05T12:35:13","modified_gmt":"2026-03-05T11:35:13","slug":"fertilizantes-y-gasoleo-en-el-punto-de-mira-asaja-pide-medidas-ante-la-tension-internacional","status":"publish","type":"post","link":"https:\/\/www.asajacyl.com\/avila\/asaja-avila-informa\/fertilizantes-y-gasoleo-en-el-punto-de-mira-asaja-pide-medidas-ante-la-tension-internacional","title":{"rendered":"Fertilizantes y gas\u00f3leo, en el punto de mira: ASAJA pide medidas ante la tensi\u00f3n internacional"},"content":{"rendered":"\n<p><strong>5 de marzo de 2026<\/strong><\/p>\n\n\n\n<p><strong>ASAJA avisa del impacto inmediato: abonos y combustibles suben con la crisis en Oriente Medio<br>M\u00e1s costes y riesgo exportador: ASAJA pide rebajar tensiones y proteger al sector agrario<\/strong><\/p>\n\n\n\n<p>ASAJA advierte de que la escalada del conflicto en Oriente Medio, con el foco en el estrecho de Ormuz, y el actual clima de tensi\u00f3n comercial amenazan con encarecer fertilizantes, gas\u00f3leo agr\u00edcola y energ\u00eda \u2014claves para la maquinaria y el riego\u2014 y con afectar a las exportaciones agroalimentarias a Estados Unidos, especialmente de vino y aceite de oliva.<\/p>\n\n\n\n<p>En estos primeros d\u00edas, agricultores trasladan ya una subida general de combustibles y un aumento de los abonos, sobre todo nitrogenados, en un contexto que afecta al comercio y la fabricaci\u00f3n de insumos como amon\u00edaco, urea, azufre y gas natural, necesarios para producir fertilizantes.<\/p>\n\n\n\n<p>El coste de los abonos representa en torno al 15% de los costes de producci\u00f3n y ven\u00eda tension\u00e1ndose: el precio se hab\u00eda encarecido m\u00e1s del 12% en el \u00faltimo a\u00f1o, influido por los aranceles adicionales a fertilizantes de Rusia y Bielorrusia y por el Mecanismo de Ajuste en Frontera por Carbono (CBAM), en vigor desde el 1 de enero para productos intensivos en emisiones como los fertilizantes.<\/p>\n\n\n\n<p>En el \u00e1mbito energ\u00e9tico, el impacto en surtidor ha sido por ahora limitado, pero se\u00f1alan que, si el Brent se estabiliza en niveles cercanos a los actuales, podr\u00eda ser razonable una subida de 8 a 10 c\u00e9ntimos por litro en las pr\u00f3ximas semanas, con un traslado que puede tardar d\u00edas o hasta dos semanas.<\/p>\n\n\n\n<p>Desde ASAJA ya se ha trasladado al comisario de Agricultura, Christophe Hansen, la necesidad de medidas urgentes para frenar la escalada de costes. Entre las propuestas defendidas figuran: <\/p>\n\n\n\n<p>\u2022 Eliminar los aranceles a la Naci\u00f3n M\u00e1s Favorecida (NMF) al menos durante cinco a\u00f1os (y no solo un a\u00f1o). <\/p>\n\n\n\n<p>\u2022 Fin inmediato del CBAM, para cumplir el compromiso anunciado por la Comisi\u00f3n Europea. <\/p>\n\n\n\n<p>\u2022 Ayudas extraordinarias fuera de la PAC, adem\u00e1s de apoyos del Gobierno espa\u00f1ol.<\/p>\n\n\n\n<p>ASAJA subraya que \u201clas guerras nunca son buenas para el campo\u201d y pide rebajar la tensi\u00f3n y actuar con moderaci\u00f3n para evitar que agricultores y ganaderos vuelvan a pagar el impacto de crisis ajenas al sector. Si la situaci\u00f3n se prolonga, la organizaci\u00f3n reclama medidas de apoyo contundentes para sostener la viabilidad de las explotaciones.<\/p>\n","protected":false},"excerpt":{"rendered":"<p>5 de marzo de 2026 ASAJA avisa del impacto inmediato: abonos y combustibles suben con la crisis en Oriente MedioM\u00e1s costes y riesgo exportador: ASAJA pide rebajar tensiones y proteger al sector agrario ASAJA advierte de que la escalada del conflicto en Oriente Medio, con el foco en el estrecho de Ormuz, y el actual [&hellip;]<\/p>\n","protected":false},"author":16,"featured_media":7047,"comment_status":"open","ping_status":"open","sticky":false,"template":"","format":"standard","meta":{"footnotes":""},"categories":[8,28,18],"tags":[59,63,53,54,71,55,56,72,3],"yoast_head":"<!-- This site is optimized with the Yoast SEO plugin v24.5 - https:\/\/yoast.com\/wordpress\/plugins\/seo\/ -->\n<title>Fertilizantes y gas\u00f3leo, en el punto de mira: ASAJA pide medidas ante la tensi\u00f3n internacional - ASAJA \u00c1vila<\/title>\n<meta name=\"description\" content=\"5 de marzo de 2026 ASAJA avisa del impacto inmediato: abonos y combustibles suben con la crisis en Oriente MedioM\u00e1s costes y riesgo exportador: ASAJA pide\" \/>\n<meta name=\"robots\" content=\"index, follow, max-snippet:-1, max-image-preview:large, max-video-preview:-1\" \/>\n<link rel=\"canonical\" href=\"https:\/\/www.asajacyl.com\/avila\/asaja-avila-informa\/fertilizantes-y-gasoleo-en-el-punto-de-mira-asaja-pide-medidas-ante-la-tension-internacional\" \/>\n<meta property=\"og:locale\" content=\"es_ES\" \/>\n<meta property=\"og:type\" content=\"article\" \/>\n<meta property=\"og:title\" content=\"Fertilizantes y gas\u00f3leo, en el punto de mira: ASAJA pide medidas ante la tensi\u00f3n internacional - ASAJA \u00c1vila\" \/>\n<meta property=\"og:description\" content=\"5 de marzo de 2026 ASAJA avisa del impacto inmediato: abonos y combustibles suben con la crisis en Oriente MedioM\u00e1s costes y riesgo exportador: ASAJA pide\" \/>\n<meta property=\"og:url\" content=\"https:\/\/www.asajacyl.com\/avila\/asaja-avila-informa\/fertilizantes-y-gasoleo-en-el-punto-de-mira-asaja-pide-medidas-ante-la-tension-internacional\" \/>\n<meta property=\"og:site_name\" content=\"ASAJA \u00c1vila\" \/>\n<meta property=\"article:published_time\" content=\"2026-03-05T11:35:12+00:00\" \/>\n<meta property=\"article:modified_time\" content=\"2026-03-05T11:35:13+00:00\" \/>\n<meta property=\"og:image\" content=\"https:\/\/www.asajacyl.com\/avila\/wp-content\/uploads\/sites\/4\/2026\/03\/ChatGPT-Image-5-mar-2026-12_32_25.jpg\" \/>\n\t<meta property=\"og:image:width\" content=\"1536\" \/>\n\t<meta property=\"og:image:height\" content=\"1024\" \/>\n\t<meta property=\"og:image:type\" content=\"image\/jpeg\" \/>\n<meta name=\"author\" content=\"comunicacion\" \/>\n<meta name=\"twitter:card\" content=\"summary_large_image\" \/>\n<meta name=\"twitter:label1\" content=\"Escrito por\" \/>\n\t<meta name=\"twitter:data1\" content=\"comunicacion\" \/>\n\t<meta name=\"twitter:label2\" content=\"Tiempo de lectura\" \/>\n\t<meta name=\"twitter:data2\" content=\"2 minutos\" \/>\n<script type=\"application\/ld+json\" class=\"yoast-schema-graph\">{\"@context\":\"https:\/\/schema.org\",\"@graph\":[{\"@type\":\"WebPage\",\"@id\":\"https:\/\/www.asajacyl.com\/avila\/asaja-avila-informa\/fertilizantes-y-gasoleo-en-el-punto-de-mira-asaja-pide-medidas-ante-la-tension-internacional\",\"url\":\"https:\/\/www.asajacyl.com\/avila\/asaja-avila-informa\/fertilizantes-y-gasoleo-en-el-punto-de-mira-asaja-pide-medidas-ante-la-tension-internacional\",\"name\":\"Fertilizantes y gas\u00f3leo, en el punto de mira: ASAJA pide medidas ante la tensi\u00f3n internacional - ASAJA \u00c1vila\",\"isPartOf\":{\"@id\":\"https:\/\/www.asajacyl.com\/avila\/#website\"},\"primaryImageOfPage\":{\"@id\":\"https:\/\/www.asajacyl.com\/avila\/asaja-avila-informa\/fertilizantes-y-gasoleo-en-el-punto-de-mira-asaja-pide-medidas-ante-la-tension-internacional#primaryimage\"},\"image\":{\"@id\":\"https:\/\/www.asajacyl.com\/avila\/asaja-avila-informa\/fertilizantes-y-gasoleo-en-el-punto-de-mira-asaja-pide-medidas-ante-la-tension-internacional#primaryimage\"},\"thumbnailUrl\":\"https:\/\/www.asajacyl.com\/avila\/wp-content\/uploads\/sites\/4\/2026\/03\/ChatGPT-Image-5-mar-2026-12_32_25.jpg\",\"datePublished\":\"2026-03-05T11:35:12+00:00\",\"dateModified\":\"2026-03-05T11:35:13+00:00\",\"author\":{\"@id\":\"https:\/\/www.asajacyl.com\/avila\/#\/schema\/person\/51bbd29d94e00aa22d79c7b8c3c404e6\"},\"description\":\"5 de marzo de 2026 ASAJA avisa del impacto inmediato: abonos y combustibles suben con la crisis en Oriente MedioM\u00e1s costes y riesgo exportador: ASAJA pide\",\"breadcrumb\":{\"@id\":\"https:\/\/www.asajacyl.com\/avila\/asaja-avila-informa\/fertilizantes-y-gasoleo-en-el-punto-de-mira-asaja-pide-medidas-ante-la-tension-internacional#breadcrumb\"},\"inLanguage\":\"es\",\"potentialAction\":[{\"@type\":\"ReadAction\",\"target\":[\"https:\/\/www.asajacyl.com\/avila\/asaja-avila-informa\/fertilizantes-y-gasoleo-en-el-punto-de-mira-asaja-pide-medidas-ante-la-tension-internacional\"]}]},{\"@type\":\"ImageObject\",\"inLanguage\":\"es\",\"@id\":\"https:\/\/www.asajacyl.com\/avila\/asaja-avila-informa\/fertilizantes-y-gasoleo-en-el-punto-de-mira-asaja-pide-medidas-ante-la-tension-internacional#primaryimage\",\"url\":\"https:\/\/www.asajacyl.com\/avila\/wp-content\/uploads\/sites\/4\/2026\/03\/ChatGPT-Image-5-mar-2026-12_32_25.jpg\",\"contentUrl\":\"https:\/\/www.asajacyl.com\/avila\/wp-content\/uploads\/sites\/4\/2026\/03\/ChatGPT-Image-5-mar-2026-12_32_25.jpg\",\"width\":1536,\"height\":1024},{\"@type\":\"BreadcrumbList\",\"@id\":\"https:\/\/www.asajacyl.com\/avila\/asaja-avila-informa\/fertilizantes-y-gasoleo-en-el-punto-de-mira-asaja-pide-medidas-ante-la-tension-internacional#breadcrumb\",\"itemListElement\":[{\"@type\":\"ListItem\",\"position\":1,\"name\":\"Portada\",\"item\":\"https:\/\/www.asajacyl.com\/avila\/\"},{\"@type\":\"ListItem\",\"position\":2,\"name\":\"Fertilizantes y gas\u00f3leo, en el punto de mira: ASAJA pide medidas ante la tensi\u00f3n internacional\"}]},{\"@type\":\"WebSite\",\"@id\":\"https:\/\/www.asajacyl.com\/avila\/#website\",\"url\":\"https:\/\/www.asajacyl.com\/avila\/\",\"name\":\"ASAJA \u00c1vila\",\"description\":\"Otro sitio m\u00e1s de Provincias ASAJA Castilla y Le\u00f3n\",\"potentialAction\":[{\"@type\":\"SearchAction\",\"target\":{\"@type\":\"EntryPoint\",\"urlTemplate\":\"https:\/\/www.asajacyl.com\/avila\/?s={search_term_string}\"},\"query-input\":{\"@type\":\"PropertyValueSpecification\",\"valueRequired\":true,\"valueName\":\"search_term_string\"}}],\"inLanguage\":\"es\"},{\"@type\":\"Person\",\"@id\":\"https:\/\/www.asajacyl.com\/avila\/#\/schema\/person\/51bbd29d94e00aa22d79c7b8c3c404e6\",\"name\":\"comunicacion\",\"image\":{\"@type\":\"ImageObject\",\"inLanguage\":\"es\",\"@id\":\"https:\/\/www.asajacyl.com\/avila\/#\/schema\/person\/image\/\",\"url\":\"https:\/\/secure.gravatar.com\/avatar\/dacd6ac12f2f802c39afce565d232781?s=96&d=mm&r=g\",\"contentUrl\":\"https:\/\/secure.gravatar.com\/avatar\/dacd6ac12f2f802c39afce565d232781?s=96&d=mm&r=g\",\"caption\":\"comunicacion\"},\"url\":\"https:\/\/www.asajacyl.com\/avila\/author\/comunicacion\"}]}<\/script>\n<!-- \/ Yoast SEO plugin. -->","yoast_head_json":{"title":"Fertilizantes y gas\u00f3leo, en el punto de mira: ASAJA pide medidas ante la tensi\u00f3n internacional - ASAJA \u00c1vila","description":"5 de marzo de 2026 ASAJA avisa del impacto inmediato: abonos y combustibles suben con la crisis en Oriente MedioM\u00e1s costes y riesgo exportador: ASAJA pide","robots":{"index":"index","follow":"follow","max-snippet":"max-snippet:-1","max-image-preview":"max-image-preview:large","max-video-preview":"max-video-preview:-1"},"canonical":"https:\/\/www.asajacyl.com\/avila\/asaja-avila-informa\/fertilizantes-y-gasoleo-en-el-punto-de-mira-asaja-pide-medidas-ante-la-tension-internacional","og_locale":"es_ES","og_type":"article","og_title":"Fertilizantes y gas\u00f3leo, en el punto de mira: ASAJA pide medidas ante la tensi\u00f3n internacional - ASAJA \u00c1vila","og_description":"5 de marzo de 2026 ASAJA avisa del impacto inmediato: abonos y combustibles suben con la crisis en Oriente MedioM\u00e1s costes y riesgo exportador: ASAJA pide","og_url":"https:\/\/www.asajacyl.com\/avila\/asaja-avila-informa\/fertilizantes-y-gasoleo-en-el-punto-de-mira-asaja-pide-medidas-ante-la-tension-internacional","og_site_name":"ASAJA \u00c1vila","article_published_time":"2026-03-05T11:35:12+00:00","article_modified_time":"2026-03-05T11:35:13+00:00","og_image":[{"width":1536,"height":1024,"url":"https:\/\/www.asajacyl.com\/avila\/wp-content\/uploads\/sites\/4\/2026\/03\/ChatGPT-Image-5-mar-2026-12_32_25.jpg","type":"image\/jpeg"}],"author":"comunicacion","twitter_card":"summary_large_image","twitter_misc":{"Escrito por":"comunicacion","Tiempo de lectura":"2 minutos"},"schema":{"@context":"https:\/\/schema.org","@graph":[{"@type":"WebPage","@id":"https:\/\/www.asajacyl.com\/avila\/asaja-avila-informa\/fertilizantes-y-gasoleo-en-el-punto-de-mira-asaja-pide-medidas-ante-la-tension-internacional","url":"https:\/\/www.asajacyl.com\/avila\/asaja-avila-informa\/fertilizantes-y-gasoleo-en-el-punto-de-mira-asaja-pide-medidas-ante-la-tension-internacional","name":"Fertilizantes y gas\u00f3leo, en el punto de mira: ASAJA pide medidas ante la tensi\u00f3n internacional - ASAJA \u00c1vila","isPartOf":{"@id":"https:\/\/www.asajacyl.com\/avila\/#website"},"primaryImageOfPage":{"@id":"https:\/\/www.asajacyl.com\/avila\/asaja-avila-informa\/fertilizantes-y-gasoleo-en-el-punto-de-mira-asaja-pide-medidas-ante-la-tension-internacional#primaryimage"},"image":{"@id":"https:\/\/www.asajacyl.com\/avila\/asaja-avila-informa\/fertilizantes-y-gasoleo-en-el-punto-de-mira-asaja-pide-medidas-ante-la-tension-internacional#primaryimage"},"thumbnailUrl":"https:\/\/www.asajacyl.com\/avila\/wp-content\/uploads\/sites\/4\/2026\/03\/ChatGPT-Image-5-mar-2026-12_32_25.jpg","datePublished":"2026-03-05T11:35:12+00:00","dateModified":"2026-03-05T11:35:13+00:00","author":{"@id":"https:\/\/www.asajacyl.com\/avila\/#\/schema\/person\/51bbd29d94e00aa22d79c7b8c3c404e6"},"description":"5 de marzo de 2026 ASAJA avisa del impacto inmediato: abonos y combustibles suben con la crisis en Oriente MedioM\u00e1s costes y riesgo exportador: ASAJA pide","breadcrumb":{"@id":"https:\/\/www.asajacyl.com\/avila\/asaja-avila-informa\/fertilizantes-y-gasoleo-en-el-punto-de-mira-asaja-pide-medidas-ante-la-tension-internacional#breadcrumb"},"inLanguage":"es","potentialAction":[{"@type":"ReadAction","target":["https:\/\/www.asajacyl.com\/avila\/asaja-avila-informa\/fertilizantes-y-gasoleo-en-el-punto-de-mira-asaja-pide-medidas-ante-la-tension-internacional"]}]},{"@type":"ImageObject","inLanguage":"es","@id":"https:\/\/www.asajacyl.com\/avila\/asaja-avila-informa\/fertilizantes-y-gasoleo-en-el-punto-de-mira-asaja-pide-medidas-ante-la-tension-internacional#primaryimage","url":"https:\/\/www.asajacyl.com\/avila\/wp-content\/uploads\/sites\/4\/2026\/03\/ChatGPT-Image-5-mar-2026-12_32_25.jpg","contentUrl":"https:\/\/www.asajacyl.com\/avila\/wp-content\/uploads\/sites\/4\/2026\/03\/ChatGPT-Image-5-mar-2026-12_32_25.jpg","width":1536,"height":1024},{"@type":"BreadcrumbList","@id":"https:\/\/www.asajacyl.com\/avila\/asaja-avila-informa\/fertilizantes-y-gasoleo-en-el-punto-de-mira-asaja-pide-medidas-ante-la-tension-internacional#breadcrumb","itemListElement":[{"@type":"ListItem","position":1,"name":"Portada","item":"https:\/\/www.asajacyl.com\/avila\/"},{"@type":"ListItem","position":2,"name":"Fertilizantes y gas\u00f3leo, en el punto de mira: ASAJA pide medidas ante la tensi\u00f3n internacional"}]},{"@type":"WebSite","@id":"https:\/\/www.asajacyl.com\/avila\/#website","url":"https:\/\/www.asajacyl.com\/avila\/","name":"ASAJA \u00c1vila","description":"Otro sitio m\u00e1s de Provincias ASAJA Castilla y Le\u00f3n","potentialAction":[{"@type":"SearchAction","target":{"@type":"EntryPoint","urlTemplate":"https:\/\/www.asajacyl.com\/avila\/?s={search_term_string}"},"query-input":{"@type":"PropertyValueSpecification","valueRequired":true,"valueName":"search_term_string"}}],"inLanguage":"es"},{"@type":"Person","@id":"https:\/\/www.asajacyl.com\/avila\/#\/schema\/person\/51bbd29d94e00aa22d79c7b8c3c404e6","name":"comunicacion","image":{"@type":"ImageObject","inLanguage":"es","@id":"https:\/\/www.asajacyl.com\/avila\/#\/schema\/person\/image\/","url":"https:\/\/secure.gravatar.com\/avatar\/dacd6ac12f2f802c39afce565d232781?s=96&d=mm&r=g","contentUrl":"https:\/\/secure.gravatar.com\/avatar\/dacd6ac12f2f802c39afce565d232781?s=96&d=mm&r=g","caption":"comunicacion"},"url":"https:\/\/www.asajacyl.com\/avila\/author\/comunicacion"}]}},"_links":{"self":[{"href":"https:\/\/www.asajacyl.com\/avila\/wp-json\/wp\/v2\/posts\/7046"}],"collection":[{"href":"https:\/\/www.asajacyl.com\/avila\/wp-json\/wp\/v2\/posts"}],"about":[{"href":"https:\/\/www.asajacyl.com\/avila\/wp-json\/wp\/v2\/types\/post"}],"author":[{"embeddable":true,"href":"https:\/\/www.asajacyl.com\/avila\/wp-json\/wp\/v2\/users\/16"}],"replies":[{"embeddable":true,"href":"https:\/\/www.asajacyl.com\/avila\/wp-json\/wp\/v2\/comments?post=7046"}],"version-history":[{"count":1,"href":"https:\/\/www.asajacyl.com\/avila\/wp-json\/wp\/v2\/posts\/7046\/revisions"}],"predecessor-version":[{"id":7048,"href":"https:\/\/www.asajacyl.com\/avila\/wp-json\/wp\/v2\/posts\/7046\/revisions\/7048"}],"wp:featuredmedia":[{"embeddable":true,"href":"https:\/\/www.asajacyl.com\/avila\/wp-json\/wp\/v2\/media\/7047"}],"wp:attachment":[{"href":"https:\/\/www.asajacyl.com\/avila\/wp-json\/wp\/v2\/media?parent=7046"}],"wp:term":[{"taxonomy":"category","embeddable":true,"href":"https:\/\/www.asajacyl.com\/avila\/wp-json\/wp\/v2\/categories?post=7046"},{"taxonomy":"post_tag","embeddable":true,"href":"https:\/\/www.asajacyl.com\/avila\/wp-json\/wp\/v2\/tags?post=7046"}],"curies":[{"name":"wp","href":"https:\/\/api.w.org\/{rel}","templated":true}]}}