{"id":7049,"date":"2026-03-06T10:40:20","date_gmt":"2026-03-06T09:40:20","guid":{"rendered":"https:\/\/www.asajacyl.com\/avila\/?p=7049"},"modified":"2026-03-06T10:40:21","modified_gmt":"2026-03-06T09:40:21","slug":"concentracion-de-las-opas-contra-el-freno-de-suministro-y-la-especulacion-con-el-gasoleo-agricola","status":"publish","type":"post","link":"https:\/\/www.asajacyl.com\/avila\/asaja-avila-informa\/concentracion-de-las-opas-contra-el-freno-de-suministro-y-la-especulacion-con-el-gasoleo-agricola","title":{"rendered":"Concentraci\u00f3n de las OPAs contra el freno de suministro y la especulaci\u00f3n con el gas\u00f3leo agr\u00edcola"},"content":{"rendered":"\n<h1 class=\"wp-block-heading\"><\/h1>\n\n\n\n<p>6 marzo, 2026<\/p>\n\n\n\n<h2 class=\"wp-block-heading\">Las organizaciones agrarias ASAJA, UCCL y la ALIANZA UPA-COAG bloquear\u00e1n el pr\u00f3ximo MARTES 10 DE MARZO el centro log\u00edstico de hidrocarburos Exolum (CLH) de Santovenia de Pisuerga, en Valladolid, en protesta por la paralizaci\u00f3n del suministro de carburante agr\u00edcola y la amenaza de subidas especulativas de precios en un momento cr\u00edtico para la actividad agraria de Castilla y Le\u00f3n.<\/h2>\n\n\n\n<p>La crisis en Oriente Medio est\u00e1 provocando la acaparaci\u00f3n de carburante por parte de las petroleras, que han frenado las entregas a la distribuci\u00f3n, previsiblemente a la espera de aplicar desorbitadas subidas todav\u00eda no justificadas. Paralizar el suministro de gas\u00f3leo B significa paralizar el campo en un momento de m\u00e1xima actividad, tras meses en los que las lluvias han impedido trabajar. La situaci\u00f3n es, por tanto, cr\u00edtica.<\/p>\n\n\n\n<p>Las organizaciones profesionales agrarias denuncian as\u00ed los movimientos especulativos y coordinados de las compa\u00f1\u00edas petroleras para no solo encarecer el combustible -del pasado viernes a hoy el litro de gas\u00f3leo agr\u00edcola ha pasado de 95 c\u00e9ntimos a 1,35 euros, un 42% m\u00e1s-, es que han bloqueado directamente el suministro a los distribuidores. Se dan as\u00ed dos irregularidades, la primera que se sube de precio carburante que est\u00e1 almacenado y cuya importaci\u00f3n no supuso mayor coste, y la segunda que se est\u00e1 frenando su entrada en el mercado, a la espera de aplicar incrementos todav\u00eda superiores sobre el precio final. El gas\u00f3leo que llegar\u00e1 estos d\u00edas a los surtidores fue comprado cuando el barril estaba en otro precio. Espa\u00f1a, adem\u00e1s, mantiene reservas estrat\u00e9gicas de petr\u00f3leo equivalentes a m\u00e1s de 90 d\u00edas de consumo, es decir, en estos momentos no existe desabastecimiento. Se trata de una situaci\u00f3n especulativa sin precedentes, que se ceba especialmente con los agricultores, a sabiendas de su total dependencia del gas\u00f3leo en un momento de m\u00e1xima actividad en el campo.<\/p>\n\n\n\n<p>El acto de protesta del d\u00eda 10 en Valladolid es el comienzo de una serie de actuaciones que llevaremos a cabo y mantendremos hasta que no se den soluciones definitivas que respondan a los perjuicios que est\u00e1 provocando la situaci\u00f3n para los agricultores y ganaderos. En especial,&nbsp;<strong>la pinza sobre los costes que est\u00e1 ejerciendo el gas\u00f3leo y los fertilizantes puede ser la puntilla final para el cereal de Castilla y Le\u00f3n.<\/strong>Las Organizaciones Profesionales Agrarias reclamamos al Gobierno que act\u00fae con car\u00e1cter de urgencia y presione a las empresas petrol\u00edferas que una vez m\u00e1s engordan sus m\u00e1rgenes a costa de los profesionales del sector primario y de los consumidores en general, porque al final este encarecimiento es repercutido en los precios de los alimentos.<\/p>\n\n\n\n<p>Conviene recordar que los operadores m\u00e1s importantes de las refiner\u00edas emplazadas en territorio de Castilla y Le\u00f3n son REPSOL, MOEVE (CEPSA), BP y GALP, y que el mercado de refino espa\u00f1ol, a diferencia del europeo, est\u00e1 altamente concentrado en forma de mercado oligopol\u00edstico. Por este motivo, instamos al Gobierno de Espa\u00f1a que, ante una situaci\u00f3n excepcional como la actual,&nbsp;ponga coto a estas presiones especulativas inaceptables sobre el mercado de combustibles. Adem\u00e1s, el sector agrario espera una respuesta espec\u00edfica y satisfactoria por parte del Ejecutivo, y que se concreten lo antes posible las ayudas econ\u00f3micas y fiscales anunciadas estos d\u00edas por el presidente del Gobierno.<\/p>\n","protected":false},"excerpt":{"rendered":"<p>6 marzo, 2026 Las organizaciones agrarias ASAJA, UCCL y la ALIANZA UPA-COAG bloquear\u00e1n el pr\u00f3ximo MARTES 10 DE MARZO el centro log\u00edstico de hidrocarburos Exolum (CLH) de Santovenia de Pisuerga, en Valladolid, en protesta por la paralizaci\u00f3n del suministro de carburante agr\u00edcola y la amenaza de subidas especulativas de precios en un momento cr\u00edtico para [&hellip;]<\/p>\n","protected":false},"author":16,"featured_media":7050,"comment_status":"open","ping_status":"open","sticky":false,"template":"","format":"standard","meta":{"footnotes":""},"categories":[8,28,18],"tags":[59,63,83,53,54,71,55,56,72,3],"yoast_head":"<!-- This site is optimized with the Yoast SEO plugin v24.5 - https:\/\/yoast.com\/wordpress\/plugins\/seo\/ -->\n<title>Concentraci\u00f3n de las OPAs contra el freno de suministro y la especulaci\u00f3n con el gas\u00f3leo agr\u00edcola - ASAJA \u00c1vila<\/title>\n<meta name=\"description\" content=\"6 marzo, 2026 Las organizaciones agrarias ASAJA, UCCL y la ALIANZA UPA-COAG bloquear\u00e1n el pr\u00f3ximo MARTES 10 DE MARZO el centro log\u00edstico de hidrocarburos\" \/>\n<meta name=\"robots\" content=\"index, follow, max-snippet:-1, max-image-preview:large, max-video-preview:-1\" \/>\n<link rel=\"canonical\" href=\"https:\/\/www.asajacyl.com\/avila\/asaja-avila-informa\/concentracion-de-las-opas-contra-el-freno-de-suministro-y-la-especulacion-con-el-gasoleo-agricola\" \/>\n<meta property=\"og:locale\" content=\"es_ES\" \/>\n<meta property=\"og:type\" content=\"article\" \/>\n<meta property=\"og:title\" content=\"Concentraci\u00f3n de las OPAs contra el freno de suministro y la especulaci\u00f3n con el gas\u00f3leo agr\u00edcola - ASAJA \u00c1vila\" \/>\n<meta property=\"og:description\" content=\"6 marzo, 2026 Las organizaciones agrarias ASAJA, UCCL y la ALIANZA UPA-COAG bloquear\u00e1n el pr\u00f3ximo MARTES 10 DE MARZO el centro log\u00edstico de hidrocarburos\" \/>\n<meta property=\"og:url\" content=\"https:\/\/www.asajacyl.com\/avila\/asaja-avila-informa\/concentracion-de-las-opas-contra-el-freno-de-suministro-y-la-especulacion-con-el-gasoleo-agricola\" \/>\n<meta property=\"og:site_name\" content=\"ASAJA \u00c1vila\" \/>\n<meta property=\"article:published_time\" content=\"2026-03-06T09:40:20+00:00\" \/>\n<meta property=\"article:modified_time\" content=\"2026-03-06T09:40:21+00:00\" \/>\n<meta property=\"og:image\" content=\"https:\/\/www.asajacyl.com\/avila\/wp-content\/uploads\/sites\/4\/2026\/03\/planet_fox-gas-station-4978824_1920.jpg\" \/>\n\t<meta property=\"og:image:width\" content=\"1920\" \/>\n\t<meta property=\"og:image:height\" content=\"1280\" \/>\n\t<meta property=\"og:image:type\" content=\"image\/jpeg\" \/>\n<meta name=\"author\" content=\"comunicacion\" \/>\n<meta name=\"twitter:card\" content=\"summary_large_image\" \/>\n<meta name=\"twitter:label1\" content=\"Escrito por\" \/>\n\t<meta name=\"twitter:data1\" content=\"comunicacion\" \/>\n\t<meta name=\"twitter:label2\" content=\"Tiempo de lectura\" \/>\n\t<meta name=\"twitter:data2\" content=\"3 minutos\" \/>\n<script type=\"application\/ld+json\" class=\"yoast-schema-graph\">{\"@context\":\"https:\/\/schema.org\",\"@graph\":[{\"@type\":\"WebPage\",\"@id\":\"https:\/\/www.asajacyl.com\/avila\/asaja-avila-informa\/concentracion-de-las-opas-contra-el-freno-de-suministro-y-la-especulacion-con-el-gasoleo-agricola\",\"url\":\"https:\/\/www.asajacyl.com\/avila\/asaja-avila-informa\/concentracion-de-las-opas-contra-el-freno-de-suministro-y-la-especulacion-con-el-gasoleo-agricola\",\"name\":\"Concentraci\u00f3n de las OPAs contra el freno de suministro y la especulaci\u00f3n con el gas\u00f3leo agr\u00edcola - ASAJA \u00c1vila\",\"isPartOf\":{\"@id\":\"https:\/\/www.asajacyl.com\/avila\/#website\"},\"primaryImageOfPage\":{\"@id\":\"https:\/\/www.asajacyl.com\/avila\/asaja-avila-informa\/concentracion-de-las-opas-contra-el-freno-de-suministro-y-la-especulacion-con-el-gasoleo-agricola#primaryimage\"},\"image\":{\"@id\":\"https:\/\/www.asajacyl.com\/avila\/asaja-avila-informa\/concentracion-de-las-opas-contra-el-freno-de-suministro-y-la-especulacion-con-el-gasoleo-agricola#primaryimage\"},\"thumbnailUrl\":\"https:\/\/www.asajacyl.com\/avila\/wp-content\/uploads\/sites\/4\/2026\/03\/planet_fox-gas-station-4978824_1920.jpg\",\"datePublished\":\"2026-03-06T09:40:20+00:00\",\"dateModified\":\"2026-03-06T09:40:21+00:00\",\"author\":{\"@id\":\"https:\/\/www.asajacyl.com\/avila\/#\/schema\/person\/51bbd29d94e00aa22d79c7b8c3c404e6\"},\"description\":\"6 marzo, 2026 Las organizaciones agrarias ASAJA, UCCL y la ALIANZA UPA-COAG bloquear\u00e1n el pr\u00f3ximo MARTES 10 DE MARZO el centro log\u00edstico de hidrocarburos\",\"breadcrumb\":{\"@id\":\"https:\/\/www.asajacyl.com\/avila\/asaja-avila-informa\/concentracion-de-las-opas-contra-el-freno-de-suministro-y-la-especulacion-con-el-gasoleo-agricola#breadcrumb\"},\"inLanguage\":\"es\",\"potentialAction\":[{\"@type\":\"ReadAction\",\"target\":[\"https:\/\/www.asajacyl.com\/avila\/asaja-avila-informa\/concentracion-de-las-opas-contra-el-freno-de-suministro-y-la-especulacion-con-el-gasoleo-agricola\"]}]},{\"@type\":\"ImageObject\",\"inLanguage\":\"es\",\"@id\":\"https:\/\/www.asajacyl.com\/avila\/asaja-avila-informa\/concentracion-de-las-opas-contra-el-freno-de-suministro-y-la-especulacion-con-el-gasoleo-agricola#primaryimage\",\"url\":\"https:\/\/www.asajacyl.com\/avila\/wp-content\/uploads\/sites\/4\/2026\/03\/planet_fox-gas-station-4978824_1920.jpg\",\"contentUrl\":\"https:\/\/www.asajacyl.com\/avila\/wp-content\/uploads\/sites\/4\/2026\/03\/planet_fox-gas-station-4978824_1920.jpg\",\"width\":1920,\"height\":1280},{\"@type\":\"BreadcrumbList\",\"@id\":\"https:\/\/www.asajacyl.com\/avila\/asaja-avila-informa\/concentracion-de-las-opas-contra-el-freno-de-suministro-y-la-especulacion-con-el-gasoleo-agricola#breadcrumb\",\"itemListElement\":[{\"@type\":\"ListItem\",\"position\":1,\"name\":\"Portada\",\"item\":\"https:\/\/www.asajacyl.com\/avila\/\"},{\"@type\":\"ListItem\",\"position\":2,\"name\":\"Concentraci\u00f3n de las OPAs contra el freno de suministro y la especulaci\u00f3n con el gas\u00f3leo agr\u00edcola\"}]},{\"@type\":\"WebSite\",\"@id\":\"https:\/\/www.asajacyl.com\/avila\/#website\",\"url\":\"https:\/\/www.asajacyl.com\/avila\/\",\"name\":\"ASAJA \u00c1vila\",\"description\":\"Otro sitio m\u00e1s de Provincias ASAJA Castilla y Le\u00f3n\",\"potentialAction\":[{\"@type\":\"SearchAction\",\"target\":{\"@type\":\"EntryPoint\",\"urlTemplate\":\"https:\/\/www.asajacyl.com\/avila\/?s={search_term_string}\"},\"query-input\":{\"@type\":\"PropertyValueSpecification\",\"valueRequired\":true,\"valueName\":\"search_term_string\"}}],\"inLanguage\":\"es\"},{\"@type\":\"Person\",\"@id\":\"https:\/\/www.asajacyl.com\/avila\/#\/schema\/person\/51bbd29d94e00aa22d79c7b8c3c404e6\",\"name\":\"comunicacion\",\"image\":{\"@type\":\"ImageObject\",\"inLanguage\":\"es\",\"@id\":\"https:\/\/www.asajacyl.com\/avila\/#\/schema\/person\/image\/\",\"url\":\"https:\/\/secure.gravatar.com\/avatar\/dacd6ac12f2f802c39afce565d232781?s=96&d=mm&r=g\",\"contentUrl\":\"https:\/\/secure.gravatar.com\/avatar\/dacd6ac12f2f802c39afce565d232781?s=96&d=mm&r=g\",\"caption\":\"comunicacion\"},\"url\":\"https:\/\/www.asajacyl.com\/avila\/author\/comunicacion\"}]}<\/script>\n<!-- \/ Yoast SEO plugin. -->","yoast_head_json":{"title":"Concentraci\u00f3n de las OPAs contra el freno de suministro y la especulaci\u00f3n con el gas\u00f3leo agr\u00edcola - ASAJA \u00c1vila","description":"6 marzo, 2026 Las organizaciones agrarias ASAJA, UCCL y la ALIANZA UPA-COAG bloquear\u00e1n el pr\u00f3ximo MARTES 10 DE MARZO el centro log\u00edstico de hidrocarburos","robots":{"index":"index","follow":"follow","max-snippet":"max-snippet:-1","max-image-preview":"max-image-preview:large","max-video-preview":"max-video-preview:-1"},"canonical":"https:\/\/www.asajacyl.com\/avila\/asaja-avila-informa\/concentracion-de-las-opas-contra-el-freno-de-suministro-y-la-especulacion-con-el-gasoleo-agricola","og_locale":"es_ES","og_type":"article","og_title":"Concentraci\u00f3n de las OPAs contra el freno de suministro y la especulaci\u00f3n con el gas\u00f3leo agr\u00edcola - ASAJA \u00c1vila","og_description":"6 marzo, 2026 Las organizaciones agrarias ASAJA, UCCL y la ALIANZA UPA-COAG bloquear\u00e1n el pr\u00f3ximo MARTES 10 DE MARZO el centro log\u00edstico de hidrocarburos","og_url":"https:\/\/www.asajacyl.com\/avila\/asaja-avila-informa\/concentracion-de-las-opas-contra-el-freno-de-suministro-y-la-especulacion-con-el-gasoleo-agricola","og_site_name":"ASAJA \u00c1vila","article_published_time":"2026-03-06T09:40:20+00:00","article_modified_time":"2026-03-06T09:40:21+00:00","og_image":[{"width":1920,"height":1280,"url":"https:\/\/www.asajacyl.com\/avila\/wp-content\/uploads\/sites\/4\/2026\/03\/planet_fox-gas-station-4978824_1920.jpg","type":"image\/jpeg"}],"author":"comunicacion","twitter_card":"summary_large_image","twitter_misc":{"Escrito por":"comunicacion","Tiempo de lectura":"3 minutos"},"schema":{"@context":"https:\/\/schema.org","@graph":[{"@type":"WebPage","@id":"https:\/\/www.asajacyl.com\/avila\/asaja-avila-informa\/concentracion-de-las-opas-contra-el-freno-de-suministro-y-la-especulacion-con-el-gasoleo-agricola","url":"https:\/\/www.asajacyl.com\/avila\/asaja-avila-informa\/concentracion-de-las-opas-contra-el-freno-de-suministro-y-la-especulacion-con-el-gasoleo-agricola","name":"Concentraci\u00f3n de las OPAs contra el freno de suministro y la especulaci\u00f3n con el gas\u00f3leo agr\u00edcola - ASAJA \u00c1vila","isPartOf":{"@id":"https:\/\/www.asajacyl.com\/avila\/#website"},"primaryImageOfPage":{"@id":"https:\/\/www.asajacyl.com\/avila\/asaja-avila-informa\/concentracion-de-las-opas-contra-el-freno-de-suministro-y-la-especulacion-con-el-gasoleo-agricola#primaryimage"},"image":{"@id":"https:\/\/www.asajacyl.com\/avila\/asaja-avila-informa\/concentracion-de-las-opas-contra-el-freno-de-suministro-y-la-especulacion-con-el-gasoleo-agricola#primaryimage"},"thumbnailUrl":"https:\/\/www.asajacyl.com\/avila\/wp-content\/uploads\/sites\/4\/2026\/03\/planet_fox-gas-station-4978824_1920.jpg","datePublished":"2026-03-06T09:40:20+00:00","dateModified":"2026-03-06T09:40:21+00:00","author":{"@id":"https:\/\/www.asajacyl.com\/avila\/#\/schema\/person\/51bbd29d94e00aa22d79c7b8c3c404e6"},"description":"6 marzo, 2026 Las organizaciones agrarias ASAJA, UCCL y la ALIANZA UPA-COAG bloquear\u00e1n el pr\u00f3ximo MARTES 10 DE MARZO el centro log\u00edstico de hidrocarburos","breadcrumb":{"@id":"https:\/\/www.asajacyl.com\/avila\/asaja-avila-informa\/concentracion-de-las-opas-contra-el-freno-de-suministro-y-la-especulacion-con-el-gasoleo-agricola#breadcrumb"},"inLanguage":"es","potentialAction":[{"@type":"ReadAction","target":["https:\/\/www.asajacyl.com\/avila\/asaja-avila-informa\/concentracion-de-las-opas-contra-el-freno-de-suministro-y-la-especulacion-con-el-gasoleo-agricola"]}]},{"@type":"ImageObject","inLanguage":"es","@id":"https:\/\/www.asajacyl.com\/avila\/asaja-avila-informa\/concentracion-de-las-opas-contra-el-freno-de-suministro-y-la-especulacion-con-el-gasoleo-agricola#primaryimage","url":"https:\/\/www.asajacyl.com\/avila\/wp-content\/uploads\/sites\/4\/2026\/03\/planet_fox-gas-station-4978824_1920.jpg","contentUrl":"https:\/\/www.asajacyl.com\/avila\/wp-content\/uploads\/sites\/4\/2026\/03\/planet_fox-gas-station-4978824_1920.jpg","width":1920,"height":1280},{"@type":"BreadcrumbList","@id":"https:\/\/www.asajacyl.com\/avila\/asaja-avila-informa\/concentracion-de-las-opas-contra-el-freno-de-suministro-y-la-especulacion-con-el-gasoleo-agricola#breadcrumb","itemListElement":[{"@type":"ListItem","position":1,"name":"Portada","item":"https:\/\/www.asajacyl.com\/avila\/"},{"@type":"ListItem","position":2,"name":"Concentraci\u00f3n de las OPAs contra el freno de suministro y la especulaci\u00f3n con el gas\u00f3leo agr\u00edcola"}]},{"@type":"WebSite","@id":"https:\/\/www.asajacyl.com\/avila\/#website","url":"https:\/\/www.asajacyl.com\/avila\/","name":"ASAJA \u00c1vila","description":"Otro sitio m\u00e1s de Provincias ASAJA Castilla y Le\u00f3n","potentialAction":[{"@type":"SearchAction","target":{"@type":"EntryPoint","urlTemplate":"https:\/\/www.asajacyl.com\/avila\/?s={search_term_string}"},"query-input":{"@type":"PropertyValueSpecification","valueRequired":true,"valueName":"search_term_string"}}],"inLanguage":"es"},{"@type":"Person","@id":"https:\/\/www.asajacyl.com\/avila\/#\/schema\/person\/51bbd29d94e00aa22d79c7b8c3c404e6","name":"comunicacion","image":{"@type":"ImageObject","inLanguage":"es","@id":"https:\/\/www.asajacyl.com\/avila\/#\/schema\/person\/image\/","url":"https:\/\/secure.gravatar.com\/avatar\/dacd6ac12f2f802c39afce565d232781?s=96&d=mm&r=g","contentUrl":"https:\/\/secure.gravatar.com\/avatar\/dacd6ac12f2f802c39afce565d232781?s=96&d=mm&r=g","caption":"comunicacion"},"url":"https:\/\/www.asajacyl.com\/avila\/author\/comunicacion"}]}},"_links":{"self":[{"href":"https:\/\/www.asajacyl.com\/avila\/wp-json\/wp\/v2\/posts\/7049"}],"collection":[{"href":"https:\/\/www.asajacyl.com\/avila\/wp-json\/wp\/v2\/posts"}],"about":[{"href":"https:\/\/www.asajacyl.com\/avila\/wp-json\/wp\/v2\/types\/post"}],"author":[{"embeddable":true,"href":"https:\/\/www.asajacyl.com\/avila\/wp-json\/wp\/v2\/users\/16"}],"replies":[{"embeddable":true,"href":"https:\/\/www.asajacyl.com\/avila\/wp-json\/wp\/v2\/comments?post=7049"}],"version-history":[{"count":1,"href":"https:\/\/www.asajacyl.com\/avila\/wp-json\/wp\/v2\/posts\/7049\/revisions"}],"predecessor-version":[{"id":7051,"href":"https:\/\/www.asajacyl.com\/avila\/wp-json\/wp\/v2\/posts\/7049\/revisions\/7051"}],"wp:featuredmedia":[{"embeddable":true,"href":"https:\/\/www.asajacyl.com\/avila\/wp-json\/wp\/v2\/media\/7050"}],"wp:attachment":[{"href":"https:\/\/www.asajacyl.com\/avila\/wp-json\/wp\/v2\/media?parent=7049"}],"wp:term":[{"taxonomy":"category","embeddable":true,"href":"https:\/\/www.asajacyl.com\/avila\/wp-json\/wp\/v2\/categories?post=7049"},{"taxonomy":"post_tag","embeddable":true,"href":"https:\/\/www.asajacyl.com\/avila\/wp-json\/wp\/v2\/tags?post=7049"}],"curies":[{"name":"wp","href":"https:\/\/api.w.org\/{rel}","templated":true}]}}